{"id":1859,"date":"2013-03-20T00:00:00","date_gmt":"2013-03-20T00:00:00","guid":{"rendered":"http:\/\/psol50.org.br\/arquivo\/2013\/03\/20\/debate-com-francisco-louca-reune-militantes-em-sao-paulo-e-no-rio-e-aborda-alternativas-sobre-a-crise-internacional\/"},"modified":"2013-03-20T00:00:00","modified_gmt":"2013-03-20T00:00:00","slug":"debate-com-francisco-louca-reune-militantes-em-sao-paulo-e-no-rio-e-aborda-alternativas-sobre-a-crise-internacional","status":"publish","type":"post","link":"https:\/\/psol50.org.br\/debate-com-francisco-louca-reune-militantes-em-sao-paulo-e-no-rio-e-aborda-alternativas-sobre-a-crise-internacional\/","title":{"rendered":"Debate com Francisco Lou\u00e7\u00e3 re\u00fane militantes em S\u00e3o Paulo e no Rio e aborda alternativas sobre a crise internacional"},"content":{"rendered":"<div style=\"text-align: justify;\">\n\tA Secretaria de Rela\u00e7\u00f5es Internacionais do PSOL trouxe ao Brasil nos dias 18 e 19 de mar\u00e7o, segunda e ter\u00e7a-feira, a lideran\u00e7a do Bloco de Esquerda de Portugal, Francisco Lou\u00e7\u00e3, para um clico de debates sobre a crise internacional. Durante os dois dias de discuss\u00e3o, em S\u00e3o Paulo e no Rio de Janeiro, o convidado fez uma an\u00e1lise sobre a atua\u00e7\u00e3o dos trabalhadores na Europa, especialmente em Portugal, para enfrentar as pol\u00edticas de arrocho dos governos frente aos efeitos da crise do capitalismo, e tamb\u00e9m pontuou alternativas para a supera\u00e7\u00e3o desse modelo.<br \/>\n\t&nbsp;<br \/>\n\tNa primeira confer\u00eancia, com o tema \u201cA crise econ\u00f4mica na Europa e as perspectivas para a esquerda na luta anticapitalista\u201d, realizado no audit\u00f3rio da faculdade de Geografia da USP, na capital paulista, tamb\u00e9m participaram, como convidados, o presidente nacional do PSOL, deputado Ivan Valente, e o deputado estadual Carlos Giannazi. Para um p\u00fablico de militantes do partido e tamb\u00e9m de estudantes da USP, Lou\u00e7\u00e3 abriu a noite, apontando elementos importantes sobre a crise na Europa e as a\u00e7\u00f5es que os trabalhadores portugueses v\u00eam desenvolvendo ao longo dos \u00faltimos meses.<br \/>\n\t&nbsp;<br \/>\n\tA lideran\u00e7a portuguesa falou com propriedade sobre as lutas no continente pelo seu hist\u00f3rico como dirigente do principal partido do campo da esquerda em Portugal. Economista, acad\u00eamico e escritor, Lou\u00e7\u00e3 fundou o Bloco de Esquerda em 1999, organiza\u00e7\u00e3o em que \u00e9 membro at\u00e9 hoje, tendo sido eleito deputado por Lisboa em 1999, reeleito em 2002, 2005, 2009 e 2011. Atualmente, \u00e9 uma das principais refer\u00eancias da esquerda nas lutas contra as pol\u00edticas econ\u00f4micas do governo portugu\u00eas diante da crise econ\u00f4mica que imp\u00f5e graves san\u00e7\u00f5es aos trabalhadores e amea\u00e7a seus direitos. At\u00e9 novembro de 2012, Lou\u00e7\u00e3 era presidente do Bloco de Esquerda, quando foi substitu\u00eddo por Catarina Martins e Jo\u00e3o Semedo durante congresso do partido.<br \/>\n\t&nbsp;<br \/>\n\tAp\u00f3s a exposi\u00e7\u00e3o de Francisco Lou\u00e7\u00e3, Ivan Valente e Carlos Giannazi tamb\u00e9m apresentaram elementos importantes sobre a crise internacional. Durante o debate, a milit\u00e2ncia abordou quest\u00f5es como quais as alternativas poss\u00edveis para superar a crise, os esfor\u00e7os para garantir a unidade entre setores populares e os limites e as possibilidades da luta pela via institucional.<br \/>\n\t&nbsp;<br \/>\n\t\u201cEmbora o impacto da crise econ\u00f4mica no Brasil seja diferente do impacto na Europa, \u00e9 ineg\u00e1vel que ela atinge todos os pa\u00edses. Por isso, conhecer a realidade da Europa, e especialmente de Portugal, \u00e9 uma oportunidade \u00fanica, que s\u00f3 um partido comprometido com a luta dos trabalhadores, como o PSOL, \u00e9 capaz de proporcionar\u201d, avalia Bruno Cardoso, estudante de Letras da USP e militante do PSOL em S\u00e3o Paulo.<br \/>\n\t&nbsp;<br \/>\n\t<strong>Avaliar efeitos da crise no Brasil<\/strong><br \/>\n\tNo segundo dia do ciclo de debates, na Universidade Federal do Rio de Janeiro (UFRJ), em um audit\u00f3rio com cerca de 300 pessoas, Francisco Lou\u00e7\u00e3 foi acompanhado do deputado estadual Marcelo Freixo e do secret\u00e1rio de Rela\u00e7\u00f5es Internacionais do PSOL, Afr\u00e2nio Boppr\u00e9.<br \/>\n\t&nbsp;<br \/>\n\tO dirigente do partido explica que a vinda de Lou\u00e7\u00e3 ao Brasil foi al\u00e9m das duas confer\u00eancias, j\u00e1 que a agenda contou tamb\u00e9m com reuni\u00f5es abertas \u00e0 milit\u00e2ncia. \u201cLou\u00e7\u00e3 \u00e9 uma lideran\u00e7a com uma avalia\u00e7\u00e3o atualizada e muito precisa da conjuntura e trouxe uma an\u00e1lise ampla da situa\u00e7\u00e3o europeia, al\u00e9m da de Portugal. No debate no Rio, foi poss\u00edvel abordar, por exemplo, os efeitos da crise no Brasil e como o governo trata essa quest\u00e3o\u201d, afirma Afr\u00e2nio. &nbsp;<br \/>\n\t&nbsp;<br \/>\n\tSegundo o secretario de Rela\u00e7\u00f5es Internacionais, o PSOL tem o compromisso de promover debates como esse para a sua milit\u00e2ncia. \u201cSempre que poss\u00edvel vamos promover esse tipo de atividade, que proporcione a troca de experi\u00eancias com lideran\u00e7as de esquerda de outros pa\u00edses\u201d, ressaltou.<\/div>\n","protected":false},"excerpt":{"rendered":"<p>A Secretaria de Rela\u00e7\u00f5es Internacionais do PSOL trouxe ao Brasil nos dias 18 e 19 de mar\u00e7o, segunda e ter\u00e7a-feira, a lideran\u00e7a do Bloco de Esquerda de Portugal, Francisco Lou\u00e7\u00e3, para um clico de debates sobre a crise internacional. Durante os dois dias de discuss\u00e3o, em S\u00e3o Paulo e no Rio de Janeiro, o convidado [&hellip;]<\/p>\n","protected":false},"author":2,"featured_media":0,"comment_status":"open","ping_status":"open","sticky":false,"template":"","format":"standard","meta":{"_acf_changed":false,"footnotes":""},"categories":[4766],"tags":[],"class_list":{"0":"post-1859","1":"post","2":"type-post","3":"status-publish","4":"format-standard","6":"category-arquivo"},"acf":[],"yoast_head":"<!-- This site is optimized with the Yoast SEO plugin v26.5 - https:\/\/yoast.com\/wordpress\/plugins\/seo\/ -->\n<title>Debate com Francisco Lou\u00e7\u00e3 re\u00fane militantes em S\u00e3o Paulo e no Rio e aborda alternativas sobre a crise internacional - PSOL 50<\/title>\n<meta name=\"robots\" content=\"index, follow, max-snippet:-1, max-image-preview:large, max-video-preview:-1\" \/>\n<link rel=\"canonical\" href=\"https:\/\/psol50.org.br\/debate-com-francisco-louca-reune-militantes-em-sao-paulo-e-no-rio-e-aborda-alternativas-sobre-a-crise-internacional\/\" \/>\n<meta property=\"og:locale\" content=\"pt_BR\" \/>\n<meta property=\"og:type\" content=\"article\" \/>\n<meta property=\"og:title\" content=\"Debate com Francisco Lou\u00e7\u00e3 re\u00fane militantes em S\u00e3o Paulo e no Rio e aborda alternativas sobre a crise internacional - PSOL 50\" \/>\n<meta property=\"og:description\" content=\"A Secretaria de Rela\u00e7\u00f5es Internacionais do PSOL trouxe ao Brasil nos dias 18 e 19 de mar\u00e7o, segunda e ter\u00e7a-feira, a lideran\u00e7a do Bloco de Esquerda de Portugal, Francisco Lou\u00e7\u00e3, para um clico de debates sobre a crise internacional. Durante os dois dias de discuss\u00e3o, em S\u00e3o Paulo e no Rio de Janeiro, o convidado [&hellip;]\" \/>\n<meta property=\"og:url\" content=\"https:\/\/psol50.org.br\/debate-com-francisco-louca-reune-militantes-em-sao-paulo-e-no-rio-e-aborda-alternativas-sobre-a-crise-internacional\/\" \/>\n<meta property=\"og:site_name\" content=\"PSOL 50\" \/>\n<meta property=\"article:publisher\" content=\"https:\/\/www.facebook.com\/psol50\" \/>\n<meta property=\"article:published_time\" content=\"2013-03-20T00:00:00+00:00\" \/>\n<meta property=\"og:image\" content=\"https:\/\/psol50.org.br\/inc\/uploads\/2018\/07\/capa.png\" \/>\n\t<meta property=\"og:image:width\" content=\"1350\" \/>\n\t<meta property=\"og:image:height\" content=\"900\" \/>\n\t<meta property=\"og:image:type\" content=\"image\/png\" \/>\n<meta name=\"author\" content=\"Comunica\u00e7\u00e3o PSOL\" \/>\n<meta name=\"twitter:card\" content=\"summary_large_image\" \/>\n<meta name=\"twitter:creator\" content=\"@psol50\" \/>\n<meta name=\"twitter:site\" content=\"@psol50\" \/>\n<meta name=\"twitter:label1\" content=\"Escrito por\" \/>\n\t<meta name=\"twitter:data1\" content=\"Comunica\u00e7\u00e3o PSOL\" \/>\n\t<meta name=\"twitter:label2\" content=\"Est. tempo de leitura\" \/>\n\t<meta name=\"twitter:data2\" content=\"3 minutos\" \/>\n<script type=\"application\/ld+json\" class=\"yoast-schema-graph\">{\"@context\":\"https:\/\/schema.org\",\"@graph\":[{\"@type\":\"Article\",\"@id\":\"https:\/\/psol50.org.br\/debate-com-francisco-louca-reune-militantes-em-sao-paulo-e-no-rio-e-aborda-alternativas-sobre-a-crise-internacional\/#article\",\"isPartOf\":{\"@id\":\"https:\/\/psol50.org.br\/debate-com-francisco-louca-reune-militantes-em-sao-paulo-e-no-rio-e-aborda-alternativas-sobre-a-crise-internacional\/\"},\"author\":{\"name\":\"Comunica\u00e7\u00e3o PSOL\",\"@id\":\"https:\/\/psol50.org.br\/#\/schema\/person\/475dfa57d0b815993c714c2e96491fcd\"},\"headline\":\"Debate com Francisco Lou\u00e7\u00e3 re\u00fane militantes em S\u00e3o Paulo e no Rio e aborda alternativas sobre a crise internacional\",\"datePublished\":\"2013-03-20T00:00:00+00:00\",\"mainEntityOfPage\":{\"@id\":\"https:\/\/psol50.org.br\/debate-com-francisco-louca-reune-militantes-em-sao-paulo-e-no-rio-e-aborda-alternativas-sobre-a-crise-internacional\/\"},\"wordCount\":666,\"commentCount\":0,\"publisher\":{\"@id\":\"https:\/\/psol50.org.br\/#organization\"},\"articleSection\":[\"Arquivo\"],\"inLanguage\":\"pt-BR\",\"potentialAction\":[{\"@type\":\"CommentAction\",\"name\":\"Comment\",\"target\":[\"https:\/\/psol50.org.br\/debate-com-francisco-louca-reune-militantes-em-sao-paulo-e-no-rio-e-aborda-alternativas-sobre-a-crise-internacional\/#respond\"]}]},{\"@type\":\"WebPage\",\"@id\":\"https:\/\/psol50.org.br\/debate-com-francisco-louca-reune-militantes-em-sao-paulo-e-no-rio-e-aborda-alternativas-sobre-a-crise-internacional\/\",\"url\":\"https:\/\/psol50.org.br\/debate-com-francisco-louca-reune-militantes-em-sao-paulo-e-no-rio-e-aborda-alternativas-sobre-a-crise-internacional\/\",\"name\":\"Debate com Francisco Lou\u00e7\u00e3 re\u00fane militantes em S\u00e3o Paulo e no Rio e aborda alternativas sobre a crise internacional - PSOL 50\",\"isPartOf\":{\"@id\":\"https:\/\/psol50.org.br\/#website\"},\"datePublished\":\"2013-03-20T00:00:00+00:00\",\"breadcrumb\":{\"@id\":\"https:\/\/psol50.org.br\/debate-com-francisco-louca-reune-militantes-em-sao-paulo-e-no-rio-e-aborda-alternativas-sobre-a-crise-internacional\/#breadcrumb\"},\"inLanguage\":\"pt-BR\",\"potentialAction\":[{\"@type\":\"ReadAction\",\"target\":[\"https:\/\/psol50.org.br\/debate-com-francisco-louca-reune-militantes-em-sao-paulo-e-no-rio-e-aborda-alternativas-sobre-a-crise-internacional\/\"]}]},{\"@type\":\"BreadcrumbList\",\"@id\":\"https:\/\/psol50.org.br\/debate-com-francisco-louca-reune-militantes-em-sao-paulo-e-no-rio-e-aborda-alternativas-sobre-a-crise-internacional\/#breadcrumb\",\"itemListElement\":[{\"@type\":\"ListItem\",\"position\":1,\"name\":\"In\u00edcio\",\"item\":\"https:\/\/psol50.org.br\/\"},{\"@type\":\"ListItem\",\"position\":2,\"name\":\"Debate com Francisco Lou\u00e7\u00e3 re\u00fane militantes em S\u00e3o Paulo e no Rio e aborda alternativas sobre a crise internacional\"}]},{\"@type\":\"WebSite\",\"@id\":\"https:\/\/psol50.org.br\/#website\",\"url\":\"https:\/\/psol50.org.br\/\",\"name\":\"PSOL 50\",\"description\":\"Site oficial do Partido Socialismo e Liberdade\",\"publisher\":{\"@id\":\"https:\/\/psol50.org.br\/#organization\"},\"alternateName\":\"PSOL50\",\"potentialAction\":[{\"@type\":\"SearchAction\",\"target\":{\"@type\":\"EntryPoint\",\"urlTemplate\":\"https:\/\/psol50.org.br\/?s={search_term_string}\"},\"query-input\":{\"@type\":\"PropertyValueSpecification\",\"valueRequired\":true,\"valueName\":\"search_term_string\"}}],\"inLanguage\":\"pt-BR\"},{\"@type\":\"Organization\",\"@id\":\"https:\/\/psol50.org.br\/#organization\",\"name\":\"PSOL 50\",\"alternateName\":\"PSOL 50\",\"url\":\"https:\/\/psol50.org.br\/\",\"logo\":{\"@type\":\"ImageObject\",\"inLanguage\":\"pt-BR\",\"@id\":\"https:\/\/psol50.org.br\/#\/schema\/logo\/image\/\",\"url\":\"https:\/\/psol50.org.br\/inc\/uploads\/2018\/07\/capa.png\",\"contentUrl\":\"https:\/\/psol50.org.br\/inc\/uploads\/2018\/07\/capa.png\",\"width\":1350,\"height\":900,\"caption\":\"PSOL 50\"},\"image\":{\"@id\":\"https:\/\/psol50.org.br\/#\/schema\/logo\/image\/\"},\"sameAs\":[\"https:\/\/www.facebook.com\/psol50\",\"https:\/\/x.com\/psol50\",\"https:\/\/www.instagram.com\/psol50\/\",\"https:\/\/www.youtube.com\/channel\/UC7SnJS5o1os7a6CaiNabzcg\"]},{\"@type\":\"Person\",\"@id\":\"https:\/\/psol50.org.br\/#\/schema\/person\/475dfa57d0b815993c714c2e96491fcd\",\"name\":\"Comunica\u00e7\u00e3o PSOL\",\"image\":{\"@type\":\"ImageObject\",\"inLanguage\":\"pt-BR\",\"@id\":\"https:\/\/psol50.org.br\/#\/schema\/person\/image\/\",\"url\":\"https:\/\/secure.gravatar.com\/avatar\/b34fc4f4e468a4e51785917065a3db57b841f5c95dba6ad8c73aaf8f66f8f9bf?s=96&d=mm&r=g\",\"contentUrl\":\"https:\/\/secure.gravatar.com\/avatar\/b34fc4f4e468a4e51785917065a3db57b841f5c95dba6ad8c73aaf8f66f8f9bf?s=96&d=mm&r=g\",\"caption\":\"Comunica\u00e7\u00e3o PSOL\"}}]}<\/script>\n<!-- \/ Yoast SEO plugin. -->","yoast_head_json":{"title":"Debate com Francisco Lou\u00e7\u00e3 re\u00fane militantes em S\u00e3o Paulo e no Rio e aborda alternativas sobre a crise internacional - PSOL 50","robots":{"index":"index","follow":"follow","max-snippet":"max-snippet:-1","max-image-preview":"max-image-preview:large","max-video-preview":"max-video-preview:-1"},"canonical":"https:\/\/psol50.org.br\/debate-com-francisco-louca-reune-militantes-em-sao-paulo-e-no-rio-e-aborda-alternativas-sobre-a-crise-internacional\/","og_locale":"pt_BR","og_type":"article","og_title":"Debate com Francisco Lou\u00e7\u00e3 re\u00fane militantes em S\u00e3o Paulo e no Rio e aborda alternativas sobre a crise internacional - PSOL 50","og_description":"A Secretaria de Rela\u00e7\u00f5es Internacionais do PSOL trouxe ao Brasil nos dias 18 e 19 de mar\u00e7o, segunda e ter\u00e7a-feira, a lideran\u00e7a do Bloco de Esquerda de Portugal, Francisco Lou\u00e7\u00e3, para um clico de debates sobre a crise internacional. Durante os dois dias de discuss\u00e3o, em S\u00e3o Paulo e no Rio de Janeiro, o convidado [&hellip;]","og_url":"https:\/\/psol50.org.br\/debate-com-francisco-louca-reune-militantes-em-sao-paulo-e-no-rio-e-aborda-alternativas-sobre-a-crise-internacional\/","og_site_name":"PSOL 50","article_publisher":"https:\/\/www.facebook.com\/psol50","article_published_time":"2013-03-20T00:00:00+00:00","og_image":[{"width":1350,"height":900,"url":"https:\/\/psol50.org.br\/inc\/uploads\/2018\/07\/capa.png","type":"image\/png"}],"author":"Comunica\u00e7\u00e3o PSOL","twitter_card":"summary_large_image","twitter_creator":"@psol50","twitter_site":"@psol50","twitter_misc":{"Escrito por":"Comunica\u00e7\u00e3o PSOL","Est. tempo de leitura":"3 minutos"},"schema":{"@context":"https:\/\/schema.org","@graph":[{"@type":"Article","@id":"https:\/\/psol50.org.br\/debate-com-francisco-louca-reune-militantes-em-sao-paulo-e-no-rio-e-aborda-alternativas-sobre-a-crise-internacional\/#article","isPartOf":{"@id":"https:\/\/psol50.org.br\/debate-com-francisco-louca-reune-militantes-em-sao-paulo-e-no-rio-e-aborda-alternativas-sobre-a-crise-internacional\/"},"author":{"name":"Comunica\u00e7\u00e3o PSOL","@id":"https:\/\/psol50.org.br\/#\/schema\/person\/475dfa57d0b815993c714c2e96491fcd"},"headline":"Debate com Francisco Lou\u00e7\u00e3 re\u00fane militantes em S\u00e3o Paulo e no Rio e aborda alternativas sobre a crise internacional","datePublished":"2013-03-20T00:00:00+00:00","mainEntityOfPage":{"@id":"https:\/\/psol50.org.br\/debate-com-francisco-louca-reune-militantes-em-sao-paulo-e-no-rio-e-aborda-alternativas-sobre-a-crise-internacional\/"},"wordCount":666,"commentCount":0,"publisher":{"@id":"https:\/\/psol50.org.br\/#organization"},"articleSection":["Arquivo"],"inLanguage":"pt-BR","potentialAction":[{"@type":"CommentAction","name":"Comment","target":["https:\/\/psol50.org.br\/debate-com-francisco-louca-reune-militantes-em-sao-paulo-e-no-rio-e-aborda-alternativas-sobre-a-crise-internacional\/#respond"]}]},{"@type":"WebPage","@id":"https:\/\/psol50.org.br\/debate-com-francisco-louca-reune-militantes-em-sao-paulo-e-no-rio-e-aborda-alternativas-sobre-a-crise-internacional\/","url":"https:\/\/psol50.org.br\/debate-com-francisco-louca-reune-militantes-em-sao-paulo-e-no-rio-e-aborda-alternativas-sobre-a-crise-internacional\/","name":"Debate com Francisco Lou\u00e7\u00e3 re\u00fane militantes em S\u00e3o Paulo e no Rio e aborda alternativas sobre a crise internacional - PSOL 50","isPartOf":{"@id":"https:\/\/psol50.org.br\/#website"},"datePublished":"2013-03-20T00:00:00+00:00","breadcrumb":{"@id":"https:\/\/psol50.org.br\/debate-com-francisco-louca-reune-militantes-em-sao-paulo-e-no-rio-e-aborda-alternativas-sobre-a-crise-internacional\/#breadcrumb"},"inLanguage":"pt-BR","potentialAction":[{"@type":"ReadAction","target":["https:\/\/psol50.org.br\/debate-com-francisco-louca-reune-militantes-em-sao-paulo-e-no-rio-e-aborda-alternativas-sobre-a-crise-internacional\/"]}]},{"@type":"BreadcrumbList","@id":"https:\/\/psol50.org.br\/debate-com-francisco-louca-reune-militantes-em-sao-paulo-e-no-rio-e-aborda-alternativas-sobre-a-crise-internacional\/#breadcrumb","itemListElement":[{"@type":"ListItem","position":1,"name":"In\u00edcio","item":"https:\/\/psol50.org.br\/"},{"@type":"ListItem","position":2,"name":"Debate com Francisco Lou\u00e7\u00e3 re\u00fane militantes em S\u00e3o Paulo e no Rio e aborda alternativas sobre a crise internacional"}]},{"@type":"WebSite","@id":"https:\/\/psol50.org.br\/#website","url":"https:\/\/psol50.org.br\/","name":"PSOL 50","description":"Site oficial do Partido Socialismo e Liberdade","publisher":{"@id":"https:\/\/psol50.org.br\/#organization"},"alternateName":"PSOL50","potentialAction":[{"@type":"SearchAction","target":{"@type":"EntryPoint","urlTemplate":"https:\/\/psol50.org.br\/?s={search_term_string}"},"query-input":{"@type":"PropertyValueSpecification","valueRequired":true,"valueName":"search_term_string"}}],"inLanguage":"pt-BR"},{"@type":"Organization","@id":"https:\/\/psol50.org.br\/#organization","name":"PSOL 50","alternateName":"PSOL 50","url":"https:\/\/psol50.org.br\/","logo":{"@type":"ImageObject","inLanguage":"pt-BR","@id":"https:\/\/psol50.org.br\/#\/schema\/logo\/image\/","url":"https:\/\/psol50.org.br\/inc\/uploads\/2018\/07\/capa.png","contentUrl":"https:\/\/psol50.org.br\/inc\/uploads\/2018\/07\/capa.png","width":1350,"height":900,"caption":"PSOL 50"},"image":{"@id":"https:\/\/psol50.org.br\/#\/schema\/logo\/image\/"},"sameAs":["https:\/\/www.facebook.com\/psol50","https:\/\/x.com\/psol50","https:\/\/www.instagram.com\/psol50\/","https:\/\/www.youtube.com\/channel\/UC7SnJS5o1os7a6CaiNabzcg"]},{"@type":"Person","@id":"https:\/\/psol50.org.br\/#\/schema\/person\/475dfa57d0b815993c714c2e96491fcd","name":"Comunica\u00e7\u00e3o PSOL","image":{"@type":"ImageObject","inLanguage":"pt-BR","@id":"https:\/\/psol50.org.br\/#\/schema\/person\/image\/","url":"https:\/\/secure.gravatar.com\/avatar\/b34fc4f4e468a4e51785917065a3db57b841f5c95dba6ad8c73aaf8f66f8f9bf?s=96&d=mm&r=g","contentUrl":"https:\/\/secure.gravatar.com\/avatar\/b34fc4f4e468a4e51785917065a3db57b841f5c95dba6ad8c73aaf8f66f8f9bf?s=96&d=mm&r=g","caption":"Comunica\u00e7\u00e3o PSOL"}}]}},"_links":{"self":[{"href":"https:\/\/psol50.org.br\/rest\/wp\/v2\/posts\/1859","targetHints":{"allow":["GET"]}}],"collection":[{"href":"https:\/\/psol50.org.br\/rest\/wp\/v2\/posts"}],"about":[{"href":"https:\/\/psol50.org.br\/rest\/wp\/v2\/types\/post"}],"author":[{"embeddable":true,"href":"https:\/\/psol50.org.br\/rest\/wp\/v2\/users\/2"}],"replies":[{"embeddable":true,"href":"https:\/\/psol50.org.br\/rest\/wp\/v2\/comments?post=1859"}],"version-history":[{"count":0,"href":"https:\/\/psol50.org.br\/rest\/wp\/v2\/posts\/1859\/revisions"}],"wp:attachment":[{"href":"https:\/\/psol50.org.br\/rest\/wp\/v2\/media?parent=1859"}],"wp:term":[{"taxonomy":"category","embeddable":true,"href":"https:\/\/psol50.org.br\/rest\/wp\/v2\/categories?post=1859"},{"taxonomy":"post_tag","embeddable":true,"href":"https:\/\/psol50.org.br\/rest\/wp\/v2\/tags?post=1859"}],"curies":[{"name":"wp","href":"https:\/\/api.w.org\/{rel}","templated":true}]}}