{"id":18591,"date":"2017-10-18T19:48:16","date_gmt":"2017-10-18T21:48:16","guid":{"rendered":"http:\/\/www.psol50.org.br\/?p=18591"},"modified":"2017-10-18T19:48:16","modified_gmt":"2017-10-18T21:48:16","slug":"ccj-da-camara-rejeita-investigacao-contra-temer-na-2a-denuncia-por-corrupcao","status":"publish","type":"post","link":"https:\/\/psol50.org.br\/ccj-da-camara-rejeita-investigacao-contra-temer-na-2a-denuncia-por-corrupcao\/","title":{"rendered":"CCJ da C\u00e2mara rejeita investiga\u00e7\u00e3o contra Temer em 2\u00aa den\u00fancia"},"content":{"rendered":"<p>A Comiss\u00e3o de Constitui\u00e7\u00e3o e Justi\u00e7a (CCJ) da C\u00e2mara dos Deputados confirmou as expectativas e rejeitou, nesta quarta-feira (18), o prosseguimento da 2\u00aa den\u00fancia, apresentada pela Procuradoria-Geral da Rep\u00fablica (PGR) contra Michel Temer, dessa vez por obstru\u00e7\u00e3o de Justi\u00e7a e forma\u00e7\u00e3o de quadrilha.<\/p>\n<p>Foram 39 votos a favor do relat\u00f3rio do deputado Bonif\u00e1cio de Andrada (PSDB\/MG), que sugeriu a rejei\u00e7\u00e3o da den\u00fancia. 26 deputados votaram contra o relat\u00f3rio e a favor da investiga\u00e7\u00e3o, incluindo Chico Alencar, representando a bancada do PSOL na C\u00e2mara. Houve, ainda, uma absten\u00e7\u00e3o.<\/p>\n<p>Agora, o tema vai ao plen\u00e1rio da Casa, onde deve ser votado em definitivo j\u00e1 na pr\u00f3xima semana.<\/p>\n<p>Durante toda a sess\u00e3o, os deputados da bancada do PSOL se manifestaram contra a blindagem a Michel Temer, realizada pela C\u00e2mara pela segunda vez. O partido apresentou um <a href=\"http:\/\/www.psol50.org.br\/psol-apresenta-voto-em-separado-pela-investigacao-contra-temer\/\" target=\"_blank\" rel=\"noopener\"><strong><span style=\"color: #3366ff;\">voto em separado<\/span><\/strong><\/a> a favor do prosseguimento da den\u00fancia.<\/p>\n<p>Os seguintes partidos votaram pela investiga\u00e7\u00e3o: PSOL, Rede, PT, PCdoB, PSB, Podemos, PPS e PHS. <a href=\"http:\/\/www.psol50.org.br\/saiba-quem-sao-os-deputados-que-votaram-para-salvar-temer-na-ccj\/\" target=\"_blank\" rel=\"noopener\"><span style=\"color: #3366ff;\"><strong>Confira como votou cada deputado clicando aqui<\/strong><\/span><\/a>.<\/p>\n<p>Veja como foi a orienta\u00e7\u00e3o dos partidos durante a sess\u00e3o:<\/p>\n<p><a href=\"https:\/\/www.facebook.com\/psol50oficial\/videos\/vb.131269027034740\/779524155542554\/?type=2&#038;theater\">https:\/\/www.facebook.com\/psol50oficial\/videos\/vb.131269027034740\/779524155542554\/?type=2&amp;theater<\/a><\/p>\n<p>&nbsp;<\/p>\n<p>&nbsp;<\/p>\n","protected":false},"excerpt":{"rendered":"<p>A Comiss\u00e3o de Constitui\u00e7\u00e3o e Justi\u00e7a (CCJ) da C\u00e2mara dos Deputados confirmou as expectativas e rejeitou, nesta quarta-feira (18), o prosseguimento da 2\u00aa den\u00fancia, apresentada pela Procuradoria-Geral da Rep\u00fablica (PGR) contra Michel Temer, dessa vez por obstru\u00e7\u00e3o de Justi\u00e7a e forma\u00e7\u00e3o de quadrilha. Foram 39 votos a favor do relat\u00f3rio do deputado Bonif\u00e1cio de Andrada [&hellip;]<\/p>\n","protected":false},"author":2,"featured_media":18592,"comment_status":"open","ping_status":"open","sticky":false,"template":"","format":"standard","meta":{"_acf_changed":false,"footnotes":""},"categories":[10,1882,6],"tags":[709,1375,1680,2169,61,1748,417],"class_list":{"0":"post-18591","1":"post","2":"type-post","3":"status-publish","4":"format-standard","5":"has-post-thumbnail","7":"category-acao-parlamentares","8":"category-brasil","9":"category-noticias","10":"tag-camara-dos-deputados","11":"tag-ccj","12":"tag-chico-alencar","13":"tag-fora-temer","14":"tag-investigacao","15":"tag-michel-temer","16":"tag-psol-na-camara"},"acf":[],"yoast_head":"<!-- This site is optimized with the Yoast SEO plugin v26.5 - https:\/\/yoast.com\/wordpress\/plugins\/seo\/ -->\n<title>CCJ da C\u00e2mara rejeita investiga\u00e7\u00e3o contra Temer em 2\u00aa den\u00fancia - PSOL 50<\/title>\n<meta name=\"robots\" content=\"index, follow, max-snippet:-1, max-image-preview:large, max-video-preview:-1\" \/>\n<link rel=\"canonical\" href=\"https:\/\/psol50.org.br\/ccj-da-camara-rejeita-investigacao-contra-temer-na-2a-denuncia-por-corrupcao\/\" \/>\n<meta property=\"og:locale\" content=\"pt_BR\" \/>\n<meta property=\"og:type\" content=\"article\" \/>\n<meta property=\"og:title\" content=\"CCJ da C\u00e2mara rejeita investiga\u00e7\u00e3o contra Temer em 2\u00aa den\u00fancia - PSOL 50\" \/>\n<meta property=\"og:description\" content=\"A Comiss\u00e3o de Constitui\u00e7\u00e3o e Justi\u00e7a (CCJ) da C\u00e2mara dos Deputados confirmou as expectativas e rejeitou, nesta quarta-feira (18), o prosseguimento da 2\u00aa den\u00fancia, apresentada pela Procuradoria-Geral da Rep\u00fablica (PGR) contra Michel Temer, dessa vez por obstru\u00e7\u00e3o de Justi\u00e7a e forma\u00e7\u00e3o de quadrilha. Foram 39 votos a favor do relat\u00f3rio do deputado Bonif\u00e1cio de Andrada [&hellip;]\" \/>\n<meta property=\"og:url\" content=\"https:\/\/psol50.org.br\/ccj-da-camara-rejeita-investigacao-contra-temer-na-2a-denuncia-por-corrupcao\/\" \/>\n<meta property=\"og:site_name\" content=\"PSOL 50\" \/>\n<meta property=\"article:publisher\" content=\"https:\/\/www.facebook.com\/psol50\" \/>\n<meta property=\"article:published_time\" content=\"2017-10-18T21:48:16+00:00\" \/>\n<meta property=\"og:image\" content=\"https:\/\/psol50.org.br\/inc\/uploads\/2018\/07\/capa.png\" \/>\n\t<meta property=\"og:image:width\" content=\"1350\" \/>\n\t<meta property=\"og:image:height\" content=\"900\" \/>\n\t<meta property=\"og:image:type\" content=\"image\/png\" \/>\n<meta name=\"author\" content=\"Comunica\u00e7\u00e3o PSOL\" \/>\n<meta name=\"twitter:card\" content=\"summary_large_image\" \/>\n<meta name=\"twitter:creator\" content=\"@psol50\" \/>\n<meta name=\"twitter:site\" content=\"@psol50\" \/>\n<meta name=\"twitter:label1\" content=\"Escrito por\" \/>\n\t<meta name=\"twitter:data1\" content=\"Comunica\u00e7\u00e3o PSOL\" \/>\n\t<meta name=\"twitter:label2\" content=\"Est. tempo de leitura\" \/>\n\t<meta name=\"twitter:data2\" content=\"1 minuto\" \/>\n<script type=\"application\/ld+json\" class=\"yoast-schema-graph\">{\"@context\":\"https:\/\/schema.org\",\"@graph\":[{\"@type\":\"Article\",\"@id\":\"https:\/\/psol50.org.br\/ccj-da-camara-rejeita-investigacao-contra-temer-na-2a-denuncia-por-corrupcao\/#article\",\"isPartOf\":{\"@id\":\"https:\/\/psol50.org.br\/ccj-da-camara-rejeita-investigacao-contra-temer-na-2a-denuncia-por-corrupcao\/\"},\"author\":{\"name\":\"Comunica\u00e7\u00e3o PSOL\",\"@id\":\"https:\/\/psol50.org.br\/#\/schema\/person\/475dfa57d0b815993c714c2e96491fcd\"},\"headline\":\"CCJ da C\u00e2mara rejeita investiga\u00e7\u00e3o contra Temer em 2\u00aa den\u00fancia\",\"datePublished\":\"2017-10-18T21:48:16+00:00\",\"mainEntityOfPage\":{\"@id\":\"https:\/\/psol50.org.br\/ccj-da-camara-rejeita-investigacao-contra-temer-na-2a-denuncia-por-corrupcao\/\"},\"wordCount\":222,\"commentCount\":0,\"publisher\":{\"@id\":\"https:\/\/psol50.org.br\/#organization\"},\"image\":{\"@id\":\"https:\/\/psol50.org.br\/ccj-da-camara-rejeita-investigacao-contra-temer-na-2a-denuncia-por-corrupcao\/#primaryimage\"},\"thumbnailUrl\":\"\",\"keywords\":[\"C\u00e2mara dos Deputados\",\"CCJ\",\"Chico Alencar\",\"Fora Temer\",\"investiga\u00e7\u00e3o\",\"Michel Temer\",\"PSOL na C\u00e2mara\"],\"articleSection\":[\"A\u00e7\u00e3o Parlamentar\",\"Brasil\",\"Not\u00edcias\"],\"inLanguage\":\"pt-BR\",\"potentialAction\":[{\"@type\":\"CommentAction\",\"name\":\"Comment\",\"target\":[\"https:\/\/psol50.org.br\/ccj-da-camara-rejeita-investigacao-contra-temer-na-2a-denuncia-por-corrupcao\/#respond\"]}]},{\"@type\":\"WebPage\",\"@id\":\"https:\/\/psol50.org.br\/ccj-da-camara-rejeita-investigacao-contra-temer-na-2a-denuncia-por-corrupcao\/\",\"url\":\"https:\/\/psol50.org.br\/ccj-da-camara-rejeita-investigacao-contra-temer-na-2a-denuncia-por-corrupcao\/\",\"name\":\"CCJ da C\u00e2mara rejeita investiga\u00e7\u00e3o contra Temer em 2\u00aa den\u00fancia - PSOL 50\",\"isPartOf\":{\"@id\":\"https:\/\/psol50.org.br\/#website\"},\"primaryImageOfPage\":{\"@id\":\"https:\/\/psol50.org.br\/ccj-da-camara-rejeita-investigacao-contra-temer-na-2a-denuncia-por-corrupcao\/#primaryimage\"},\"image\":{\"@id\":\"https:\/\/psol50.org.br\/ccj-da-camara-rejeita-investigacao-contra-temer-na-2a-denuncia-por-corrupcao\/#primaryimage\"},\"thumbnailUrl\":\"\",\"datePublished\":\"2017-10-18T21:48:16+00:00\",\"breadcrumb\":{\"@id\":\"https:\/\/psol50.org.br\/ccj-da-camara-rejeita-investigacao-contra-temer-na-2a-denuncia-por-corrupcao\/#breadcrumb\"},\"inLanguage\":\"pt-BR\",\"potentialAction\":[{\"@type\":\"ReadAction\",\"target\":[\"https:\/\/psol50.org.br\/ccj-da-camara-rejeita-investigacao-contra-temer-na-2a-denuncia-por-corrupcao\/\"]}]},{\"@type\":\"ImageObject\",\"inLanguage\":\"pt-BR\",\"@id\":\"https:\/\/psol50.org.br\/ccj-da-camara-rejeita-investigacao-contra-temer-na-2a-denuncia-por-corrupcao\/#primaryimage\",\"url\":\"\",\"contentUrl\":\"\"},{\"@type\":\"BreadcrumbList\",\"@id\":\"https:\/\/psol50.org.br\/ccj-da-camara-rejeita-investigacao-contra-temer-na-2a-denuncia-por-corrupcao\/#breadcrumb\",\"itemListElement\":[{\"@type\":\"ListItem\",\"position\":1,\"name\":\"In\u00edcio\",\"item\":\"https:\/\/psol50.org.br\/\"},{\"@type\":\"ListItem\",\"position\":2,\"name\":\"CCJ da C\u00e2mara rejeita investiga\u00e7\u00e3o contra Temer em 2\u00aa den\u00fancia\"}]},{\"@type\":\"WebSite\",\"@id\":\"https:\/\/psol50.org.br\/#website\",\"url\":\"https:\/\/psol50.org.br\/\",\"name\":\"PSOL 50\",\"description\":\"Site oficial do Partido Socialismo e Liberdade\",\"publisher\":{\"@id\":\"https:\/\/psol50.org.br\/#organization\"},\"alternateName\":\"PSOL50\",\"potentialAction\":[{\"@type\":\"SearchAction\",\"target\":{\"@type\":\"EntryPoint\",\"urlTemplate\":\"https:\/\/psol50.org.br\/?s={search_term_string}\"},\"query-input\":{\"@type\":\"PropertyValueSpecification\",\"valueRequired\":true,\"valueName\":\"search_term_string\"}}],\"inLanguage\":\"pt-BR\"},{\"@type\":\"Organization\",\"@id\":\"https:\/\/psol50.org.br\/#organization\",\"name\":\"PSOL 50\",\"alternateName\":\"PSOL 50\",\"url\":\"https:\/\/psol50.org.br\/\",\"logo\":{\"@type\":\"ImageObject\",\"inLanguage\":\"pt-BR\",\"@id\":\"https:\/\/psol50.org.br\/#\/schema\/logo\/image\/\",\"url\":\"https:\/\/psol50.org.br\/inc\/uploads\/2018\/07\/capa.png\",\"contentUrl\":\"https:\/\/psol50.org.br\/inc\/uploads\/2018\/07\/capa.png\",\"width\":1350,\"height\":900,\"caption\":\"PSOL 50\"},\"image\":{\"@id\":\"https:\/\/psol50.org.br\/#\/schema\/logo\/image\/\"},\"sameAs\":[\"https:\/\/www.facebook.com\/psol50\",\"https:\/\/x.com\/psol50\",\"https:\/\/www.instagram.com\/psol50\/\",\"https:\/\/www.youtube.com\/channel\/UC7SnJS5o1os7a6CaiNabzcg\"]},{\"@type\":\"Person\",\"@id\":\"https:\/\/psol50.org.br\/#\/schema\/person\/475dfa57d0b815993c714c2e96491fcd\",\"name\":\"Comunica\u00e7\u00e3o PSOL\",\"image\":{\"@type\":\"ImageObject\",\"inLanguage\":\"pt-BR\",\"@id\":\"https:\/\/psol50.org.br\/#\/schema\/person\/image\/\",\"url\":\"https:\/\/secure.gravatar.com\/avatar\/b34fc4f4e468a4e51785917065a3db57b841f5c95dba6ad8c73aaf8f66f8f9bf?s=96&d=mm&r=g\",\"contentUrl\":\"https:\/\/secure.gravatar.com\/avatar\/b34fc4f4e468a4e51785917065a3db57b841f5c95dba6ad8c73aaf8f66f8f9bf?s=96&d=mm&r=g\",\"caption\":\"Comunica\u00e7\u00e3o PSOL\"}}]}<\/script>\n<!-- \/ Yoast SEO plugin. -->","yoast_head_json":{"title":"CCJ da C\u00e2mara rejeita investiga\u00e7\u00e3o contra Temer em 2\u00aa den\u00fancia - PSOL 50","robots":{"index":"index","follow":"follow","max-snippet":"max-snippet:-1","max-image-preview":"max-image-preview:large","max-video-preview":"max-video-preview:-1"},"canonical":"https:\/\/psol50.org.br\/ccj-da-camara-rejeita-investigacao-contra-temer-na-2a-denuncia-por-corrupcao\/","og_locale":"pt_BR","og_type":"article","og_title":"CCJ da C\u00e2mara rejeita investiga\u00e7\u00e3o contra Temer em 2\u00aa den\u00fancia - PSOL 50","og_description":"A Comiss\u00e3o de Constitui\u00e7\u00e3o e Justi\u00e7a (CCJ) da C\u00e2mara dos Deputados confirmou as expectativas e rejeitou, nesta quarta-feira (18), o prosseguimento da 2\u00aa den\u00fancia, apresentada pela Procuradoria-Geral da Rep\u00fablica (PGR) contra Michel Temer, dessa vez por obstru\u00e7\u00e3o de Justi\u00e7a e forma\u00e7\u00e3o de quadrilha. Foram 39 votos a favor do relat\u00f3rio do deputado Bonif\u00e1cio de Andrada [&hellip;]","og_url":"https:\/\/psol50.org.br\/ccj-da-camara-rejeita-investigacao-contra-temer-na-2a-denuncia-por-corrupcao\/","og_site_name":"PSOL 50","article_publisher":"https:\/\/www.facebook.com\/psol50","article_published_time":"2017-10-18T21:48:16+00:00","og_image":[{"width":1350,"height":900,"url":"https:\/\/psol50.org.br\/inc\/uploads\/2018\/07\/capa.png","type":"image\/png"}],"author":"Comunica\u00e7\u00e3o PSOL","twitter_card":"summary_large_image","twitter_creator":"@psol50","twitter_site":"@psol50","twitter_misc":{"Escrito por":"Comunica\u00e7\u00e3o PSOL","Est. tempo de leitura":"1 minuto"},"schema":{"@context":"https:\/\/schema.org","@graph":[{"@type":"Article","@id":"https:\/\/psol50.org.br\/ccj-da-camara-rejeita-investigacao-contra-temer-na-2a-denuncia-por-corrupcao\/#article","isPartOf":{"@id":"https:\/\/psol50.org.br\/ccj-da-camara-rejeita-investigacao-contra-temer-na-2a-denuncia-por-corrupcao\/"},"author":{"name":"Comunica\u00e7\u00e3o PSOL","@id":"https:\/\/psol50.org.br\/#\/schema\/person\/475dfa57d0b815993c714c2e96491fcd"},"headline":"CCJ da C\u00e2mara rejeita investiga\u00e7\u00e3o contra Temer em 2\u00aa den\u00fancia","datePublished":"2017-10-18T21:48:16+00:00","mainEntityOfPage":{"@id":"https:\/\/psol50.org.br\/ccj-da-camara-rejeita-investigacao-contra-temer-na-2a-denuncia-por-corrupcao\/"},"wordCount":222,"commentCount":0,"publisher":{"@id":"https:\/\/psol50.org.br\/#organization"},"image":{"@id":"https:\/\/psol50.org.br\/ccj-da-camara-rejeita-investigacao-contra-temer-na-2a-denuncia-por-corrupcao\/#primaryimage"},"thumbnailUrl":"","keywords":["C\u00e2mara dos Deputados","CCJ","Chico Alencar","Fora Temer","investiga\u00e7\u00e3o","Michel Temer","PSOL na C\u00e2mara"],"articleSection":["A\u00e7\u00e3o Parlamentar","Brasil","Not\u00edcias"],"inLanguage":"pt-BR","potentialAction":[{"@type":"CommentAction","name":"Comment","target":["https:\/\/psol50.org.br\/ccj-da-camara-rejeita-investigacao-contra-temer-na-2a-denuncia-por-corrupcao\/#respond"]}]},{"@type":"WebPage","@id":"https:\/\/psol50.org.br\/ccj-da-camara-rejeita-investigacao-contra-temer-na-2a-denuncia-por-corrupcao\/","url":"https:\/\/psol50.org.br\/ccj-da-camara-rejeita-investigacao-contra-temer-na-2a-denuncia-por-corrupcao\/","name":"CCJ da C\u00e2mara rejeita investiga\u00e7\u00e3o contra Temer em 2\u00aa den\u00fancia - PSOL 50","isPartOf":{"@id":"https:\/\/psol50.org.br\/#website"},"primaryImageOfPage":{"@id":"https:\/\/psol50.org.br\/ccj-da-camara-rejeita-investigacao-contra-temer-na-2a-denuncia-por-corrupcao\/#primaryimage"},"image":{"@id":"https:\/\/psol50.org.br\/ccj-da-camara-rejeita-investigacao-contra-temer-na-2a-denuncia-por-corrupcao\/#primaryimage"},"thumbnailUrl":"","datePublished":"2017-10-18T21:48:16+00:00","breadcrumb":{"@id":"https:\/\/psol50.org.br\/ccj-da-camara-rejeita-investigacao-contra-temer-na-2a-denuncia-por-corrupcao\/#breadcrumb"},"inLanguage":"pt-BR","potentialAction":[{"@type":"ReadAction","target":["https:\/\/psol50.org.br\/ccj-da-camara-rejeita-investigacao-contra-temer-na-2a-denuncia-por-corrupcao\/"]}]},{"@type":"ImageObject","inLanguage":"pt-BR","@id":"https:\/\/psol50.org.br\/ccj-da-camara-rejeita-investigacao-contra-temer-na-2a-denuncia-por-corrupcao\/#primaryimage","url":"","contentUrl":""},{"@type":"BreadcrumbList","@id":"https:\/\/psol50.org.br\/ccj-da-camara-rejeita-investigacao-contra-temer-na-2a-denuncia-por-corrupcao\/#breadcrumb","itemListElement":[{"@type":"ListItem","position":1,"name":"In\u00edcio","item":"https:\/\/psol50.org.br\/"},{"@type":"ListItem","position":2,"name":"CCJ da C\u00e2mara rejeita investiga\u00e7\u00e3o contra Temer em 2\u00aa den\u00fancia"}]},{"@type":"WebSite","@id":"https:\/\/psol50.org.br\/#website","url":"https:\/\/psol50.org.br\/","name":"PSOL 50","description":"Site oficial do Partido Socialismo e Liberdade","publisher":{"@id":"https:\/\/psol50.org.br\/#organization"},"alternateName":"PSOL50","potentialAction":[{"@type":"SearchAction","target":{"@type":"EntryPoint","urlTemplate":"https:\/\/psol50.org.br\/?s={search_term_string}"},"query-input":{"@type":"PropertyValueSpecification","valueRequired":true,"valueName":"search_term_string"}}],"inLanguage":"pt-BR"},{"@type":"Organization","@id":"https:\/\/psol50.org.br\/#organization","name":"PSOL 50","alternateName":"PSOL 50","url":"https:\/\/psol50.org.br\/","logo":{"@type":"ImageObject","inLanguage":"pt-BR","@id":"https:\/\/psol50.org.br\/#\/schema\/logo\/image\/","url":"https:\/\/psol50.org.br\/inc\/uploads\/2018\/07\/capa.png","contentUrl":"https:\/\/psol50.org.br\/inc\/uploads\/2018\/07\/capa.png","width":1350,"height":900,"caption":"PSOL 50"},"image":{"@id":"https:\/\/psol50.org.br\/#\/schema\/logo\/image\/"},"sameAs":["https:\/\/www.facebook.com\/psol50","https:\/\/x.com\/psol50","https:\/\/www.instagram.com\/psol50\/","https:\/\/www.youtube.com\/channel\/UC7SnJS5o1os7a6CaiNabzcg"]},{"@type":"Person","@id":"https:\/\/psol50.org.br\/#\/schema\/person\/475dfa57d0b815993c714c2e96491fcd","name":"Comunica\u00e7\u00e3o PSOL","image":{"@type":"ImageObject","inLanguage":"pt-BR","@id":"https:\/\/psol50.org.br\/#\/schema\/person\/image\/","url":"https:\/\/secure.gravatar.com\/avatar\/b34fc4f4e468a4e51785917065a3db57b841f5c95dba6ad8c73aaf8f66f8f9bf?s=96&d=mm&r=g","contentUrl":"https:\/\/secure.gravatar.com\/avatar\/b34fc4f4e468a4e51785917065a3db57b841f5c95dba6ad8c73aaf8f66f8f9bf?s=96&d=mm&r=g","caption":"Comunica\u00e7\u00e3o PSOL"}}]}},"_links":{"self":[{"href":"https:\/\/psol50.org.br\/rest\/wp\/v2\/posts\/18591","targetHints":{"allow":["GET"]}}],"collection":[{"href":"https:\/\/psol50.org.br\/rest\/wp\/v2\/posts"}],"about":[{"href":"https:\/\/psol50.org.br\/rest\/wp\/v2\/types\/post"}],"author":[{"embeddable":true,"href":"https:\/\/psol50.org.br\/rest\/wp\/v2\/users\/2"}],"replies":[{"embeddable":true,"href":"https:\/\/psol50.org.br\/rest\/wp\/v2\/comments?post=18591"}],"version-history":[{"count":0,"href":"https:\/\/psol50.org.br\/rest\/wp\/v2\/posts\/18591\/revisions"}],"wp:featuredmedia":[{"embeddable":true,"href":"https:\/\/psol50.org.br\/rest\/"}],"wp:attachment":[{"href":"https:\/\/psol50.org.br\/rest\/wp\/v2\/media?parent=18591"}],"wp:term":[{"taxonomy":"category","embeddable":true,"href":"https:\/\/psol50.org.br\/rest\/wp\/v2\/categories?post=18591"},{"taxonomy":"post_tag","embeddable":true,"href":"https:\/\/psol50.org.br\/rest\/wp\/v2\/tags?post=18591"}],"curies":[{"name":"wp","href":"https:\/\/api.w.org\/{rel}","templated":true}]}}