{"id":1860,"date":"2013-03-20T00:00:00","date_gmt":"2013-03-20T00:00:00","guid":{"rendered":"http:\/\/psol50.org.br\/arquivo\/2013\/03\/20\/executiva-do-psol-lanca-nota-em-defesa-do-senador-randolfe-rodrigues\/"},"modified":"2013-03-20T00:00:00","modified_gmt":"2013-03-20T00:00:00","slug":"executiva-do-psol-lanca-nota-em-defesa-do-senador-randolfe-rodrigues","status":"publish","type":"post","link":"https:\/\/psol50.org.br\/executiva-do-psol-lanca-nota-em-defesa-do-senador-randolfe-rodrigues\/","title":{"rendered":"Executiva do PSOL lan\u00e7a nota em defesa do senador Randolfe Rodrigues"},"content":{"rendered":"<div style=\"text-align: justify;\">\n\t<em>Documento explica que falsas den\u00fancias s\u00e3o articuladas pelo senador Renan Calheiros, contra quem o PSOL luta desde 2007, encabe\u00e7ando o movimento \u201cFora Renan\u201d <\/em><br \/>\n\t&nbsp;<br \/>\n\tA Executiva Nacional do PSOL, em conjunto com a bancada do partido no Congresso Nacional, divulga nesta quarta-feira (20) uma nota em defesa do senador Randolfe Rodrigues (PSOL-AP), que tem sido vitima de falsas den\u00fancias levadas a cabo por pol\u00edticos do Amap\u00e1 considerados \u201cfichas-sujas\u201d. A solidariedade do partido se d\u00e1 logo ap\u00f3s constantes investidas de setores conservadores do Estado, em jornais da grande imprensa, que acusam Randolfe de ter recebido mesada durante seis meses como deputado estadual do Amap\u00e1. De acordo com a nota, tais investidas s\u00e3o capitaneadas pelo atual presidente do Senado Federal, Renan Calheiros (AL). \u201cNa verdade, o art\u00edfice desta ofensiva \u00e9 Renan Calheiros, cujas credenciais dispensam coment\u00e1rios e contra quem o PSOL lutou sem tr\u00e9gua, desde 2007, quando encabe\u00e7ou a campanha \u2018Fora Renan\u2019\u201d, ressalta o documento.<br \/>\n\t&nbsp;<br \/>\n\tAo final, a Executiva do PSOL e a bancada do partido enfatizam que \u201co PSOL n\u00e3o ir\u00e1 se intimidar com mais esta tentativa de colocar nosso partido na vala comum dos \u2018fichas-sujas\u2019. Querem nos calar a todo custo, pois sabem que somos hoje o \u00fanico partido no Congresso Nacional que defende de forma homog\u00eanea a \u00e9tica, de maneira intransigente, e que n\u00e3o \u00e9 conivente com desvios de conduta, mesmo que estes interesses poderosos nos ameacem com todo tipo de viol\u00eancia e arbitrariedade\u201d.<br \/>\n\t&nbsp;<br \/>\n\tConfira abaixo a \u00edntegra da nota, assinada pela Executiva Nacional do PSOL e pela Bancada do PSOL no Congresso Nacional.<br \/>\n\t&nbsp;<br \/>\n\tNota da Executiva Nacional e da bancada federal do Partido Socialismo e Liberdade (PSOL) em apoio ao senador Randolfe Rodrigues<br \/>\n\t&nbsp;<br \/>\n\tPrestamos nossa solidariedade ao companheiro senador Randolfe Rodrigues, v\u00edtima de um ataque calunioso de parte de quem n\u00e3o tem a m\u00ednima credibilidade: senador Renan Calheiros, presidente do Senado Federal.<br \/>\n\t&nbsp;<br \/>\n\tRenan encaminhou \u00e0 Procuradoria Geral da Rep\u00fablica peti\u00e7\u00e3o contra o senador Randolfe Rodrigues a partir de uma den\u00fancia falsa divulgada por um not\u00f3rio \u201cficha-suja\u201d do Estado do Amap\u00e1, condenado por improbidade administrativa e indiciado pela CPI do Narcotr\u00e1fico. Trata-se do ex-presidente da Assembleia Legislativa do Amap\u00e1, Fran J\u00fanior, atual chefe de gabinete do deputado estadual do Amap\u00e1, Mois\u00e9s Souza (PSC), tamb\u00e9m ex-presidente da Assembleia Legislativa do Estado, afastado em 2012 por den\u00fancias de forma\u00e7\u00e3o de quadrilha, fraude em licita\u00e7\u00e3o, peculato, corrup\u00e7\u00e3o passiva e lavagem de dinheiro. Foi tamb\u00e9m um dos denunciados pela Comiss\u00e3o Parlamentar de Inqu\u00e9rito do Narcotr\u00e1fico, do Senado, acusado de envolvimento no crime organizado, tr\u00e1fico de drogas e corrup\u00e7\u00e3o ativa.<br \/>\n\t&nbsp;<br \/>\n\tFran J\u00fanior, por\u00e9m, \u00e9 s\u00f3 a face p\u00fablica do ataque da direita brasileira ao PSOL. Na verdade, o art\u00edfice desta ofensiva \u00e9 Renan Calheiros, cujas credenciais dispensam coment\u00e1rios e contra quem o PSOL lutou sem tr\u00e9gua, desde 2007, quando encabe\u00e7ou a campanha \u201cFora Renan\u201d.<br \/>\n\t&nbsp;<br \/>\n\tEstes ataques contra o senador n\u00e3o s\u00e3o novidade, visto seus enfrentamentos contra o crime organizado no Amap\u00e1 desde quando era deputado estadual, sempre atuando ao lado Minist\u00e9rio P\u00fablico.<br \/>\n\t&nbsp;<br \/>\n\tConsoante com a posi\u00e7\u00e3o do PSOL em favor de todas as investiga\u00e7\u00f5es necess\u00e1rias, o pr\u00f3prio Randolfe se antecipou e pediu a investiga\u00e7\u00e3o total do \u201cdossi\u00ea\u201d. O Minist\u00e9rio P\u00fablico do Amap\u00e1 j\u00e1 enviou resposta \u00e0 representa\u00e7\u00e3o protocolada em agosto de 2012. O MP considerou as den\u00fancias improcedentes e investigar\u00e1 o autor delas por falsidade ideol\u00f3gica. O Banco do Brasil e a Caixa Econ\u00f4mica Federal enviar\u00e3o ao senador a microfilmagem de todos os cheques recebidos por ele no per\u00edodo de seu mandato de deputado estadual. Randolfe tamb\u00e9m protocolou uma Not\u00edcia Crime, em setembro de 2012, no Minist\u00e9rio P\u00fablico Federal. Nela ele pede que o MPF investigue o autor do recibo falsificado que consta do dossi\u00ea e que seja realizada uma per\u00edcia nos documentos. Na Pol\u00edcia Federal, Randolfe solicitou a abertura de inqu\u00e9rito e foi \u00e0 PGR pedir para que o Procurador Geral da Rep\u00fablica investigue o dossi\u00ea e comprove a sua falsidade.<br \/>\n\t&nbsp;<br \/>\n\tO PSOL n\u00e3o ir\u00e1 se intimidar com mais esta tentativa de colocar nosso partido na vala comum dos \u201cfichas-sujas\u201d. Querem nos calar a todo custo, pois sabem que somos hoje o \u00fanico partido no Congresso Nacional que defende de forma homog\u00eanea a \u00e9tica, de maneira intransigente, e que n\u00e3o \u00e9 conivente com desvios de conduta, mesmo que estes interesses poderosos nos ameacem com todo tipo de viol\u00eancia e arbitrariedade. De nossa parte, n\u00e3o h\u00e1 o que temer quando se est\u00e1 do lado da justi\u00e7a por isso prestamos nossa solidariedade ao companheiro Randolfe Rodrigues, o qual tem se destacado na luta contra o crime organizado no Amap\u00e1 e no Brasil.<br \/>\n\t&nbsp;<br \/>\n\tExecutiva Nacional do PSOL e Bancada no Congresso Nacional<\/div>\n","protected":false},"excerpt":{"rendered":"<p>Documento explica que falsas den\u00fancias s\u00e3o articuladas pelo senador Renan Calheiros, contra quem o PSOL luta desde 2007, encabe\u00e7ando o movimento \u201cFora Renan\u201d &nbsp; A Executiva Nacional do PSOL, em conjunto com a bancada do partido no Congresso Nacional, divulga nesta quarta-feira (20) uma nota em defesa do senador Randolfe Rodrigues (PSOL-AP), que tem sido [&hellip;]<\/p>\n","protected":false},"author":2,"featured_media":0,"comment_status":"open","ping_status":"open","sticky":false,"template":"","format":"standard","meta":{"_acf_changed":false,"footnotes":""},"categories":[4766],"tags":[22],"class_list":{"0":"post-1860","1":"post","2":"type-post","3":"status-publish","4":"format-standard","6":"category-arquivo","7":"tag-psol"},"acf":[],"yoast_head":"<!-- This site is optimized with the Yoast SEO plugin v26.5 - https:\/\/yoast.com\/wordpress\/plugins\/seo\/ -->\n<title>Executiva do PSOL lan\u00e7a nota em defesa do senador Randolfe Rodrigues - PSOL 50<\/title>\n<meta name=\"robots\" content=\"index, follow, max-snippet:-1, max-image-preview:large, max-video-preview:-1\" \/>\n<link rel=\"canonical\" href=\"https:\/\/psol50.org.br\/executiva-do-psol-lanca-nota-em-defesa-do-senador-randolfe-rodrigues\/\" \/>\n<meta property=\"og:locale\" content=\"pt_BR\" \/>\n<meta property=\"og:type\" content=\"article\" \/>\n<meta property=\"og:title\" content=\"Executiva do PSOL lan\u00e7a nota em defesa do senador Randolfe Rodrigues - PSOL 50\" \/>\n<meta property=\"og:description\" content=\"Documento explica que falsas den\u00fancias s\u00e3o articuladas pelo senador Renan Calheiros, contra quem o PSOL luta desde 2007, encabe\u00e7ando o movimento \u201cFora Renan\u201d &nbsp; A Executiva Nacional do PSOL, em conjunto com a bancada do partido no Congresso Nacional, divulga nesta quarta-feira (20) uma nota em defesa do senador Randolfe Rodrigues (PSOL-AP), que tem sido [&hellip;]\" \/>\n<meta property=\"og:url\" content=\"https:\/\/psol50.org.br\/executiva-do-psol-lanca-nota-em-defesa-do-senador-randolfe-rodrigues\/\" \/>\n<meta property=\"og:site_name\" content=\"PSOL 50\" \/>\n<meta property=\"article:publisher\" content=\"https:\/\/www.facebook.com\/psol50\" \/>\n<meta property=\"article:published_time\" content=\"2013-03-20T00:00:00+00:00\" \/>\n<meta property=\"og:image\" content=\"https:\/\/psol50.org.br\/inc\/uploads\/2018\/07\/capa.png\" \/>\n\t<meta property=\"og:image:width\" content=\"1350\" \/>\n\t<meta property=\"og:image:height\" content=\"900\" \/>\n\t<meta property=\"og:image:type\" content=\"image\/png\" \/>\n<meta name=\"author\" content=\"Comunica\u00e7\u00e3o PSOL\" \/>\n<meta name=\"twitter:card\" content=\"summary_large_image\" \/>\n<meta name=\"twitter:creator\" content=\"@psol50\" \/>\n<meta name=\"twitter:site\" content=\"@psol50\" \/>\n<meta name=\"twitter:label1\" content=\"Escrito por\" \/>\n\t<meta name=\"twitter:data1\" content=\"Comunica\u00e7\u00e3o PSOL\" \/>\n\t<meta name=\"twitter:label2\" content=\"Est. tempo de leitura\" \/>\n\t<meta name=\"twitter:data2\" content=\"4 minutos\" \/>\n<script type=\"application\/ld+json\" class=\"yoast-schema-graph\">{\"@context\":\"https:\/\/schema.org\",\"@graph\":[{\"@type\":\"Article\",\"@id\":\"https:\/\/psol50.org.br\/executiva-do-psol-lanca-nota-em-defesa-do-senador-randolfe-rodrigues\/#article\",\"isPartOf\":{\"@id\":\"https:\/\/psol50.org.br\/executiva-do-psol-lanca-nota-em-defesa-do-senador-randolfe-rodrigues\/\"},\"author\":{\"name\":\"Comunica\u00e7\u00e3o PSOL\",\"@id\":\"https:\/\/psol50.org.br\/#\/schema\/person\/475dfa57d0b815993c714c2e96491fcd\"},\"headline\":\"Executiva do PSOL lan\u00e7a nota em defesa do senador Randolfe Rodrigues\",\"datePublished\":\"2013-03-20T00:00:00+00:00\",\"mainEntityOfPage\":{\"@id\":\"https:\/\/psol50.org.br\/executiva-do-psol-lanca-nota-em-defesa-do-senador-randolfe-rodrigues\/\"},\"wordCount\":837,\"commentCount\":0,\"publisher\":{\"@id\":\"https:\/\/psol50.org.br\/#organization\"},\"keywords\":[\"PSOL\"],\"articleSection\":[\"Arquivo\"],\"inLanguage\":\"pt-BR\",\"potentialAction\":[{\"@type\":\"CommentAction\",\"name\":\"Comment\",\"target\":[\"https:\/\/psol50.org.br\/executiva-do-psol-lanca-nota-em-defesa-do-senador-randolfe-rodrigues\/#respond\"]}]},{\"@type\":\"WebPage\",\"@id\":\"https:\/\/psol50.org.br\/executiva-do-psol-lanca-nota-em-defesa-do-senador-randolfe-rodrigues\/\",\"url\":\"https:\/\/psol50.org.br\/executiva-do-psol-lanca-nota-em-defesa-do-senador-randolfe-rodrigues\/\",\"name\":\"Executiva do PSOL lan\u00e7a nota em defesa do senador Randolfe Rodrigues - PSOL 50\",\"isPartOf\":{\"@id\":\"https:\/\/psol50.org.br\/#website\"},\"datePublished\":\"2013-03-20T00:00:00+00:00\",\"breadcrumb\":{\"@id\":\"https:\/\/psol50.org.br\/executiva-do-psol-lanca-nota-em-defesa-do-senador-randolfe-rodrigues\/#breadcrumb\"},\"inLanguage\":\"pt-BR\",\"potentialAction\":[{\"@type\":\"ReadAction\",\"target\":[\"https:\/\/psol50.org.br\/executiva-do-psol-lanca-nota-em-defesa-do-senador-randolfe-rodrigues\/\"]}]},{\"@type\":\"BreadcrumbList\",\"@id\":\"https:\/\/psol50.org.br\/executiva-do-psol-lanca-nota-em-defesa-do-senador-randolfe-rodrigues\/#breadcrumb\",\"itemListElement\":[{\"@type\":\"ListItem\",\"position\":1,\"name\":\"In\u00edcio\",\"item\":\"https:\/\/psol50.org.br\/\"},{\"@type\":\"ListItem\",\"position\":2,\"name\":\"Executiva do PSOL lan\u00e7a nota em defesa do senador Randolfe Rodrigues\"}]},{\"@type\":\"WebSite\",\"@id\":\"https:\/\/psol50.org.br\/#website\",\"url\":\"https:\/\/psol50.org.br\/\",\"name\":\"PSOL 50\",\"description\":\"Site oficial do Partido Socialismo e Liberdade\",\"publisher\":{\"@id\":\"https:\/\/psol50.org.br\/#organization\"},\"alternateName\":\"PSOL50\",\"potentialAction\":[{\"@type\":\"SearchAction\",\"target\":{\"@type\":\"EntryPoint\",\"urlTemplate\":\"https:\/\/psol50.org.br\/?s={search_term_string}\"},\"query-input\":{\"@type\":\"PropertyValueSpecification\",\"valueRequired\":true,\"valueName\":\"search_term_string\"}}],\"inLanguage\":\"pt-BR\"},{\"@type\":\"Organization\",\"@id\":\"https:\/\/psol50.org.br\/#organization\",\"name\":\"PSOL 50\",\"alternateName\":\"PSOL 50\",\"url\":\"https:\/\/psol50.org.br\/\",\"logo\":{\"@type\":\"ImageObject\",\"inLanguage\":\"pt-BR\",\"@id\":\"https:\/\/psol50.org.br\/#\/schema\/logo\/image\/\",\"url\":\"https:\/\/psol50.org.br\/inc\/uploads\/2018\/07\/capa.png\",\"contentUrl\":\"https:\/\/psol50.org.br\/inc\/uploads\/2018\/07\/capa.png\",\"width\":1350,\"height\":900,\"caption\":\"PSOL 50\"},\"image\":{\"@id\":\"https:\/\/psol50.org.br\/#\/schema\/logo\/image\/\"},\"sameAs\":[\"https:\/\/www.facebook.com\/psol50\",\"https:\/\/x.com\/psol50\",\"https:\/\/www.instagram.com\/psol50\/\",\"https:\/\/www.youtube.com\/channel\/UC7SnJS5o1os7a6CaiNabzcg\"]},{\"@type\":\"Person\",\"@id\":\"https:\/\/psol50.org.br\/#\/schema\/person\/475dfa57d0b815993c714c2e96491fcd\",\"name\":\"Comunica\u00e7\u00e3o PSOL\",\"image\":{\"@type\":\"ImageObject\",\"inLanguage\":\"pt-BR\",\"@id\":\"https:\/\/psol50.org.br\/#\/schema\/person\/image\/\",\"url\":\"https:\/\/secure.gravatar.com\/avatar\/b34fc4f4e468a4e51785917065a3db57b841f5c95dba6ad8c73aaf8f66f8f9bf?s=96&d=mm&r=g\",\"contentUrl\":\"https:\/\/secure.gravatar.com\/avatar\/b34fc4f4e468a4e51785917065a3db57b841f5c95dba6ad8c73aaf8f66f8f9bf?s=96&d=mm&r=g\",\"caption\":\"Comunica\u00e7\u00e3o PSOL\"}}]}<\/script>\n<!-- \/ Yoast SEO plugin. -->","yoast_head_json":{"title":"Executiva do PSOL lan\u00e7a nota em defesa do senador Randolfe Rodrigues - PSOL 50","robots":{"index":"index","follow":"follow","max-snippet":"max-snippet:-1","max-image-preview":"max-image-preview:large","max-video-preview":"max-video-preview:-1"},"canonical":"https:\/\/psol50.org.br\/executiva-do-psol-lanca-nota-em-defesa-do-senador-randolfe-rodrigues\/","og_locale":"pt_BR","og_type":"article","og_title":"Executiva do PSOL lan\u00e7a nota em defesa do senador Randolfe Rodrigues - PSOL 50","og_description":"Documento explica que falsas den\u00fancias s\u00e3o articuladas pelo senador Renan Calheiros, contra quem o PSOL luta desde 2007, encabe\u00e7ando o movimento \u201cFora Renan\u201d &nbsp; A Executiva Nacional do PSOL, em conjunto com a bancada do partido no Congresso Nacional, divulga nesta quarta-feira (20) uma nota em defesa do senador Randolfe Rodrigues (PSOL-AP), que tem sido [&hellip;]","og_url":"https:\/\/psol50.org.br\/executiva-do-psol-lanca-nota-em-defesa-do-senador-randolfe-rodrigues\/","og_site_name":"PSOL 50","article_publisher":"https:\/\/www.facebook.com\/psol50","article_published_time":"2013-03-20T00:00:00+00:00","og_image":[{"width":1350,"height":900,"url":"https:\/\/psol50.org.br\/inc\/uploads\/2018\/07\/capa.png","type":"image\/png"}],"author":"Comunica\u00e7\u00e3o PSOL","twitter_card":"summary_large_image","twitter_creator":"@psol50","twitter_site":"@psol50","twitter_misc":{"Escrito por":"Comunica\u00e7\u00e3o PSOL","Est. tempo de leitura":"4 minutos"},"schema":{"@context":"https:\/\/schema.org","@graph":[{"@type":"Article","@id":"https:\/\/psol50.org.br\/executiva-do-psol-lanca-nota-em-defesa-do-senador-randolfe-rodrigues\/#article","isPartOf":{"@id":"https:\/\/psol50.org.br\/executiva-do-psol-lanca-nota-em-defesa-do-senador-randolfe-rodrigues\/"},"author":{"name":"Comunica\u00e7\u00e3o PSOL","@id":"https:\/\/psol50.org.br\/#\/schema\/person\/475dfa57d0b815993c714c2e96491fcd"},"headline":"Executiva do PSOL lan\u00e7a nota em defesa do senador Randolfe Rodrigues","datePublished":"2013-03-20T00:00:00+00:00","mainEntityOfPage":{"@id":"https:\/\/psol50.org.br\/executiva-do-psol-lanca-nota-em-defesa-do-senador-randolfe-rodrigues\/"},"wordCount":837,"commentCount":0,"publisher":{"@id":"https:\/\/psol50.org.br\/#organization"},"keywords":["PSOL"],"articleSection":["Arquivo"],"inLanguage":"pt-BR","potentialAction":[{"@type":"CommentAction","name":"Comment","target":["https:\/\/psol50.org.br\/executiva-do-psol-lanca-nota-em-defesa-do-senador-randolfe-rodrigues\/#respond"]}]},{"@type":"WebPage","@id":"https:\/\/psol50.org.br\/executiva-do-psol-lanca-nota-em-defesa-do-senador-randolfe-rodrigues\/","url":"https:\/\/psol50.org.br\/executiva-do-psol-lanca-nota-em-defesa-do-senador-randolfe-rodrigues\/","name":"Executiva do PSOL lan\u00e7a nota em defesa do senador Randolfe Rodrigues - PSOL 50","isPartOf":{"@id":"https:\/\/psol50.org.br\/#website"},"datePublished":"2013-03-20T00:00:00+00:00","breadcrumb":{"@id":"https:\/\/psol50.org.br\/executiva-do-psol-lanca-nota-em-defesa-do-senador-randolfe-rodrigues\/#breadcrumb"},"inLanguage":"pt-BR","potentialAction":[{"@type":"ReadAction","target":["https:\/\/psol50.org.br\/executiva-do-psol-lanca-nota-em-defesa-do-senador-randolfe-rodrigues\/"]}]},{"@type":"BreadcrumbList","@id":"https:\/\/psol50.org.br\/executiva-do-psol-lanca-nota-em-defesa-do-senador-randolfe-rodrigues\/#breadcrumb","itemListElement":[{"@type":"ListItem","position":1,"name":"In\u00edcio","item":"https:\/\/psol50.org.br\/"},{"@type":"ListItem","position":2,"name":"Executiva do PSOL lan\u00e7a nota em defesa do senador Randolfe Rodrigues"}]},{"@type":"WebSite","@id":"https:\/\/psol50.org.br\/#website","url":"https:\/\/psol50.org.br\/","name":"PSOL 50","description":"Site oficial do Partido Socialismo e Liberdade","publisher":{"@id":"https:\/\/psol50.org.br\/#organization"},"alternateName":"PSOL50","potentialAction":[{"@type":"SearchAction","target":{"@type":"EntryPoint","urlTemplate":"https:\/\/psol50.org.br\/?s={search_term_string}"},"query-input":{"@type":"PropertyValueSpecification","valueRequired":true,"valueName":"search_term_string"}}],"inLanguage":"pt-BR"},{"@type":"Organization","@id":"https:\/\/psol50.org.br\/#organization","name":"PSOL 50","alternateName":"PSOL 50","url":"https:\/\/psol50.org.br\/","logo":{"@type":"ImageObject","inLanguage":"pt-BR","@id":"https:\/\/psol50.org.br\/#\/schema\/logo\/image\/","url":"https:\/\/psol50.org.br\/inc\/uploads\/2018\/07\/capa.png","contentUrl":"https:\/\/psol50.org.br\/inc\/uploads\/2018\/07\/capa.png","width":1350,"height":900,"caption":"PSOL 50"},"image":{"@id":"https:\/\/psol50.org.br\/#\/schema\/logo\/image\/"},"sameAs":["https:\/\/www.facebook.com\/psol50","https:\/\/x.com\/psol50","https:\/\/www.instagram.com\/psol50\/","https:\/\/www.youtube.com\/channel\/UC7SnJS5o1os7a6CaiNabzcg"]},{"@type":"Person","@id":"https:\/\/psol50.org.br\/#\/schema\/person\/475dfa57d0b815993c714c2e96491fcd","name":"Comunica\u00e7\u00e3o PSOL","image":{"@type":"ImageObject","inLanguage":"pt-BR","@id":"https:\/\/psol50.org.br\/#\/schema\/person\/image\/","url":"https:\/\/secure.gravatar.com\/avatar\/b34fc4f4e468a4e51785917065a3db57b841f5c95dba6ad8c73aaf8f66f8f9bf?s=96&d=mm&r=g","contentUrl":"https:\/\/secure.gravatar.com\/avatar\/b34fc4f4e468a4e51785917065a3db57b841f5c95dba6ad8c73aaf8f66f8f9bf?s=96&d=mm&r=g","caption":"Comunica\u00e7\u00e3o PSOL"}}]}},"_links":{"self":[{"href":"https:\/\/psol50.org.br\/rest\/wp\/v2\/posts\/1860","targetHints":{"allow":["GET"]}}],"collection":[{"href":"https:\/\/psol50.org.br\/rest\/wp\/v2\/posts"}],"about":[{"href":"https:\/\/psol50.org.br\/rest\/wp\/v2\/types\/post"}],"author":[{"embeddable":true,"href":"https:\/\/psol50.org.br\/rest\/wp\/v2\/users\/2"}],"replies":[{"embeddable":true,"href":"https:\/\/psol50.org.br\/rest\/wp\/v2\/comments?post=1860"}],"version-history":[{"count":0,"href":"https:\/\/psol50.org.br\/rest\/wp\/v2\/posts\/1860\/revisions"}],"wp:attachment":[{"href":"https:\/\/psol50.org.br\/rest\/wp\/v2\/media?parent=1860"}],"wp:term":[{"taxonomy":"category","embeddable":true,"href":"https:\/\/psol50.org.br\/rest\/wp\/v2\/categories?post=1860"},{"taxonomy":"post_tag","embeddable":true,"href":"https:\/\/psol50.org.br\/rest\/wp\/v2\/tags?post=1860"}],"curies":[{"name":"wp","href":"https:\/\/api.w.org\/{rel}","templated":true}]}}