{"id":18602,"date":"2017-10-18T20:21:42","date_gmt":"2017-10-18T22:21:42","guid":{"rendered":"http:\/\/www.psol50.org.br\/?p=18602"},"modified":"2017-10-18T20:21:42","modified_gmt":"2017-10-18T22:21:42","slug":"saiba-quem-sao-os-deputados-que-votaram-para-salvar-temer-na-ccj","status":"publish","type":"post","link":"https:\/\/psol50.org.br\/saiba-quem-sao-os-deputados-que-votaram-para-salvar-temer-na-ccj\/","title":{"rendered":"Saiba quem s\u00e3o os deputados que votaram para salvar Temer na CCJ"},"content":{"rendered":"<p>A Comiss\u00e3o de Constitui\u00e7\u00e3o e Justi\u00e7a (CCJ) da C\u00e2mara <a href=\"http:\/\/www.psol50.org.br\/ccj-da-camara-rejeita-investigacao-contra-temer-na-2a-denuncia-por-corrupcao\/\" target=\"_blank\" rel=\"noopener\"><strong><span style=\"color: #3366ff;\">rejeitou nesta quarta-feira<\/span><\/strong><\/a> (18) a 2\u00aa den\u00fancia da Procuradoria-Geral da Rep\u00fablica (PGR) contra o presidente Michel Temer, por forma\u00e7\u00e3o de quadrilha e obstru\u00e7\u00e3o da Justi\u00e7a.<\/p>\n<p>O deputado Chico Alencar, representante da bancada do PSOL na comiss\u00e3o, votou n\u00e3o ao relat\u00f3rio de Bonif\u00e1cio de Andrada (PSDB\/MG), que era contr\u00e1rio \u00e0 investiga\u00e7\u00e3o e foi aprovado. Saiba como votaram os demais deputados:<\/p>\n<p><strong>Votaram &#8220;sim&#8221; (contra a investiga\u00e7\u00e3o):<\/strong><\/p>\n<p>Alceu Moreira (PMDB-RS)<\/p>\n<p>Antonio Bulh\u00f5es (PRB-SP)<\/p>\n<p>Arthur Lira (PP-AL)<\/p>\n<p>Beto Mansur (PRB-SP)<\/p>\n<p>Bilac Pinto (PR-MG)<\/p>\n<p>Bonif\u00e1cio Andrada (PSDB-MG)<\/p>\n<p>Carlos Bezerra (PMDB-MT)<\/p>\n<p>Carlos Marun (PMDB-MS)<\/p>\n<p>Cleber Verde (PRB-MA)<\/p>\n<p>Cristiane Brasil (PTB-RJ)<\/p>\n<p>Daniel Vilela (PMDB-GO)<\/p>\n<p>Darc\u00edsio Perondi (PMDB-RS)<\/p>\n<p>Del. Edson Moreira (PR-MG)<\/p>\n<p>Domingos Neto (PSD-CE)<\/p>\n<p>Edio Lopes (PR-RR)<\/p>\n<p>Edmar Arruda (PSD-PR)<\/p>\n<p>Evandro Gussi (PV-SP)<\/p>\n<p>Evandro Roman (PSD-PR)<\/p>\n<p>Fausto Pinato (PP-SP)<\/p>\n<p>Francisco Floriano (DEM-RJ)<\/p>\n<p>Genecias Noronha (SD-CE)<\/p>\n<p>Hildo Rocha (PMDB-MA)<\/p>\n<p>Jos\u00e9 Carlos Aleluia (DEM-BA)<\/p>\n<p>Juscelino Filho (DEM-MA)<\/p>\n<p>Luis Tib\u00e9 (AVANTE-MG)<\/p>\n<p>Luiz Fernando (PP-MG)<\/p>\n<p>Magda Mofatto (PR-GO)<\/p>\n<p>Maia Filho (PP-PI)<\/p>\n<p>Marcelo Aro (PHS-MG)<\/p>\n<p>Milton Monti (PR-SP)<\/p>\n<p>N. Marquezelli (PTB-SP)<\/p>\n<p>Osmar Serraglio (PMDB-PR)<\/p>\n<p>Paes Landim (PTB-PI)<\/p>\n<p>Paulo Abi-Ackel (PSDB-MG)<\/p>\n<p>Paulo Maluf (PP-SP)<\/p>\n<p>Rodrigo de Castro (PSDB-MG)<\/p>\n<p>Rog\u00e9rio Rosso (PSD-DF)<\/p>\n<p>Ronaldo Fonseca (PROS-DF)<\/p>\n<p>Thiago Peixoto (PSD-GO)<\/p>\n<p><strong>Votaram &#8220;n\u00e3o&#8221; ao relat\u00f3rio (a favor da investiga\u00e7\u00e3o):<\/strong><\/p>\n<p>Alessandro Molon (Rede-RJ)<\/p>\n<p>Betinho Gomes (PSDB-PE)<\/p>\n<p>Chico Alencar (PSOL-RJ)<\/p>\n<p>Daniel Almeida (PCdoB-BA)<\/p>\n<p>Danilo Cabral (PSB-PE)<\/p>\n<p>F\u00e1bio Sousa (PSDB-GO)<\/p>\n<p>F\u00e9lix Mendon\u00e7a Jr (PDT-BA)<\/p>\n<p>Gonzaga Patriota (PSB-PE)<\/p>\n<p>Hugo Leal (PSB-RJ)<\/p>\n<p>Jos\u00e9 Mentor (PT-SP)<\/p>\n<p>J\u00falio Delgado (PSB-MG)<\/p>\n<p>Luiz Couto (PT-PB)<\/p>\n<p>Major Olimpio (SD-SP)<\/p>\n<p>Marco Maia (PT-RS)<\/p>\n<p>Marcos Rog\u00e9rio (DEM-RO)<\/p>\n<p>Maria do Ros\u00e1rio (PT-RS)<\/p>\n<p>Patrus Ananias (PT-MG)<\/p>\n<p>Paulo Teixeira (PT-SP)<\/p>\n<p>Pompeo de Mattos (PDT-RS)<\/p>\n<p>Rocha (PSDB-AC)<\/p>\n<p>Rubens Bueno (PPS-PR)<\/p>\n<p>Sergio Zveiter (PODE-RJ)<\/p>\n<p>Silvio Torres (PSDB-SP)<\/p>\n<p>Valmir Prascidelli (PT-SP)<\/p>\n<p>Wadih Damous (PT-RJ)<\/p>\n","protected":false},"excerpt":{"rendered":"<p>A Comiss\u00e3o de Constitui\u00e7\u00e3o e Justi\u00e7a (CCJ) da C\u00e2mara rejeitou nesta quarta-feira (18) a 2\u00aa den\u00fancia da Procuradoria-Geral da Rep\u00fablica (PGR) contra o presidente Michel Temer, por forma\u00e7\u00e3o de quadrilha e obstru\u00e7\u00e3o da Justi\u00e7a. O deputado Chico Alencar, representante da bancada do PSOL na comiss\u00e3o, votou n\u00e3o ao relat\u00f3rio de Bonif\u00e1cio de Andrada (PSDB\/MG), que [&hellip;]<\/p>\n","protected":false},"author":2,"featured_media":18603,"comment_status":"open","ping_status":"open","sticky":false,"template":"","format":"standard","meta":{"_acf_changed":false,"footnotes":""},"categories":[10,1882,6],"tags":[163,1375,1680,58,79,2169,417,2176],"class_list":{"0":"post-18602","1":"post","2":"type-post","3":"status-publish","4":"format-standard","5":"has-post-thumbnail","7":"category-acao-parlamentares","8":"category-brasil","9":"category-noticias","10":"tag-camara","11":"tag-ccj","12":"tag-chico-alencar","13":"tag-corrupcao","14":"tag-denuncia","15":"tag-fora-temer","16":"tag-psol-na-camara","17":"tag-temer"},"acf":[],"yoast_head":"<!-- This site is optimized with the Yoast SEO plugin v26.5 - https:\/\/yoast.com\/wordpress\/plugins\/seo\/ -->\n<title>Saiba quem s\u00e3o os deputados que votaram para salvar Temer na CCJ - PSOL 50<\/title>\n<meta name=\"robots\" content=\"index, follow, max-snippet:-1, max-image-preview:large, max-video-preview:-1\" \/>\n<link rel=\"canonical\" href=\"https:\/\/psol50.org.br\/saiba-quem-sao-os-deputados-que-votaram-para-salvar-temer-na-ccj\/\" \/>\n<meta property=\"og:locale\" content=\"pt_BR\" \/>\n<meta property=\"og:type\" content=\"article\" \/>\n<meta property=\"og:title\" content=\"Saiba quem s\u00e3o os deputados que votaram para salvar Temer na CCJ - PSOL 50\" \/>\n<meta property=\"og:description\" content=\"A Comiss\u00e3o de Constitui\u00e7\u00e3o e Justi\u00e7a (CCJ) da C\u00e2mara rejeitou nesta quarta-feira (18) a 2\u00aa den\u00fancia da Procuradoria-Geral da Rep\u00fablica (PGR) contra o presidente Michel Temer, por forma\u00e7\u00e3o de quadrilha e obstru\u00e7\u00e3o da Justi\u00e7a. O deputado Chico Alencar, representante da bancada do PSOL na comiss\u00e3o, votou n\u00e3o ao relat\u00f3rio de Bonif\u00e1cio de Andrada (PSDB\/MG), que [&hellip;]\" \/>\n<meta property=\"og:url\" content=\"https:\/\/psol50.org.br\/saiba-quem-sao-os-deputados-que-votaram-para-salvar-temer-na-ccj\/\" \/>\n<meta property=\"og:site_name\" content=\"PSOL 50\" \/>\n<meta property=\"article:publisher\" content=\"https:\/\/www.facebook.com\/psol50\" \/>\n<meta property=\"article:published_time\" content=\"2017-10-18T22:21:42+00:00\" \/>\n<meta property=\"og:image\" content=\"https:\/\/psol50.org.br\/inc\/uploads\/2018\/07\/capa.png\" \/>\n\t<meta property=\"og:image:width\" content=\"1350\" \/>\n\t<meta property=\"og:image:height\" content=\"900\" \/>\n\t<meta property=\"og:image:type\" content=\"image\/png\" \/>\n<meta name=\"author\" content=\"Comunica\u00e7\u00e3o PSOL\" \/>\n<meta name=\"twitter:card\" content=\"summary_large_image\" \/>\n<meta name=\"twitter:creator\" content=\"@psol50\" \/>\n<meta name=\"twitter:site\" content=\"@psol50\" \/>\n<meta name=\"twitter:label1\" content=\"Escrito por\" \/>\n\t<meta name=\"twitter:data1\" content=\"Comunica\u00e7\u00e3o PSOL\" \/>\n\t<meta name=\"twitter:label2\" content=\"Est. tempo de leitura\" \/>\n\t<meta name=\"twitter:data2\" content=\"2 minutos\" \/>\n<script type=\"application\/ld+json\" class=\"yoast-schema-graph\">{\"@context\":\"https:\/\/schema.org\",\"@graph\":[{\"@type\":\"Article\",\"@id\":\"https:\/\/psol50.org.br\/saiba-quem-sao-os-deputados-que-votaram-para-salvar-temer-na-ccj\/#article\",\"isPartOf\":{\"@id\":\"https:\/\/psol50.org.br\/saiba-quem-sao-os-deputados-que-votaram-para-salvar-temer-na-ccj\/\"},\"author\":{\"name\":\"Comunica\u00e7\u00e3o PSOL\",\"@id\":\"https:\/\/psol50.org.br\/#\/schema\/person\/475dfa57d0b815993c714c2e96491fcd\"},\"headline\":\"Saiba quem s\u00e3o os deputados que votaram para salvar Temer na CCJ\",\"datePublished\":\"2017-10-18T22:21:42+00:00\",\"mainEntityOfPage\":{\"@id\":\"https:\/\/psol50.org.br\/saiba-quem-sao-os-deputados-que-votaram-para-salvar-temer-na-ccj\/\"},\"wordCount\":318,\"commentCount\":0,\"publisher\":{\"@id\":\"https:\/\/psol50.org.br\/#organization\"},\"image\":{\"@id\":\"https:\/\/psol50.org.br\/saiba-quem-sao-os-deputados-que-votaram-para-salvar-temer-na-ccj\/#primaryimage\"},\"thumbnailUrl\":\"\",\"keywords\":[\"c\u00e2mara\",\"CCJ\",\"Chico Alencar\",\"corrup\u00e7\u00e3o\",\"den\u00fancia\",\"Fora Temer\",\"PSOL na C\u00e2mara\",\"Temer\"],\"articleSection\":[\"A\u00e7\u00e3o Parlamentar\",\"Brasil\",\"Not\u00edcias\"],\"inLanguage\":\"pt-BR\",\"potentialAction\":[{\"@type\":\"CommentAction\",\"name\":\"Comment\",\"target\":[\"https:\/\/psol50.org.br\/saiba-quem-sao-os-deputados-que-votaram-para-salvar-temer-na-ccj\/#respond\"]}]},{\"@type\":\"WebPage\",\"@id\":\"https:\/\/psol50.org.br\/saiba-quem-sao-os-deputados-que-votaram-para-salvar-temer-na-ccj\/\",\"url\":\"https:\/\/psol50.org.br\/saiba-quem-sao-os-deputados-que-votaram-para-salvar-temer-na-ccj\/\",\"name\":\"Saiba quem s\u00e3o os deputados que votaram para salvar Temer na CCJ - PSOL 50\",\"isPartOf\":{\"@id\":\"https:\/\/psol50.org.br\/#website\"},\"primaryImageOfPage\":{\"@id\":\"https:\/\/psol50.org.br\/saiba-quem-sao-os-deputados-que-votaram-para-salvar-temer-na-ccj\/#primaryimage\"},\"image\":{\"@id\":\"https:\/\/psol50.org.br\/saiba-quem-sao-os-deputados-que-votaram-para-salvar-temer-na-ccj\/#primaryimage\"},\"thumbnailUrl\":\"\",\"datePublished\":\"2017-10-18T22:21:42+00:00\",\"breadcrumb\":{\"@id\":\"https:\/\/psol50.org.br\/saiba-quem-sao-os-deputados-que-votaram-para-salvar-temer-na-ccj\/#breadcrumb\"},\"inLanguage\":\"pt-BR\",\"potentialAction\":[{\"@type\":\"ReadAction\",\"target\":[\"https:\/\/psol50.org.br\/saiba-quem-sao-os-deputados-que-votaram-para-salvar-temer-na-ccj\/\"]}]},{\"@type\":\"ImageObject\",\"inLanguage\":\"pt-BR\",\"@id\":\"https:\/\/psol50.org.br\/saiba-quem-sao-os-deputados-que-votaram-para-salvar-temer-na-ccj\/#primaryimage\",\"url\":\"\",\"contentUrl\":\"\"},{\"@type\":\"BreadcrumbList\",\"@id\":\"https:\/\/psol50.org.br\/saiba-quem-sao-os-deputados-que-votaram-para-salvar-temer-na-ccj\/#breadcrumb\",\"itemListElement\":[{\"@type\":\"ListItem\",\"position\":1,\"name\":\"In\u00edcio\",\"item\":\"https:\/\/psol50.org.br\/\"},{\"@type\":\"ListItem\",\"position\":2,\"name\":\"Saiba quem s\u00e3o os deputados que votaram para salvar Temer na CCJ\"}]},{\"@type\":\"WebSite\",\"@id\":\"https:\/\/psol50.org.br\/#website\",\"url\":\"https:\/\/psol50.org.br\/\",\"name\":\"PSOL 50\",\"description\":\"Site oficial do Partido Socialismo e Liberdade\",\"publisher\":{\"@id\":\"https:\/\/psol50.org.br\/#organization\"},\"alternateName\":\"PSOL50\",\"potentialAction\":[{\"@type\":\"SearchAction\",\"target\":{\"@type\":\"EntryPoint\",\"urlTemplate\":\"https:\/\/psol50.org.br\/?s={search_term_string}\"},\"query-input\":{\"@type\":\"PropertyValueSpecification\",\"valueRequired\":true,\"valueName\":\"search_term_string\"}}],\"inLanguage\":\"pt-BR\"},{\"@type\":\"Organization\",\"@id\":\"https:\/\/psol50.org.br\/#organization\",\"name\":\"PSOL 50\",\"alternateName\":\"PSOL 50\",\"url\":\"https:\/\/psol50.org.br\/\",\"logo\":{\"@type\":\"ImageObject\",\"inLanguage\":\"pt-BR\",\"@id\":\"https:\/\/psol50.org.br\/#\/schema\/logo\/image\/\",\"url\":\"https:\/\/psol50.org.br\/inc\/uploads\/2018\/07\/capa.png\",\"contentUrl\":\"https:\/\/psol50.org.br\/inc\/uploads\/2018\/07\/capa.png\",\"width\":1350,\"height\":900,\"caption\":\"PSOL 50\"},\"image\":{\"@id\":\"https:\/\/psol50.org.br\/#\/schema\/logo\/image\/\"},\"sameAs\":[\"https:\/\/www.facebook.com\/psol50\",\"https:\/\/x.com\/psol50\",\"https:\/\/www.instagram.com\/psol50\/\",\"https:\/\/www.youtube.com\/channel\/UC7SnJS5o1os7a6CaiNabzcg\"]},{\"@type\":\"Person\",\"@id\":\"https:\/\/psol50.org.br\/#\/schema\/person\/475dfa57d0b815993c714c2e96491fcd\",\"name\":\"Comunica\u00e7\u00e3o PSOL\",\"image\":{\"@type\":\"ImageObject\",\"inLanguage\":\"pt-BR\",\"@id\":\"https:\/\/psol50.org.br\/#\/schema\/person\/image\/\",\"url\":\"https:\/\/secure.gravatar.com\/avatar\/b34fc4f4e468a4e51785917065a3db57b841f5c95dba6ad8c73aaf8f66f8f9bf?s=96&d=mm&r=g\",\"contentUrl\":\"https:\/\/secure.gravatar.com\/avatar\/b34fc4f4e468a4e51785917065a3db57b841f5c95dba6ad8c73aaf8f66f8f9bf?s=96&d=mm&r=g\",\"caption\":\"Comunica\u00e7\u00e3o PSOL\"}}]}<\/script>\n<!-- \/ Yoast SEO plugin. -->","yoast_head_json":{"title":"Saiba quem s\u00e3o os deputados que votaram para salvar Temer na CCJ - PSOL 50","robots":{"index":"index","follow":"follow","max-snippet":"max-snippet:-1","max-image-preview":"max-image-preview:large","max-video-preview":"max-video-preview:-1"},"canonical":"https:\/\/psol50.org.br\/saiba-quem-sao-os-deputados-que-votaram-para-salvar-temer-na-ccj\/","og_locale":"pt_BR","og_type":"article","og_title":"Saiba quem s\u00e3o os deputados que votaram para salvar Temer na CCJ - PSOL 50","og_description":"A Comiss\u00e3o de Constitui\u00e7\u00e3o e Justi\u00e7a (CCJ) da C\u00e2mara rejeitou nesta quarta-feira (18) a 2\u00aa den\u00fancia da Procuradoria-Geral da Rep\u00fablica (PGR) contra o presidente Michel Temer, por forma\u00e7\u00e3o de quadrilha e obstru\u00e7\u00e3o da Justi\u00e7a. O deputado Chico Alencar, representante da bancada do PSOL na comiss\u00e3o, votou n\u00e3o ao relat\u00f3rio de Bonif\u00e1cio de Andrada (PSDB\/MG), que [&hellip;]","og_url":"https:\/\/psol50.org.br\/saiba-quem-sao-os-deputados-que-votaram-para-salvar-temer-na-ccj\/","og_site_name":"PSOL 50","article_publisher":"https:\/\/www.facebook.com\/psol50","article_published_time":"2017-10-18T22:21:42+00:00","og_image":[{"width":1350,"height":900,"url":"https:\/\/psol50.org.br\/inc\/uploads\/2018\/07\/capa.png","type":"image\/png"}],"author":"Comunica\u00e7\u00e3o PSOL","twitter_card":"summary_large_image","twitter_creator":"@psol50","twitter_site":"@psol50","twitter_misc":{"Escrito por":"Comunica\u00e7\u00e3o PSOL","Est. tempo de leitura":"2 minutos"},"schema":{"@context":"https:\/\/schema.org","@graph":[{"@type":"Article","@id":"https:\/\/psol50.org.br\/saiba-quem-sao-os-deputados-que-votaram-para-salvar-temer-na-ccj\/#article","isPartOf":{"@id":"https:\/\/psol50.org.br\/saiba-quem-sao-os-deputados-que-votaram-para-salvar-temer-na-ccj\/"},"author":{"name":"Comunica\u00e7\u00e3o PSOL","@id":"https:\/\/psol50.org.br\/#\/schema\/person\/475dfa57d0b815993c714c2e96491fcd"},"headline":"Saiba quem s\u00e3o os deputados que votaram para salvar Temer na CCJ","datePublished":"2017-10-18T22:21:42+00:00","mainEntityOfPage":{"@id":"https:\/\/psol50.org.br\/saiba-quem-sao-os-deputados-que-votaram-para-salvar-temer-na-ccj\/"},"wordCount":318,"commentCount":0,"publisher":{"@id":"https:\/\/psol50.org.br\/#organization"},"image":{"@id":"https:\/\/psol50.org.br\/saiba-quem-sao-os-deputados-que-votaram-para-salvar-temer-na-ccj\/#primaryimage"},"thumbnailUrl":"","keywords":["c\u00e2mara","CCJ","Chico Alencar","corrup\u00e7\u00e3o","den\u00fancia","Fora Temer","PSOL na C\u00e2mara","Temer"],"articleSection":["A\u00e7\u00e3o Parlamentar","Brasil","Not\u00edcias"],"inLanguage":"pt-BR","potentialAction":[{"@type":"CommentAction","name":"Comment","target":["https:\/\/psol50.org.br\/saiba-quem-sao-os-deputados-que-votaram-para-salvar-temer-na-ccj\/#respond"]}]},{"@type":"WebPage","@id":"https:\/\/psol50.org.br\/saiba-quem-sao-os-deputados-que-votaram-para-salvar-temer-na-ccj\/","url":"https:\/\/psol50.org.br\/saiba-quem-sao-os-deputados-que-votaram-para-salvar-temer-na-ccj\/","name":"Saiba quem s\u00e3o os deputados que votaram para salvar Temer na CCJ - PSOL 50","isPartOf":{"@id":"https:\/\/psol50.org.br\/#website"},"primaryImageOfPage":{"@id":"https:\/\/psol50.org.br\/saiba-quem-sao-os-deputados-que-votaram-para-salvar-temer-na-ccj\/#primaryimage"},"image":{"@id":"https:\/\/psol50.org.br\/saiba-quem-sao-os-deputados-que-votaram-para-salvar-temer-na-ccj\/#primaryimage"},"thumbnailUrl":"","datePublished":"2017-10-18T22:21:42+00:00","breadcrumb":{"@id":"https:\/\/psol50.org.br\/saiba-quem-sao-os-deputados-que-votaram-para-salvar-temer-na-ccj\/#breadcrumb"},"inLanguage":"pt-BR","potentialAction":[{"@type":"ReadAction","target":["https:\/\/psol50.org.br\/saiba-quem-sao-os-deputados-que-votaram-para-salvar-temer-na-ccj\/"]}]},{"@type":"ImageObject","inLanguage":"pt-BR","@id":"https:\/\/psol50.org.br\/saiba-quem-sao-os-deputados-que-votaram-para-salvar-temer-na-ccj\/#primaryimage","url":"","contentUrl":""},{"@type":"BreadcrumbList","@id":"https:\/\/psol50.org.br\/saiba-quem-sao-os-deputados-que-votaram-para-salvar-temer-na-ccj\/#breadcrumb","itemListElement":[{"@type":"ListItem","position":1,"name":"In\u00edcio","item":"https:\/\/psol50.org.br\/"},{"@type":"ListItem","position":2,"name":"Saiba quem s\u00e3o os deputados que votaram para salvar Temer na CCJ"}]},{"@type":"WebSite","@id":"https:\/\/psol50.org.br\/#website","url":"https:\/\/psol50.org.br\/","name":"PSOL 50","description":"Site oficial do Partido Socialismo e Liberdade","publisher":{"@id":"https:\/\/psol50.org.br\/#organization"},"alternateName":"PSOL50","potentialAction":[{"@type":"SearchAction","target":{"@type":"EntryPoint","urlTemplate":"https:\/\/psol50.org.br\/?s={search_term_string}"},"query-input":{"@type":"PropertyValueSpecification","valueRequired":true,"valueName":"search_term_string"}}],"inLanguage":"pt-BR"},{"@type":"Organization","@id":"https:\/\/psol50.org.br\/#organization","name":"PSOL 50","alternateName":"PSOL 50","url":"https:\/\/psol50.org.br\/","logo":{"@type":"ImageObject","inLanguage":"pt-BR","@id":"https:\/\/psol50.org.br\/#\/schema\/logo\/image\/","url":"https:\/\/psol50.org.br\/inc\/uploads\/2018\/07\/capa.png","contentUrl":"https:\/\/psol50.org.br\/inc\/uploads\/2018\/07\/capa.png","width":1350,"height":900,"caption":"PSOL 50"},"image":{"@id":"https:\/\/psol50.org.br\/#\/schema\/logo\/image\/"},"sameAs":["https:\/\/www.facebook.com\/psol50","https:\/\/x.com\/psol50","https:\/\/www.instagram.com\/psol50\/","https:\/\/www.youtube.com\/channel\/UC7SnJS5o1os7a6CaiNabzcg"]},{"@type":"Person","@id":"https:\/\/psol50.org.br\/#\/schema\/person\/475dfa57d0b815993c714c2e96491fcd","name":"Comunica\u00e7\u00e3o PSOL","image":{"@type":"ImageObject","inLanguage":"pt-BR","@id":"https:\/\/psol50.org.br\/#\/schema\/person\/image\/","url":"https:\/\/secure.gravatar.com\/avatar\/b34fc4f4e468a4e51785917065a3db57b841f5c95dba6ad8c73aaf8f66f8f9bf?s=96&d=mm&r=g","contentUrl":"https:\/\/secure.gravatar.com\/avatar\/b34fc4f4e468a4e51785917065a3db57b841f5c95dba6ad8c73aaf8f66f8f9bf?s=96&d=mm&r=g","caption":"Comunica\u00e7\u00e3o PSOL"}}]}},"_links":{"self":[{"href":"https:\/\/psol50.org.br\/rest\/wp\/v2\/posts\/18602","targetHints":{"allow":["GET"]}}],"collection":[{"href":"https:\/\/psol50.org.br\/rest\/wp\/v2\/posts"}],"about":[{"href":"https:\/\/psol50.org.br\/rest\/wp\/v2\/types\/post"}],"author":[{"embeddable":true,"href":"https:\/\/psol50.org.br\/rest\/wp\/v2\/users\/2"}],"replies":[{"embeddable":true,"href":"https:\/\/psol50.org.br\/rest\/wp\/v2\/comments?post=18602"}],"version-history":[{"count":0,"href":"https:\/\/psol50.org.br\/rest\/wp\/v2\/posts\/18602\/revisions"}],"wp:featuredmedia":[{"embeddable":true,"href":"https:\/\/psol50.org.br\/rest\/"}],"wp:attachment":[{"href":"https:\/\/psol50.org.br\/rest\/wp\/v2\/media?parent=18602"}],"wp:term":[{"taxonomy":"category","embeddable":true,"href":"https:\/\/psol50.org.br\/rest\/wp\/v2\/categories?post=18602"},{"taxonomy":"post_tag","embeddable":true,"href":"https:\/\/psol50.org.br\/rest\/wp\/v2\/tags?post=18602"}],"curies":[{"name":"wp","href":"https:\/\/api.w.org\/{rel}","templated":true}]}}