{"id":18619,"date":"2017-10-20T11:25:09","date_gmt":"2017-10-20T13:25:09","guid":{"rendered":"http:\/\/www.psol50.org.br\/?p=18619"},"modified":"2017-10-20T11:25:09","modified_gmt":"2017-10-20T13:25:09","slug":"psol-se-destaca-mais-uma-vez-como-a-melhor-bancada-na-premiacao-do-congresso-em-foco","status":"publish","type":"post","link":"https:\/\/psol50.org.br\/psol-se-destaca-mais-uma-vez-como-a-melhor-bancada-na-premiacao-do-congresso-em-foco\/","title":{"rendered":"PSOL se destaca, mais uma vez, como a melhor bancada na premia\u00e7\u00e3o do Congresso em Foco"},"content":{"rendered":"<p>Os deputados do PSOL, mais uma vez, est\u00e3o entre os mais bem avaliados pelo pr\u00eamio do <a href=\"http:\/\/congressoemfoco.uol.com.br\/\" target=\"_blank\" rel=\"noopener\"><strong><span style=\"color: #0000ff;\">Congresso em Foco<\/span><\/strong><\/a>, cuja premia\u00e7\u00e3o aconteceu na noite desta quinta-feira (19\/10), em Bras\u00edlia.<\/p>\n<p>Pelo voto popular, realizado via internet, todos os seis deputados ficaram entre os vinte mais bem votados. Jean Wyllys (RJ), Chico Alencar (RJ), Luiza Erundina (SP) e Glauber Braga (RJ) ocuparam a posi\u00e7\u00e3o do segundo ao quinto mais bem avaliado, nessa ordem. J\u00e1 Ivan Valente (SP) foi o s\u00e9timo mais votado. Edmilson Rodrigues (PA) ocupou a 11\u00aa posi\u00e7\u00e3o na lista do voto pela internet.<\/p>\n<p>Com essa vota\u00e7\u00e3o, a bancada do <a href=\"https:\/\/www.facebook.com\/psolnacamara\/\" target=\"_blank\" rel=\"noopener\"><strong><span style=\"color: #0000ff;\">PSOL na C\u00e2mara<\/span><\/strong><\/a>\u00a0repete a performance dos anos anteriores, na avalia\u00e7\u00e3o do p\u00fablico. Em\u00a0<a href=\"http:\/\/www.psol50.org.br\/deputados-do-psol-continuam-os-melhores-segundo-premio-congresso-em-foco\/\" target=\"_blank\" rel=\"noopener\"><strong><span style=\"color: #0000ff;\">2013 e em 2015<\/span><\/strong><\/a>, Jean Wyllys levou o primeiro lugar na vota\u00e7\u00e3o pela internet. Em 2015, o segundo lugar tamb\u00e9m ficou com o PSOL, com Chico Alencar levando o pr\u00eamio.<\/p>\n<p><img loading=\"lazy\" decoding=\"async\" class=\"aligncenter wp-image-18625\" src=\"http:\/\/www.psol50.org.br\/inc\/uploads\/2017\/10\/Glauber_Erundina_Chico_Jean-600x452.jpg\" alt=\"\" width=\"700\" height=\"527\" \/><\/p>\n<p>Nesta edi\u00e7\u00e3o de 2017, na escolha feita pelos jornalistas, uma das mais bem conceituadas do pr\u00eamio, uma vez que \u00e9 feito por profissionais que cobrem o dia a dia do Congresso Nacional, o PSOL repetiu a dose e, novamente, foi o mais bem avaliado. Chico Alencar ficou em primeiro lugar, Glauber Braga em terceiro e Ivan Valente em quarto lugar. Luiza Erundina e Jean Wyllys ocuparam o 8\u00ba e 9\u00ba lugar, respectivamente.<\/p>\n<p>Confira a fala de Chico Alencar, ao receber o pr\u00eamio.<\/p>\n<p>https:\/\/www.facebook.com\/chicoalencar\/videos\/1251915618244020\/<\/p>\n<p>Na categoria &#8220;Defesa da Agropecu\u00e1ria&#8221;, Chico Alencar tamb\u00e9m foi o mais votado pelo voto popular, via internet. Edmilson Rodrigues, o representante da regi\u00e3o Amaz\u00f4nica na aguerrida bancada, ficou em quarto lugar nessa premia\u00e7\u00e3o.<\/p>\n<p>Outra categoria que tamb\u00e9m contou com a presen\u00e7a do partido nas avalia\u00e7\u00f5es foi a &#8220;Defesa da Seguridade Social&#8221;. Jean Wyllys foi o mais bem avaliado pela escolha popular, seguido de Erundina e Valente, respectivamente.<\/p>\n<p>Na avalia\u00e7\u00e3o do j\u00fari, equipe composta por diversos especialistas em pol\u00edtica, Luiz Erundina e Chico Alencar tamb\u00e9m estiverem entre as dez primeiras classifica\u00e7\u00f5es.<\/p>\n<p><img loading=\"lazy\" decoding=\"async\" class=\"aligncenter wp-image-18624\" src=\"http:\/\/www.psol50.org.br\/inc\/uploads\/2017\/10\/Glauber_Erundina_Chico-600x450.jpg\" alt=\"\" width=\"700\" height=\"525\" \/><\/p>\n<p>&nbsp;<\/p>\n<p><strong>\u00danica parlamentar premiada em todas as edi\u00e7\u00f5es<\/strong><br \/>\nCom atua\u00e7\u00e3o destacada na C\u00e2mara dos Deputados na defesa dos direitos humanos, da democratiza\u00e7\u00e3o da comunica\u00e7\u00e3o e dos direitos das mulheres, entre tantas outras pautas, Luiza Erundina foi homenageada por ser a \u00fanica parlamentar mulher premiada em todas as dez edi\u00e7\u00f5es do pr\u00eamio Congresso em Foco. Mais uma vez, ela foi escolhida, pelo voto popular, entre os melhores parlamentares do pa\u00eds.<\/p>\n<p>O \u00fanico outro deputado que tamb\u00e9m foi premiado em todas as edi\u00e7\u00f5es \u00e9 do PSOL, o deputado Chico Alencar.<\/p>\n<p>Confira, abaixo, o momento da premia\u00e7\u00e3o.<\/p>\n<p>https:\/\/www.facebook.com\/chicoalencar\/videos\/1251953254906923\/<\/p>\n<p>&nbsp;<\/p>\n<p>&nbsp;<\/p>\n","protected":false},"excerpt":{"rendered":"<p>Os deputados do PSOL, mais uma vez, est\u00e3o entre os mais bem avaliados pelo pr\u00eamio do Congresso em Foco, cuja premia\u00e7\u00e3o aconteceu na noite desta quinta-feira (19\/10), em Bras\u00edlia. Pelo voto popular, realizado via internet, todos os seis deputados ficaram entre os vinte mais bem votados. Jean Wyllys (RJ), Chico Alencar (RJ), Luiza Erundina (SP) [&hellip;]<\/p>\n","protected":false},"author":2,"featured_media":18622,"comment_status":"open","ping_status":"open","sticky":false,"template":"","format":"standard","meta":{"_acf_changed":false,"footnotes":""},"categories":[10,1882,6,14],"tags":[2734,1680,995,973,1191,552,663,753,553,195,417,3688],"class_list":{"0":"post-18619","1":"post","2":"type-post","3":"status-publish","4":"format-standard","5":"has-post-thumbnail","7":"category-acao-parlamentares","8":"category-brasil","9":"category-noticias","10":"category-partido","11":"tag-bancada-do-psol","12":"tag-chico-alencar","13":"tag-congresso-em-foco","14":"tag-edmilson-rodrigues","15":"tag-glauber-braga","16":"tag-ivan-valente","17":"tag-jean-wyllys","18":"tag-jornalistas","19":"tag-luiza-erundina","20":"tag-premio","21":"tag-psol-na-camara","22":"tag-votacao-popular"},"acf":[],"yoast_head":"<!-- This site is optimized with the Yoast SEO plugin v26.5 - https:\/\/yoast.com\/wordpress\/plugins\/seo\/ -->\n<title>PSOL se destaca, mais uma vez, como a melhor bancada na premia\u00e7\u00e3o do Congresso em Foco - PSOL 50<\/title>\n<meta name=\"robots\" content=\"index, follow, max-snippet:-1, max-image-preview:large, max-video-preview:-1\" \/>\n<link rel=\"canonical\" href=\"https:\/\/psol50.org.br\/psol-se-destaca-mais-uma-vez-como-a-melhor-bancada-na-premiacao-do-congresso-em-foco\/\" \/>\n<meta property=\"og:locale\" content=\"pt_BR\" \/>\n<meta property=\"og:type\" content=\"article\" \/>\n<meta property=\"og:title\" content=\"PSOL se destaca, mais uma vez, como a melhor bancada na premia\u00e7\u00e3o do Congresso em Foco - PSOL 50\" \/>\n<meta property=\"og:description\" content=\"Os deputados do PSOL, mais uma vez, est\u00e3o entre os mais bem avaliados pelo pr\u00eamio do Congresso em Foco, cuja premia\u00e7\u00e3o aconteceu na noite desta quinta-feira (19\/10), em Bras\u00edlia. Pelo voto popular, realizado via internet, todos os seis deputados ficaram entre os vinte mais bem votados. Jean Wyllys (RJ), Chico Alencar (RJ), Luiza Erundina (SP) [&hellip;]\" \/>\n<meta property=\"og:url\" content=\"https:\/\/psol50.org.br\/psol-se-destaca-mais-uma-vez-como-a-melhor-bancada-na-premiacao-do-congresso-em-foco\/\" \/>\n<meta property=\"og:site_name\" content=\"PSOL 50\" \/>\n<meta property=\"article:publisher\" content=\"https:\/\/www.facebook.com\/psol50\" \/>\n<meta property=\"article:published_time\" content=\"2017-10-20T13:25:09+00:00\" \/>\n<meta property=\"og:image\" content=\"https:\/\/psol50.org.br\/inc\/uploads\/2018\/07\/capa.png\" \/>\n\t<meta property=\"og:image:width\" content=\"1350\" \/>\n\t<meta property=\"og:image:height\" content=\"900\" \/>\n\t<meta property=\"og:image:type\" content=\"image\/png\" \/>\n<meta name=\"author\" content=\"Comunica\u00e7\u00e3o PSOL\" \/>\n<meta name=\"twitter:card\" content=\"summary_large_image\" \/>\n<meta name=\"twitter:creator\" content=\"@psol50\" \/>\n<meta name=\"twitter:site\" content=\"@psol50\" \/>\n<meta name=\"twitter:label1\" content=\"Escrito por\" \/>\n\t<meta name=\"twitter:data1\" content=\"Comunica\u00e7\u00e3o PSOL\" \/>\n\t<meta name=\"twitter:label2\" content=\"Est. tempo de leitura\" \/>\n\t<meta name=\"twitter:data2\" content=\"2 minutos\" \/>\n<script type=\"application\/ld+json\" class=\"yoast-schema-graph\">{\"@context\":\"https:\/\/schema.org\",\"@graph\":[{\"@type\":\"Article\",\"@id\":\"https:\/\/psol50.org.br\/psol-se-destaca-mais-uma-vez-como-a-melhor-bancada-na-premiacao-do-congresso-em-foco\/#article\",\"isPartOf\":{\"@id\":\"https:\/\/psol50.org.br\/psol-se-destaca-mais-uma-vez-como-a-melhor-bancada-na-premiacao-do-congresso-em-foco\/\"},\"author\":{\"name\":\"Comunica\u00e7\u00e3o PSOL\",\"@id\":\"https:\/\/psol50.org.br\/#\/schema\/person\/475dfa57d0b815993c714c2e96491fcd\"},\"headline\":\"PSOL se destaca, mais uma vez, como a melhor bancada na premia\u00e7\u00e3o do Congresso em Foco\",\"datePublished\":\"2017-10-20T13:25:09+00:00\",\"mainEntityOfPage\":{\"@id\":\"https:\/\/psol50.org.br\/psol-se-destaca-mais-uma-vez-como-a-melhor-bancada-na-premiacao-do-congresso-em-foco\/\"},\"wordCount\":471,\"commentCount\":0,\"publisher\":{\"@id\":\"https:\/\/psol50.org.br\/#organization\"},\"image\":{\"@id\":\"https:\/\/psol50.org.br\/psol-se-destaca-mais-uma-vez-como-a-melhor-bancada-na-premiacao-do-congresso-em-foco\/#primaryimage\"},\"thumbnailUrl\":\"\",\"keywords\":[\"Bancada do PSOL\",\"Chico Alencar\",\"Congresso em Foco\",\"Edmilson Rodrigues\",\"Glauber Braga\",\"Ivan Valente\",\"Jean Wyllys\",\"jornalistas\",\"Luiza Erundina\",\"pr\u00eamio\",\"PSOL na C\u00e2mara\",\"vota\u00e7\u00e3o popular\"],\"articleSection\":[\"A\u00e7\u00e3o Parlamentar\",\"Brasil\",\"Not\u00edcias\",\"Partido\"],\"inLanguage\":\"pt-BR\",\"potentialAction\":[{\"@type\":\"CommentAction\",\"name\":\"Comment\",\"target\":[\"https:\/\/psol50.org.br\/psol-se-destaca-mais-uma-vez-como-a-melhor-bancada-na-premiacao-do-congresso-em-foco\/#respond\"]}]},{\"@type\":\"WebPage\",\"@id\":\"https:\/\/psol50.org.br\/psol-se-destaca-mais-uma-vez-como-a-melhor-bancada-na-premiacao-do-congresso-em-foco\/\",\"url\":\"https:\/\/psol50.org.br\/psol-se-destaca-mais-uma-vez-como-a-melhor-bancada-na-premiacao-do-congresso-em-foco\/\",\"name\":\"PSOL se destaca, mais uma vez, como a melhor bancada na premia\u00e7\u00e3o do Congresso em Foco - PSOL 50\",\"isPartOf\":{\"@id\":\"https:\/\/psol50.org.br\/#website\"},\"primaryImageOfPage\":{\"@id\":\"https:\/\/psol50.org.br\/psol-se-destaca-mais-uma-vez-como-a-melhor-bancada-na-premiacao-do-congresso-em-foco\/#primaryimage\"},\"image\":{\"@id\":\"https:\/\/psol50.org.br\/psol-se-destaca-mais-uma-vez-como-a-melhor-bancada-na-premiacao-do-congresso-em-foco\/#primaryimage\"},\"thumbnailUrl\":\"\",\"datePublished\":\"2017-10-20T13:25:09+00:00\",\"breadcrumb\":{\"@id\":\"https:\/\/psol50.org.br\/psol-se-destaca-mais-uma-vez-como-a-melhor-bancada-na-premiacao-do-congresso-em-foco\/#breadcrumb\"},\"inLanguage\":\"pt-BR\",\"potentialAction\":[{\"@type\":\"ReadAction\",\"target\":[\"https:\/\/psol50.org.br\/psol-se-destaca-mais-uma-vez-como-a-melhor-bancada-na-premiacao-do-congresso-em-foco\/\"]}]},{\"@type\":\"ImageObject\",\"inLanguage\":\"pt-BR\",\"@id\":\"https:\/\/psol50.org.br\/psol-se-destaca-mais-uma-vez-como-a-melhor-bancada-na-premiacao-do-congresso-em-foco\/#primaryimage\",\"url\":\"\",\"contentUrl\":\"\"},{\"@type\":\"BreadcrumbList\",\"@id\":\"https:\/\/psol50.org.br\/psol-se-destaca-mais-uma-vez-como-a-melhor-bancada-na-premiacao-do-congresso-em-foco\/#breadcrumb\",\"itemListElement\":[{\"@type\":\"ListItem\",\"position\":1,\"name\":\"In\u00edcio\",\"item\":\"https:\/\/psol50.org.br\/\"},{\"@type\":\"ListItem\",\"position\":2,\"name\":\"PSOL se destaca, mais uma vez, como a melhor bancada na premia\u00e7\u00e3o do Congresso em Foco\"}]},{\"@type\":\"WebSite\",\"@id\":\"https:\/\/psol50.org.br\/#website\",\"url\":\"https:\/\/psol50.org.br\/\",\"name\":\"PSOL 50\",\"description\":\"Site oficial do Partido Socialismo e Liberdade\",\"publisher\":{\"@id\":\"https:\/\/psol50.org.br\/#organization\"},\"alternateName\":\"PSOL50\",\"potentialAction\":[{\"@type\":\"SearchAction\",\"target\":{\"@type\":\"EntryPoint\",\"urlTemplate\":\"https:\/\/psol50.org.br\/?s={search_term_string}\"},\"query-input\":{\"@type\":\"PropertyValueSpecification\",\"valueRequired\":true,\"valueName\":\"search_term_string\"}}],\"inLanguage\":\"pt-BR\"},{\"@type\":\"Organization\",\"@id\":\"https:\/\/psol50.org.br\/#organization\",\"name\":\"PSOL 50\",\"alternateName\":\"PSOL 50\",\"url\":\"https:\/\/psol50.org.br\/\",\"logo\":{\"@type\":\"ImageObject\",\"inLanguage\":\"pt-BR\",\"@id\":\"https:\/\/psol50.org.br\/#\/schema\/logo\/image\/\",\"url\":\"https:\/\/psol50.org.br\/inc\/uploads\/2018\/07\/capa.png\",\"contentUrl\":\"https:\/\/psol50.org.br\/inc\/uploads\/2018\/07\/capa.png\",\"width\":1350,\"height\":900,\"caption\":\"PSOL 50\"},\"image\":{\"@id\":\"https:\/\/psol50.org.br\/#\/schema\/logo\/image\/\"},\"sameAs\":[\"https:\/\/www.facebook.com\/psol50\",\"https:\/\/x.com\/psol50\",\"https:\/\/www.instagram.com\/psol50\/\",\"https:\/\/www.youtube.com\/channel\/UC7SnJS5o1os7a6CaiNabzcg\"]},{\"@type\":\"Person\",\"@id\":\"https:\/\/psol50.org.br\/#\/schema\/person\/475dfa57d0b815993c714c2e96491fcd\",\"name\":\"Comunica\u00e7\u00e3o PSOL\",\"image\":{\"@type\":\"ImageObject\",\"inLanguage\":\"pt-BR\",\"@id\":\"https:\/\/psol50.org.br\/#\/schema\/person\/image\/\",\"url\":\"https:\/\/secure.gravatar.com\/avatar\/b34fc4f4e468a4e51785917065a3db57b841f5c95dba6ad8c73aaf8f66f8f9bf?s=96&d=mm&r=g\",\"contentUrl\":\"https:\/\/secure.gravatar.com\/avatar\/b34fc4f4e468a4e51785917065a3db57b841f5c95dba6ad8c73aaf8f66f8f9bf?s=96&d=mm&r=g\",\"caption\":\"Comunica\u00e7\u00e3o PSOL\"}}]}<\/script>\n<!-- \/ Yoast SEO plugin. -->","yoast_head_json":{"title":"PSOL se destaca, mais uma vez, como a melhor bancada na premia\u00e7\u00e3o do Congresso em Foco - PSOL 50","robots":{"index":"index","follow":"follow","max-snippet":"max-snippet:-1","max-image-preview":"max-image-preview:large","max-video-preview":"max-video-preview:-1"},"canonical":"https:\/\/psol50.org.br\/psol-se-destaca-mais-uma-vez-como-a-melhor-bancada-na-premiacao-do-congresso-em-foco\/","og_locale":"pt_BR","og_type":"article","og_title":"PSOL se destaca, mais uma vez, como a melhor bancada na premia\u00e7\u00e3o do Congresso em Foco - PSOL 50","og_description":"Os deputados do PSOL, mais uma vez, est\u00e3o entre os mais bem avaliados pelo pr\u00eamio do Congresso em Foco, cuja premia\u00e7\u00e3o aconteceu na noite desta quinta-feira (19\/10), em Bras\u00edlia. Pelo voto popular, realizado via internet, todos os seis deputados ficaram entre os vinte mais bem votados. Jean Wyllys (RJ), Chico Alencar (RJ), Luiza Erundina (SP) [&hellip;]","og_url":"https:\/\/psol50.org.br\/psol-se-destaca-mais-uma-vez-como-a-melhor-bancada-na-premiacao-do-congresso-em-foco\/","og_site_name":"PSOL 50","article_publisher":"https:\/\/www.facebook.com\/psol50","article_published_time":"2017-10-20T13:25:09+00:00","og_image":[{"width":1350,"height":900,"url":"https:\/\/psol50.org.br\/inc\/uploads\/2018\/07\/capa.png","type":"image\/png"}],"author":"Comunica\u00e7\u00e3o PSOL","twitter_card":"summary_large_image","twitter_creator":"@psol50","twitter_site":"@psol50","twitter_misc":{"Escrito por":"Comunica\u00e7\u00e3o PSOL","Est. tempo de leitura":"2 minutos"},"schema":{"@context":"https:\/\/schema.org","@graph":[{"@type":"Article","@id":"https:\/\/psol50.org.br\/psol-se-destaca-mais-uma-vez-como-a-melhor-bancada-na-premiacao-do-congresso-em-foco\/#article","isPartOf":{"@id":"https:\/\/psol50.org.br\/psol-se-destaca-mais-uma-vez-como-a-melhor-bancada-na-premiacao-do-congresso-em-foco\/"},"author":{"name":"Comunica\u00e7\u00e3o PSOL","@id":"https:\/\/psol50.org.br\/#\/schema\/person\/475dfa57d0b815993c714c2e96491fcd"},"headline":"PSOL se destaca, mais uma vez, como a melhor bancada na premia\u00e7\u00e3o do Congresso em Foco","datePublished":"2017-10-20T13:25:09+00:00","mainEntityOfPage":{"@id":"https:\/\/psol50.org.br\/psol-se-destaca-mais-uma-vez-como-a-melhor-bancada-na-premiacao-do-congresso-em-foco\/"},"wordCount":471,"commentCount":0,"publisher":{"@id":"https:\/\/psol50.org.br\/#organization"},"image":{"@id":"https:\/\/psol50.org.br\/psol-se-destaca-mais-uma-vez-como-a-melhor-bancada-na-premiacao-do-congresso-em-foco\/#primaryimage"},"thumbnailUrl":"","keywords":["Bancada do PSOL","Chico Alencar","Congresso em Foco","Edmilson Rodrigues","Glauber Braga","Ivan Valente","Jean Wyllys","jornalistas","Luiza Erundina","pr\u00eamio","PSOL na C\u00e2mara","vota\u00e7\u00e3o popular"],"articleSection":["A\u00e7\u00e3o Parlamentar","Brasil","Not\u00edcias","Partido"],"inLanguage":"pt-BR","potentialAction":[{"@type":"CommentAction","name":"Comment","target":["https:\/\/psol50.org.br\/psol-se-destaca-mais-uma-vez-como-a-melhor-bancada-na-premiacao-do-congresso-em-foco\/#respond"]}]},{"@type":"WebPage","@id":"https:\/\/psol50.org.br\/psol-se-destaca-mais-uma-vez-como-a-melhor-bancada-na-premiacao-do-congresso-em-foco\/","url":"https:\/\/psol50.org.br\/psol-se-destaca-mais-uma-vez-como-a-melhor-bancada-na-premiacao-do-congresso-em-foco\/","name":"PSOL se destaca, mais uma vez, como a melhor bancada na premia\u00e7\u00e3o do Congresso em Foco - PSOL 50","isPartOf":{"@id":"https:\/\/psol50.org.br\/#website"},"primaryImageOfPage":{"@id":"https:\/\/psol50.org.br\/psol-se-destaca-mais-uma-vez-como-a-melhor-bancada-na-premiacao-do-congresso-em-foco\/#primaryimage"},"image":{"@id":"https:\/\/psol50.org.br\/psol-se-destaca-mais-uma-vez-como-a-melhor-bancada-na-premiacao-do-congresso-em-foco\/#primaryimage"},"thumbnailUrl":"","datePublished":"2017-10-20T13:25:09+00:00","breadcrumb":{"@id":"https:\/\/psol50.org.br\/psol-se-destaca-mais-uma-vez-como-a-melhor-bancada-na-premiacao-do-congresso-em-foco\/#breadcrumb"},"inLanguage":"pt-BR","potentialAction":[{"@type":"ReadAction","target":["https:\/\/psol50.org.br\/psol-se-destaca-mais-uma-vez-como-a-melhor-bancada-na-premiacao-do-congresso-em-foco\/"]}]},{"@type":"ImageObject","inLanguage":"pt-BR","@id":"https:\/\/psol50.org.br\/psol-se-destaca-mais-uma-vez-como-a-melhor-bancada-na-premiacao-do-congresso-em-foco\/#primaryimage","url":"","contentUrl":""},{"@type":"BreadcrumbList","@id":"https:\/\/psol50.org.br\/psol-se-destaca-mais-uma-vez-como-a-melhor-bancada-na-premiacao-do-congresso-em-foco\/#breadcrumb","itemListElement":[{"@type":"ListItem","position":1,"name":"In\u00edcio","item":"https:\/\/psol50.org.br\/"},{"@type":"ListItem","position":2,"name":"PSOL se destaca, mais uma vez, como a melhor bancada na premia\u00e7\u00e3o do Congresso em Foco"}]},{"@type":"WebSite","@id":"https:\/\/psol50.org.br\/#website","url":"https:\/\/psol50.org.br\/","name":"PSOL 50","description":"Site oficial do Partido Socialismo e Liberdade","publisher":{"@id":"https:\/\/psol50.org.br\/#organization"},"alternateName":"PSOL50","potentialAction":[{"@type":"SearchAction","target":{"@type":"EntryPoint","urlTemplate":"https:\/\/psol50.org.br\/?s={search_term_string}"},"query-input":{"@type":"PropertyValueSpecification","valueRequired":true,"valueName":"search_term_string"}}],"inLanguage":"pt-BR"},{"@type":"Organization","@id":"https:\/\/psol50.org.br\/#organization","name":"PSOL 50","alternateName":"PSOL 50","url":"https:\/\/psol50.org.br\/","logo":{"@type":"ImageObject","inLanguage":"pt-BR","@id":"https:\/\/psol50.org.br\/#\/schema\/logo\/image\/","url":"https:\/\/psol50.org.br\/inc\/uploads\/2018\/07\/capa.png","contentUrl":"https:\/\/psol50.org.br\/inc\/uploads\/2018\/07\/capa.png","width":1350,"height":900,"caption":"PSOL 50"},"image":{"@id":"https:\/\/psol50.org.br\/#\/schema\/logo\/image\/"},"sameAs":["https:\/\/www.facebook.com\/psol50","https:\/\/x.com\/psol50","https:\/\/www.instagram.com\/psol50\/","https:\/\/www.youtube.com\/channel\/UC7SnJS5o1os7a6CaiNabzcg"]},{"@type":"Person","@id":"https:\/\/psol50.org.br\/#\/schema\/person\/475dfa57d0b815993c714c2e96491fcd","name":"Comunica\u00e7\u00e3o PSOL","image":{"@type":"ImageObject","inLanguage":"pt-BR","@id":"https:\/\/psol50.org.br\/#\/schema\/person\/image\/","url":"https:\/\/secure.gravatar.com\/avatar\/b34fc4f4e468a4e51785917065a3db57b841f5c95dba6ad8c73aaf8f66f8f9bf?s=96&d=mm&r=g","contentUrl":"https:\/\/secure.gravatar.com\/avatar\/b34fc4f4e468a4e51785917065a3db57b841f5c95dba6ad8c73aaf8f66f8f9bf?s=96&d=mm&r=g","caption":"Comunica\u00e7\u00e3o PSOL"}}]}},"_links":{"self":[{"href":"https:\/\/psol50.org.br\/rest\/wp\/v2\/posts\/18619","targetHints":{"allow":["GET"]}}],"collection":[{"href":"https:\/\/psol50.org.br\/rest\/wp\/v2\/posts"}],"about":[{"href":"https:\/\/psol50.org.br\/rest\/wp\/v2\/types\/post"}],"author":[{"embeddable":true,"href":"https:\/\/psol50.org.br\/rest\/wp\/v2\/users\/2"}],"replies":[{"embeddable":true,"href":"https:\/\/psol50.org.br\/rest\/wp\/v2\/comments?post=18619"}],"version-history":[{"count":0,"href":"https:\/\/psol50.org.br\/rest\/wp\/v2\/posts\/18619\/revisions"}],"wp:featuredmedia":[{"embeddable":true,"href":"https:\/\/psol50.org.br\/rest\/"}],"wp:attachment":[{"href":"https:\/\/psol50.org.br\/rest\/wp\/v2\/media?parent=18619"}],"wp:term":[{"taxonomy":"category","embeddable":true,"href":"https:\/\/psol50.org.br\/rest\/wp\/v2\/categories?post=18619"},{"taxonomy":"post_tag","embeddable":true,"href":"https:\/\/psol50.org.br\/rest\/wp\/v2\/tags?post=18619"}],"curies":[{"name":"wp","href":"https:\/\/api.w.org\/{rel}","templated":true}]}}