{"id":1864,"date":"2013-03-22T00:00:00","date_gmt":"2013-03-22T00:00:00","guid":{"rendered":"http:\/\/psol50.org.br\/arquivo\/2013\/03\/22\/agressoes-marcam-desocupacao-da-aldeia-maracana-e-psol-pressiona-governo-para-que-predio-permaneca-como-espaco-da-cultura-indigena\/"},"modified":"2013-03-22T00:00:00","modified_gmt":"2013-03-22T00:00:00","slug":"agressoes-marcam-desocupacao-da-aldeia-maracana-e-psol-pressiona-governo-para-que-predio-permaneca-como-espaco-da-cultura-indigena","status":"publish","type":"post","link":"https:\/\/psol50.org.br\/agressoes-marcam-desocupacao-da-aldeia-maracana-e-psol-pressiona-governo-para-que-predio-permaneca-como-espaco-da-cultura-indigena\/","title":{"rendered":"Agress\u00f5es marcam desocupa\u00e7\u00e3o da Aldeia Maracan\u00e3 e PSOL pressiona governo para que pr\u00e9dio permane\u00e7a como espa\u00e7o da cultura ind\u00edgena"},"content":{"rendered":"<p class=\"western\" style=\"margin-bottom: 0cm; text-align: justify;\">\n\t<em>Do Portal do PSOL Nacional &#8211; Leonor Costa<\/em><\/p>\n<p>\tPoliciais do Batalh\u00e3o de Choque do Rio de Janeiro cercaram o pr\u00e9dio do antigo Museu do \u00cdndio (conhecido como Aldeia Maracan\u00e3), ao lado do Est\u00e1dio Jornalista M\u00e1rio Filho, o Maracan\u00e3, e por meio do uso da for\u00e7a retiraram todos os \u00edndios que ocupavam o espa\u00e7o desde 2006. Por ordem da Justi\u00e7a Federal e a pedido do governo do estado do Rio de Janeiro, o im\u00f3vel foi totalmente desocupado em uma opera\u00e7\u00e3o marcada por agress\u00f5es contra os manifestantes e \u00edndios que tentavam resistir. O objetivo do governo \u00e9 reformar o local para tranform\u00e1-lo em Museu Ol\u00edmpico.<\/p>\n<p>\tNo entanto, de acordo com o vereador do PSOL Renato Cinco, que acompanhou a opera\u00e7\u00e3o desde a madrugada de hoje ao lado dos deputados estaduais Marcelo Freixo e Janira Rocha e do vereador de Niter\u00f3i Henrique Vieira, todos tamb\u00e9m do PSOL, o que est\u00e1 por tr\u00e1s da a\u00e7\u00e3o do governo e da pol\u00edcia \u00e9 a privatiza\u00e7\u00e3o do Complexo do Maracan\u00e3, formado por uma escola p\u00fablica, pelo Parque Aqu\u00e1tico J\u00falio De Lamari, pelo Gin\u00e1rio C\u00e9lio de Barros e pelo pr\u00f3prio est\u00e1dio do Maracan\u00e3, regi\u00e3o onde fica localizado o Museu do \u00cdndio. O pr\u00e9dio desocupado \u00e0 for\u00e7a pelos policiais foi destinado \u00e0 causa ind\u00edgena desde 1864, tendo sido abandonado na d\u00e9cada de 70. Cinco explica que em 2006 os \u00edndios que estavam l\u00e1 at\u00e9 hoje ocuparam o espa\u00e7o e come\u00e7aram a cobrar do Estado a revitaliza\u00e7\u00e3o do Museu. \u201cA opera\u00e7\u00e3o de hoje foi bastante repressiva. Uma parte dos \u00edndios saiu logo no in\u00edcio da opera\u00e7\u00e3o e outra resistiu de forma pac\u00edfica, no entanto, os policiais decidiram retir\u00e1-los \u00e0 for\u00e7a. At\u00e9 os manifestantes que estavam l\u00e1 para proteg\u00ea-los foram tamb\u00e9m agredidos\u201d, afirma Renato Cinco.<\/p>\n<p>\tO vereador, um dos organizadores das v\u00e1rias manifesta\u00e7\u00f5es realizadas nos \u00faltimos meses em defesa da preserva\u00e7\u00e3o do Museu do \u00cdndio e contra a privatiza\u00e7\u00e3o do Complexo do Maracan\u00e3, afirma que tanto ele quanto os demais parlamentares do PSOL atuaram durante toda a manh\u00e3 para o convencer o governo a negociar uma sa\u00edda pac\u00edfica antes da reintegra\u00e7\u00e3o de posse. \u201cFizemos o poss\u00edvel para tentar impedir o uso da for\u00e7a da forma como ocorreu. O PSOL continuar\u00e1 atuando para que os respons\u00e1veis pelos exageros sejam punidos e tamb\u00e9m para que o pr\u00e9dio permane\u00e7a como um espa\u00e7o destinado \u00e0 cultura e \u00e0 mem\u00f3ria ind\u00edgena\u201d, ressalta Cinco.<\/p>\n<p>\tO governo do Rio ofereceu como alternativa a constru\u00e7\u00e3o, at\u00e9 o final de 2014, de um centro de refer\u00eancia ind\u00edgena no terreno onde atualmente est\u00e1 a estrutura desativada do Pres\u00eddio Evaristo de Moraes, conhecido como Galp\u00e3o da Quinta, no parque da Quinta da Boa Vista. Outra alternativa seria construir o centro em Jacarepagu\u00e1, na zona oeste. As duas possibilidades foram apresentadas ontem (21) a representantes dos \u00edndios que ocupavam o pr\u00e9dio do antigo museu. No entanto, os l\u00edderes rejeitam a proposta de construir o centro cultural em outro local.<\/p>\n<p>\t<b>PM agiu de forma arbitr\u00e1ria<\/b><br \/>\n\tCerca de 50 policiais chegaram por volta das 3 horas da madrugada e isolaram o pr\u00e9dio, impedindo a entrada de manifestantes e de jornalistas. Durante a opera\u00e7\u00e3o os policiais militares usaram bombas de g\u00e1s lacrimog\u00eaneo e spray de pimenta para dispersar as pessoas que estavam do lado de fora.<\/p>\n<p>\tOs manifestantes ocuparam uma parte da Avenida Radial Oeste, uma das principais da cidade, que liga a zona norte ao centro. Entre os ind\u00edgenas que estavam na ocupa\u00e7\u00e3o, havia mulheres, idosos e crian\u00e7as.<\/p>\n<p>\tNa avalia\u00e7\u00e3o do deputado estadual Marcelo Freixo, que tamb\u00e9m acompanhou a desocupa\u00e7\u00e3o, a PM agiu de forma arbitr\u00e1ria. \u201cN\u00e3o era preciso o uso da for\u00e7a. Era um grupo pequeno que estava l\u00e1 quando o Batalh\u00e3o de Choque entrou. Mesmo que alguns resistissem, era poss\u00edvel a retirada das pessoas sem viol\u00eancia. Chegaram a lan\u00e7ar spray de pimenta nos parlamentares, no promotor e no defensor p\u00fablico\u201d, critica Freixo.<\/p>\n","protected":false},"excerpt":{"rendered":"<p>Do Portal do PSOL Nacional &#8211; Leonor Costa Policiais do Batalh\u00e3o de Choque do Rio de Janeiro cercaram o pr\u00e9dio do antigo Museu do \u00cdndio (conhecido como Aldeia Maracan\u00e3), ao lado do Est\u00e1dio Jornalista M\u00e1rio Filho, o Maracan\u00e3, e por meio do uso da for\u00e7a retiraram todos os \u00edndios que ocupavam o espa\u00e7o desde 2006. [&hellip;]<\/p>\n","protected":false},"author":2,"featured_media":0,"comment_status":"open","ping_status":"open","sticky":false,"template":"","format":"standard","meta":{"_acf_changed":false,"footnotes":""},"categories":[4766],"tags":[22],"class_list":{"0":"post-1864","1":"post","2":"type-post","3":"status-publish","4":"format-standard","6":"category-arquivo","7":"tag-psol"},"acf":[],"yoast_head":"<!-- This site is optimized with the Yoast SEO plugin v26.5 - https:\/\/yoast.com\/wordpress\/plugins\/seo\/ -->\n<title>Agress\u00f5es marcam desocupa\u00e7\u00e3o da Aldeia Maracan\u00e3 e PSOL pressiona governo para que pr\u00e9dio permane\u00e7a como espa\u00e7o da cultura ind\u00edgena - PSOL 50<\/title>\n<meta name=\"robots\" content=\"index, follow, max-snippet:-1, max-image-preview:large, max-video-preview:-1\" \/>\n<link rel=\"canonical\" href=\"https:\/\/psol50.org.br\/agressoes-marcam-desocupacao-da-aldeia-maracana-e-psol-pressiona-governo-para-que-predio-permaneca-como-espaco-da-cultura-indigena\/\" \/>\n<meta property=\"og:locale\" content=\"pt_BR\" \/>\n<meta property=\"og:type\" content=\"article\" \/>\n<meta property=\"og:title\" content=\"Agress\u00f5es marcam desocupa\u00e7\u00e3o da Aldeia Maracan\u00e3 e PSOL pressiona governo para que pr\u00e9dio permane\u00e7a como espa\u00e7o da cultura ind\u00edgena - PSOL 50\" \/>\n<meta property=\"og:description\" content=\"Do Portal do PSOL Nacional &#8211; Leonor Costa Policiais do Batalh\u00e3o de Choque do Rio de Janeiro cercaram o pr\u00e9dio do antigo Museu do \u00cdndio (conhecido como Aldeia Maracan\u00e3), ao lado do Est\u00e1dio Jornalista M\u00e1rio Filho, o Maracan\u00e3, e por meio do uso da for\u00e7a retiraram todos os \u00edndios que ocupavam o espa\u00e7o desde 2006. [&hellip;]\" \/>\n<meta property=\"og:url\" content=\"https:\/\/psol50.org.br\/agressoes-marcam-desocupacao-da-aldeia-maracana-e-psol-pressiona-governo-para-que-predio-permaneca-como-espaco-da-cultura-indigena\/\" \/>\n<meta property=\"og:site_name\" content=\"PSOL 50\" \/>\n<meta property=\"article:publisher\" content=\"https:\/\/www.facebook.com\/psol50\" \/>\n<meta property=\"article:published_time\" content=\"2013-03-22T00:00:00+00:00\" \/>\n<meta property=\"og:image\" content=\"https:\/\/psol50.org.br\/inc\/uploads\/2018\/07\/capa.png\" \/>\n\t<meta property=\"og:image:width\" content=\"1350\" \/>\n\t<meta property=\"og:image:height\" content=\"900\" \/>\n\t<meta property=\"og:image:type\" content=\"image\/png\" \/>\n<meta name=\"author\" content=\"Comunica\u00e7\u00e3o PSOL\" \/>\n<meta name=\"twitter:card\" content=\"summary_large_image\" \/>\n<meta name=\"twitter:creator\" content=\"@psol50\" \/>\n<meta name=\"twitter:site\" content=\"@psol50\" \/>\n<meta name=\"twitter:label1\" content=\"Escrito por\" \/>\n\t<meta name=\"twitter:data1\" content=\"Comunica\u00e7\u00e3o PSOL\" \/>\n\t<meta name=\"twitter:label2\" content=\"Est. tempo de leitura\" \/>\n\t<meta name=\"twitter:data2\" content=\"3 minutos\" \/>\n<script type=\"application\/ld+json\" class=\"yoast-schema-graph\">{\"@context\":\"https:\/\/schema.org\",\"@graph\":[{\"@type\":\"Article\",\"@id\":\"https:\/\/psol50.org.br\/agressoes-marcam-desocupacao-da-aldeia-maracana-e-psol-pressiona-governo-para-que-predio-permaneca-como-espaco-da-cultura-indigena\/#article\",\"isPartOf\":{\"@id\":\"https:\/\/psol50.org.br\/agressoes-marcam-desocupacao-da-aldeia-maracana-e-psol-pressiona-governo-para-que-predio-permaneca-como-espaco-da-cultura-indigena\/\"},\"author\":{\"name\":\"Comunica\u00e7\u00e3o PSOL\",\"@id\":\"https:\/\/psol50.org.br\/#\/schema\/person\/475dfa57d0b815993c714c2e96491fcd\"},\"headline\":\"Agress\u00f5es marcam desocupa\u00e7\u00e3o da Aldeia Maracan\u00e3 e PSOL pressiona governo para que pr\u00e9dio permane\u00e7a como espa\u00e7o da cultura ind\u00edgena\",\"datePublished\":\"2013-03-22T00:00:00+00:00\",\"mainEntityOfPage\":{\"@id\":\"https:\/\/psol50.org.br\/agressoes-marcam-desocupacao-da-aldeia-maracana-e-psol-pressiona-governo-para-que-predio-permaneca-como-espaco-da-cultura-indigena\/\"},\"wordCount\":723,\"commentCount\":0,\"publisher\":{\"@id\":\"https:\/\/psol50.org.br\/#organization\"},\"keywords\":[\"PSOL\"],\"articleSection\":[\"Arquivo\"],\"inLanguage\":\"pt-BR\",\"potentialAction\":[{\"@type\":\"CommentAction\",\"name\":\"Comment\",\"target\":[\"https:\/\/psol50.org.br\/agressoes-marcam-desocupacao-da-aldeia-maracana-e-psol-pressiona-governo-para-que-predio-permaneca-como-espaco-da-cultura-indigena\/#respond\"]}]},{\"@type\":\"WebPage\",\"@id\":\"https:\/\/psol50.org.br\/agressoes-marcam-desocupacao-da-aldeia-maracana-e-psol-pressiona-governo-para-que-predio-permaneca-como-espaco-da-cultura-indigena\/\",\"url\":\"https:\/\/psol50.org.br\/agressoes-marcam-desocupacao-da-aldeia-maracana-e-psol-pressiona-governo-para-que-predio-permaneca-como-espaco-da-cultura-indigena\/\",\"name\":\"Agress\u00f5es marcam desocupa\u00e7\u00e3o da Aldeia Maracan\u00e3 e PSOL pressiona governo para que pr\u00e9dio permane\u00e7a como espa\u00e7o da cultura ind\u00edgena - PSOL 50\",\"isPartOf\":{\"@id\":\"https:\/\/psol50.org.br\/#website\"},\"datePublished\":\"2013-03-22T00:00:00+00:00\",\"breadcrumb\":{\"@id\":\"https:\/\/psol50.org.br\/agressoes-marcam-desocupacao-da-aldeia-maracana-e-psol-pressiona-governo-para-que-predio-permaneca-como-espaco-da-cultura-indigena\/#breadcrumb\"},\"inLanguage\":\"pt-BR\",\"potentialAction\":[{\"@type\":\"ReadAction\",\"target\":[\"https:\/\/psol50.org.br\/agressoes-marcam-desocupacao-da-aldeia-maracana-e-psol-pressiona-governo-para-que-predio-permaneca-como-espaco-da-cultura-indigena\/\"]}]},{\"@type\":\"BreadcrumbList\",\"@id\":\"https:\/\/psol50.org.br\/agressoes-marcam-desocupacao-da-aldeia-maracana-e-psol-pressiona-governo-para-que-predio-permaneca-como-espaco-da-cultura-indigena\/#breadcrumb\",\"itemListElement\":[{\"@type\":\"ListItem\",\"position\":1,\"name\":\"In\u00edcio\",\"item\":\"https:\/\/psol50.org.br\/\"},{\"@type\":\"ListItem\",\"position\":2,\"name\":\"Agress\u00f5es marcam desocupa\u00e7\u00e3o da Aldeia Maracan\u00e3 e PSOL pressiona governo para que pr\u00e9dio permane\u00e7a como espa\u00e7o da cultura ind\u00edgena\"}]},{\"@type\":\"WebSite\",\"@id\":\"https:\/\/psol50.org.br\/#website\",\"url\":\"https:\/\/psol50.org.br\/\",\"name\":\"PSOL 50\",\"description\":\"Site oficial do Partido Socialismo e Liberdade\",\"publisher\":{\"@id\":\"https:\/\/psol50.org.br\/#organization\"},\"alternateName\":\"PSOL50\",\"potentialAction\":[{\"@type\":\"SearchAction\",\"target\":{\"@type\":\"EntryPoint\",\"urlTemplate\":\"https:\/\/psol50.org.br\/?s={search_term_string}\"},\"query-input\":{\"@type\":\"PropertyValueSpecification\",\"valueRequired\":true,\"valueName\":\"search_term_string\"}}],\"inLanguage\":\"pt-BR\"},{\"@type\":\"Organization\",\"@id\":\"https:\/\/psol50.org.br\/#organization\",\"name\":\"PSOL 50\",\"alternateName\":\"PSOL 50\",\"url\":\"https:\/\/psol50.org.br\/\",\"logo\":{\"@type\":\"ImageObject\",\"inLanguage\":\"pt-BR\",\"@id\":\"https:\/\/psol50.org.br\/#\/schema\/logo\/image\/\",\"url\":\"https:\/\/psol50.org.br\/inc\/uploads\/2018\/07\/capa.png\",\"contentUrl\":\"https:\/\/psol50.org.br\/inc\/uploads\/2018\/07\/capa.png\",\"width\":1350,\"height\":900,\"caption\":\"PSOL 50\"},\"image\":{\"@id\":\"https:\/\/psol50.org.br\/#\/schema\/logo\/image\/\"},\"sameAs\":[\"https:\/\/www.facebook.com\/psol50\",\"https:\/\/x.com\/psol50\",\"https:\/\/www.instagram.com\/psol50\/\",\"https:\/\/www.youtube.com\/channel\/UC7SnJS5o1os7a6CaiNabzcg\"]},{\"@type\":\"Person\",\"@id\":\"https:\/\/psol50.org.br\/#\/schema\/person\/475dfa57d0b815993c714c2e96491fcd\",\"name\":\"Comunica\u00e7\u00e3o PSOL\",\"image\":{\"@type\":\"ImageObject\",\"inLanguage\":\"pt-BR\",\"@id\":\"https:\/\/psol50.org.br\/#\/schema\/person\/image\/\",\"url\":\"https:\/\/secure.gravatar.com\/avatar\/b34fc4f4e468a4e51785917065a3db57b841f5c95dba6ad8c73aaf8f66f8f9bf?s=96&d=mm&r=g\",\"contentUrl\":\"https:\/\/secure.gravatar.com\/avatar\/b34fc4f4e468a4e51785917065a3db57b841f5c95dba6ad8c73aaf8f66f8f9bf?s=96&d=mm&r=g\",\"caption\":\"Comunica\u00e7\u00e3o PSOL\"}}]}<\/script>\n<!-- \/ Yoast SEO plugin. -->","yoast_head_json":{"title":"Agress\u00f5es marcam desocupa\u00e7\u00e3o da Aldeia Maracan\u00e3 e PSOL pressiona governo para que pr\u00e9dio permane\u00e7a como espa\u00e7o da cultura ind\u00edgena - PSOL 50","robots":{"index":"index","follow":"follow","max-snippet":"max-snippet:-1","max-image-preview":"max-image-preview:large","max-video-preview":"max-video-preview:-1"},"canonical":"https:\/\/psol50.org.br\/agressoes-marcam-desocupacao-da-aldeia-maracana-e-psol-pressiona-governo-para-que-predio-permaneca-como-espaco-da-cultura-indigena\/","og_locale":"pt_BR","og_type":"article","og_title":"Agress\u00f5es marcam desocupa\u00e7\u00e3o da Aldeia Maracan\u00e3 e PSOL pressiona governo para que pr\u00e9dio permane\u00e7a como espa\u00e7o da cultura ind\u00edgena - PSOL 50","og_description":"Do Portal do PSOL Nacional &#8211; Leonor Costa Policiais do Batalh\u00e3o de Choque do Rio de Janeiro cercaram o pr\u00e9dio do antigo Museu do \u00cdndio (conhecido como Aldeia Maracan\u00e3), ao lado do Est\u00e1dio Jornalista M\u00e1rio Filho, o Maracan\u00e3, e por meio do uso da for\u00e7a retiraram todos os \u00edndios que ocupavam o espa\u00e7o desde 2006. [&hellip;]","og_url":"https:\/\/psol50.org.br\/agressoes-marcam-desocupacao-da-aldeia-maracana-e-psol-pressiona-governo-para-que-predio-permaneca-como-espaco-da-cultura-indigena\/","og_site_name":"PSOL 50","article_publisher":"https:\/\/www.facebook.com\/psol50","article_published_time":"2013-03-22T00:00:00+00:00","og_image":[{"width":1350,"height":900,"url":"https:\/\/psol50.org.br\/inc\/uploads\/2018\/07\/capa.png","type":"image\/png"}],"author":"Comunica\u00e7\u00e3o PSOL","twitter_card":"summary_large_image","twitter_creator":"@psol50","twitter_site":"@psol50","twitter_misc":{"Escrito por":"Comunica\u00e7\u00e3o PSOL","Est. tempo de leitura":"3 minutos"},"schema":{"@context":"https:\/\/schema.org","@graph":[{"@type":"Article","@id":"https:\/\/psol50.org.br\/agressoes-marcam-desocupacao-da-aldeia-maracana-e-psol-pressiona-governo-para-que-predio-permaneca-como-espaco-da-cultura-indigena\/#article","isPartOf":{"@id":"https:\/\/psol50.org.br\/agressoes-marcam-desocupacao-da-aldeia-maracana-e-psol-pressiona-governo-para-que-predio-permaneca-como-espaco-da-cultura-indigena\/"},"author":{"name":"Comunica\u00e7\u00e3o PSOL","@id":"https:\/\/psol50.org.br\/#\/schema\/person\/475dfa57d0b815993c714c2e96491fcd"},"headline":"Agress\u00f5es marcam desocupa\u00e7\u00e3o da Aldeia Maracan\u00e3 e PSOL pressiona governo para que pr\u00e9dio permane\u00e7a como espa\u00e7o da cultura ind\u00edgena","datePublished":"2013-03-22T00:00:00+00:00","mainEntityOfPage":{"@id":"https:\/\/psol50.org.br\/agressoes-marcam-desocupacao-da-aldeia-maracana-e-psol-pressiona-governo-para-que-predio-permaneca-como-espaco-da-cultura-indigena\/"},"wordCount":723,"commentCount":0,"publisher":{"@id":"https:\/\/psol50.org.br\/#organization"},"keywords":["PSOL"],"articleSection":["Arquivo"],"inLanguage":"pt-BR","potentialAction":[{"@type":"CommentAction","name":"Comment","target":["https:\/\/psol50.org.br\/agressoes-marcam-desocupacao-da-aldeia-maracana-e-psol-pressiona-governo-para-que-predio-permaneca-como-espaco-da-cultura-indigena\/#respond"]}]},{"@type":"WebPage","@id":"https:\/\/psol50.org.br\/agressoes-marcam-desocupacao-da-aldeia-maracana-e-psol-pressiona-governo-para-que-predio-permaneca-como-espaco-da-cultura-indigena\/","url":"https:\/\/psol50.org.br\/agressoes-marcam-desocupacao-da-aldeia-maracana-e-psol-pressiona-governo-para-que-predio-permaneca-como-espaco-da-cultura-indigena\/","name":"Agress\u00f5es marcam desocupa\u00e7\u00e3o da Aldeia Maracan\u00e3 e PSOL pressiona governo para que pr\u00e9dio permane\u00e7a como espa\u00e7o da cultura ind\u00edgena - PSOL 50","isPartOf":{"@id":"https:\/\/psol50.org.br\/#website"},"datePublished":"2013-03-22T00:00:00+00:00","breadcrumb":{"@id":"https:\/\/psol50.org.br\/agressoes-marcam-desocupacao-da-aldeia-maracana-e-psol-pressiona-governo-para-que-predio-permaneca-como-espaco-da-cultura-indigena\/#breadcrumb"},"inLanguage":"pt-BR","potentialAction":[{"@type":"ReadAction","target":["https:\/\/psol50.org.br\/agressoes-marcam-desocupacao-da-aldeia-maracana-e-psol-pressiona-governo-para-que-predio-permaneca-como-espaco-da-cultura-indigena\/"]}]},{"@type":"BreadcrumbList","@id":"https:\/\/psol50.org.br\/agressoes-marcam-desocupacao-da-aldeia-maracana-e-psol-pressiona-governo-para-que-predio-permaneca-como-espaco-da-cultura-indigena\/#breadcrumb","itemListElement":[{"@type":"ListItem","position":1,"name":"In\u00edcio","item":"https:\/\/psol50.org.br\/"},{"@type":"ListItem","position":2,"name":"Agress\u00f5es marcam desocupa\u00e7\u00e3o da Aldeia Maracan\u00e3 e PSOL pressiona governo para que pr\u00e9dio permane\u00e7a como espa\u00e7o da cultura ind\u00edgena"}]},{"@type":"WebSite","@id":"https:\/\/psol50.org.br\/#website","url":"https:\/\/psol50.org.br\/","name":"PSOL 50","description":"Site oficial do Partido Socialismo e Liberdade","publisher":{"@id":"https:\/\/psol50.org.br\/#organization"},"alternateName":"PSOL50","potentialAction":[{"@type":"SearchAction","target":{"@type":"EntryPoint","urlTemplate":"https:\/\/psol50.org.br\/?s={search_term_string}"},"query-input":{"@type":"PropertyValueSpecification","valueRequired":true,"valueName":"search_term_string"}}],"inLanguage":"pt-BR"},{"@type":"Organization","@id":"https:\/\/psol50.org.br\/#organization","name":"PSOL 50","alternateName":"PSOL 50","url":"https:\/\/psol50.org.br\/","logo":{"@type":"ImageObject","inLanguage":"pt-BR","@id":"https:\/\/psol50.org.br\/#\/schema\/logo\/image\/","url":"https:\/\/psol50.org.br\/inc\/uploads\/2018\/07\/capa.png","contentUrl":"https:\/\/psol50.org.br\/inc\/uploads\/2018\/07\/capa.png","width":1350,"height":900,"caption":"PSOL 50"},"image":{"@id":"https:\/\/psol50.org.br\/#\/schema\/logo\/image\/"},"sameAs":["https:\/\/www.facebook.com\/psol50","https:\/\/x.com\/psol50","https:\/\/www.instagram.com\/psol50\/","https:\/\/www.youtube.com\/channel\/UC7SnJS5o1os7a6CaiNabzcg"]},{"@type":"Person","@id":"https:\/\/psol50.org.br\/#\/schema\/person\/475dfa57d0b815993c714c2e96491fcd","name":"Comunica\u00e7\u00e3o PSOL","image":{"@type":"ImageObject","inLanguage":"pt-BR","@id":"https:\/\/psol50.org.br\/#\/schema\/person\/image\/","url":"https:\/\/secure.gravatar.com\/avatar\/b34fc4f4e468a4e51785917065a3db57b841f5c95dba6ad8c73aaf8f66f8f9bf?s=96&d=mm&r=g","contentUrl":"https:\/\/secure.gravatar.com\/avatar\/b34fc4f4e468a4e51785917065a3db57b841f5c95dba6ad8c73aaf8f66f8f9bf?s=96&d=mm&r=g","caption":"Comunica\u00e7\u00e3o PSOL"}}]}},"_links":{"self":[{"href":"https:\/\/psol50.org.br\/rest\/wp\/v2\/posts\/1864","targetHints":{"allow":["GET"]}}],"collection":[{"href":"https:\/\/psol50.org.br\/rest\/wp\/v2\/posts"}],"about":[{"href":"https:\/\/psol50.org.br\/rest\/wp\/v2\/types\/post"}],"author":[{"embeddable":true,"href":"https:\/\/psol50.org.br\/rest\/wp\/v2\/users\/2"}],"replies":[{"embeddable":true,"href":"https:\/\/psol50.org.br\/rest\/wp\/v2\/comments?post=1864"}],"version-history":[{"count":0,"href":"https:\/\/psol50.org.br\/rest\/wp\/v2\/posts\/1864\/revisions"}],"wp:attachment":[{"href":"https:\/\/psol50.org.br\/rest\/wp\/v2\/media?parent=1864"}],"wp:term":[{"taxonomy":"category","embeddable":true,"href":"https:\/\/psol50.org.br\/rest\/wp\/v2\/categories?post=1864"},{"taxonomy":"post_tag","embeddable":true,"href":"https:\/\/psol50.org.br\/rest\/wp\/v2\/tags?post=1864"}],"curies":[{"name":"wp","href":"https:\/\/api.w.org\/{rel}","templated":true}]}}