{"id":18645,"date":"2017-10-23T10:52:45","date_gmt":"2017-10-23T12:52:45","guid":{"rendered":"http:\/\/www.psol50.org.br\/?p=18645"},"modified":"2017-10-23T10:52:45","modified_gmt":"2017-10-23T12:52:45","slug":"denuncia-contra-temer-sera-votada-nesta-quarta-no-plenario-da-camara-psol-votara-pela-investigacao","status":"publish","type":"post","link":"https:\/\/psol50.org.br\/denuncia-contra-temer-sera-votada-nesta-quarta-no-plenario-da-camara-psol-votara-pela-investigacao\/","title":{"rendered":"Den\u00fancia contra Temer ser\u00e1 votada nesta quarta no plen\u00e1rio da C\u00e2mara; PSOL votar\u00e1 pela investiga\u00e7\u00e3o"},"content":{"rendered":"<p>A tramita\u00e7\u00e3o da segunda den\u00fancia protocolada pela Procuradoria Geral da Rep\u00fablica contra o presidente Michel Temer ter\u00e1 seu desfecho nesta quarta-feira (25\/10), quando ser\u00e1 votada no plen\u00e1rio da C\u00e2mara dos Deputados. Ap\u00f3s a vota\u00e7\u00e3o na quarta-feira passada (18), na Comiss\u00e3o de Constitui\u00e7\u00e3o, Justi\u00e7a e Cidadania (CCJ) da Casa, em que <a href=\"http:\/\/www.psol50.org.br\/ccj-da-camara-rejeita-investigacao-contra-temer-na-2a-denuncia-por-corrupcao\/\" target=\"_blank\" rel=\"noopener\"><strong><span style=\"color: #0000ff;\">a maioria do colegiado votou para que o Supremo Tribunal Federal (STF) n\u00e3o prossiga com a investiga\u00e7\u00e3o<\/span><\/strong><\/a>, agora o governo investe pesado para que essa tamb\u00e9m seja a decis\u00e3o do plen\u00e1rio.<\/p>\n<p>A partir das 9 horas, os deputados debater\u00e3o o parecer da CCJ contr\u00e1rio \u00e0 autoriza\u00e7\u00e3o, conforme relat\u00f3rio do deputado Bonif\u00e1cio de Andrada (PSDB-MG) aprovado por 39 votos contra 26. O <a href=\"https:\/\/www.facebook.com\/psolnacamara\/\" target=\"_blank\" rel=\"noopener\"><strong><span style=\"color: #0000ff;\">PSOL na C\u00e2mara<\/span><\/strong><\/a> votou contra o parecer na CCJ e votar\u00e1 contra no plen\u00e1rio da C\u00e2mara.<\/p>\n<p>A den\u00fancia da PGR acusa Temer e os ministros\u00a0Eliseu Padilha (Casa Civil) e Moreira Franco (Secretaria-Geral) de forma\u00e7\u00e3o de quadrilha e obstru\u00e7\u00e3o de Justi\u00e7a com o intuito de arrecadar propinas, estimadas em R$ 587 milh\u00f5es.<\/p>\n<p>O caso envolve ainda outras pessoas que n\u00e3o t\u00eam foro privilegiado, como os ex-deputados Eduardo Cunha, Geddel Vieira Lima, Henrique Eduardo Alves e Rodrigo da Rocha Loures; o empres\u00e1rio Joesley Batista e o executivo Ricardo Saud, ambos da J&amp;F.<\/p>\n<p>De acordo com o regimento interno da C\u00e2mara,\u00a0a autoriza\u00e7\u00e3o para que o STF investigue o presidente ileg\u00edtimo s\u00f3 ser\u00e1 concedida se receber o apoio de pelo menos 342 deputados, o que corresponde a 2\/3 do total, que ter\u00e3o de se manifestar contr\u00e1rios ao relat\u00f3rio de Bonif\u00e1cio de Andrada por meio do voto \u201cn\u00e3o\u201d.<\/p>\n<p>O l\u00edder do PSOL, deputado Glauber Braga (RJ), comenta o resultado da vota\u00e7\u00e3o na CCJ e fala sobre as perspectivas da sess\u00e3o desta quarta-feira, no plen\u00e1rio.\u00a0&#8220;Para conseguir afastar Temer definitivamente, s\u00f3 ampliando a mobiliza\u00e7\u00e3o popular&#8221;. Confira a fala do l\u00edder.<\/p>\n<p>https:\/\/www.facebook.com\/psolnacamara\/videos\/1233894816714747\/<\/p>\n","protected":false},"excerpt":{"rendered":"<p>A tramita\u00e7\u00e3o da segunda den\u00fancia protocolada pela Procuradoria Geral da Rep\u00fablica contra o presidente Michel Temer ter\u00e1 seu desfecho nesta quarta-feira (25\/10), quando ser\u00e1 votada no plen\u00e1rio da C\u00e2mara dos Deputados. Ap\u00f3s a vota\u00e7\u00e3o na quarta-feira passada (18), na Comiss\u00e3o de Constitui\u00e7\u00e3o, Justi\u00e7a e Cidadania (CCJ) da Casa, em que a maioria do colegiado votou [&hellip;]<\/p>\n","protected":false},"author":2,"featured_media":18646,"comment_status":"open","ping_status":"open","sticky":false,"template":"","format":"standard","meta":{"_acf_changed":false,"footnotes":""},"categories":[10,1882],"tags":[3643,1813,705,79,1191,61,1748,3583,3584,2836,77,3692,22,45],"class_list":{"0":"post-18645","1":"post","2":"type-post","3":"status-publish","4":"format-standard","5":"has-post-thumbnail","7":"category-acao-parlamentares","8":"category-brasil","9":"tag-bonifacio-andrada","10":"tag-ccj-da-camara","11":"tag-crimes","12":"tag-denuncia","13":"tag-glauber-braga","14":"tag-investigacao","15":"tag-michel-temer","16":"tag-obstrucao-de-justica","17":"tag-organizacao-criminosa","18":"tag-parecer","19":"tag-pgr","20":"tag-plenario-da-camara-dos-deputados","21":"tag-psol","22":"tag-stf"},"acf":[],"yoast_head":"<!-- This site is optimized with the Yoast SEO plugin v26.5 - https:\/\/yoast.com\/wordpress\/plugins\/seo\/ -->\n<title>Den\u00fancia contra Temer ser\u00e1 votada nesta quarta no plen\u00e1rio da C\u00e2mara; PSOL votar\u00e1 pela investiga\u00e7\u00e3o - PSOL 50<\/title>\n<meta name=\"robots\" content=\"index, follow, max-snippet:-1, max-image-preview:large, max-video-preview:-1\" \/>\n<link rel=\"canonical\" href=\"https:\/\/psol50.org.br\/denuncia-contra-temer-sera-votada-nesta-quarta-no-plenario-da-camara-psol-votara-pela-investigacao\/\" \/>\n<meta property=\"og:locale\" content=\"pt_BR\" \/>\n<meta property=\"og:type\" content=\"article\" \/>\n<meta property=\"og:title\" content=\"Den\u00fancia contra Temer ser\u00e1 votada nesta quarta no plen\u00e1rio da C\u00e2mara; PSOL votar\u00e1 pela investiga\u00e7\u00e3o - PSOL 50\" \/>\n<meta property=\"og:description\" content=\"A tramita\u00e7\u00e3o da segunda den\u00fancia protocolada pela Procuradoria Geral da Rep\u00fablica contra o presidente Michel Temer ter\u00e1 seu desfecho nesta quarta-feira (25\/10), quando ser\u00e1 votada no plen\u00e1rio da C\u00e2mara dos Deputados. Ap\u00f3s a vota\u00e7\u00e3o na quarta-feira passada (18), na Comiss\u00e3o de Constitui\u00e7\u00e3o, Justi\u00e7a e Cidadania (CCJ) da Casa, em que a maioria do colegiado votou [&hellip;]\" \/>\n<meta property=\"og:url\" content=\"https:\/\/psol50.org.br\/denuncia-contra-temer-sera-votada-nesta-quarta-no-plenario-da-camara-psol-votara-pela-investigacao\/\" \/>\n<meta property=\"og:site_name\" content=\"PSOL 50\" \/>\n<meta property=\"article:publisher\" content=\"https:\/\/www.facebook.com\/psol50\" \/>\n<meta property=\"article:published_time\" content=\"2017-10-23T12:52:45+00:00\" \/>\n<meta property=\"og:image\" content=\"https:\/\/psol50.org.br\/inc\/uploads\/2018\/07\/capa.png\" \/>\n\t<meta property=\"og:image:width\" content=\"1350\" \/>\n\t<meta property=\"og:image:height\" content=\"900\" \/>\n\t<meta property=\"og:image:type\" content=\"image\/png\" \/>\n<meta name=\"author\" content=\"Comunica\u00e7\u00e3o PSOL\" \/>\n<meta name=\"twitter:card\" content=\"summary_large_image\" \/>\n<meta name=\"twitter:creator\" content=\"@psol50\" \/>\n<meta name=\"twitter:site\" content=\"@psol50\" \/>\n<meta name=\"twitter:label1\" content=\"Escrito por\" \/>\n\t<meta name=\"twitter:data1\" content=\"Comunica\u00e7\u00e3o PSOL\" \/>\n\t<meta name=\"twitter:label2\" content=\"Est. tempo de leitura\" \/>\n\t<meta name=\"twitter:data2\" content=\"2 minutos\" \/>\n<script type=\"application\/ld+json\" class=\"yoast-schema-graph\">{\"@context\":\"https:\/\/schema.org\",\"@graph\":[{\"@type\":\"Article\",\"@id\":\"https:\/\/psol50.org.br\/denuncia-contra-temer-sera-votada-nesta-quarta-no-plenario-da-camara-psol-votara-pela-investigacao\/#article\",\"isPartOf\":{\"@id\":\"https:\/\/psol50.org.br\/denuncia-contra-temer-sera-votada-nesta-quarta-no-plenario-da-camara-psol-votara-pela-investigacao\/\"},\"author\":{\"name\":\"Comunica\u00e7\u00e3o PSOL\",\"@id\":\"https:\/\/psol50.org.br\/#\/schema\/person\/475dfa57d0b815993c714c2e96491fcd\"},\"headline\":\"Den\u00fancia contra Temer ser\u00e1 votada nesta quarta no plen\u00e1rio da C\u00e2mara; PSOL votar\u00e1 pela investiga\u00e7\u00e3o\",\"datePublished\":\"2017-10-23T12:52:45+00:00\",\"mainEntityOfPage\":{\"@id\":\"https:\/\/psol50.org.br\/denuncia-contra-temer-sera-votada-nesta-quarta-no-plenario-da-camara-psol-votara-pela-investigacao\/\"},\"wordCount\":360,\"commentCount\":0,\"publisher\":{\"@id\":\"https:\/\/psol50.org.br\/#organization\"},\"image\":{\"@id\":\"https:\/\/psol50.org.br\/denuncia-contra-temer-sera-votada-nesta-quarta-no-plenario-da-camara-psol-votara-pela-investigacao\/#primaryimage\"},\"thumbnailUrl\":\"\",\"keywords\":[\"Bonif\u00e1cio Andrada\",\"CCJ da C\u00e2mara\",\"crimes\",\"den\u00fancia\",\"Glauber Braga\",\"investiga\u00e7\u00e3o\",\"Michel Temer\",\"obstru\u00e7\u00e3o de justi\u00e7a\",\"organiza\u00e7\u00e3o criminosa\",\"parecer\",\"PGR\",\"plen\u00e1rio da C\u00e2mara dos Deputados\",\"PSOL\",\"STF\"],\"articleSection\":[\"A\u00e7\u00e3o Parlamentar\",\"Brasil\"],\"inLanguage\":\"pt-BR\",\"potentialAction\":[{\"@type\":\"CommentAction\",\"name\":\"Comment\",\"target\":[\"https:\/\/psol50.org.br\/denuncia-contra-temer-sera-votada-nesta-quarta-no-plenario-da-camara-psol-votara-pela-investigacao\/#respond\"]}]},{\"@type\":\"WebPage\",\"@id\":\"https:\/\/psol50.org.br\/denuncia-contra-temer-sera-votada-nesta-quarta-no-plenario-da-camara-psol-votara-pela-investigacao\/\",\"url\":\"https:\/\/psol50.org.br\/denuncia-contra-temer-sera-votada-nesta-quarta-no-plenario-da-camara-psol-votara-pela-investigacao\/\",\"name\":\"Den\u00fancia contra Temer ser\u00e1 votada nesta quarta no plen\u00e1rio da C\u00e2mara; PSOL votar\u00e1 pela investiga\u00e7\u00e3o - PSOL 50\",\"isPartOf\":{\"@id\":\"https:\/\/psol50.org.br\/#website\"},\"primaryImageOfPage\":{\"@id\":\"https:\/\/psol50.org.br\/denuncia-contra-temer-sera-votada-nesta-quarta-no-plenario-da-camara-psol-votara-pela-investigacao\/#primaryimage\"},\"image\":{\"@id\":\"https:\/\/psol50.org.br\/denuncia-contra-temer-sera-votada-nesta-quarta-no-plenario-da-camara-psol-votara-pela-investigacao\/#primaryimage\"},\"thumbnailUrl\":\"\",\"datePublished\":\"2017-10-23T12:52:45+00:00\",\"breadcrumb\":{\"@id\":\"https:\/\/psol50.org.br\/denuncia-contra-temer-sera-votada-nesta-quarta-no-plenario-da-camara-psol-votara-pela-investigacao\/#breadcrumb\"},\"inLanguage\":\"pt-BR\",\"potentialAction\":[{\"@type\":\"ReadAction\",\"target\":[\"https:\/\/psol50.org.br\/denuncia-contra-temer-sera-votada-nesta-quarta-no-plenario-da-camara-psol-votara-pela-investigacao\/\"]}]},{\"@type\":\"ImageObject\",\"inLanguage\":\"pt-BR\",\"@id\":\"https:\/\/psol50.org.br\/denuncia-contra-temer-sera-votada-nesta-quarta-no-plenario-da-camara-psol-votara-pela-investigacao\/#primaryimage\",\"url\":\"\",\"contentUrl\":\"\"},{\"@type\":\"BreadcrumbList\",\"@id\":\"https:\/\/psol50.org.br\/denuncia-contra-temer-sera-votada-nesta-quarta-no-plenario-da-camara-psol-votara-pela-investigacao\/#breadcrumb\",\"itemListElement\":[{\"@type\":\"ListItem\",\"position\":1,\"name\":\"In\u00edcio\",\"item\":\"https:\/\/psol50.org.br\/\"},{\"@type\":\"ListItem\",\"position\":2,\"name\":\"Den\u00fancia contra Temer ser\u00e1 votada nesta quarta no plen\u00e1rio da C\u00e2mara; PSOL votar\u00e1 pela investiga\u00e7\u00e3o\"}]},{\"@type\":\"WebSite\",\"@id\":\"https:\/\/psol50.org.br\/#website\",\"url\":\"https:\/\/psol50.org.br\/\",\"name\":\"PSOL 50\",\"description\":\"Site oficial do Partido Socialismo e Liberdade\",\"publisher\":{\"@id\":\"https:\/\/psol50.org.br\/#organization\"},\"alternateName\":\"PSOL50\",\"potentialAction\":[{\"@type\":\"SearchAction\",\"target\":{\"@type\":\"EntryPoint\",\"urlTemplate\":\"https:\/\/psol50.org.br\/?s={search_term_string}\"},\"query-input\":{\"@type\":\"PropertyValueSpecification\",\"valueRequired\":true,\"valueName\":\"search_term_string\"}}],\"inLanguage\":\"pt-BR\"},{\"@type\":\"Organization\",\"@id\":\"https:\/\/psol50.org.br\/#organization\",\"name\":\"PSOL 50\",\"alternateName\":\"PSOL 50\",\"url\":\"https:\/\/psol50.org.br\/\",\"logo\":{\"@type\":\"ImageObject\",\"inLanguage\":\"pt-BR\",\"@id\":\"https:\/\/psol50.org.br\/#\/schema\/logo\/image\/\",\"url\":\"https:\/\/psol50.org.br\/inc\/uploads\/2018\/07\/capa.png\",\"contentUrl\":\"https:\/\/psol50.org.br\/inc\/uploads\/2018\/07\/capa.png\",\"width\":1350,\"height\":900,\"caption\":\"PSOL 50\"},\"image\":{\"@id\":\"https:\/\/psol50.org.br\/#\/schema\/logo\/image\/\"},\"sameAs\":[\"https:\/\/www.facebook.com\/psol50\",\"https:\/\/x.com\/psol50\",\"https:\/\/www.instagram.com\/psol50\/\",\"https:\/\/www.youtube.com\/channel\/UC7SnJS5o1os7a6CaiNabzcg\"]},{\"@type\":\"Person\",\"@id\":\"https:\/\/psol50.org.br\/#\/schema\/person\/475dfa57d0b815993c714c2e96491fcd\",\"name\":\"Comunica\u00e7\u00e3o PSOL\",\"image\":{\"@type\":\"ImageObject\",\"inLanguage\":\"pt-BR\",\"@id\":\"https:\/\/psol50.org.br\/#\/schema\/person\/image\/\",\"url\":\"https:\/\/secure.gravatar.com\/avatar\/b34fc4f4e468a4e51785917065a3db57b841f5c95dba6ad8c73aaf8f66f8f9bf?s=96&d=mm&r=g\",\"contentUrl\":\"https:\/\/secure.gravatar.com\/avatar\/b34fc4f4e468a4e51785917065a3db57b841f5c95dba6ad8c73aaf8f66f8f9bf?s=96&d=mm&r=g\",\"caption\":\"Comunica\u00e7\u00e3o PSOL\"}}]}<\/script>\n<!-- \/ Yoast SEO plugin. -->","yoast_head_json":{"title":"Den\u00fancia contra Temer ser\u00e1 votada nesta quarta no plen\u00e1rio da C\u00e2mara; PSOL votar\u00e1 pela investiga\u00e7\u00e3o - PSOL 50","robots":{"index":"index","follow":"follow","max-snippet":"max-snippet:-1","max-image-preview":"max-image-preview:large","max-video-preview":"max-video-preview:-1"},"canonical":"https:\/\/psol50.org.br\/denuncia-contra-temer-sera-votada-nesta-quarta-no-plenario-da-camara-psol-votara-pela-investigacao\/","og_locale":"pt_BR","og_type":"article","og_title":"Den\u00fancia contra Temer ser\u00e1 votada nesta quarta no plen\u00e1rio da C\u00e2mara; PSOL votar\u00e1 pela investiga\u00e7\u00e3o - PSOL 50","og_description":"A tramita\u00e7\u00e3o da segunda den\u00fancia protocolada pela Procuradoria Geral da Rep\u00fablica contra o presidente Michel Temer ter\u00e1 seu desfecho nesta quarta-feira (25\/10), quando ser\u00e1 votada no plen\u00e1rio da C\u00e2mara dos Deputados. Ap\u00f3s a vota\u00e7\u00e3o na quarta-feira passada (18), na Comiss\u00e3o de Constitui\u00e7\u00e3o, Justi\u00e7a e Cidadania (CCJ) da Casa, em que a maioria do colegiado votou [&hellip;]","og_url":"https:\/\/psol50.org.br\/denuncia-contra-temer-sera-votada-nesta-quarta-no-plenario-da-camara-psol-votara-pela-investigacao\/","og_site_name":"PSOL 50","article_publisher":"https:\/\/www.facebook.com\/psol50","article_published_time":"2017-10-23T12:52:45+00:00","og_image":[{"width":1350,"height":900,"url":"https:\/\/psol50.org.br\/inc\/uploads\/2018\/07\/capa.png","type":"image\/png"}],"author":"Comunica\u00e7\u00e3o PSOL","twitter_card":"summary_large_image","twitter_creator":"@psol50","twitter_site":"@psol50","twitter_misc":{"Escrito por":"Comunica\u00e7\u00e3o PSOL","Est. tempo de leitura":"2 minutos"},"schema":{"@context":"https:\/\/schema.org","@graph":[{"@type":"Article","@id":"https:\/\/psol50.org.br\/denuncia-contra-temer-sera-votada-nesta-quarta-no-plenario-da-camara-psol-votara-pela-investigacao\/#article","isPartOf":{"@id":"https:\/\/psol50.org.br\/denuncia-contra-temer-sera-votada-nesta-quarta-no-plenario-da-camara-psol-votara-pela-investigacao\/"},"author":{"name":"Comunica\u00e7\u00e3o PSOL","@id":"https:\/\/psol50.org.br\/#\/schema\/person\/475dfa57d0b815993c714c2e96491fcd"},"headline":"Den\u00fancia contra Temer ser\u00e1 votada nesta quarta no plen\u00e1rio da C\u00e2mara; PSOL votar\u00e1 pela investiga\u00e7\u00e3o","datePublished":"2017-10-23T12:52:45+00:00","mainEntityOfPage":{"@id":"https:\/\/psol50.org.br\/denuncia-contra-temer-sera-votada-nesta-quarta-no-plenario-da-camara-psol-votara-pela-investigacao\/"},"wordCount":360,"commentCount":0,"publisher":{"@id":"https:\/\/psol50.org.br\/#organization"},"image":{"@id":"https:\/\/psol50.org.br\/denuncia-contra-temer-sera-votada-nesta-quarta-no-plenario-da-camara-psol-votara-pela-investigacao\/#primaryimage"},"thumbnailUrl":"","keywords":["Bonif\u00e1cio Andrada","CCJ da C\u00e2mara","crimes","den\u00fancia","Glauber Braga","investiga\u00e7\u00e3o","Michel Temer","obstru\u00e7\u00e3o de justi\u00e7a","organiza\u00e7\u00e3o criminosa","parecer","PGR","plen\u00e1rio da C\u00e2mara dos Deputados","PSOL","STF"],"articleSection":["A\u00e7\u00e3o Parlamentar","Brasil"],"inLanguage":"pt-BR","potentialAction":[{"@type":"CommentAction","name":"Comment","target":["https:\/\/psol50.org.br\/denuncia-contra-temer-sera-votada-nesta-quarta-no-plenario-da-camara-psol-votara-pela-investigacao\/#respond"]}]},{"@type":"WebPage","@id":"https:\/\/psol50.org.br\/denuncia-contra-temer-sera-votada-nesta-quarta-no-plenario-da-camara-psol-votara-pela-investigacao\/","url":"https:\/\/psol50.org.br\/denuncia-contra-temer-sera-votada-nesta-quarta-no-plenario-da-camara-psol-votara-pela-investigacao\/","name":"Den\u00fancia contra Temer ser\u00e1 votada nesta quarta no plen\u00e1rio da C\u00e2mara; PSOL votar\u00e1 pela investiga\u00e7\u00e3o - PSOL 50","isPartOf":{"@id":"https:\/\/psol50.org.br\/#website"},"primaryImageOfPage":{"@id":"https:\/\/psol50.org.br\/denuncia-contra-temer-sera-votada-nesta-quarta-no-plenario-da-camara-psol-votara-pela-investigacao\/#primaryimage"},"image":{"@id":"https:\/\/psol50.org.br\/denuncia-contra-temer-sera-votada-nesta-quarta-no-plenario-da-camara-psol-votara-pela-investigacao\/#primaryimage"},"thumbnailUrl":"","datePublished":"2017-10-23T12:52:45+00:00","breadcrumb":{"@id":"https:\/\/psol50.org.br\/denuncia-contra-temer-sera-votada-nesta-quarta-no-plenario-da-camara-psol-votara-pela-investigacao\/#breadcrumb"},"inLanguage":"pt-BR","potentialAction":[{"@type":"ReadAction","target":["https:\/\/psol50.org.br\/denuncia-contra-temer-sera-votada-nesta-quarta-no-plenario-da-camara-psol-votara-pela-investigacao\/"]}]},{"@type":"ImageObject","inLanguage":"pt-BR","@id":"https:\/\/psol50.org.br\/denuncia-contra-temer-sera-votada-nesta-quarta-no-plenario-da-camara-psol-votara-pela-investigacao\/#primaryimage","url":"","contentUrl":""},{"@type":"BreadcrumbList","@id":"https:\/\/psol50.org.br\/denuncia-contra-temer-sera-votada-nesta-quarta-no-plenario-da-camara-psol-votara-pela-investigacao\/#breadcrumb","itemListElement":[{"@type":"ListItem","position":1,"name":"In\u00edcio","item":"https:\/\/psol50.org.br\/"},{"@type":"ListItem","position":2,"name":"Den\u00fancia contra Temer ser\u00e1 votada nesta quarta no plen\u00e1rio da C\u00e2mara; PSOL votar\u00e1 pela investiga\u00e7\u00e3o"}]},{"@type":"WebSite","@id":"https:\/\/psol50.org.br\/#website","url":"https:\/\/psol50.org.br\/","name":"PSOL 50","description":"Site oficial do Partido Socialismo e Liberdade","publisher":{"@id":"https:\/\/psol50.org.br\/#organization"},"alternateName":"PSOL50","potentialAction":[{"@type":"SearchAction","target":{"@type":"EntryPoint","urlTemplate":"https:\/\/psol50.org.br\/?s={search_term_string}"},"query-input":{"@type":"PropertyValueSpecification","valueRequired":true,"valueName":"search_term_string"}}],"inLanguage":"pt-BR"},{"@type":"Organization","@id":"https:\/\/psol50.org.br\/#organization","name":"PSOL 50","alternateName":"PSOL 50","url":"https:\/\/psol50.org.br\/","logo":{"@type":"ImageObject","inLanguage":"pt-BR","@id":"https:\/\/psol50.org.br\/#\/schema\/logo\/image\/","url":"https:\/\/psol50.org.br\/inc\/uploads\/2018\/07\/capa.png","contentUrl":"https:\/\/psol50.org.br\/inc\/uploads\/2018\/07\/capa.png","width":1350,"height":900,"caption":"PSOL 50"},"image":{"@id":"https:\/\/psol50.org.br\/#\/schema\/logo\/image\/"},"sameAs":["https:\/\/www.facebook.com\/psol50","https:\/\/x.com\/psol50","https:\/\/www.instagram.com\/psol50\/","https:\/\/www.youtube.com\/channel\/UC7SnJS5o1os7a6CaiNabzcg"]},{"@type":"Person","@id":"https:\/\/psol50.org.br\/#\/schema\/person\/475dfa57d0b815993c714c2e96491fcd","name":"Comunica\u00e7\u00e3o PSOL","image":{"@type":"ImageObject","inLanguage":"pt-BR","@id":"https:\/\/psol50.org.br\/#\/schema\/person\/image\/","url":"https:\/\/secure.gravatar.com\/avatar\/b34fc4f4e468a4e51785917065a3db57b841f5c95dba6ad8c73aaf8f66f8f9bf?s=96&d=mm&r=g","contentUrl":"https:\/\/secure.gravatar.com\/avatar\/b34fc4f4e468a4e51785917065a3db57b841f5c95dba6ad8c73aaf8f66f8f9bf?s=96&d=mm&r=g","caption":"Comunica\u00e7\u00e3o PSOL"}}]}},"_links":{"self":[{"href":"https:\/\/psol50.org.br\/rest\/wp\/v2\/posts\/18645","targetHints":{"allow":["GET"]}}],"collection":[{"href":"https:\/\/psol50.org.br\/rest\/wp\/v2\/posts"}],"about":[{"href":"https:\/\/psol50.org.br\/rest\/wp\/v2\/types\/post"}],"author":[{"embeddable":true,"href":"https:\/\/psol50.org.br\/rest\/wp\/v2\/users\/2"}],"replies":[{"embeddable":true,"href":"https:\/\/psol50.org.br\/rest\/wp\/v2\/comments?post=18645"}],"version-history":[{"count":0,"href":"https:\/\/psol50.org.br\/rest\/wp\/v2\/posts\/18645\/revisions"}],"wp:featuredmedia":[{"embeddable":true,"href":"https:\/\/psol50.org.br\/rest\/"}],"wp:attachment":[{"href":"https:\/\/psol50.org.br\/rest\/wp\/v2\/media?parent=18645"}],"wp:term":[{"taxonomy":"category","embeddable":true,"href":"https:\/\/psol50.org.br\/rest\/wp\/v2\/categories?post=18645"},{"taxonomy":"post_tag","embeddable":true,"href":"https:\/\/psol50.org.br\/rest\/wp\/v2\/tags?post=18645"}],"curies":[{"name":"wp","href":"https:\/\/api.w.org\/{rel}","templated":true}]}}