{"id":18649,"date":"2017-10-24T11:01:05","date_gmt":"2017-10-24T13:01:05","guid":{"rendered":"http:\/\/www.psol50.org.br\/?p=18649"},"modified":"2017-10-24T11:01:05","modified_gmt":"2017-10-24T13:01:05","slug":"argumento-do-deficit-e-terrorismo-do-governo-ilegitimo-comenta-ivan-valente-sobre-parecer-da-cpi-da-previdencia","status":"publish","type":"post","link":"https:\/\/psol50.org.br\/argumento-do-deficit-e-terrorismo-do-governo-ilegitimo-comenta-ivan-valente-sobre-parecer-da-cpi-da-previdencia\/","title":{"rendered":"Argumento do d\u00e9ficit \u00e9 terrorismo do governo ileg\u00edtimo, comenta Ivan Valente, sobre parecer da CPI da Previd\u00eancia"},"content":{"rendered":"<p>O <a href=\"http:\/\/www.psol50.org.br\/inc\/uploads\/2017\/10\/Relat\u00f3rio-Final_CPIPREV.pdf\" target=\"_blank\" rel=\"noopener\"><strong><span style=\"color: #0000ff;\">relat\u00f3rio final da CPI da Previd\u00eancia<\/span><\/strong><\/a>, realizada no \u00e2mbito do Senado Federal, foi apresentado nesta segunda-feira (23\/10), pelo relator H\u00e9lio Jos\u00e9, confirmando o que o PSOL e especialistas no assunto j\u00e1 afirmam desde sempre: a Previd\u00eancia Social n\u00e3o \u00e9 deficit\u00e1ria.<\/p>\n<p>O documento final \u00e9 fruto de um trabalho que vem senado realizado desde abril deste ano, que contou com 26 audi\u00eancias p\u00fablicas sobre o tema e ouviu mais de 140 pessoas, como representantes de \u00f3rg\u00e3os governamentais, sindicatos, associa\u00e7\u00f5es, empresas, membros do Minist\u00e9rio P\u00fablico e da Justi\u00e7a do Trabalho, deputados, auditores, especialistas, professores e outros.<\/p>\n<p>Na avalia\u00e7\u00e3o do deputado <a href=\"https:\/\/www.facebook.com\/IvanValentePSOL\/?ref=br_rs\" target=\"_blank\" rel=\"noopener\"><strong><span style=\"color: #0000ff;\">Ivan Valente<\/span><\/strong><\/a> (PSOL-SP), ao comentar o resultado da CPI, o argumento falacioso do governo federal para justificar a reforma da Previd\u00eancia, contida na Proposta de Emenda \u00e0 Constitui\u00e7\u00e3o (PEC) n\u00ba 287\/2016, \u00e9 terrorismo. &#8220;Faz tempo que estamos apontando a mentira de Temer sobre o suposto &#8216;rombo&#8217; na Previd\u00eancia. Depois de 26 audi\u00eancias p\u00fablicas, o relat\u00f3rio final da CPI no Senado refor\u00e7a que o &#8216;deficit&#8217; se tratava de terrorismo de um presidente corrupto que quer retirar a aposentadoria de milh\u00f5es de brasileiros&#8221;, afirmou.<\/p>\n<p>Sem data ainda para a vota\u00e7\u00e3o do relat\u00f3rio, com pedido de vista coletivo apresentado ap\u00f3s a leitura, a previs\u00e3o \u00e9 que os trabalhos da CPI se encerrem em 6 de novembro, conforme afirmou o presidente, senador Paulo Paim. Entre as propostas apresentadas est\u00e1 a de aumentar para R$ 9.370,00 o teto dos benef\u00edcios do Regime Geral da Previd\u00eancia Social (RGPS), que atualmente \u00e9 de R$ 5.531,31.<\/p>\n<p>O documento aponta, ainda, que empresas de diversos setores da economia devem\u00a0R$ 450 bilh\u00f5es \u00e0 Previd\u00eancia e, de acordo com a Procuradoria da Fazenda Nacional, somente R$ 175 bilh\u00f5es correspondem a d\u00e9bitos recuper\u00e1veis. Segundo as explica\u00e7\u00f5es do relator, o d\u00e9bito decorre do n\u00e3o repasse das contribui\u00e7\u00f5es dos empregadores, mas tamb\u00e9m da pr\u00e1tica empresarial de reter a parcela contributiva dos trabalhadores, &#8220;o que configura um duplo malogro; pois, al\u00e9m de n\u00e3o repassar o dinheiro \u00e0 previd\u00eancia esses empres\u00e1rios embolsam recursos que n\u00e3o lhes pertencem&#8221;, explicou.<\/p>\n<p>No total, s\u00e3o 253 p\u00e1ginas sobre o tema, mostrando graves erros na proposta de reforma do governo de Michel Temer. A CPI\u00a0sugere emendas \u00e0 Constitui\u00e7\u00e3o e projetos de lei e indica uma s\u00e9rie de provid\u00eancias a serem tomadas para o equil\u00edbrio do sistema previdenci\u00e1rio brasileiro, como mecanismos de combate \u00e0s fraudes, mais rigor na cobran\u00e7a dos grandes devedores e o fim do desvio de recursos para outros setores.<\/p>\n<p>O relat\u00f3rio alega haver inconsist\u00eancia de dados e de informa\u00e7\u00f5es anunciadas pelo Poder Executivo, que &#8220;desenham um futuro aterrorizante e totalmente inveross\u00edmil\u201d, com o intuito de acabar com a previd\u00eancia p\u00fablica e criar um campo para atua\u00e7\u00e3o das empresas privadas. Na avalia\u00e7\u00e3o do relator, \u00e9 inadmiss\u00edvel qualquer discuss\u00e3o sobre a ocorr\u00eancia de d\u00e9ficit sem a pr\u00e9via corre\u00e7\u00e3o das distor\u00e7\u00f5es relativas ao financiamento do sistema.<\/p>\n<p>Ivan Valente tamb\u00e9m enumera algumas sa\u00eddas, que n\u00e3o seja a reforma proposta por Temer. &#8220;Corrigir distor\u00e7\u00f5es, combater a sonega\u00e7\u00e3o, impedir a DRU e os Refis s\u00e3o maneiras de se equilibrar as contas da Previd\u00eancia. Acabar com os\u00a0<span class=\"text_exposed_show\">direitos dos trabalhadores n\u00e3o&#8221;.<\/span><\/p>\n<p>A auditoria da Receita Federal aposentada e coordenadora da Auditoria Cidad\u00e3 da D\u00edvida, Maria L\u00facia Fatorelli, tamb\u00e9m comenta o relat\u00f3rio final da CPI da Previd\u00eancia, destacando o que ela mesma vem dizendo desde que a reforma fora apresentada: &#8220;Henrique Meireles (ministro da Fazenda) e companhia ter\u00e3o que confessar que a reforma da Previd\u00eancia visa cortar direitos para destinar mais dinheiro ainda para os juros da chamada d\u00edvida p\u00fablica que nunca foi auditada&#8221;.<\/p>\n","protected":false},"excerpt":{"rendered":"<p>O relat\u00f3rio final da CPI da Previd\u00eancia, realizada no \u00e2mbito do Senado Federal, foi apresentado nesta segunda-feira (23\/10), pelo relator H\u00e9lio Jos\u00e9, confirmando o que o PSOL e especialistas no assunto j\u00e1 afirmam desde sempre: a Previd\u00eancia Social n\u00e3o \u00e9 deficit\u00e1ria. O documento final \u00e9 fruto de um trabalho que vem senado realizado desde abril [&hellip;]<\/p>\n","protected":false},"author":2,"featured_media":18651,"comment_status":"open","ping_status":"open","sticky":false,"template":"","format":"standard","meta":{"_acf_changed":false,"footnotes":""},"categories":[10,1882,6],"tags":[3693,2869,387,552,3694,1748,2836,3695,39,3696,2431,3697],"class_list":{"0":"post-18649","1":"post","2":"type-post","3":"status-publish","4":"format-standard","5":"has-post-thumbnail","7":"category-acao-parlamentares","8":"category-brasil","9":"category-noticias","10":"tag-cpi-da-previdencia","11":"tag-deficit","12":"tag-governo","13":"tag-ivan-valente","14":"tag-maria-lucia-fatorelli","15":"tag-michel-temer","16":"tag-parecer","17":"tag-previdencia-social","18":"tag-reforma-da-previdencia","19":"tag-rombo","20":"tag-senado-federal","21":"tag-senador-helio-jose"},"acf":[],"yoast_head":"<!-- This site is optimized with the Yoast SEO plugin v26.5 - https:\/\/yoast.com\/wordpress\/plugins\/seo\/ -->\n<title>Argumento do d\u00e9ficit \u00e9 terrorismo do governo ileg\u00edtimo, comenta Ivan Valente, sobre parecer da CPI da Previd\u00eancia - PSOL 50<\/title>\n<meta name=\"robots\" content=\"index, follow, max-snippet:-1, max-image-preview:large, max-video-preview:-1\" \/>\n<link rel=\"canonical\" href=\"https:\/\/psol50.org.br\/argumento-do-deficit-e-terrorismo-do-governo-ilegitimo-comenta-ivan-valente-sobre-parecer-da-cpi-da-previdencia\/\" \/>\n<meta property=\"og:locale\" content=\"pt_BR\" \/>\n<meta property=\"og:type\" content=\"article\" \/>\n<meta property=\"og:title\" content=\"Argumento do d\u00e9ficit \u00e9 terrorismo do governo ileg\u00edtimo, comenta Ivan Valente, sobre parecer da CPI da Previd\u00eancia - PSOL 50\" \/>\n<meta property=\"og:description\" content=\"O relat\u00f3rio final da CPI da Previd\u00eancia, realizada no \u00e2mbito do Senado Federal, foi apresentado nesta segunda-feira (23\/10), pelo relator H\u00e9lio Jos\u00e9, confirmando o que o PSOL e especialistas no assunto j\u00e1 afirmam desde sempre: a Previd\u00eancia Social n\u00e3o \u00e9 deficit\u00e1ria. O documento final \u00e9 fruto de um trabalho que vem senado realizado desde abril [&hellip;]\" \/>\n<meta property=\"og:url\" content=\"https:\/\/psol50.org.br\/argumento-do-deficit-e-terrorismo-do-governo-ilegitimo-comenta-ivan-valente-sobre-parecer-da-cpi-da-previdencia\/\" \/>\n<meta property=\"og:site_name\" content=\"PSOL 50\" \/>\n<meta property=\"article:publisher\" content=\"https:\/\/www.facebook.com\/psol50\" \/>\n<meta property=\"article:published_time\" content=\"2017-10-24T13:01:05+00:00\" \/>\n<meta property=\"og:image\" content=\"https:\/\/psol50.org.br\/inc\/uploads\/2018\/07\/capa.png\" \/>\n\t<meta property=\"og:image:width\" content=\"1350\" \/>\n\t<meta property=\"og:image:height\" content=\"900\" \/>\n\t<meta property=\"og:image:type\" content=\"image\/png\" \/>\n<meta name=\"author\" content=\"Comunica\u00e7\u00e3o PSOL\" \/>\n<meta name=\"twitter:card\" content=\"summary_large_image\" \/>\n<meta name=\"twitter:creator\" content=\"@psol50\" \/>\n<meta name=\"twitter:site\" content=\"@psol50\" \/>\n<meta name=\"twitter:label1\" content=\"Escrito por\" \/>\n\t<meta name=\"twitter:data1\" content=\"Comunica\u00e7\u00e3o PSOL\" \/>\n\t<meta name=\"twitter:label2\" content=\"Est. tempo de leitura\" \/>\n\t<meta name=\"twitter:data2\" content=\"3 minutos\" \/>\n<script type=\"application\/ld+json\" class=\"yoast-schema-graph\">{\"@context\":\"https:\/\/schema.org\",\"@graph\":[{\"@type\":\"Article\",\"@id\":\"https:\/\/psol50.org.br\/argumento-do-deficit-e-terrorismo-do-governo-ilegitimo-comenta-ivan-valente-sobre-parecer-da-cpi-da-previdencia\/#article\",\"isPartOf\":{\"@id\":\"https:\/\/psol50.org.br\/argumento-do-deficit-e-terrorismo-do-governo-ilegitimo-comenta-ivan-valente-sobre-parecer-da-cpi-da-previdencia\/\"},\"author\":{\"name\":\"Comunica\u00e7\u00e3o PSOL\",\"@id\":\"https:\/\/psol50.org.br\/#\/schema\/person\/475dfa57d0b815993c714c2e96491fcd\"},\"headline\":\"Argumento do d\u00e9ficit \u00e9 terrorismo do governo ileg\u00edtimo, comenta Ivan Valente, sobre parecer da CPI da Previd\u00eancia\",\"datePublished\":\"2017-10-24T13:01:05+00:00\",\"mainEntityOfPage\":{\"@id\":\"https:\/\/psol50.org.br\/argumento-do-deficit-e-terrorismo-do-governo-ilegitimo-comenta-ivan-valente-sobre-parecer-da-cpi-da-previdencia\/\"},\"wordCount\":660,\"commentCount\":0,\"publisher\":{\"@id\":\"https:\/\/psol50.org.br\/#organization\"},\"image\":{\"@id\":\"https:\/\/psol50.org.br\/argumento-do-deficit-e-terrorismo-do-governo-ilegitimo-comenta-ivan-valente-sobre-parecer-da-cpi-da-previdencia\/#primaryimage\"},\"thumbnailUrl\":\"\",\"keywords\":[\"CPI da Previd\u00eancia\",\"d\u00e9ficit\",\"governo\",\"Ivan Valente\",\"Maria L\u00facia Fatorelli\",\"Michel Temer\",\"parecer\",\"Previd\u00eancia Social\",\"reforma da previd\u00eancia\",\"rombo\",\"Senado Federal\",\"senador H\u00e9lio Jos\u00e9\"],\"articleSection\":[\"A\u00e7\u00e3o Parlamentar\",\"Brasil\",\"Not\u00edcias\"],\"inLanguage\":\"pt-BR\",\"potentialAction\":[{\"@type\":\"CommentAction\",\"name\":\"Comment\",\"target\":[\"https:\/\/psol50.org.br\/argumento-do-deficit-e-terrorismo-do-governo-ilegitimo-comenta-ivan-valente-sobre-parecer-da-cpi-da-previdencia\/#respond\"]}]},{\"@type\":\"WebPage\",\"@id\":\"https:\/\/psol50.org.br\/argumento-do-deficit-e-terrorismo-do-governo-ilegitimo-comenta-ivan-valente-sobre-parecer-da-cpi-da-previdencia\/\",\"url\":\"https:\/\/psol50.org.br\/argumento-do-deficit-e-terrorismo-do-governo-ilegitimo-comenta-ivan-valente-sobre-parecer-da-cpi-da-previdencia\/\",\"name\":\"Argumento do d\u00e9ficit \u00e9 terrorismo do governo ileg\u00edtimo, comenta Ivan Valente, sobre parecer da CPI da Previd\u00eancia - PSOL 50\",\"isPartOf\":{\"@id\":\"https:\/\/psol50.org.br\/#website\"},\"primaryImageOfPage\":{\"@id\":\"https:\/\/psol50.org.br\/argumento-do-deficit-e-terrorismo-do-governo-ilegitimo-comenta-ivan-valente-sobre-parecer-da-cpi-da-previdencia\/#primaryimage\"},\"image\":{\"@id\":\"https:\/\/psol50.org.br\/argumento-do-deficit-e-terrorismo-do-governo-ilegitimo-comenta-ivan-valente-sobre-parecer-da-cpi-da-previdencia\/#primaryimage\"},\"thumbnailUrl\":\"\",\"datePublished\":\"2017-10-24T13:01:05+00:00\",\"breadcrumb\":{\"@id\":\"https:\/\/psol50.org.br\/argumento-do-deficit-e-terrorismo-do-governo-ilegitimo-comenta-ivan-valente-sobre-parecer-da-cpi-da-previdencia\/#breadcrumb\"},\"inLanguage\":\"pt-BR\",\"potentialAction\":[{\"@type\":\"ReadAction\",\"target\":[\"https:\/\/psol50.org.br\/argumento-do-deficit-e-terrorismo-do-governo-ilegitimo-comenta-ivan-valente-sobre-parecer-da-cpi-da-previdencia\/\"]}]},{\"@type\":\"ImageObject\",\"inLanguage\":\"pt-BR\",\"@id\":\"https:\/\/psol50.org.br\/argumento-do-deficit-e-terrorismo-do-governo-ilegitimo-comenta-ivan-valente-sobre-parecer-da-cpi-da-previdencia\/#primaryimage\",\"url\":\"\",\"contentUrl\":\"\"},{\"@type\":\"BreadcrumbList\",\"@id\":\"https:\/\/psol50.org.br\/argumento-do-deficit-e-terrorismo-do-governo-ilegitimo-comenta-ivan-valente-sobre-parecer-da-cpi-da-previdencia\/#breadcrumb\",\"itemListElement\":[{\"@type\":\"ListItem\",\"position\":1,\"name\":\"In\u00edcio\",\"item\":\"https:\/\/psol50.org.br\/\"},{\"@type\":\"ListItem\",\"position\":2,\"name\":\"Argumento do d\u00e9ficit \u00e9 terrorismo do governo ileg\u00edtimo, comenta Ivan Valente, sobre parecer da CPI da Previd\u00eancia\"}]},{\"@type\":\"WebSite\",\"@id\":\"https:\/\/psol50.org.br\/#website\",\"url\":\"https:\/\/psol50.org.br\/\",\"name\":\"PSOL 50\",\"description\":\"Site oficial do Partido Socialismo e Liberdade\",\"publisher\":{\"@id\":\"https:\/\/psol50.org.br\/#organization\"},\"alternateName\":\"PSOL50\",\"potentialAction\":[{\"@type\":\"SearchAction\",\"target\":{\"@type\":\"EntryPoint\",\"urlTemplate\":\"https:\/\/psol50.org.br\/?s={search_term_string}\"},\"query-input\":{\"@type\":\"PropertyValueSpecification\",\"valueRequired\":true,\"valueName\":\"search_term_string\"}}],\"inLanguage\":\"pt-BR\"},{\"@type\":\"Organization\",\"@id\":\"https:\/\/psol50.org.br\/#organization\",\"name\":\"PSOL 50\",\"alternateName\":\"PSOL 50\",\"url\":\"https:\/\/psol50.org.br\/\",\"logo\":{\"@type\":\"ImageObject\",\"inLanguage\":\"pt-BR\",\"@id\":\"https:\/\/psol50.org.br\/#\/schema\/logo\/image\/\",\"url\":\"https:\/\/psol50.org.br\/inc\/uploads\/2018\/07\/capa.png\",\"contentUrl\":\"https:\/\/psol50.org.br\/inc\/uploads\/2018\/07\/capa.png\",\"width\":1350,\"height\":900,\"caption\":\"PSOL 50\"},\"image\":{\"@id\":\"https:\/\/psol50.org.br\/#\/schema\/logo\/image\/\"},\"sameAs\":[\"https:\/\/www.facebook.com\/psol50\",\"https:\/\/x.com\/psol50\",\"https:\/\/www.instagram.com\/psol50\/\",\"https:\/\/www.youtube.com\/channel\/UC7SnJS5o1os7a6CaiNabzcg\"]},{\"@type\":\"Person\",\"@id\":\"https:\/\/psol50.org.br\/#\/schema\/person\/475dfa57d0b815993c714c2e96491fcd\",\"name\":\"Comunica\u00e7\u00e3o PSOL\",\"image\":{\"@type\":\"ImageObject\",\"inLanguage\":\"pt-BR\",\"@id\":\"https:\/\/psol50.org.br\/#\/schema\/person\/image\/\",\"url\":\"https:\/\/secure.gravatar.com\/avatar\/b34fc4f4e468a4e51785917065a3db57b841f5c95dba6ad8c73aaf8f66f8f9bf?s=96&d=mm&r=g\",\"contentUrl\":\"https:\/\/secure.gravatar.com\/avatar\/b34fc4f4e468a4e51785917065a3db57b841f5c95dba6ad8c73aaf8f66f8f9bf?s=96&d=mm&r=g\",\"caption\":\"Comunica\u00e7\u00e3o PSOL\"}}]}<\/script>\n<!-- \/ Yoast SEO plugin. -->","yoast_head_json":{"title":"Argumento do d\u00e9ficit \u00e9 terrorismo do governo ileg\u00edtimo, comenta Ivan Valente, sobre parecer da CPI da Previd\u00eancia - PSOL 50","robots":{"index":"index","follow":"follow","max-snippet":"max-snippet:-1","max-image-preview":"max-image-preview:large","max-video-preview":"max-video-preview:-1"},"canonical":"https:\/\/psol50.org.br\/argumento-do-deficit-e-terrorismo-do-governo-ilegitimo-comenta-ivan-valente-sobre-parecer-da-cpi-da-previdencia\/","og_locale":"pt_BR","og_type":"article","og_title":"Argumento do d\u00e9ficit \u00e9 terrorismo do governo ileg\u00edtimo, comenta Ivan Valente, sobre parecer da CPI da Previd\u00eancia - PSOL 50","og_description":"O relat\u00f3rio final da CPI da Previd\u00eancia, realizada no \u00e2mbito do Senado Federal, foi apresentado nesta segunda-feira (23\/10), pelo relator H\u00e9lio Jos\u00e9, confirmando o que o PSOL e especialistas no assunto j\u00e1 afirmam desde sempre: a Previd\u00eancia Social n\u00e3o \u00e9 deficit\u00e1ria. O documento final \u00e9 fruto de um trabalho que vem senado realizado desde abril [&hellip;]","og_url":"https:\/\/psol50.org.br\/argumento-do-deficit-e-terrorismo-do-governo-ilegitimo-comenta-ivan-valente-sobre-parecer-da-cpi-da-previdencia\/","og_site_name":"PSOL 50","article_publisher":"https:\/\/www.facebook.com\/psol50","article_published_time":"2017-10-24T13:01:05+00:00","og_image":[{"width":1350,"height":900,"url":"https:\/\/psol50.org.br\/inc\/uploads\/2018\/07\/capa.png","type":"image\/png"}],"author":"Comunica\u00e7\u00e3o PSOL","twitter_card":"summary_large_image","twitter_creator":"@psol50","twitter_site":"@psol50","twitter_misc":{"Escrito por":"Comunica\u00e7\u00e3o PSOL","Est. tempo de leitura":"3 minutos"},"schema":{"@context":"https:\/\/schema.org","@graph":[{"@type":"Article","@id":"https:\/\/psol50.org.br\/argumento-do-deficit-e-terrorismo-do-governo-ilegitimo-comenta-ivan-valente-sobre-parecer-da-cpi-da-previdencia\/#article","isPartOf":{"@id":"https:\/\/psol50.org.br\/argumento-do-deficit-e-terrorismo-do-governo-ilegitimo-comenta-ivan-valente-sobre-parecer-da-cpi-da-previdencia\/"},"author":{"name":"Comunica\u00e7\u00e3o PSOL","@id":"https:\/\/psol50.org.br\/#\/schema\/person\/475dfa57d0b815993c714c2e96491fcd"},"headline":"Argumento do d\u00e9ficit \u00e9 terrorismo do governo ileg\u00edtimo, comenta Ivan Valente, sobre parecer da CPI da Previd\u00eancia","datePublished":"2017-10-24T13:01:05+00:00","mainEntityOfPage":{"@id":"https:\/\/psol50.org.br\/argumento-do-deficit-e-terrorismo-do-governo-ilegitimo-comenta-ivan-valente-sobre-parecer-da-cpi-da-previdencia\/"},"wordCount":660,"commentCount":0,"publisher":{"@id":"https:\/\/psol50.org.br\/#organization"},"image":{"@id":"https:\/\/psol50.org.br\/argumento-do-deficit-e-terrorismo-do-governo-ilegitimo-comenta-ivan-valente-sobre-parecer-da-cpi-da-previdencia\/#primaryimage"},"thumbnailUrl":"","keywords":["CPI da Previd\u00eancia","d\u00e9ficit","governo","Ivan Valente","Maria L\u00facia Fatorelli","Michel Temer","parecer","Previd\u00eancia Social","reforma da previd\u00eancia","rombo","Senado Federal","senador H\u00e9lio Jos\u00e9"],"articleSection":["A\u00e7\u00e3o Parlamentar","Brasil","Not\u00edcias"],"inLanguage":"pt-BR","potentialAction":[{"@type":"CommentAction","name":"Comment","target":["https:\/\/psol50.org.br\/argumento-do-deficit-e-terrorismo-do-governo-ilegitimo-comenta-ivan-valente-sobre-parecer-da-cpi-da-previdencia\/#respond"]}]},{"@type":"WebPage","@id":"https:\/\/psol50.org.br\/argumento-do-deficit-e-terrorismo-do-governo-ilegitimo-comenta-ivan-valente-sobre-parecer-da-cpi-da-previdencia\/","url":"https:\/\/psol50.org.br\/argumento-do-deficit-e-terrorismo-do-governo-ilegitimo-comenta-ivan-valente-sobre-parecer-da-cpi-da-previdencia\/","name":"Argumento do d\u00e9ficit \u00e9 terrorismo do governo ileg\u00edtimo, comenta Ivan Valente, sobre parecer da CPI da Previd\u00eancia - PSOL 50","isPartOf":{"@id":"https:\/\/psol50.org.br\/#website"},"primaryImageOfPage":{"@id":"https:\/\/psol50.org.br\/argumento-do-deficit-e-terrorismo-do-governo-ilegitimo-comenta-ivan-valente-sobre-parecer-da-cpi-da-previdencia\/#primaryimage"},"image":{"@id":"https:\/\/psol50.org.br\/argumento-do-deficit-e-terrorismo-do-governo-ilegitimo-comenta-ivan-valente-sobre-parecer-da-cpi-da-previdencia\/#primaryimage"},"thumbnailUrl":"","datePublished":"2017-10-24T13:01:05+00:00","breadcrumb":{"@id":"https:\/\/psol50.org.br\/argumento-do-deficit-e-terrorismo-do-governo-ilegitimo-comenta-ivan-valente-sobre-parecer-da-cpi-da-previdencia\/#breadcrumb"},"inLanguage":"pt-BR","potentialAction":[{"@type":"ReadAction","target":["https:\/\/psol50.org.br\/argumento-do-deficit-e-terrorismo-do-governo-ilegitimo-comenta-ivan-valente-sobre-parecer-da-cpi-da-previdencia\/"]}]},{"@type":"ImageObject","inLanguage":"pt-BR","@id":"https:\/\/psol50.org.br\/argumento-do-deficit-e-terrorismo-do-governo-ilegitimo-comenta-ivan-valente-sobre-parecer-da-cpi-da-previdencia\/#primaryimage","url":"","contentUrl":""},{"@type":"BreadcrumbList","@id":"https:\/\/psol50.org.br\/argumento-do-deficit-e-terrorismo-do-governo-ilegitimo-comenta-ivan-valente-sobre-parecer-da-cpi-da-previdencia\/#breadcrumb","itemListElement":[{"@type":"ListItem","position":1,"name":"In\u00edcio","item":"https:\/\/psol50.org.br\/"},{"@type":"ListItem","position":2,"name":"Argumento do d\u00e9ficit \u00e9 terrorismo do governo ileg\u00edtimo, comenta Ivan Valente, sobre parecer da CPI da Previd\u00eancia"}]},{"@type":"WebSite","@id":"https:\/\/psol50.org.br\/#website","url":"https:\/\/psol50.org.br\/","name":"PSOL 50","description":"Site oficial do Partido Socialismo e Liberdade","publisher":{"@id":"https:\/\/psol50.org.br\/#organization"},"alternateName":"PSOL50","potentialAction":[{"@type":"SearchAction","target":{"@type":"EntryPoint","urlTemplate":"https:\/\/psol50.org.br\/?s={search_term_string}"},"query-input":{"@type":"PropertyValueSpecification","valueRequired":true,"valueName":"search_term_string"}}],"inLanguage":"pt-BR"},{"@type":"Organization","@id":"https:\/\/psol50.org.br\/#organization","name":"PSOL 50","alternateName":"PSOL 50","url":"https:\/\/psol50.org.br\/","logo":{"@type":"ImageObject","inLanguage":"pt-BR","@id":"https:\/\/psol50.org.br\/#\/schema\/logo\/image\/","url":"https:\/\/psol50.org.br\/inc\/uploads\/2018\/07\/capa.png","contentUrl":"https:\/\/psol50.org.br\/inc\/uploads\/2018\/07\/capa.png","width":1350,"height":900,"caption":"PSOL 50"},"image":{"@id":"https:\/\/psol50.org.br\/#\/schema\/logo\/image\/"},"sameAs":["https:\/\/www.facebook.com\/psol50","https:\/\/x.com\/psol50","https:\/\/www.instagram.com\/psol50\/","https:\/\/www.youtube.com\/channel\/UC7SnJS5o1os7a6CaiNabzcg"]},{"@type":"Person","@id":"https:\/\/psol50.org.br\/#\/schema\/person\/475dfa57d0b815993c714c2e96491fcd","name":"Comunica\u00e7\u00e3o PSOL","image":{"@type":"ImageObject","inLanguage":"pt-BR","@id":"https:\/\/psol50.org.br\/#\/schema\/person\/image\/","url":"https:\/\/secure.gravatar.com\/avatar\/b34fc4f4e468a4e51785917065a3db57b841f5c95dba6ad8c73aaf8f66f8f9bf?s=96&d=mm&r=g","contentUrl":"https:\/\/secure.gravatar.com\/avatar\/b34fc4f4e468a4e51785917065a3db57b841f5c95dba6ad8c73aaf8f66f8f9bf?s=96&d=mm&r=g","caption":"Comunica\u00e7\u00e3o PSOL"}}]}},"_links":{"self":[{"href":"https:\/\/psol50.org.br\/rest\/wp\/v2\/posts\/18649","targetHints":{"allow":["GET"]}}],"collection":[{"href":"https:\/\/psol50.org.br\/rest\/wp\/v2\/posts"}],"about":[{"href":"https:\/\/psol50.org.br\/rest\/wp\/v2\/types\/post"}],"author":[{"embeddable":true,"href":"https:\/\/psol50.org.br\/rest\/wp\/v2\/users\/2"}],"replies":[{"embeddable":true,"href":"https:\/\/psol50.org.br\/rest\/wp\/v2\/comments?post=18649"}],"version-history":[{"count":0,"href":"https:\/\/psol50.org.br\/rest\/wp\/v2\/posts\/18649\/revisions"}],"wp:featuredmedia":[{"embeddable":true,"href":"https:\/\/psol50.org.br\/rest\/"}],"wp:attachment":[{"href":"https:\/\/psol50.org.br\/rest\/wp\/v2\/media?parent=18649"}],"wp:term":[{"taxonomy":"category","embeddable":true,"href":"https:\/\/psol50.org.br\/rest\/wp\/v2\/categories?post=18649"},{"taxonomy":"post_tag","embeddable":true,"href":"https:\/\/psol50.org.br\/rest\/wp\/v2\/tags?post=18649"}],"curies":[{"name":"wp","href":"https:\/\/api.w.org\/{rel}","templated":true}]}}