{"id":18653,"date":"2017-10-24T12:25:44","date_gmt":"2017-10-24T14:25:44","guid":{"rendered":"http:\/\/www.psol50.org.br\/?p=18653"},"modified":"2017-10-24T12:25:44","modified_gmt":"2017-10-24T14:25:44","slug":"sem-a-revolucao-russa-os-direitos-que-nos-temos-hoje-nao-existiriam-disse-presidente-do-psol-durante-homenagem","status":"publish","type":"post","link":"https:\/\/psol50.org.br\/sem-a-revolucao-russa-os-direitos-que-nos-temos-hoje-nao-existiriam-disse-presidente-do-psol-durante-homenagem\/","title":{"rendered":"&#8220;Sem a Revolu\u00e7\u00e3o Russa, os direitos que temos hoje n\u00e3o existiriam&#8221;, disse presidente do PSOL, durante homenagem"},"content":{"rendered":"<p>O plen\u00e1rio da C\u00e2mara dos Deputados teve uma manh\u00e3 at\u00edpica nesta ter\u00e7a-feira (24\/10), especialmente em se tratando do Parlamento mais conservador p\u00f3s ditadura civil\/militar. Em sess\u00e3o solene, o PSOL, com o apoio do PCdoB e do PT, realizou uma bela e emocionada homenagem aos 100 anos da Revolu\u00e7\u00e3o Russa, cujo auge se deu 25 de outubro (7 de novembro no calend\u00e1rio ocidental) de 1917, culminando na cria\u00e7\u00e3o da antiga Uni\u00e3o Sovi\u00e9tica.<\/p>\n<p>Autor da iniciativa, o deputado Chico Alencar (PSOL-RJ), ao abrir a celebra\u00e7\u00e3o, fez uma an\u00e1lise hist\u00f3rica do processo revolucion\u00e1rio, iniciado em fevereiro daquele ano, sob a lideran\u00e7a de Vladimir Lenin, que com a derrubada do regime czarista estabeleceu o poder sovi\u00e9tico sob o controle do partido Bolchevique. Al\u00e9m disso, retomou o verdadeiro conceito de revolu\u00e7\u00e3o. &#8220;O que significa <em>latu sensu<\/em> uma revolu\u00e7\u00e3o? Uma tomada do poder pol\u00edtico, a partir de um processo longo, que cria uma nova rela\u00e7\u00e3o entre as classes sociais e, de maneira substantiva, altera as rela\u00e7\u00f5es de poder. Fora disso n\u00e3o \u00e9 revolu\u00e7\u00e3o&#8221;.<\/p>\n<p>Ele destacou que o fato ocorrido na R\u00fassia representou, efetivamente, mudan\u00e7a profunda na hist\u00f3ria pol\u00edtica e econ\u00f4mica da regi\u00e3o. &#8220;O que ocorreu em 1917, que come\u00e7ou em 1905, que come\u00e7ou ainda bem antes, foi um processo que representou, de fato, mudan\u00e7a profunda nas rela\u00e7\u00f5es de poder. N\u00e3o era pouca coisa afastar, definitivamente, os 300 anos da dinastia, da aristocracia, da oligarquia do cazarismo&#8221;.<\/p>\n<figure id=\"attachment_18655\" aria-describedby=\"caption-attachment-18655\" style=\"width: 600px\" class=\"wp-caption aligncenter\"><img loading=\"lazy\" decoding=\"async\" class=\"wp-image-18655 size-medium\" src=\"http:\/\/www.psol50.org.br\/inc\/uploads\/2017\/10\/Chico_Sess\u00e3o_Revolu\u00e7\u00e3o_Russa-600x400.jpg\" alt=\"\" width=\"600\" height=\"400\" \/><figcaption id=\"caption-attachment-18655\" class=\"wp-caption-text\">Foto: <em>PSOL na C\u00e2mara<\/em><\/figcaption><\/figure>\n<p>Tamb\u00e9m participaram, como convidados, a representante da Funda\u00e7\u00e3o Maur\u00edcio Grabois, Ana Maria Prestes; o presidente nacional do PSOL, Luiz Ara\u00fajo; e o professor titular do IFSP (Instituto Federal de S\u00e3o Paulo), Valerio Arcary. Pelo <a href=\"https:\/\/www.facebook.com\/psolnacamara\/\" target=\"_blank\" rel=\"noopener\"><strong><span style=\"color: #0000ff;\">PSOL na C\u00e2mara<\/span><\/strong><\/a>, falaram os deputados Edmilson Rodrigues (PA) e Glauber Braga (RJ), al\u00e9m de deputadas e deputados do PCdoB e do PT.<\/p>\n<p>&#8220;Cem anos ainda \u00e9 um tempo muito pequeno. Mas n\u00e3o \u00e9 poss\u00edvel falar do mundo do S\u00e9culo XX e do nosso mundo do S\u00e9culo XXI sem falar das li\u00e7\u00f5es da Revolu\u00e7\u00e3o Russa. Primeiro, porque o seu exemplo arrastou e inspirou revolu\u00e7\u00f5es em todo o mundo. \u00c9 poss\u00edvel dizer que Prestes (Luiz Carlos Prestes) e tudo que ele representa para o Brasil n\u00e3o existiriam se n\u00e3o fosse a Revolu\u00e7\u00e3o Russa. N\u00e3o porque o abrigou, mas pelo exemplo que o inspirou. E inspirou a sua gera\u00e7\u00e3o e outras gera\u00e7\u00f5es&#8221;, disse Luiz Ara\u00fajo.<\/p>\n<p>O presidente do PSOL destacou, ainda, o que ele chamou de um outro lado da hist\u00f3ria em rela\u00e7\u00e3o ao processo vivido pela classe trabalhadora da antiga Uni\u00e3o Sovi\u00e9tica. Os direitos conquistados no resto do mundo. &#8220;Sem a Revolu\u00e7\u00e3o Russa, os direitos sociais que n\u00f3s temos hoje n\u00e3o existiriam. Porque ela inspirou a nossa luta e obrigou o capitalismo a fazer concess\u00f5es para nos sucumbir. As concess\u00f5es que n\u00f3s arrancamos vieram tamb\u00e9m do medo (do capitalismo) de que era poss\u00edvel construir um outro caminho. E que esse outro caminho era poss\u00edvel, real e existia. E essas transforma\u00e7\u00f5es que ocorreram foram inspiradas e consequ\u00eancias da Revolu\u00e7\u00e3o Russa&#8221;, pontuou.<\/p>\n<figure id=\"attachment_18656\" aria-describedby=\"caption-attachment-18656\" style=\"width: 600px\" class=\"wp-caption aligncenter\"><img loading=\"lazy\" decoding=\"async\" class=\"wp-image-18656 size-medium\" src=\"http:\/\/www.psol50.org.br\/inc\/uploads\/2017\/10\/LuizAra\u00fajo_PSOLCamara-600x400.jpg\" alt=\"\" width=\"600\" height=\"400\" \/><figcaption id=\"caption-attachment-18656\" class=\"wp-caption-text\">Foto: <em>PSOL na C\u00e2mara<\/em><\/figcaption><\/figure>\n<p>Confira, abaixo, a \u00edntegra da sess\u00e3o solene sobre os dez dias que abalaram o mundo.<\/p>\n<p>https:\/\/www.facebook.com\/psolnacamara\/videos\/1236790143091881\/<\/p>\n<p>&nbsp;<\/p>\n<p>&nbsp;<\/p>\n","protected":false},"excerpt":{"rendered":"<p>O plen\u00e1rio da C\u00e2mara dos Deputados teve uma manh\u00e3 at\u00edpica nesta ter\u00e7a-feira (24\/10), especialmente em se tratando do Parlamento mais conservador p\u00f3s ditadura civil\/militar. Em sess\u00e3o solene, o PSOL, com o apoio do PCdoB e do PT, realizou uma bela e emocionada homenagem aos 100 anos da Revolu\u00e7\u00e3o Russa, cujo auge se deu 25 de [&hellip;]<\/p>\n","protected":false},"author":2,"featured_media":18666,"comment_status":"open","ping_status":"open","sticky":false,"template":"","format":"standard","meta":{"_acf_changed":false,"footnotes":""},"categories":[10,1882,6],"tags":[1646,3698,1673,1680,1801,3699,22,2944,3700,3701,2399,3702],"class_list":{"0":"post-18653","1":"post","2":"type-post","3":"status-publish","4":"format-standard","5":"has-post-thumbnail","7":"category-acao-parlamentares","8":"category-brasil","9":"category-noticias","10":"tag-100-anos","11":"tag-ana-maria-prestes","12":"tag-centenario","13":"tag-chico-alencar","14":"tag-luiz-araujo","15":"tag-partido-bolchevique","16":"tag-psol","17":"tag-revolucao-russa","18":"tag-soviets","19":"tag-uniao-sovietica","20":"tag-valerio-arcary","21":"tag-vladimir-lenin"},"acf":[],"yoast_head":"<!-- This site is optimized with the Yoast SEO plugin v26.5 - https:\/\/yoast.com\/wordpress\/plugins\/seo\/ -->\n<title>&quot;Sem a Revolu\u00e7\u00e3o Russa, os direitos que temos hoje n\u00e3o existiriam&quot;, disse presidente do PSOL, durante homenagem - PSOL 50<\/title>\n<meta name=\"robots\" content=\"index, follow, max-snippet:-1, max-image-preview:large, max-video-preview:-1\" \/>\n<link rel=\"canonical\" href=\"https:\/\/psol50.org.br\/sem-a-revolucao-russa-os-direitos-que-nos-temos-hoje-nao-existiriam-disse-presidente-do-psol-durante-homenagem\/\" \/>\n<meta property=\"og:locale\" content=\"pt_BR\" \/>\n<meta property=\"og:type\" content=\"article\" \/>\n<meta property=\"og:title\" content=\"&quot;Sem a Revolu\u00e7\u00e3o Russa, os direitos que temos hoje n\u00e3o existiriam&quot;, disse presidente do PSOL, durante homenagem - PSOL 50\" \/>\n<meta property=\"og:description\" content=\"O plen\u00e1rio da C\u00e2mara dos Deputados teve uma manh\u00e3 at\u00edpica nesta ter\u00e7a-feira (24\/10), especialmente em se tratando do Parlamento mais conservador p\u00f3s ditadura civil\/militar. Em sess\u00e3o solene, o PSOL, com o apoio do PCdoB e do PT, realizou uma bela e emocionada homenagem aos 100 anos da Revolu\u00e7\u00e3o Russa, cujo auge se deu 25 de [&hellip;]\" \/>\n<meta property=\"og:url\" content=\"https:\/\/psol50.org.br\/sem-a-revolucao-russa-os-direitos-que-nos-temos-hoje-nao-existiriam-disse-presidente-do-psol-durante-homenagem\/\" \/>\n<meta property=\"og:site_name\" content=\"PSOL 50\" \/>\n<meta property=\"article:publisher\" content=\"https:\/\/www.facebook.com\/psol50\" \/>\n<meta property=\"article:published_time\" content=\"2017-10-24T14:25:44+00:00\" \/>\n<meta property=\"og:image\" content=\"https:\/\/psol50.org.br\/inc\/uploads\/2018\/07\/capa.png\" \/>\n\t<meta property=\"og:image:width\" content=\"1350\" \/>\n\t<meta property=\"og:image:height\" content=\"900\" \/>\n\t<meta property=\"og:image:type\" content=\"image\/png\" \/>\n<meta name=\"author\" content=\"Comunica\u00e7\u00e3o PSOL\" \/>\n<meta name=\"twitter:card\" content=\"summary_large_image\" \/>\n<meta name=\"twitter:creator\" content=\"@psol50\" \/>\n<meta name=\"twitter:site\" content=\"@psol50\" \/>\n<meta name=\"twitter:label1\" content=\"Escrito por\" \/>\n\t<meta name=\"twitter:data1\" content=\"Comunica\u00e7\u00e3o PSOL\" \/>\n\t<meta name=\"twitter:label2\" content=\"Est. tempo de leitura\" \/>\n\t<meta name=\"twitter:data2\" content=\"3 minutos\" \/>\n<script type=\"application\/ld+json\" class=\"yoast-schema-graph\">{\"@context\":\"https:\/\/schema.org\",\"@graph\":[{\"@type\":\"Article\",\"@id\":\"https:\/\/psol50.org.br\/sem-a-revolucao-russa-os-direitos-que-nos-temos-hoje-nao-existiriam-disse-presidente-do-psol-durante-homenagem\/#article\",\"isPartOf\":{\"@id\":\"https:\/\/psol50.org.br\/sem-a-revolucao-russa-os-direitos-que-nos-temos-hoje-nao-existiriam-disse-presidente-do-psol-durante-homenagem\/\"},\"author\":{\"name\":\"Comunica\u00e7\u00e3o PSOL\",\"@id\":\"https:\/\/psol50.org.br\/#\/schema\/person\/475dfa57d0b815993c714c2e96491fcd\"},\"headline\":\"&#8220;Sem a Revolu\u00e7\u00e3o Russa, os direitos que temos hoje n\u00e3o existiriam&#8221;, disse presidente do PSOL, durante homenagem\",\"datePublished\":\"2017-10-24T14:25:44+00:00\",\"mainEntityOfPage\":{\"@id\":\"https:\/\/psol50.org.br\/sem-a-revolucao-russa-os-direitos-que-nos-temos-hoje-nao-existiriam-disse-presidente-do-psol-durante-homenagem\/\"},\"wordCount\":613,\"commentCount\":0,\"publisher\":{\"@id\":\"https:\/\/psol50.org.br\/#organization\"},\"image\":{\"@id\":\"https:\/\/psol50.org.br\/sem-a-revolucao-russa-os-direitos-que-nos-temos-hoje-nao-existiriam-disse-presidente-do-psol-durante-homenagem\/#primaryimage\"},\"thumbnailUrl\":\"\",\"keywords\":[\"100 anos\",\"Ana Maria Prestes\",\"centen\u00e1rio\",\"Chico Alencar\",\"Luiz Ara\u00fajo\",\"Partido Bolchevique\",\"PSOL\",\"Revolu\u00e7\u00e3o Russa\",\"soviets\",\"Uni\u00e3o Sovi\u00e9tica\",\"Valerio Arcary\",\"Vladimir Lenin\"],\"articleSection\":[\"A\u00e7\u00e3o Parlamentar\",\"Brasil\",\"Not\u00edcias\"],\"inLanguage\":\"pt-BR\",\"potentialAction\":[{\"@type\":\"CommentAction\",\"name\":\"Comment\",\"target\":[\"https:\/\/psol50.org.br\/sem-a-revolucao-russa-os-direitos-que-nos-temos-hoje-nao-existiriam-disse-presidente-do-psol-durante-homenagem\/#respond\"]}]},{\"@type\":\"WebPage\",\"@id\":\"https:\/\/psol50.org.br\/sem-a-revolucao-russa-os-direitos-que-nos-temos-hoje-nao-existiriam-disse-presidente-do-psol-durante-homenagem\/\",\"url\":\"https:\/\/psol50.org.br\/sem-a-revolucao-russa-os-direitos-que-nos-temos-hoje-nao-existiriam-disse-presidente-do-psol-durante-homenagem\/\",\"name\":\"\\\"Sem a Revolu\u00e7\u00e3o Russa, os direitos que temos hoje n\u00e3o existiriam\\\", disse presidente do PSOL, durante homenagem - PSOL 50\",\"isPartOf\":{\"@id\":\"https:\/\/psol50.org.br\/#website\"},\"primaryImageOfPage\":{\"@id\":\"https:\/\/psol50.org.br\/sem-a-revolucao-russa-os-direitos-que-nos-temos-hoje-nao-existiriam-disse-presidente-do-psol-durante-homenagem\/#primaryimage\"},\"image\":{\"@id\":\"https:\/\/psol50.org.br\/sem-a-revolucao-russa-os-direitos-que-nos-temos-hoje-nao-existiriam-disse-presidente-do-psol-durante-homenagem\/#primaryimage\"},\"thumbnailUrl\":\"\",\"datePublished\":\"2017-10-24T14:25:44+00:00\",\"breadcrumb\":{\"@id\":\"https:\/\/psol50.org.br\/sem-a-revolucao-russa-os-direitos-que-nos-temos-hoje-nao-existiriam-disse-presidente-do-psol-durante-homenagem\/#breadcrumb\"},\"inLanguage\":\"pt-BR\",\"potentialAction\":[{\"@type\":\"ReadAction\",\"target\":[\"https:\/\/psol50.org.br\/sem-a-revolucao-russa-os-direitos-que-nos-temos-hoje-nao-existiriam-disse-presidente-do-psol-durante-homenagem\/\"]}]},{\"@type\":\"ImageObject\",\"inLanguage\":\"pt-BR\",\"@id\":\"https:\/\/psol50.org.br\/sem-a-revolucao-russa-os-direitos-que-nos-temos-hoje-nao-existiriam-disse-presidente-do-psol-durante-homenagem\/#primaryimage\",\"url\":\"\",\"contentUrl\":\"\"},{\"@type\":\"BreadcrumbList\",\"@id\":\"https:\/\/psol50.org.br\/sem-a-revolucao-russa-os-direitos-que-nos-temos-hoje-nao-existiriam-disse-presidente-do-psol-durante-homenagem\/#breadcrumb\",\"itemListElement\":[{\"@type\":\"ListItem\",\"position\":1,\"name\":\"In\u00edcio\",\"item\":\"https:\/\/psol50.org.br\/\"},{\"@type\":\"ListItem\",\"position\":2,\"name\":\"&#8220;Sem a Revolu\u00e7\u00e3o Russa, os direitos que temos hoje n\u00e3o existiriam&#8221;, disse presidente do PSOL, durante homenagem\"}]},{\"@type\":\"WebSite\",\"@id\":\"https:\/\/psol50.org.br\/#website\",\"url\":\"https:\/\/psol50.org.br\/\",\"name\":\"PSOL 50\",\"description\":\"Site oficial do Partido Socialismo e Liberdade\",\"publisher\":{\"@id\":\"https:\/\/psol50.org.br\/#organization\"},\"alternateName\":\"PSOL50\",\"potentialAction\":[{\"@type\":\"SearchAction\",\"target\":{\"@type\":\"EntryPoint\",\"urlTemplate\":\"https:\/\/psol50.org.br\/?s={search_term_string}\"},\"query-input\":{\"@type\":\"PropertyValueSpecification\",\"valueRequired\":true,\"valueName\":\"search_term_string\"}}],\"inLanguage\":\"pt-BR\"},{\"@type\":\"Organization\",\"@id\":\"https:\/\/psol50.org.br\/#organization\",\"name\":\"PSOL 50\",\"alternateName\":\"PSOL 50\",\"url\":\"https:\/\/psol50.org.br\/\",\"logo\":{\"@type\":\"ImageObject\",\"inLanguage\":\"pt-BR\",\"@id\":\"https:\/\/psol50.org.br\/#\/schema\/logo\/image\/\",\"url\":\"https:\/\/psol50.org.br\/inc\/uploads\/2018\/07\/capa.png\",\"contentUrl\":\"https:\/\/psol50.org.br\/inc\/uploads\/2018\/07\/capa.png\",\"width\":1350,\"height\":900,\"caption\":\"PSOL 50\"},\"image\":{\"@id\":\"https:\/\/psol50.org.br\/#\/schema\/logo\/image\/\"},\"sameAs\":[\"https:\/\/www.facebook.com\/psol50\",\"https:\/\/x.com\/psol50\",\"https:\/\/www.instagram.com\/psol50\/\",\"https:\/\/www.youtube.com\/channel\/UC7SnJS5o1os7a6CaiNabzcg\"]},{\"@type\":\"Person\",\"@id\":\"https:\/\/psol50.org.br\/#\/schema\/person\/475dfa57d0b815993c714c2e96491fcd\",\"name\":\"Comunica\u00e7\u00e3o PSOL\",\"image\":{\"@type\":\"ImageObject\",\"inLanguage\":\"pt-BR\",\"@id\":\"https:\/\/psol50.org.br\/#\/schema\/person\/image\/\",\"url\":\"https:\/\/secure.gravatar.com\/avatar\/b34fc4f4e468a4e51785917065a3db57b841f5c95dba6ad8c73aaf8f66f8f9bf?s=96&d=mm&r=g\",\"contentUrl\":\"https:\/\/secure.gravatar.com\/avatar\/b34fc4f4e468a4e51785917065a3db57b841f5c95dba6ad8c73aaf8f66f8f9bf?s=96&d=mm&r=g\",\"caption\":\"Comunica\u00e7\u00e3o PSOL\"}}]}<\/script>\n<!-- \/ Yoast SEO plugin. -->","yoast_head_json":{"title":"\"Sem a Revolu\u00e7\u00e3o Russa, os direitos que temos hoje n\u00e3o existiriam\", disse presidente do PSOL, durante homenagem - PSOL 50","robots":{"index":"index","follow":"follow","max-snippet":"max-snippet:-1","max-image-preview":"max-image-preview:large","max-video-preview":"max-video-preview:-1"},"canonical":"https:\/\/psol50.org.br\/sem-a-revolucao-russa-os-direitos-que-nos-temos-hoje-nao-existiriam-disse-presidente-do-psol-durante-homenagem\/","og_locale":"pt_BR","og_type":"article","og_title":"\"Sem a Revolu\u00e7\u00e3o Russa, os direitos que temos hoje n\u00e3o existiriam\", disse presidente do PSOL, durante homenagem - PSOL 50","og_description":"O plen\u00e1rio da C\u00e2mara dos Deputados teve uma manh\u00e3 at\u00edpica nesta ter\u00e7a-feira (24\/10), especialmente em se tratando do Parlamento mais conservador p\u00f3s ditadura civil\/militar. Em sess\u00e3o solene, o PSOL, com o apoio do PCdoB e do PT, realizou uma bela e emocionada homenagem aos 100 anos da Revolu\u00e7\u00e3o Russa, cujo auge se deu 25 de [&hellip;]","og_url":"https:\/\/psol50.org.br\/sem-a-revolucao-russa-os-direitos-que-nos-temos-hoje-nao-existiriam-disse-presidente-do-psol-durante-homenagem\/","og_site_name":"PSOL 50","article_publisher":"https:\/\/www.facebook.com\/psol50","article_published_time":"2017-10-24T14:25:44+00:00","og_image":[{"width":1350,"height":900,"url":"https:\/\/psol50.org.br\/inc\/uploads\/2018\/07\/capa.png","type":"image\/png"}],"author":"Comunica\u00e7\u00e3o PSOL","twitter_card":"summary_large_image","twitter_creator":"@psol50","twitter_site":"@psol50","twitter_misc":{"Escrito por":"Comunica\u00e7\u00e3o PSOL","Est. tempo de leitura":"3 minutos"},"schema":{"@context":"https:\/\/schema.org","@graph":[{"@type":"Article","@id":"https:\/\/psol50.org.br\/sem-a-revolucao-russa-os-direitos-que-nos-temos-hoje-nao-existiriam-disse-presidente-do-psol-durante-homenagem\/#article","isPartOf":{"@id":"https:\/\/psol50.org.br\/sem-a-revolucao-russa-os-direitos-que-nos-temos-hoje-nao-existiriam-disse-presidente-do-psol-durante-homenagem\/"},"author":{"name":"Comunica\u00e7\u00e3o PSOL","@id":"https:\/\/psol50.org.br\/#\/schema\/person\/475dfa57d0b815993c714c2e96491fcd"},"headline":"&#8220;Sem a Revolu\u00e7\u00e3o Russa, os direitos que temos hoje n\u00e3o existiriam&#8221;, disse presidente do PSOL, durante homenagem","datePublished":"2017-10-24T14:25:44+00:00","mainEntityOfPage":{"@id":"https:\/\/psol50.org.br\/sem-a-revolucao-russa-os-direitos-que-nos-temos-hoje-nao-existiriam-disse-presidente-do-psol-durante-homenagem\/"},"wordCount":613,"commentCount":0,"publisher":{"@id":"https:\/\/psol50.org.br\/#organization"},"image":{"@id":"https:\/\/psol50.org.br\/sem-a-revolucao-russa-os-direitos-que-nos-temos-hoje-nao-existiriam-disse-presidente-do-psol-durante-homenagem\/#primaryimage"},"thumbnailUrl":"","keywords":["100 anos","Ana Maria Prestes","centen\u00e1rio","Chico Alencar","Luiz Ara\u00fajo","Partido Bolchevique","PSOL","Revolu\u00e7\u00e3o Russa","soviets","Uni\u00e3o Sovi\u00e9tica","Valerio Arcary","Vladimir Lenin"],"articleSection":["A\u00e7\u00e3o Parlamentar","Brasil","Not\u00edcias"],"inLanguage":"pt-BR","potentialAction":[{"@type":"CommentAction","name":"Comment","target":["https:\/\/psol50.org.br\/sem-a-revolucao-russa-os-direitos-que-nos-temos-hoje-nao-existiriam-disse-presidente-do-psol-durante-homenagem\/#respond"]}]},{"@type":"WebPage","@id":"https:\/\/psol50.org.br\/sem-a-revolucao-russa-os-direitos-que-nos-temos-hoje-nao-existiriam-disse-presidente-do-psol-durante-homenagem\/","url":"https:\/\/psol50.org.br\/sem-a-revolucao-russa-os-direitos-que-nos-temos-hoje-nao-existiriam-disse-presidente-do-psol-durante-homenagem\/","name":"\"Sem a Revolu\u00e7\u00e3o Russa, os direitos que temos hoje n\u00e3o existiriam\", disse presidente do PSOL, durante homenagem - PSOL 50","isPartOf":{"@id":"https:\/\/psol50.org.br\/#website"},"primaryImageOfPage":{"@id":"https:\/\/psol50.org.br\/sem-a-revolucao-russa-os-direitos-que-nos-temos-hoje-nao-existiriam-disse-presidente-do-psol-durante-homenagem\/#primaryimage"},"image":{"@id":"https:\/\/psol50.org.br\/sem-a-revolucao-russa-os-direitos-que-nos-temos-hoje-nao-existiriam-disse-presidente-do-psol-durante-homenagem\/#primaryimage"},"thumbnailUrl":"","datePublished":"2017-10-24T14:25:44+00:00","breadcrumb":{"@id":"https:\/\/psol50.org.br\/sem-a-revolucao-russa-os-direitos-que-nos-temos-hoje-nao-existiriam-disse-presidente-do-psol-durante-homenagem\/#breadcrumb"},"inLanguage":"pt-BR","potentialAction":[{"@type":"ReadAction","target":["https:\/\/psol50.org.br\/sem-a-revolucao-russa-os-direitos-que-nos-temos-hoje-nao-existiriam-disse-presidente-do-psol-durante-homenagem\/"]}]},{"@type":"ImageObject","inLanguage":"pt-BR","@id":"https:\/\/psol50.org.br\/sem-a-revolucao-russa-os-direitos-que-nos-temos-hoje-nao-existiriam-disse-presidente-do-psol-durante-homenagem\/#primaryimage","url":"","contentUrl":""},{"@type":"BreadcrumbList","@id":"https:\/\/psol50.org.br\/sem-a-revolucao-russa-os-direitos-que-nos-temos-hoje-nao-existiriam-disse-presidente-do-psol-durante-homenagem\/#breadcrumb","itemListElement":[{"@type":"ListItem","position":1,"name":"In\u00edcio","item":"https:\/\/psol50.org.br\/"},{"@type":"ListItem","position":2,"name":"&#8220;Sem a Revolu\u00e7\u00e3o Russa, os direitos que temos hoje n\u00e3o existiriam&#8221;, disse presidente do PSOL, durante homenagem"}]},{"@type":"WebSite","@id":"https:\/\/psol50.org.br\/#website","url":"https:\/\/psol50.org.br\/","name":"PSOL 50","description":"Site oficial do Partido Socialismo e Liberdade","publisher":{"@id":"https:\/\/psol50.org.br\/#organization"},"alternateName":"PSOL50","potentialAction":[{"@type":"SearchAction","target":{"@type":"EntryPoint","urlTemplate":"https:\/\/psol50.org.br\/?s={search_term_string}"},"query-input":{"@type":"PropertyValueSpecification","valueRequired":true,"valueName":"search_term_string"}}],"inLanguage":"pt-BR"},{"@type":"Organization","@id":"https:\/\/psol50.org.br\/#organization","name":"PSOL 50","alternateName":"PSOL 50","url":"https:\/\/psol50.org.br\/","logo":{"@type":"ImageObject","inLanguage":"pt-BR","@id":"https:\/\/psol50.org.br\/#\/schema\/logo\/image\/","url":"https:\/\/psol50.org.br\/inc\/uploads\/2018\/07\/capa.png","contentUrl":"https:\/\/psol50.org.br\/inc\/uploads\/2018\/07\/capa.png","width":1350,"height":900,"caption":"PSOL 50"},"image":{"@id":"https:\/\/psol50.org.br\/#\/schema\/logo\/image\/"},"sameAs":["https:\/\/www.facebook.com\/psol50","https:\/\/x.com\/psol50","https:\/\/www.instagram.com\/psol50\/","https:\/\/www.youtube.com\/channel\/UC7SnJS5o1os7a6CaiNabzcg"]},{"@type":"Person","@id":"https:\/\/psol50.org.br\/#\/schema\/person\/475dfa57d0b815993c714c2e96491fcd","name":"Comunica\u00e7\u00e3o PSOL","image":{"@type":"ImageObject","inLanguage":"pt-BR","@id":"https:\/\/psol50.org.br\/#\/schema\/person\/image\/","url":"https:\/\/secure.gravatar.com\/avatar\/b34fc4f4e468a4e51785917065a3db57b841f5c95dba6ad8c73aaf8f66f8f9bf?s=96&d=mm&r=g","contentUrl":"https:\/\/secure.gravatar.com\/avatar\/b34fc4f4e468a4e51785917065a3db57b841f5c95dba6ad8c73aaf8f66f8f9bf?s=96&d=mm&r=g","caption":"Comunica\u00e7\u00e3o PSOL"}}]}},"_links":{"self":[{"href":"https:\/\/psol50.org.br\/rest\/wp\/v2\/posts\/18653","targetHints":{"allow":["GET"]}}],"collection":[{"href":"https:\/\/psol50.org.br\/rest\/wp\/v2\/posts"}],"about":[{"href":"https:\/\/psol50.org.br\/rest\/wp\/v2\/types\/post"}],"author":[{"embeddable":true,"href":"https:\/\/psol50.org.br\/rest\/wp\/v2\/users\/2"}],"replies":[{"embeddable":true,"href":"https:\/\/psol50.org.br\/rest\/wp\/v2\/comments?post=18653"}],"version-history":[{"count":0,"href":"https:\/\/psol50.org.br\/rest\/wp\/v2\/posts\/18653\/revisions"}],"wp:featuredmedia":[{"embeddable":true,"href":"https:\/\/psol50.org.br\/rest\/"}],"wp:attachment":[{"href":"https:\/\/psol50.org.br\/rest\/wp\/v2\/media?parent=18653"}],"wp:term":[{"taxonomy":"category","embeddable":true,"href":"https:\/\/psol50.org.br\/rest\/wp\/v2\/categories?post=18653"},{"taxonomy":"post_tag","embeddable":true,"href":"https:\/\/psol50.org.br\/rest\/wp\/v2\/tags?post=18653"}],"curies":[{"name":"wp","href":"https:\/\/api.w.org\/{rel}","templated":true}]}}