{"id":1866,"date":"2013-03-22T00:00:00","date_gmt":"2013-03-22T00:00:00","guid":{"rendered":"http:\/\/psol50.org.br\/arquivo\/2013\/03\/22\/nota-do-setorial-de-mulheres-do-psol-pe-de-solidariedade-as-familias-despejadas-da-praia-de-maracaipe-em-ipojuca\/"},"modified":"2013-03-22T00:00:00","modified_gmt":"2013-03-22T00:00:00","slug":"nota-do-setorial-de-mulheres-do-psol-pe-de-solidariedade-as-familias-despejadas-da-praia-de-maracaipe-em-ipojuca","status":"publish","type":"post","link":"https:\/\/psol50.org.br\/nota-do-setorial-de-mulheres-do-psol-pe-de-solidariedade-as-familias-despejadas-da-praia-de-maracaipe-em-ipojuca\/","title":{"rendered":"Nota do Setorial de Mulheres do PSOL-PE de solidariedade \u00e0s fam\u00edlias despejadas da praia de Maraca\u00edpe, em Ipojuca"},"content":{"rendered":"<p align=\"JUSTIFY\" class=\"western\" style=\"margin-bottom: 0cm\">\n\t<font color=\"#000000\">No dia 19 de mar\u00e7o, a Vila do Campo, comunidade pr\u00f3xima \u00e0 praia de Maraca\u00edpe no munic\u00edpio de Ipojuca, em Pernambuco, foi surpreendida por uma violenta interven\u00e7\u00e3o policial de despejo das fam\u00edlias daquela comunidade. A imprensa mostrou a viol\u00eancia aplicada no despejo de moradores e moradoras da Vila do Campo, assim como a viol\u00eancia aplicada contra militantes ambientalistas e de movimentos sociais, entre eles a companheira Fabiana Hon\u00f3rio, militante ambientalista da AMAI e do PSOL, que estava presente para solidarizar-se e resistir contra a desocupa\u00e7\u00e3o da comunidade. <\/font><\/p>\n<p>\t<font color=\"#000000\">Cerca de 1000 pessoas que vivem nas 170 casas da vila, e encontram-se em luta pela posse daquelas terras desde 2004, est\u00e3o sendo removidas e suas casas demolidas. Em fevereiro deste ano, as autoridades decidiram retir\u00e1-las de suas moradias para atender aos interesses de uma multinacional portuguesa e dar lugar \u00e0 constru\u00e7\u00e3o de hot\u00e9is. <\/font><\/p>\n<p>\t<font color=\"#000000\">A \u00e1rea onde encontra-se a Vila do Campo foi doada por Ant\u00f4nio Chala\u00e7a ao governo estadual h\u00e1 algumas d\u00e9cadas, por\u00e9m este nunca regularizou a posse e n\u00e3o possui escritura lavrada em cart\u00f3rio. Ou seja, assim como @s moradores\/as de Vila do Campo, o governo estadual \u00e9 posseiro e n\u00e3o poderia fazer a venda \u00e0 multinacional portuguesa sem a referida documenta\u00e7\u00e3o. Durante muitos anos, funcionou, nessa mesma \u00e1rea, a Casa do Governador, que serviu como casa de veraneio para o ex-governador Miguel Arraes e, em seguida, passou a ser utilizado pelo IPA. Nesse mesmo per\u00edodo, foram sendo constru\u00eddas as primeiras casinhas da vila. As fam\u00edlias ocuparam este terreno devido \u00e0 falta de moradia na regi\u00e3o e \u00e0 car\u00eancia de uma pol\u00edtica habitacional para atender a demanda do p\u00f3lo industrial de Suape e do complexo tur\u00edstico de Porto de Galinhas.<\/font><\/p>\n<p>\t<font color=\"#000000\">Que interesses movem uma a\u00e7\u00e3o t\u00e3o arbitr\u00e1ria e truculenta? Voltados para os preparativos da Copa 2014, parlamentares, prefeitos e o governador do Estado de Pernambuco, Eduardo Campos do PSB, voltam-se \u00e0s constru\u00e7\u00f5es de megaprojetos para satisfazer \u00e0s multinacionais e ao capital estrangeiro, em detrimento da popula\u00e7\u00e3o em situa\u00e7\u00e3o de precariedade. O terreno da Vila do Campo \u00e9 de propriedade do Estado, e est\u00e1 sendo privatizado com a venda a uma empresa portuguesa. Se as terras da comunidade pertencem ao estado, ent\u00e3o sua ocupa\u00e7\u00e3o e a resist\u00eancia para pesrmanecer nela n\u00e3o s\u00e3o ileg\u00edtimas e nem s\u00e3o um crime a ser punido com cassetetes e estrangulamento de militantes e moradores. Infelizmente, essa \u00e9 uma realidade que assola v\u00e1rias cidades brasileiras, cujas comunidades tradicionais e das periferias est\u00e3o sendo removidas e expulsas de suas casas para atender aos interesses da FIFA e da especula\u00e7\u00e3o imobili\u00e1ria. No caso de Ipojuca, o governo de Eduardo Campos est\u00e1 sendo conivente com essa injusti\u00e7a social cometida contra a popula\u00e7\u00e3o ipojucana.<\/font><\/p>\n<p>\t<font color=\"#000000\">O Partido Socialismo e Liberdade (PSOL) do munic\u00edpio de Ipojuca, assim como o setorial estadual de mulheres do PSOL de Pernambuco, denunciam a injusta e violenta a\u00e7\u00e3o do Estado contra a comunidade de Vila do Campo, e se solidariza com a companheira Fabiana Hon\u00f3rio, militante feminista e ecossocialista do PSOL, cuja trajet\u00f3ria e coragem muito nos orgulha.<\/font><\/p>\n<div dir=\"LTR\" id=\"yui_3_7_2_1_1363974400255_6487\">\n<p align=\"JUSTIFY\" class=\"western\" style=\"margin-bottom: 0cm\">\n\t\t<font color=\"#000000\">20 de mar\u00e7o de 2013.<\/font><\/p>\n<\/div>\n<p align=\"JUSTIFY\" class=\"western\" style=\"margin-bottom: 0cm\">\n\t<font color=\"#000000\"><b>Setorial Estadual de Mulheres do PSOL de Pernambuco<\/b><\/font><\/p>\n<p align=\"JUSTIFY\" class=\"western\" style=\"margin-bottom: 0cm\">\n\t<font color=\"#000000\"><b>PSOL de Ipojuca<\/b><\/font><\/p>\n","protected":false},"excerpt":{"rendered":"<p>No dia 19 de mar\u00e7o, a Vila do Campo, comunidade pr\u00f3xima \u00e0 praia de Maraca\u00edpe no munic\u00edpio de Ipojuca, em Pernambuco, foi surpreendida por uma violenta interven\u00e7\u00e3o policial de despejo das fam\u00edlias daquela comunidade. A imprensa mostrou a viol\u00eancia aplicada no despejo de moradores e moradoras da Vila do Campo, assim como a viol\u00eancia aplicada [&hellip;]<\/p>\n","protected":false},"author":2,"featured_media":0,"comment_status":"open","ping_status":"open","sticky":false,"template":"","format":"standard","meta":{"_acf_changed":false,"footnotes":""},"categories":[4766],"tags":[22],"class_list":{"0":"post-1866","1":"post","2":"type-post","3":"status-publish","4":"format-standard","6":"category-arquivo","7":"tag-psol"},"acf":[],"yoast_head":"<!-- This site is optimized with the Yoast SEO plugin v26.5 - https:\/\/yoast.com\/wordpress\/plugins\/seo\/ -->\n<title>Nota do Setorial de Mulheres do PSOL-PE de solidariedade \u00e0s fam\u00edlias despejadas da praia de Maraca\u00edpe, em Ipojuca - PSOL 50<\/title>\n<meta name=\"robots\" content=\"index, follow, max-snippet:-1, max-image-preview:large, max-video-preview:-1\" \/>\n<link rel=\"canonical\" href=\"https:\/\/psol50.org.br\/nota-do-setorial-de-mulheres-do-psol-pe-de-solidariedade-as-familias-despejadas-da-praia-de-maracaipe-em-ipojuca\/\" \/>\n<meta property=\"og:locale\" content=\"pt_BR\" \/>\n<meta property=\"og:type\" content=\"article\" \/>\n<meta property=\"og:title\" content=\"Nota do Setorial de Mulheres do PSOL-PE de solidariedade \u00e0s fam\u00edlias despejadas da praia de Maraca\u00edpe, em Ipojuca - PSOL 50\" \/>\n<meta property=\"og:description\" content=\"No dia 19 de mar\u00e7o, a Vila do Campo, comunidade pr\u00f3xima \u00e0 praia de Maraca\u00edpe no munic\u00edpio de Ipojuca, em Pernambuco, foi surpreendida por uma violenta interven\u00e7\u00e3o policial de despejo das fam\u00edlias daquela comunidade. A imprensa mostrou a viol\u00eancia aplicada no despejo de moradores e moradoras da Vila do Campo, assim como a viol\u00eancia aplicada [&hellip;]\" \/>\n<meta property=\"og:url\" content=\"https:\/\/psol50.org.br\/nota-do-setorial-de-mulheres-do-psol-pe-de-solidariedade-as-familias-despejadas-da-praia-de-maracaipe-em-ipojuca\/\" \/>\n<meta property=\"og:site_name\" content=\"PSOL 50\" \/>\n<meta property=\"article:publisher\" content=\"https:\/\/www.facebook.com\/psol50\" \/>\n<meta property=\"article:published_time\" content=\"2013-03-22T00:00:00+00:00\" \/>\n<meta property=\"og:image\" content=\"https:\/\/psol50.org.br\/inc\/uploads\/2018\/07\/capa.png\" \/>\n\t<meta property=\"og:image:width\" content=\"1350\" \/>\n\t<meta property=\"og:image:height\" content=\"900\" \/>\n\t<meta property=\"og:image:type\" content=\"image\/png\" \/>\n<meta name=\"author\" content=\"Comunica\u00e7\u00e3o PSOL\" \/>\n<meta name=\"twitter:card\" content=\"summary_large_image\" \/>\n<meta name=\"twitter:creator\" content=\"@psol50\" \/>\n<meta name=\"twitter:site\" content=\"@psol50\" \/>\n<meta name=\"twitter:label1\" content=\"Escrito por\" \/>\n\t<meta name=\"twitter:data1\" content=\"Comunica\u00e7\u00e3o PSOL\" \/>\n\t<meta name=\"twitter:label2\" content=\"Est. tempo de leitura\" \/>\n\t<meta name=\"twitter:data2\" content=\"3 minutos\" \/>\n<script type=\"application\/ld+json\" class=\"yoast-schema-graph\">{\"@context\":\"https:\/\/schema.org\",\"@graph\":[{\"@type\":\"Article\",\"@id\":\"https:\/\/psol50.org.br\/nota-do-setorial-de-mulheres-do-psol-pe-de-solidariedade-as-familias-despejadas-da-praia-de-maracaipe-em-ipojuca\/#article\",\"isPartOf\":{\"@id\":\"https:\/\/psol50.org.br\/nota-do-setorial-de-mulheres-do-psol-pe-de-solidariedade-as-familias-despejadas-da-praia-de-maracaipe-em-ipojuca\/\"},\"author\":{\"name\":\"Comunica\u00e7\u00e3o PSOL\",\"@id\":\"https:\/\/psol50.org.br\/#\/schema\/person\/475dfa57d0b815993c714c2e96491fcd\"},\"headline\":\"Nota do Setorial de Mulheres do PSOL-PE de solidariedade \u00e0s fam\u00edlias despejadas da praia de Maraca\u00edpe, em Ipojuca\",\"datePublished\":\"2013-03-22T00:00:00+00:00\",\"mainEntityOfPage\":{\"@id\":\"https:\/\/psol50.org.br\/nota-do-setorial-de-mulheres-do-psol-pe-de-solidariedade-as-familias-despejadas-da-praia-de-maracaipe-em-ipojuca\/\"},\"wordCount\":575,\"commentCount\":0,\"publisher\":{\"@id\":\"https:\/\/psol50.org.br\/#organization\"},\"keywords\":[\"PSOL\"],\"articleSection\":[\"Arquivo\"],\"inLanguage\":\"pt-BR\",\"potentialAction\":[{\"@type\":\"CommentAction\",\"name\":\"Comment\",\"target\":[\"https:\/\/psol50.org.br\/nota-do-setorial-de-mulheres-do-psol-pe-de-solidariedade-as-familias-despejadas-da-praia-de-maracaipe-em-ipojuca\/#respond\"]}]},{\"@type\":\"WebPage\",\"@id\":\"https:\/\/psol50.org.br\/nota-do-setorial-de-mulheres-do-psol-pe-de-solidariedade-as-familias-despejadas-da-praia-de-maracaipe-em-ipojuca\/\",\"url\":\"https:\/\/psol50.org.br\/nota-do-setorial-de-mulheres-do-psol-pe-de-solidariedade-as-familias-despejadas-da-praia-de-maracaipe-em-ipojuca\/\",\"name\":\"Nota do Setorial de Mulheres do PSOL-PE de solidariedade \u00e0s fam\u00edlias despejadas da praia de Maraca\u00edpe, em Ipojuca - PSOL 50\",\"isPartOf\":{\"@id\":\"https:\/\/psol50.org.br\/#website\"},\"datePublished\":\"2013-03-22T00:00:00+00:00\",\"breadcrumb\":{\"@id\":\"https:\/\/psol50.org.br\/nota-do-setorial-de-mulheres-do-psol-pe-de-solidariedade-as-familias-despejadas-da-praia-de-maracaipe-em-ipojuca\/#breadcrumb\"},\"inLanguage\":\"pt-BR\",\"potentialAction\":[{\"@type\":\"ReadAction\",\"target\":[\"https:\/\/psol50.org.br\/nota-do-setorial-de-mulheres-do-psol-pe-de-solidariedade-as-familias-despejadas-da-praia-de-maracaipe-em-ipojuca\/\"]}]},{\"@type\":\"BreadcrumbList\",\"@id\":\"https:\/\/psol50.org.br\/nota-do-setorial-de-mulheres-do-psol-pe-de-solidariedade-as-familias-despejadas-da-praia-de-maracaipe-em-ipojuca\/#breadcrumb\",\"itemListElement\":[{\"@type\":\"ListItem\",\"position\":1,\"name\":\"In\u00edcio\",\"item\":\"https:\/\/psol50.org.br\/\"},{\"@type\":\"ListItem\",\"position\":2,\"name\":\"Nota do Setorial de Mulheres do PSOL-PE de solidariedade \u00e0s fam\u00edlias despejadas da praia de Maraca\u00edpe, em Ipojuca\"}]},{\"@type\":\"WebSite\",\"@id\":\"https:\/\/psol50.org.br\/#website\",\"url\":\"https:\/\/psol50.org.br\/\",\"name\":\"PSOL 50\",\"description\":\"Site oficial do Partido Socialismo e Liberdade\",\"publisher\":{\"@id\":\"https:\/\/psol50.org.br\/#organization\"},\"alternateName\":\"PSOL50\",\"potentialAction\":[{\"@type\":\"SearchAction\",\"target\":{\"@type\":\"EntryPoint\",\"urlTemplate\":\"https:\/\/psol50.org.br\/?s={search_term_string}\"},\"query-input\":{\"@type\":\"PropertyValueSpecification\",\"valueRequired\":true,\"valueName\":\"search_term_string\"}}],\"inLanguage\":\"pt-BR\"},{\"@type\":\"Organization\",\"@id\":\"https:\/\/psol50.org.br\/#organization\",\"name\":\"PSOL 50\",\"alternateName\":\"PSOL 50\",\"url\":\"https:\/\/psol50.org.br\/\",\"logo\":{\"@type\":\"ImageObject\",\"inLanguage\":\"pt-BR\",\"@id\":\"https:\/\/psol50.org.br\/#\/schema\/logo\/image\/\",\"url\":\"https:\/\/psol50.org.br\/inc\/uploads\/2018\/07\/capa.png\",\"contentUrl\":\"https:\/\/psol50.org.br\/inc\/uploads\/2018\/07\/capa.png\",\"width\":1350,\"height\":900,\"caption\":\"PSOL 50\"},\"image\":{\"@id\":\"https:\/\/psol50.org.br\/#\/schema\/logo\/image\/\"},\"sameAs\":[\"https:\/\/www.facebook.com\/psol50\",\"https:\/\/x.com\/psol50\",\"https:\/\/www.instagram.com\/psol50\/\",\"https:\/\/www.youtube.com\/channel\/UC7SnJS5o1os7a6CaiNabzcg\"]},{\"@type\":\"Person\",\"@id\":\"https:\/\/psol50.org.br\/#\/schema\/person\/475dfa57d0b815993c714c2e96491fcd\",\"name\":\"Comunica\u00e7\u00e3o PSOL\",\"image\":{\"@type\":\"ImageObject\",\"inLanguage\":\"pt-BR\",\"@id\":\"https:\/\/psol50.org.br\/#\/schema\/person\/image\/\",\"url\":\"https:\/\/secure.gravatar.com\/avatar\/b34fc4f4e468a4e51785917065a3db57b841f5c95dba6ad8c73aaf8f66f8f9bf?s=96&d=mm&r=g\",\"contentUrl\":\"https:\/\/secure.gravatar.com\/avatar\/b34fc4f4e468a4e51785917065a3db57b841f5c95dba6ad8c73aaf8f66f8f9bf?s=96&d=mm&r=g\",\"caption\":\"Comunica\u00e7\u00e3o PSOL\"}}]}<\/script>\n<!-- \/ Yoast SEO plugin. -->","yoast_head_json":{"title":"Nota do Setorial de Mulheres do PSOL-PE de solidariedade \u00e0s fam\u00edlias despejadas da praia de Maraca\u00edpe, em Ipojuca - PSOL 50","robots":{"index":"index","follow":"follow","max-snippet":"max-snippet:-1","max-image-preview":"max-image-preview:large","max-video-preview":"max-video-preview:-1"},"canonical":"https:\/\/psol50.org.br\/nota-do-setorial-de-mulheres-do-psol-pe-de-solidariedade-as-familias-despejadas-da-praia-de-maracaipe-em-ipojuca\/","og_locale":"pt_BR","og_type":"article","og_title":"Nota do Setorial de Mulheres do PSOL-PE de solidariedade \u00e0s fam\u00edlias despejadas da praia de Maraca\u00edpe, em Ipojuca - PSOL 50","og_description":"No dia 19 de mar\u00e7o, a Vila do Campo, comunidade pr\u00f3xima \u00e0 praia de Maraca\u00edpe no munic\u00edpio de Ipojuca, em Pernambuco, foi surpreendida por uma violenta interven\u00e7\u00e3o policial de despejo das fam\u00edlias daquela comunidade. A imprensa mostrou a viol\u00eancia aplicada no despejo de moradores e moradoras da Vila do Campo, assim como a viol\u00eancia aplicada [&hellip;]","og_url":"https:\/\/psol50.org.br\/nota-do-setorial-de-mulheres-do-psol-pe-de-solidariedade-as-familias-despejadas-da-praia-de-maracaipe-em-ipojuca\/","og_site_name":"PSOL 50","article_publisher":"https:\/\/www.facebook.com\/psol50","article_published_time":"2013-03-22T00:00:00+00:00","og_image":[{"width":1350,"height":900,"url":"https:\/\/psol50.org.br\/inc\/uploads\/2018\/07\/capa.png","type":"image\/png"}],"author":"Comunica\u00e7\u00e3o PSOL","twitter_card":"summary_large_image","twitter_creator":"@psol50","twitter_site":"@psol50","twitter_misc":{"Escrito por":"Comunica\u00e7\u00e3o PSOL","Est. tempo de leitura":"3 minutos"},"schema":{"@context":"https:\/\/schema.org","@graph":[{"@type":"Article","@id":"https:\/\/psol50.org.br\/nota-do-setorial-de-mulheres-do-psol-pe-de-solidariedade-as-familias-despejadas-da-praia-de-maracaipe-em-ipojuca\/#article","isPartOf":{"@id":"https:\/\/psol50.org.br\/nota-do-setorial-de-mulheres-do-psol-pe-de-solidariedade-as-familias-despejadas-da-praia-de-maracaipe-em-ipojuca\/"},"author":{"name":"Comunica\u00e7\u00e3o PSOL","@id":"https:\/\/psol50.org.br\/#\/schema\/person\/475dfa57d0b815993c714c2e96491fcd"},"headline":"Nota do Setorial de Mulheres do PSOL-PE de solidariedade \u00e0s fam\u00edlias despejadas da praia de Maraca\u00edpe, em Ipojuca","datePublished":"2013-03-22T00:00:00+00:00","mainEntityOfPage":{"@id":"https:\/\/psol50.org.br\/nota-do-setorial-de-mulheres-do-psol-pe-de-solidariedade-as-familias-despejadas-da-praia-de-maracaipe-em-ipojuca\/"},"wordCount":575,"commentCount":0,"publisher":{"@id":"https:\/\/psol50.org.br\/#organization"},"keywords":["PSOL"],"articleSection":["Arquivo"],"inLanguage":"pt-BR","potentialAction":[{"@type":"CommentAction","name":"Comment","target":["https:\/\/psol50.org.br\/nota-do-setorial-de-mulheres-do-psol-pe-de-solidariedade-as-familias-despejadas-da-praia-de-maracaipe-em-ipojuca\/#respond"]}]},{"@type":"WebPage","@id":"https:\/\/psol50.org.br\/nota-do-setorial-de-mulheres-do-psol-pe-de-solidariedade-as-familias-despejadas-da-praia-de-maracaipe-em-ipojuca\/","url":"https:\/\/psol50.org.br\/nota-do-setorial-de-mulheres-do-psol-pe-de-solidariedade-as-familias-despejadas-da-praia-de-maracaipe-em-ipojuca\/","name":"Nota do Setorial de Mulheres do PSOL-PE de solidariedade \u00e0s fam\u00edlias despejadas da praia de Maraca\u00edpe, em Ipojuca - PSOL 50","isPartOf":{"@id":"https:\/\/psol50.org.br\/#website"},"datePublished":"2013-03-22T00:00:00+00:00","breadcrumb":{"@id":"https:\/\/psol50.org.br\/nota-do-setorial-de-mulheres-do-psol-pe-de-solidariedade-as-familias-despejadas-da-praia-de-maracaipe-em-ipojuca\/#breadcrumb"},"inLanguage":"pt-BR","potentialAction":[{"@type":"ReadAction","target":["https:\/\/psol50.org.br\/nota-do-setorial-de-mulheres-do-psol-pe-de-solidariedade-as-familias-despejadas-da-praia-de-maracaipe-em-ipojuca\/"]}]},{"@type":"BreadcrumbList","@id":"https:\/\/psol50.org.br\/nota-do-setorial-de-mulheres-do-psol-pe-de-solidariedade-as-familias-despejadas-da-praia-de-maracaipe-em-ipojuca\/#breadcrumb","itemListElement":[{"@type":"ListItem","position":1,"name":"In\u00edcio","item":"https:\/\/psol50.org.br\/"},{"@type":"ListItem","position":2,"name":"Nota do Setorial de Mulheres do PSOL-PE de solidariedade \u00e0s fam\u00edlias despejadas da praia de Maraca\u00edpe, em Ipojuca"}]},{"@type":"WebSite","@id":"https:\/\/psol50.org.br\/#website","url":"https:\/\/psol50.org.br\/","name":"PSOL 50","description":"Site oficial do Partido Socialismo e Liberdade","publisher":{"@id":"https:\/\/psol50.org.br\/#organization"},"alternateName":"PSOL50","potentialAction":[{"@type":"SearchAction","target":{"@type":"EntryPoint","urlTemplate":"https:\/\/psol50.org.br\/?s={search_term_string}"},"query-input":{"@type":"PropertyValueSpecification","valueRequired":true,"valueName":"search_term_string"}}],"inLanguage":"pt-BR"},{"@type":"Organization","@id":"https:\/\/psol50.org.br\/#organization","name":"PSOL 50","alternateName":"PSOL 50","url":"https:\/\/psol50.org.br\/","logo":{"@type":"ImageObject","inLanguage":"pt-BR","@id":"https:\/\/psol50.org.br\/#\/schema\/logo\/image\/","url":"https:\/\/psol50.org.br\/inc\/uploads\/2018\/07\/capa.png","contentUrl":"https:\/\/psol50.org.br\/inc\/uploads\/2018\/07\/capa.png","width":1350,"height":900,"caption":"PSOL 50"},"image":{"@id":"https:\/\/psol50.org.br\/#\/schema\/logo\/image\/"},"sameAs":["https:\/\/www.facebook.com\/psol50","https:\/\/x.com\/psol50","https:\/\/www.instagram.com\/psol50\/","https:\/\/www.youtube.com\/channel\/UC7SnJS5o1os7a6CaiNabzcg"]},{"@type":"Person","@id":"https:\/\/psol50.org.br\/#\/schema\/person\/475dfa57d0b815993c714c2e96491fcd","name":"Comunica\u00e7\u00e3o PSOL","image":{"@type":"ImageObject","inLanguage":"pt-BR","@id":"https:\/\/psol50.org.br\/#\/schema\/person\/image\/","url":"https:\/\/secure.gravatar.com\/avatar\/b34fc4f4e468a4e51785917065a3db57b841f5c95dba6ad8c73aaf8f66f8f9bf?s=96&d=mm&r=g","contentUrl":"https:\/\/secure.gravatar.com\/avatar\/b34fc4f4e468a4e51785917065a3db57b841f5c95dba6ad8c73aaf8f66f8f9bf?s=96&d=mm&r=g","caption":"Comunica\u00e7\u00e3o PSOL"}}]}},"_links":{"self":[{"href":"https:\/\/psol50.org.br\/rest\/wp\/v2\/posts\/1866","targetHints":{"allow":["GET"]}}],"collection":[{"href":"https:\/\/psol50.org.br\/rest\/wp\/v2\/posts"}],"about":[{"href":"https:\/\/psol50.org.br\/rest\/wp\/v2\/types\/post"}],"author":[{"embeddable":true,"href":"https:\/\/psol50.org.br\/rest\/wp\/v2\/users\/2"}],"replies":[{"embeddable":true,"href":"https:\/\/psol50.org.br\/rest\/wp\/v2\/comments?post=1866"}],"version-history":[{"count":0,"href":"https:\/\/psol50.org.br\/rest\/wp\/v2\/posts\/1866\/revisions"}],"wp:attachment":[{"href":"https:\/\/psol50.org.br\/rest\/wp\/v2\/media?parent=1866"}],"wp:term":[{"taxonomy":"category","embeddable":true,"href":"https:\/\/psol50.org.br\/rest\/wp\/v2\/categories?post=1866"},{"taxonomy":"post_tag","embeddable":true,"href":"https:\/\/psol50.org.br\/rest\/wp\/v2\/tags?post=1866"}],"curies":[{"name":"wp","href":"https:\/\/api.w.org\/{rel}","templated":true}]}}