{"id":1867,"date":"2013-03-22T00:00:00","date_gmt":"2013-03-22T00:00:00","guid":{"rendered":"http:\/\/psol50.org.br\/arquivo\/2013\/03\/22\/psol-de-goias-tem-nova-direcao-com-eletricitario-na-presidencia-e-professor-na-secretaria-geral\/"},"modified":"2013-03-22T00:00:00","modified_gmt":"2013-03-22T00:00:00","slug":"psol-de-goias-tem-nova-direcao-com-eletricitario-na-presidencia-e-professor-na-secretaria-geral","status":"publish","type":"post","link":"https:\/\/psol50.org.br\/psol-de-goias-tem-nova-direcao-com-eletricitario-na-presidencia-e-professor-na-secretaria-geral\/","title":{"rendered":"PSOL de Goi\u00e1s tem nova Dire\u00e7\u00e3o, com eletricit\u00e1rio na presid\u00eancia e professor na secretaria-geral"},"content":{"rendered":"<p class=\"western\" style=\"margin-bottom: 0cm; text-align: justify;\">\n\tFoi eleita em plen\u00e1ria no \u00faltimo dia 16 de mar\u00e7o, em Goi\u00e2nia, a nova composi\u00e7\u00e3o do Diret\u00f3rio Estadual do PSOL de Goi\u00e1s. Na plen\u00e1ria, que ocorreu durante o semin\u00e1rio <em>Por um PSOL de Lutas<\/em>, foi escolhido como presidente do Diret\u00f3rio Estadual o urbanit\u00e1rio e dirigente do STIUEG (Sindicato dos Urbanit\u00e1rios de Goi\u00e1s), Jo\u00e3o Maria, militante no munic\u00edpio de Itumbiara. E o novo secret\u00e1rio geral \u00e9 o professor de Valpara\u00edzo de Goi\u00e1s, Benedito Solano. Al\u00e9m deles, tamb\u00e9m foram escolhidos os demais integrantes do Diret\u00f3rio Estadual, que recumpuseram a dire\u00e7\u00e3o do partido no Estado ap\u00f3s a sa\u00edda de alguns militantes.<\/p>\n<p>\tUm dia antes da plen\u00e1ria, os militantes do PSOL de Goi\u00e1s assistiram ao debate sobre <em>Conjuntura Nacional e as perspectivas da Esquerda<\/em>, com o deputado federal Chico Alencar (RJ) e com o vereador em Fortaleza Jo\u00e3o Alfredo, ambos integrantes do Diret\u00f3rio Nacional do PSOL. J\u00e1 no s\u00e1bado (16), o semin\u00e1rio abordou temas como conjuntura pol\u00edtica e econ\u00f4mica de Goi\u00e1s, balan\u00e7o das elei\u00e7\u00f5es, conjuntura nacional e plano de lutas e organiza\u00e7\u00e3o do PSOL no estado. O membro do Diret\u00f3rio Nacional do PSOL Juliano Medeiros foi um dos debatedores e tamb\u00e9m acompanhou a plen\u00e1ria que elegeu os novos membros do Diret\u00f3rio Estadual.<\/p>\n<p>\tSegundo Benedito Solano, o objetivo dessa iniciativa \u00e9 reorganizar o partido no Estado e resgatar a confi\u00e2ncia da milit\u00e2ncia e da popula\u00e7\u00e3o, trazendo-os para a luta. \u201cPrecisamos colocar as inst\u00e2ncias do PSOL em Goi\u00e1s para funcionar, depois de tanto tempo de paralisia e engessamento. Temos o desafio pela frente de retomar o car\u00e1ter do nosso partido como uma alternativa de esquerda, como j\u00e1 havia sido em momentos anteriores\u201d, ressalta Solano. Segundo ele, a dire\u00e7\u00e3o eleita no dia 16 de mar\u00e7o ser\u00e1 provis\u00f3ria at\u00e9 o congresso estadual, previsto para meados de junho ou julho. \u201cA nossa expectativa \u00e9 reconstruir o partido no Estado, para encaminhar as lutas dos trabalhadores. Retomar o protagonismo do PSOL no enfrentamento com as oligarquias estaduais\u201d, ressalta.<\/p>\n<p>\tJo\u00e3o Maria, agora \u00e0 frente do partido em Goi\u00e1s, refor\u00e7a o entendimento do colega e considera positiva a elei\u00e7\u00e3o do novo Diret\u00f3rio. \u201cApesar das exposi\u00e7\u00f5es pelas quais passamos nesse \u00faltimo per\u00eddo, com as den\u00fancias envolvendo ex-militantes, acho que estamos em um novo momento do PSOL de Goi\u00e1s. Assumimos essa tarefa com a disposi\u00e7\u00e3o de resgatar a ideia do PSOL como um partido necess\u00e1rio aos goianos e aos brasilieros\u201d, enfatizou.<\/p>\n<p>\tPara Jo\u00e3o Maria, o outro desafio \u00e9 aproximar o partido dos movimentos sociais e das diversas categorias da classe trabalhadora. \u201cVamos nos colocar como um instrumento para esses movimentos. Sacudir a nossa juventude e trazer de volta os companheiros que permaneceram no nosso partido\u201d, pontua. Segundo ele, a primeira reuni\u00e3o do novo Diret\u00f3rio Estadual est\u00e1 prevista para o dia 6 de abril.<\/p>\n<p>\tO militante Washington Fraga foi eleito o novo presidente do Diret\u00f3rio Municipal do PSOL de Goi\u00e2nia.<\/p>\n<p>\t<i>Do Portal do PSOL Nacional \u2013 Leonor Costa<\/i><br \/>\n\t&nbsp;<\/p>\n<p class=\"western\" style=\"margin-bottom: 0cm\">\n\t&nbsp;<\/p>\n","protected":false},"excerpt":{"rendered":"<p>Foi eleita em plen\u00e1ria no \u00faltimo dia 16 de mar\u00e7o, em Goi\u00e2nia, a nova composi\u00e7\u00e3o do Diret\u00f3rio Estadual do PSOL de Goi\u00e1s. Na plen\u00e1ria, que ocorreu durante o semin\u00e1rio Por um PSOL de Lutas, foi escolhido como presidente do Diret\u00f3rio Estadual o urbanit\u00e1rio e dirigente do STIUEG (Sindicato dos Urbanit\u00e1rios de Goi\u00e1s), Jo\u00e3o Maria, militante [&hellip;]<\/p>\n","protected":false},"author":2,"featured_media":0,"comment_status":"open","ping_status":"open","sticky":false,"template":"","format":"standard","meta":{"_acf_changed":false,"footnotes":""},"categories":[4766,654],"tags":[22],"class_list":{"0":"post-1867","1":"post","2":"type-post","3":"status-publish","4":"format-standard","6":"category-arquivo","7":"category-estados","8":"tag-psol"},"acf":[],"yoast_head":"<!-- This site is optimized with the Yoast SEO plugin v26.5 - https:\/\/yoast.com\/wordpress\/plugins\/seo\/ -->\n<title>PSOL de Goi\u00e1s tem nova Dire\u00e7\u00e3o, com eletricit\u00e1rio na presid\u00eancia e professor na secretaria-geral - PSOL 50<\/title>\n<meta name=\"robots\" content=\"index, follow, max-snippet:-1, max-image-preview:large, max-video-preview:-1\" \/>\n<link rel=\"canonical\" href=\"https:\/\/psol50.org.br\/psol-de-goias-tem-nova-direcao-com-eletricitario-na-presidencia-e-professor-na-secretaria-geral\/\" \/>\n<meta property=\"og:locale\" content=\"pt_BR\" \/>\n<meta property=\"og:type\" content=\"article\" \/>\n<meta property=\"og:title\" content=\"PSOL de Goi\u00e1s tem nova Dire\u00e7\u00e3o, com eletricit\u00e1rio na presid\u00eancia e professor na secretaria-geral - PSOL 50\" \/>\n<meta property=\"og:description\" content=\"Foi eleita em plen\u00e1ria no \u00faltimo dia 16 de mar\u00e7o, em Goi\u00e2nia, a nova composi\u00e7\u00e3o do Diret\u00f3rio Estadual do PSOL de Goi\u00e1s. Na plen\u00e1ria, que ocorreu durante o semin\u00e1rio Por um PSOL de Lutas, foi escolhido como presidente do Diret\u00f3rio Estadual o urbanit\u00e1rio e dirigente do STIUEG (Sindicato dos Urbanit\u00e1rios de Goi\u00e1s), Jo\u00e3o Maria, militante [&hellip;]\" \/>\n<meta property=\"og:url\" content=\"https:\/\/psol50.org.br\/psol-de-goias-tem-nova-direcao-com-eletricitario-na-presidencia-e-professor-na-secretaria-geral\/\" \/>\n<meta property=\"og:site_name\" content=\"PSOL 50\" \/>\n<meta property=\"article:publisher\" content=\"https:\/\/www.facebook.com\/psol50\" \/>\n<meta property=\"article:published_time\" content=\"2013-03-22T00:00:00+00:00\" \/>\n<meta property=\"og:image\" content=\"https:\/\/psol50.org.br\/inc\/uploads\/2018\/07\/capa.png\" \/>\n\t<meta property=\"og:image:width\" content=\"1350\" \/>\n\t<meta property=\"og:image:height\" content=\"900\" \/>\n\t<meta property=\"og:image:type\" content=\"image\/png\" \/>\n<meta name=\"author\" content=\"Comunica\u00e7\u00e3o PSOL\" \/>\n<meta name=\"twitter:card\" content=\"summary_large_image\" \/>\n<meta name=\"twitter:creator\" content=\"@psol50\" \/>\n<meta name=\"twitter:site\" content=\"@psol50\" \/>\n<meta name=\"twitter:label1\" content=\"Escrito por\" \/>\n\t<meta name=\"twitter:data1\" content=\"Comunica\u00e7\u00e3o PSOL\" \/>\n\t<meta name=\"twitter:label2\" content=\"Est. tempo de leitura\" \/>\n\t<meta name=\"twitter:data2\" content=\"3 minutos\" \/>\n<script type=\"application\/ld+json\" class=\"yoast-schema-graph\">{\"@context\":\"https:\/\/schema.org\",\"@graph\":[{\"@type\":\"Article\",\"@id\":\"https:\/\/psol50.org.br\/psol-de-goias-tem-nova-direcao-com-eletricitario-na-presidencia-e-professor-na-secretaria-geral\/#article\",\"isPartOf\":{\"@id\":\"https:\/\/psol50.org.br\/psol-de-goias-tem-nova-direcao-com-eletricitario-na-presidencia-e-professor-na-secretaria-geral\/\"},\"author\":{\"name\":\"Comunica\u00e7\u00e3o PSOL\",\"@id\":\"https:\/\/psol50.org.br\/#\/schema\/person\/475dfa57d0b815993c714c2e96491fcd\"},\"headline\":\"PSOL de Goi\u00e1s tem nova Dire\u00e7\u00e3o, com eletricit\u00e1rio na presid\u00eancia e professor na secretaria-geral\",\"datePublished\":\"2013-03-22T00:00:00+00:00\",\"mainEntityOfPage\":{\"@id\":\"https:\/\/psol50.org.br\/psol-de-goias-tem-nova-direcao-com-eletricitario-na-presidencia-e-professor-na-secretaria-geral\/\"},\"wordCount\":547,\"commentCount\":0,\"publisher\":{\"@id\":\"https:\/\/psol50.org.br\/#organization\"},\"keywords\":[\"PSOL\"],\"articleSection\":[\"Arquivo\",\"Estados\"],\"inLanguage\":\"pt-BR\",\"potentialAction\":[{\"@type\":\"CommentAction\",\"name\":\"Comment\",\"target\":[\"https:\/\/psol50.org.br\/psol-de-goias-tem-nova-direcao-com-eletricitario-na-presidencia-e-professor-na-secretaria-geral\/#respond\"]}]},{\"@type\":\"WebPage\",\"@id\":\"https:\/\/psol50.org.br\/psol-de-goias-tem-nova-direcao-com-eletricitario-na-presidencia-e-professor-na-secretaria-geral\/\",\"url\":\"https:\/\/psol50.org.br\/psol-de-goias-tem-nova-direcao-com-eletricitario-na-presidencia-e-professor-na-secretaria-geral\/\",\"name\":\"PSOL de Goi\u00e1s tem nova Dire\u00e7\u00e3o, com eletricit\u00e1rio na presid\u00eancia e professor na secretaria-geral - PSOL 50\",\"isPartOf\":{\"@id\":\"https:\/\/psol50.org.br\/#website\"},\"datePublished\":\"2013-03-22T00:00:00+00:00\",\"breadcrumb\":{\"@id\":\"https:\/\/psol50.org.br\/psol-de-goias-tem-nova-direcao-com-eletricitario-na-presidencia-e-professor-na-secretaria-geral\/#breadcrumb\"},\"inLanguage\":\"pt-BR\",\"potentialAction\":[{\"@type\":\"ReadAction\",\"target\":[\"https:\/\/psol50.org.br\/psol-de-goias-tem-nova-direcao-com-eletricitario-na-presidencia-e-professor-na-secretaria-geral\/\"]}]},{\"@type\":\"BreadcrumbList\",\"@id\":\"https:\/\/psol50.org.br\/psol-de-goias-tem-nova-direcao-com-eletricitario-na-presidencia-e-professor-na-secretaria-geral\/#breadcrumb\",\"itemListElement\":[{\"@type\":\"ListItem\",\"position\":1,\"name\":\"In\u00edcio\",\"item\":\"https:\/\/psol50.org.br\/\"},{\"@type\":\"ListItem\",\"position\":2,\"name\":\"PSOL de Goi\u00e1s tem nova Dire\u00e7\u00e3o, com eletricit\u00e1rio na presid\u00eancia e professor na secretaria-geral\"}]},{\"@type\":\"WebSite\",\"@id\":\"https:\/\/psol50.org.br\/#website\",\"url\":\"https:\/\/psol50.org.br\/\",\"name\":\"PSOL 50\",\"description\":\"Site oficial do Partido Socialismo e Liberdade\",\"publisher\":{\"@id\":\"https:\/\/psol50.org.br\/#organization\"},\"alternateName\":\"PSOL50\",\"potentialAction\":[{\"@type\":\"SearchAction\",\"target\":{\"@type\":\"EntryPoint\",\"urlTemplate\":\"https:\/\/psol50.org.br\/?s={search_term_string}\"},\"query-input\":{\"@type\":\"PropertyValueSpecification\",\"valueRequired\":true,\"valueName\":\"search_term_string\"}}],\"inLanguage\":\"pt-BR\"},{\"@type\":\"Organization\",\"@id\":\"https:\/\/psol50.org.br\/#organization\",\"name\":\"PSOL 50\",\"alternateName\":\"PSOL 50\",\"url\":\"https:\/\/psol50.org.br\/\",\"logo\":{\"@type\":\"ImageObject\",\"inLanguage\":\"pt-BR\",\"@id\":\"https:\/\/psol50.org.br\/#\/schema\/logo\/image\/\",\"url\":\"https:\/\/psol50.org.br\/inc\/uploads\/2018\/07\/capa.png\",\"contentUrl\":\"https:\/\/psol50.org.br\/inc\/uploads\/2018\/07\/capa.png\",\"width\":1350,\"height\":900,\"caption\":\"PSOL 50\"},\"image\":{\"@id\":\"https:\/\/psol50.org.br\/#\/schema\/logo\/image\/\"},\"sameAs\":[\"https:\/\/www.facebook.com\/psol50\",\"https:\/\/x.com\/psol50\",\"https:\/\/www.instagram.com\/psol50\/\",\"https:\/\/www.youtube.com\/channel\/UC7SnJS5o1os7a6CaiNabzcg\"]},{\"@type\":\"Person\",\"@id\":\"https:\/\/psol50.org.br\/#\/schema\/person\/475dfa57d0b815993c714c2e96491fcd\",\"name\":\"Comunica\u00e7\u00e3o PSOL\",\"image\":{\"@type\":\"ImageObject\",\"inLanguage\":\"pt-BR\",\"@id\":\"https:\/\/psol50.org.br\/#\/schema\/person\/image\/\",\"url\":\"https:\/\/secure.gravatar.com\/avatar\/b34fc4f4e468a4e51785917065a3db57b841f5c95dba6ad8c73aaf8f66f8f9bf?s=96&d=mm&r=g\",\"contentUrl\":\"https:\/\/secure.gravatar.com\/avatar\/b34fc4f4e468a4e51785917065a3db57b841f5c95dba6ad8c73aaf8f66f8f9bf?s=96&d=mm&r=g\",\"caption\":\"Comunica\u00e7\u00e3o PSOL\"}}]}<\/script>\n<!-- \/ Yoast SEO plugin. -->","yoast_head_json":{"title":"PSOL de Goi\u00e1s tem nova Dire\u00e7\u00e3o, com eletricit\u00e1rio na presid\u00eancia e professor na secretaria-geral - PSOL 50","robots":{"index":"index","follow":"follow","max-snippet":"max-snippet:-1","max-image-preview":"max-image-preview:large","max-video-preview":"max-video-preview:-1"},"canonical":"https:\/\/psol50.org.br\/psol-de-goias-tem-nova-direcao-com-eletricitario-na-presidencia-e-professor-na-secretaria-geral\/","og_locale":"pt_BR","og_type":"article","og_title":"PSOL de Goi\u00e1s tem nova Dire\u00e7\u00e3o, com eletricit\u00e1rio na presid\u00eancia e professor na secretaria-geral - PSOL 50","og_description":"Foi eleita em plen\u00e1ria no \u00faltimo dia 16 de mar\u00e7o, em Goi\u00e2nia, a nova composi\u00e7\u00e3o do Diret\u00f3rio Estadual do PSOL de Goi\u00e1s. Na plen\u00e1ria, que ocorreu durante o semin\u00e1rio Por um PSOL de Lutas, foi escolhido como presidente do Diret\u00f3rio Estadual o urbanit\u00e1rio e dirigente do STIUEG (Sindicato dos Urbanit\u00e1rios de Goi\u00e1s), Jo\u00e3o Maria, militante [&hellip;]","og_url":"https:\/\/psol50.org.br\/psol-de-goias-tem-nova-direcao-com-eletricitario-na-presidencia-e-professor-na-secretaria-geral\/","og_site_name":"PSOL 50","article_publisher":"https:\/\/www.facebook.com\/psol50","article_published_time":"2013-03-22T00:00:00+00:00","og_image":[{"width":1350,"height":900,"url":"https:\/\/psol50.org.br\/inc\/uploads\/2018\/07\/capa.png","type":"image\/png"}],"author":"Comunica\u00e7\u00e3o PSOL","twitter_card":"summary_large_image","twitter_creator":"@psol50","twitter_site":"@psol50","twitter_misc":{"Escrito por":"Comunica\u00e7\u00e3o PSOL","Est. tempo de leitura":"3 minutos"},"schema":{"@context":"https:\/\/schema.org","@graph":[{"@type":"Article","@id":"https:\/\/psol50.org.br\/psol-de-goias-tem-nova-direcao-com-eletricitario-na-presidencia-e-professor-na-secretaria-geral\/#article","isPartOf":{"@id":"https:\/\/psol50.org.br\/psol-de-goias-tem-nova-direcao-com-eletricitario-na-presidencia-e-professor-na-secretaria-geral\/"},"author":{"name":"Comunica\u00e7\u00e3o PSOL","@id":"https:\/\/psol50.org.br\/#\/schema\/person\/475dfa57d0b815993c714c2e96491fcd"},"headline":"PSOL de Goi\u00e1s tem nova Dire\u00e7\u00e3o, com eletricit\u00e1rio na presid\u00eancia e professor na secretaria-geral","datePublished":"2013-03-22T00:00:00+00:00","mainEntityOfPage":{"@id":"https:\/\/psol50.org.br\/psol-de-goias-tem-nova-direcao-com-eletricitario-na-presidencia-e-professor-na-secretaria-geral\/"},"wordCount":547,"commentCount":0,"publisher":{"@id":"https:\/\/psol50.org.br\/#organization"},"keywords":["PSOL"],"articleSection":["Arquivo","Estados"],"inLanguage":"pt-BR","potentialAction":[{"@type":"CommentAction","name":"Comment","target":["https:\/\/psol50.org.br\/psol-de-goias-tem-nova-direcao-com-eletricitario-na-presidencia-e-professor-na-secretaria-geral\/#respond"]}]},{"@type":"WebPage","@id":"https:\/\/psol50.org.br\/psol-de-goias-tem-nova-direcao-com-eletricitario-na-presidencia-e-professor-na-secretaria-geral\/","url":"https:\/\/psol50.org.br\/psol-de-goias-tem-nova-direcao-com-eletricitario-na-presidencia-e-professor-na-secretaria-geral\/","name":"PSOL de Goi\u00e1s tem nova Dire\u00e7\u00e3o, com eletricit\u00e1rio na presid\u00eancia e professor na secretaria-geral - PSOL 50","isPartOf":{"@id":"https:\/\/psol50.org.br\/#website"},"datePublished":"2013-03-22T00:00:00+00:00","breadcrumb":{"@id":"https:\/\/psol50.org.br\/psol-de-goias-tem-nova-direcao-com-eletricitario-na-presidencia-e-professor-na-secretaria-geral\/#breadcrumb"},"inLanguage":"pt-BR","potentialAction":[{"@type":"ReadAction","target":["https:\/\/psol50.org.br\/psol-de-goias-tem-nova-direcao-com-eletricitario-na-presidencia-e-professor-na-secretaria-geral\/"]}]},{"@type":"BreadcrumbList","@id":"https:\/\/psol50.org.br\/psol-de-goias-tem-nova-direcao-com-eletricitario-na-presidencia-e-professor-na-secretaria-geral\/#breadcrumb","itemListElement":[{"@type":"ListItem","position":1,"name":"In\u00edcio","item":"https:\/\/psol50.org.br\/"},{"@type":"ListItem","position":2,"name":"PSOL de Goi\u00e1s tem nova Dire\u00e7\u00e3o, com eletricit\u00e1rio na presid\u00eancia e professor na secretaria-geral"}]},{"@type":"WebSite","@id":"https:\/\/psol50.org.br\/#website","url":"https:\/\/psol50.org.br\/","name":"PSOL 50","description":"Site oficial do Partido Socialismo e Liberdade","publisher":{"@id":"https:\/\/psol50.org.br\/#organization"},"alternateName":"PSOL50","potentialAction":[{"@type":"SearchAction","target":{"@type":"EntryPoint","urlTemplate":"https:\/\/psol50.org.br\/?s={search_term_string}"},"query-input":{"@type":"PropertyValueSpecification","valueRequired":true,"valueName":"search_term_string"}}],"inLanguage":"pt-BR"},{"@type":"Organization","@id":"https:\/\/psol50.org.br\/#organization","name":"PSOL 50","alternateName":"PSOL 50","url":"https:\/\/psol50.org.br\/","logo":{"@type":"ImageObject","inLanguage":"pt-BR","@id":"https:\/\/psol50.org.br\/#\/schema\/logo\/image\/","url":"https:\/\/psol50.org.br\/inc\/uploads\/2018\/07\/capa.png","contentUrl":"https:\/\/psol50.org.br\/inc\/uploads\/2018\/07\/capa.png","width":1350,"height":900,"caption":"PSOL 50"},"image":{"@id":"https:\/\/psol50.org.br\/#\/schema\/logo\/image\/"},"sameAs":["https:\/\/www.facebook.com\/psol50","https:\/\/x.com\/psol50","https:\/\/www.instagram.com\/psol50\/","https:\/\/www.youtube.com\/channel\/UC7SnJS5o1os7a6CaiNabzcg"]},{"@type":"Person","@id":"https:\/\/psol50.org.br\/#\/schema\/person\/475dfa57d0b815993c714c2e96491fcd","name":"Comunica\u00e7\u00e3o PSOL","image":{"@type":"ImageObject","inLanguage":"pt-BR","@id":"https:\/\/psol50.org.br\/#\/schema\/person\/image\/","url":"https:\/\/secure.gravatar.com\/avatar\/b34fc4f4e468a4e51785917065a3db57b841f5c95dba6ad8c73aaf8f66f8f9bf?s=96&d=mm&r=g","contentUrl":"https:\/\/secure.gravatar.com\/avatar\/b34fc4f4e468a4e51785917065a3db57b841f5c95dba6ad8c73aaf8f66f8f9bf?s=96&d=mm&r=g","caption":"Comunica\u00e7\u00e3o PSOL"}}]}},"_links":{"self":[{"href":"https:\/\/psol50.org.br\/rest\/wp\/v2\/posts\/1867","targetHints":{"allow":["GET"]}}],"collection":[{"href":"https:\/\/psol50.org.br\/rest\/wp\/v2\/posts"}],"about":[{"href":"https:\/\/psol50.org.br\/rest\/wp\/v2\/types\/post"}],"author":[{"embeddable":true,"href":"https:\/\/psol50.org.br\/rest\/wp\/v2\/users\/2"}],"replies":[{"embeddable":true,"href":"https:\/\/psol50.org.br\/rest\/wp\/v2\/comments?post=1867"}],"version-history":[{"count":0,"href":"https:\/\/psol50.org.br\/rest\/wp\/v2\/posts\/1867\/revisions"}],"wp:attachment":[{"href":"https:\/\/psol50.org.br\/rest\/wp\/v2\/media?parent=1867"}],"wp:term":[{"taxonomy":"category","embeddable":true,"href":"https:\/\/psol50.org.br\/rest\/wp\/v2\/categories?post=1867"},{"taxonomy":"post_tag","embeddable":true,"href":"https:\/\/psol50.org.br\/rest\/wp\/v2\/tags?post=1867"}],"curies":[{"name":"wp","href":"https:\/\/api.w.org\/{rel}","templated":true}]}}