{"id":18671,"date":"2017-10-25T18:51:12","date_gmt":"2017-10-25T20:51:12","guid":{"rendered":"http:\/\/www.psol50.org.br\/?p=18671"},"modified":"2017-10-25T18:51:12","modified_gmt":"2017-10-25T20:51:12","slug":"acordao-camara-arquiva-2-denuncia-contra-temer","status":"publish","type":"post","link":"https:\/\/psol50.org.br\/acordao-camara-arquiva-2-denuncia-contra-temer\/","title":{"rendered":"Acord\u00e3o: C\u00e2mara arquiva 2\u00aa den\u00fancia contra Temer"},"content":{"rendered":"<p>A C\u00e2mara dos Deputados legitimou, ao longo de toda esta quarta-feira (25\/10), mais uma investida para salvar o presidente Michel Temer das investiga\u00e7\u00f5es sobre os crimes atribu\u00eddos a ele. O plen\u00e1rio da C\u00e2mara, sob o comando de Rodrigo Maia (DEM-RJ), negou o prosseguimento da segunda den\u00fancia da Procuradoria Geral da Rep\u00fablica (PGR) contra Temer, pelos crimes de organiza\u00e7\u00e3o criminosa e obstru\u00e7\u00e3o de justi\u00e7a, bem como contra os ministros Eliseu Padilha e Moreira Franco.<\/p>\n<p>Foram 251 votos favor\u00e1veis ao relat\u00f3rio e 233 contr\u00e1rios, em uma sess\u00e3o que durou mais de 12 horas seguidas.<\/p>\n<p>A bancada\u00a0<span style=\"color: #0000ff;\"><a href=\"https:\/\/www.facebook.com\/psolnacamara\/\" target=\"_blank\" rel=\"noopener\"><strong>PSOL na C\u00e2mara<\/strong><\/a><\/span>\u00a0votou toda pelo prosseguimento da den\u00fancia. O conte\u00fado \u00e9 o mesmo aprovado na quarta-feira passada na <a href=\"http:\/\/www.psol50.org.br\/ccj-da-camara-rejeita-investigacao-contra-temer-na-2a-denuncia-por-corrupcao\/\" target=\"_blank\" rel=\"noopener\"><strong><span style=\"color: #0000ff;\">Comiss\u00e3o de Constitui\u00e7\u00e3o, Justi\u00e7a e Cidadania (CCJ), apresentado pelo ent\u00e3o relator, Bonif\u00e1cio Andrada<\/span><\/strong><\/a> (PSDB-MG).\u00a0 Tanto a CCJ quanto o plen\u00e1rio absolveram, tamb\u00e9m, os ministros Eliseu Padilha (Casa Civil) e Moreira Franco (Secretaria Geral), bra\u00e7os-direito de Temer.<\/p>\n<p>Como na vota\u00e7\u00e3o da primeira den\u00fancia, o presidente fez press\u00e3o para que toda a base de apoio e o chamando &#8220;centr\u00e3o&#8221; votassem contra a investiga\u00e7\u00e3o. Na segunda-feira (23), ele recebeu aliados em um jantar no Pal\u00e1cio da Alvorada, com o intuito de acertar os \u00faltimos detalhes antes da vota\u00e7\u00e3o. Al\u00e9m disso, Temer tamb\u00e9m operou, juntamente aos seus apoiadores, a libera\u00e7\u00e3o de emendas a parlamentares na l\u00f3gica do toma-l\u00e1-da-c\u00e1, somando bilh\u00f5es de reais na compra descarada de votos.<\/p>\n<p>Para o PSOL, que na CCJ apresentou <a href=\"http:\/\/www.psol50.org.br\/inc\/uploads\/2017\/10\/Voto_Separado_Denunca_Temer_PSOL-CCJ.pdf\" target=\"_blank\" rel=\"noopener\"><strong><span style=\"color: #0000ff;\">voto em separado<\/span><\/strong><\/a> para que a investiga\u00e7\u00e3o prosseguisse at\u00e9 o STF, a organiza\u00e7\u00e3o criminosa atuava para obter, sobretudo, vantagens econ\u00f4micas, mas tamb\u00e9m pol\u00edticas. A den\u00fancia apresentada pela PGR, na avalia\u00e7\u00e3o dos parlamentares, identificava em exaustivos detalhes a pr\u00e1tica dos crimes de forma\u00e7\u00e3o de quadrilha e obstru\u00e7\u00e3o de justi\u00e7a.<\/p>\n<p>A associa\u00e7\u00e3o consistia em uma estrutura ordenada e caracterizada pela divis\u00e3o de tarefas, com diversos indiv\u00edduos para cometerem delitos. Al\u00e9m disso, Temer, em pareceria com Joesley Batista (dono da J&amp;E) e Ricardo Saud (diretor da JBS), tentou embara\u00e7ar investiga\u00e7\u00f5es de infra\u00e7\u00f5es penais praticadas pelo esquema, ao conspirarem para \u201ccomprar o sil\u00eancio\u201d de outros dois membros da organiza\u00e7\u00e3o criminosa que estavam presos: Eduardo Cunha e L\u00facio Funaro.<\/p>\n<p>No encaminhamento do voto de bancada, o l\u00edder do PSOL, deputado Glauber Braga, denunciou o absurdo que estava se consolidando na vota\u00e7\u00e3o. Assista:<\/p>\n<p><iframe loading=\"lazy\" title=\"Orienta\u00e7\u00e3o do PSOL - vota\u00e7\u00e3o da 2\u00aa den\u00fancia contra Temer\" width=\"696\" height=\"392\" src=\"https:\/\/www.youtube.com\/embed\/w8hLZjp3t-g?feature=oembed\" frameborder=\"0\" allow=\"accelerometer; autoplay; clipboard-write; encrypted-media; gyroscope; picture-in-picture\" allowfullscreen><\/iframe><\/p>\n<p>&nbsp;<\/p>\n","protected":false},"excerpt":{"rendered":"<p>A C\u00e2mara dos Deputados legitimou, ao longo de toda esta quarta-feira (25\/10), mais uma investida para salvar o presidente Michel Temer das investiga\u00e7\u00f5es sobre os crimes atribu\u00eddos a ele. O plen\u00e1rio da C\u00e2mara, sob o comando de Rodrigo Maia (DEM-RJ), negou o prosseguimento da segunda den\u00fancia da Procuradoria Geral da Rep\u00fablica (PGR) contra Temer, pelos [&hellip;]<\/p>\n","protected":false},"author":2,"featured_media":18220,"comment_status":"open","ping_status":"open","sticky":false,"template":"","format":"standard","meta":{"_acf_changed":false,"footnotes":""},"categories":[10,1882,6],"tags":[3703,709,705,79,2169,3704,1191,61,1748,3583,3584,2836,77,22,417,45],"class_list":{"0":"post-18671","1":"post","2":"type-post","3":"status-publish","4":"format-standard","5":"has-post-thumbnail","7":"category-acao-parlamentares","8":"category-brasil","9":"category-noticias","10":"tag-absolvicao","11":"tag-camara-dos-deputados","12":"tag-crimes","13":"tag-denuncia","14":"tag-fora-temer","15":"tag-formacao-de-quadrilha","16":"tag-glauber-braga","17":"tag-investigacao","18":"tag-michel-temer","19":"tag-obstrucao-de-justica","20":"tag-organizacao-criminosa","21":"tag-parecer","22":"tag-pgr","23":"tag-psol","24":"tag-psol-na-camara","25":"tag-stf"},"acf":[],"yoast_head":"<!-- This site is optimized with the Yoast SEO plugin v26.5 - https:\/\/yoast.com\/wordpress\/plugins\/seo\/ -->\n<title>Acord\u00e3o: C\u00e2mara arquiva 2\u00aa den\u00fancia contra Temer - PSOL 50<\/title>\n<meta name=\"robots\" content=\"index, follow, max-snippet:-1, max-image-preview:large, max-video-preview:-1\" \/>\n<link rel=\"canonical\" href=\"https:\/\/psol50.org.br\/acordao-camara-arquiva-2-denuncia-contra-temer\/\" \/>\n<meta property=\"og:locale\" content=\"pt_BR\" \/>\n<meta property=\"og:type\" content=\"article\" \/>\n<meta property=\"og:title\" content=\"Acord\u00e3o: C\u00e2mara arquiva 2\u00aa den\u00fancia contra Temer - PSOL 50\" \/>\n<meta property=\"og:description\" content=\"A C\u00e2mara dos Deputados legitimou, ao longo de toda esta quarta-feira (25\/10), mais uma investida para salvar o presidente Michel Temer das investiga\u00e7\u00f5es sobre os crimes atribu\u00eddos a ele. O plen\u00e1rio da C\u00e2mara, sob o comando de Rodrigo Maia (DEM-RJ), negou o prosseguimento da segunda den\u00fancia da Procuradoria Geral da Rep\u00fablica (PGR) contra Temer, pelos [&hellip;]\" \/>\n<meta property=\"og:url\" content=\"https:\/\/psol50.org.br\/acordao-camara-arquiva-2-denuncia-contra-temer\/\" \/>\n<meta property=\"og:site_name\" content=\"PSOL 50\" \/>\n<meta property=\"article:publisher\" content=\"https:\/\/www.facebook.com\/psol50\" \/>\n<meta property=\"article:published_time\" content=\"2017-10-25T20:51:12+00:00\" \/>\n<meta property=\"og:image\" content=\"https:\/\/psol50.org.br\/inc\/uploads\/2018\/07\/capa.png\" \/>\n\t<meta property=\"og:image:width\" content=\"1350\" \/>\n\t<meta property=\"og:image:height\" content=\"900\" \/>\n\t<meta property=\"og:image:type\" content=\"image\/png\" \/>\n<meta name=\"author\" content=\"Comunica\u00e7\u00e3o PSOL\" \/>\n<meta name=\"twitter:card\" content=\"summary_large_image\" \/>\n<meta name=\"twitter:creator\" content=\"@psol50\" \/>\n<meta name=\"twitter:site\" content=\"@psol50\" \/>\n<meta name=\"twitter:label1\" content=\"Escrito por\" \/>\n\t<meta name=\"twitter:data1\" content=\"Comunica\u00e7\u00e3o PSOL\" \/>\n\t<meta name=\"twitter:label2\" content=\"Est. tempo de leitura\" \/>\n\t<meta name=\"twitter:data2\" content=\"2 minutos\" \/>\n<script type=\"application\/ld+json\" class=\"yoast-schema-graph\">{\"@context\":\"https:\/\/schema.org\",\"@graph\":[{\"@type\":\"Article\",\"@id\":\"https:\/\/psol50.org.br\/acordao-camara-arquiva-2-denuncia-contra-temer\/#article\",\"isPartOf\":{\"@id\":\"https:\/\/psol50.org.br\/acordao-camara-arquiva-2-denuncia-contra-temer\/\"},\"author\":{\"name\":\"Comunica\u00e7\u00e3o PSOL\",\"@id\":\"https:\/\/psol50.org.br\/#\/schema\/person\/475dfa57d0b815993c714c2e96491fcd\"},\"headline\":\"Acord\u00e3o: C\u00e2mara arquiva 2\u00aa den\u00fancia contra Temer\",\"datePublished\":\"2017-10-25T20:51:12+00:00\",\"mainEntityOfPage\":{\"@id\":\"https:\/\/psol50.org.br\/acordao-camara-arquiva-2-denuncia-contra-temer\/\"},\"wordCount\":445,\"commentCount\":0,\"publisher\":{\"@id\":\"https:\/\/psol50.org.br\/#organization\"},\"image\":{\"@id\":\"https:\/\/psol50.org.br\/acordao-camara-arquiva-2-denuncia-contra-temer\/#primaryimage\"},\"thumbnailUrl\":\"\",\"keywords\":[\"absolvi\u00e7\u00e3o\",\"C\u00e2mara dos Deputados\",\"crimes\",\"den\u00fancia\",\"Fora Temer\",\"forma\u00e7\u00e3o de quadrilha\",\"Glauber Braga\",\"investiga\u00e7\u00e3o\",\"Michel Temer\",\"obstru\u00e7\u00e3o de justi\u00e7a\",\"organiza\u00e7\u00e3o criminosa\",\"parecer\",\"PGR\",\"PSOL\",\"PSOL na C\u00e2mara\",\"STF\"],\"articleSection\":[\"A\u00e7\u00e3o Parlamentar\",\"Brasil\",\"Not\u00edcias\"],\"inLanguage\":\"pt-BR\",\"potentialAction\":[{\"@type\":\"CommentAction\",\"name\":\"Comment\",\"target\":[\"https:\/\/psol50.org.br\/acordao-camara-arquiva-2-denuncia-contra-temer\/#respond\"]}]},{\"@type\":\"WebPage\",\"@id\":\"https:\/\/psol50.org.br\/acordao-camara-arquiva-2-denuncia-contra-temer\/\",\"url\":\"https:\/\/psol50.org.br\/acordao-camara-arquiva-2-denuncia-contra-temer\/\",\"name\":\"Acord\u00e3o: C\u00e2mara arquiva 2\u00aa den\u00fancia contra Temer - PSOL 50\",\"isPartOf\":{\"@id\":\"https:\/\/psol50.org.br\/#website\"},\"primaryImageOfPage\":{\"@id\":\"https:\/\/psol50.org.br\/acordao-camara-arquiva-2-denuncia-contra-temer\/#primaryimage\"},\"image\":{\"@id\":\"https:\/\/psol50.org.br\/acordao-camara-arquiva-2-denuncia-contra-temer\/#primaryimage\"},\"thumbnailUrl\":\"\",\"datePublished\":\"2017-10-25T20:51:12+00:00\",\"breadcrumb\":{\"@id\":\"https:\/\/psol50.org.br\/acordao-camara-arquiva-2-denuncia-contra-temer\/#breadcrumb\"},\"inLanguage\":\"pt-BR\",\"potentialAction\":[{\"@type\":\"ReadAction\",\"target\":[\"https:\/\/psol50.org.br\/acordao-camara-arquiva-2-denuncia-contra-temer\/\"]}]},{\"@type\":\"ImageObject\",\"inLanguage\":\"pt-BR\",\"@id\":\"https:\/\/psol50.org.br\/acordao-camara-arquiva-2-denuncia-contra-temer\/#primaryimage\",\"url\":\"\",\"contentUrl\":\"\"},{\"@type\":\"BreadcrumbList\",\"@id\":\"https:\/\/psol50.org.br\/acordao-camara-arquiva-2-denuncia-contra-temer\/#breadcrumb\",\"itemListElement\":[{\"@type\":\"ListItem\",\"position\":1,\"name\":\"In\u00edcio\",\"item\":\"https:\/\/psol50.org.br\/\"},{\"@type\":\"ListItem\",\"position\":2,\"name\":\"Acord\u00e3o: C\u00e2mara arquiva 2\u00aa den\u00fancia contra Temer\"}]},{\"@type\":\"WebSite\",\"@id\":\"https:\/\/psol50.org.br\/#website\",\"url\":\"https:\/\/psol50.org.br\/\",\"name\":\"PSOL 50\",\"description\":\"Site oficial do Partido Socialismo e Liberdade\",\"publisher\":{\"@id\":\"https:\/\/psol50.org.br\/#organization\"},\"alternateName\":\"PSOL50\",\"potentialAction\":[{\"@type\":\"SearchAction\",\"target\":{\"@type\":\"EntryPoint\",\"urlTemplate\":\"https:\/\/psol50.org.br\/?s={search_term_string}\"},\"query-input\":{\"@type\":\"PropertyValueSpecification\",\"valueRequired\":true,\"valueName\":\"search_term_string\"}}],\"inLanguage\":\"pt-BR\"},{\"@type\":\"Organization\",\"@id\":\"https:\/\/psol50.org.br\/#organization\",\"name\":\"PSOL 50\",\"alternateName\":\"PSOL 50\",\"url\":\"https:\/\/psol50.org.br\/\",\"logo\":{\"@type\":\"ImageObject\",\"inLanguage\":\"pt-BR\",\"@id\":\"https:\/\/psol50.org.br\/#\/schema\/logo\/image\/\",\"url\":\"https:\/\/psol50.org.br\/inc\/uploads\/2018\/07\/capa.png\",\"contentUrl\":\"https:\/\/psol50.org.br\/inc\/uploads\/2018\/07\/capa.png\",\"width\":1350,\"height\":900,\"caption\":\"PSOL 50\"},\"image\":{\"@id\":\"https:\/\/psol50.org.br\/#\/schema\/logo\/image\/\"},\"sameAs\":[\"https:\/\/www.facebook.com\/psol50\",\"https:\/\/x.com\/psol50\",\"https:\/\/www.instagram.com\/psol50\/\",\"https:\/\/www.youtube.com\/channel\/UC7SnJS5o1os7a6CaiNabzcg\"]},{\"@type\":\"Person\",\"@id\":\"https:\/\/psol50.org.br\/#\/schema\/person\/475dfa57d0b815993c714c2e96491fcd\",\"name\":\"Comunica\u00e7\u00e3o PSOL\",\"image\":{\"@type\":\"ImageObject\",\"inLanguage\":\"pt-BR\",\"@id\":\"https:\/\/psol50.org.br\/#\/schema\/person\/image\/\",\"url\":\"https:\/\/secure.gravatar.com\/avatar\/b34fc4f4e468a4e51785917065a3db57b841f5c95dba6ad8c73aaf8f66f8f9bf?s=96&d=mm&r=g\",\"contentUrl\":\"https:\/\/secure.gravatar.com\/avatar\/b34fc4f4e468a4e51785917065a3db57b841f5c95dba6ad8c73aaf8f66f8f9bf?s=96&d=mm&r=g\",\"caption\":\"Comunica\u00e7\u00e3o PSOL\"}}]}<\/script>\n<!-- \/ Yoast SEO plugin. -->","yoast_head_json":{"title":"Acord\u00e3o: C\u00e2mara arquiva 2\u00aa den\u00fancia contra Temer - PSOL 50","robots":{"index":"index","follow":"follow","max-snippet":"max-snippet:-1","max-image-preview":"max-image-preview:large","max-video-preview":"max-video-preview:-1"},"canonical":"https:\/\/psol50.org.br\/acordao-camara-arquiva-2-denuncia-contra-temer\/","og_locale":"pt_BR","og_type":"article","og_title":"Acord\u00e3o: C\u00e2mara arquiva 2\u00aa den\u00fancia contra Temer - PSOL 50","og_description":"A C\u00e2mara dos Deputados legitimou, ao longo de toda esta quarta-feira (25\/10), mais uma investida para salvar o presidente Michel Temer das investiga\u00e7\u00f5es sobre os crimes atribu\u00eddos a ele. O plen\u00e1rio da C\u00e2mara, sob o comando de Rodrigo Maia (DEM-RJ), negou o prosseguimento da segunda den\u00fancia da Procuradoria Geral da Rep\u00fablica (PGR) contra Temer, pelos [&hellip;]","og_url":"https:\/\/psol50.org.br\/acordao-camara-arquiva-2-denuncia-contra-temer\/","og_site_name":"PSOL 50","article_publisher":"https:\/\/www.facebook.com\/psol50","article_published_time":"2017-10-25T20:51:12+00:00","og_image":[{"width":1350,"height":900,"url":"https:\/\/psol50.org.br\/inc\/uploads\/2018\/07\/capa.png","type":"image\/png"}],"author":"Comunica\u00e7\u00e3o PSOL","twitter_card":"summary_large_image","twitter_creator":"@psol50","twitter_site":"@psol50","twitter_misc":{"Escrito por":"Comunica\u00e7\u00e3o PSOL","Est. tempo de leitura":"2 minutos"},"schema":{"@context":"https:\/\/schema.org","@graph":[{"@type":"Article","@id":"https:\/\/psol50.org.br\/acordao-camara-arquiva-2-denuncia-contra-temer\/#article","isPartOf":{"@id":"https:\/\/psol50.org.br\/acordao-camara-arquiva-2-denuncia-contra-temer\/"},"author":{"name":"Comunica\u00e7\u00e3o PSOL","@id":"https:\/\/psol50.org.br\/#\/schema\/person\/475dfa57d0b815993c714c2e96491fcd"},"headline":"Acord\u00e3o: C\u00e2mara arquiva 2\u00aa den\u00fancia contra Temer","datePublished":"2017-10-25T20:51:12+00:00","mainEntityOfPage":{"@id":"https:\/\/psol50.org.br\/acordao-camara-arquiva-2-denuncia-contra-temer\/"},"wordCount":445,"commentCount":0,"publisher":{"@id":"https:\/\/psol50.org.br\/#organization"},"image":{"@id":"https:\/\/psol50.org.br\/acordao-camara-arquiva-2-denuncia-contra-temer\/#primaryimage"},"thumbnailUrl":"","keywords":["absolvi\u00e7\u00e3o","C\u00e2mara dos Deputados","crimes","den\u00fancia","Fora Temer","forma\u00e7\u00e3o de quadrilha","Glauber Braga","investiga\u00e7\u00e3o","Michel Temer","obstru\u00e7\u00e3o de justi\u00e7a","organiza\u00e7\u00e3o criminosa","parecer","PGR","PSOL","PSOL na C\u00e2mara","STF"],"articleSection":["A\u00e7\u00e3o Parlamentar","Brasil","Not\u00edcias"],"inLanguage":"pt-BR","potentialAction":[{"@type":"CommentAction","name":"Comment","target":["https:\/\/psol50.org.br\/acordao-camara-arquiva-2-denuncia-contra-temer\/#respond"]}]},{"@type":"WebPage","@id":"https:\/\/psol50.org.br\/acordao-camara-arquiva-2-denuncia-contra-temer\/","url":"https:\/\/psol50.org.br\/acordao-camara-arquiva-2-denuncia-contra-temer\/","name":"Acord\u00e3o: C\u00e2mara arquiva 2\u00aa den\u00fancia contra Temer - PSOL 50","isPartOf":{"@id":"https:\/\/psol50.org.br\/#website"},"primaryImageOfPage":{"@id":"https:\/\/psol50.org.br\/acordao-camara-arquiva-2-denuncia-contra-temer\/#primaryimage"},"image":{"@id":"https:\/\/psol50.org.br\/acordao-camara-arquiva-2-denuncia-contra-temer\/#primaryimage"},"thumbnailUrl":"","datePublished":"2017-10-25T20:51:12+00:00","breadcrumb":{"@id":"https:\/\/psol50.org.br\/acordao-camara-arquiva-2-denuncia-contra-temer\/#breadcrumb"},"inLanguage":"pt-BR","potentialAction":[{"@type":"ReadAction","target":["https:\/\/psol50.org.br\/acordao-camara-arquiva-2-denuncia-contra-temer\/"]}]},{"@type":"ImageObject","inLanguage":"pt-BR","@id":"https:\/\/psol50.org.br\/acordao-camara-arquiva-2-denuncia-contra-temer\/#primaryimage","url":"","contentUrl":""},{"@type":"BreadcrumbList","@id":"https:\/\/psol50.org.br\/acordao-camara-arquiva-2-denuncia-contra-temer\/#breadcrumb","itemListElement":[{"@type":"ListItem","position":1,"name":"In\u00edcio","item":"https:\/\/psol50.org.br\/"},{"@type":"ListItem","position":2,"name":"Acord\u00e3o: C\u00e2mara arquiva 2\u00aa den\u00fancia contra Temer"}]},{"@type":"WebSite","@id":"https:\/\/psol50.org.br\/#website","url":"https:\/\/psol50.org.br\/","name":"PSOL 50","description":"Site oficial do Partido Socialismo e Liberdade","publisher":{"@id":"https:\/\/psol50.org.br\/#organization"},"alternateName":"PSOL50","potentialAction":[{"@type":"SearchAction","target":{"@type":"EntryPoint","urlTemplate":"https:\/\/psol50.org.br\/?s={search_term_string}"},"query-input":{"@type":"PropertyValueSpecification","valueRequired":true,"valueName":"search_term_string"}}],"inLanguage":"pt-BR"},{"@type":"Organization","@id":"https:\/\/psol50.org.br\/#organization","name":"PSOL 50","alternateName":"PSOL 50","url":"https:\/\/psol50.org.br\/","logo":{"@type":"ImageObject","inLanguage":"pt-BR","@id":"https:\/\/psol50.org.br\/#\/schema\/logo\/image\/","url":"https:\/\/psol50.org.br\/inc\/uploads\/2018\/07\/capa.png","contentUrl":"https:\/\/psol50.org.br\/inc\/uploads\/2018\/07\/capa.png","width":1350,"height":900,"caption":"PSOL 50"},"image":{"@id":"https:\/\/psol50.org.br\/#\/schema\/logo\/image\/"},"sameAs":["https:\/\/www.facebook.com\/psol50","https:\/\/x.com\/psol50","https:\/\/www.instagram.com\/psol50\/","https:\/\/www.youtube.com\/channel\/UC7SnJS5o1os7a6CaiNabzcg"]},{"@type":"Person","@id":"https:\/\/psol50.org.br\/#\/schema\/person\/475dfa57d0b815993c714c2e96491fcd","name":"Comunica\u00e7\u00e3o PSOL","image":{"@type":"ImageObject","inLanguage":"pt-BR","@id":"https:\/\/psol50.org.br\/#\/schema\/person\/image\/","url":"https:\/\/secure.gravatar.com\/avatar\/b34fc4f4e468a4e51785917065a3db57b841f5c95dba6ad8c73aaf8f66f8f9bf?s=96&d=mm&r=g","contentUrl":"https:\/\/secure.gravatar.com\/avatar\/b34fc4f4e468a4e51785917065a3db57b841f5c95dba6ad8c73aaf8f66f8f9bf?s=96&d=mm&r=g","caption":"Comunica\u00e7\u00e3o PSOL"}}]}},"_links":{"self":[{"href":"https:\/\/psol50.org.br\/rest\/wp\/v2\/posts\/18671","targetHints":{"allow":["GET"]}}],"collection":[{"href":"https:\/\/psol50.org.br\/rest\/wp\/v2\/posts"}],"about":[{"href":"https:\/\/psol50.org.br\/rest\/wp\/v2\/types\/post"}],"author":[{"embeddable":true,"href":"https:\/\/psol50.org.br\/rest\/wp\/v2\/users\/2"}],"replies":[{"embeddable":true,"href":"https:\/\/psol50.org.br\/rest\/wp\/v2\/comments?post=18671"}],"version-history":[{"count":0,"href":"https:\/\/psol50.org.br\/rest\/wp\/v2\/posts\/18671\/revisions"}],"wp:featuredmedia":[{"embeddable":true,"href":"https:\/\/psol50.org.br\/rest\/"}],"wp:attachment":[{"href":"https:\/\/psol50.org.br\/rest\/wp\/v2\/media?parent=18671"}],"wp:term":[{"taxonomy":"category","embeddable":true,"href":"https:\/\/psol50.org.br\/rest\/wp\/v2\/categories?post=18671"},{"taxonomy":"post_tag","embeddable":true,"href":"https:\/\/psol50.org.br\/rest\/wp\/v2\/tags?post=18671"}],"curies":[{"name":"wp","href":"https:\/\/api.w.org\/{rel}","templated":true}]}}