{"id":18695,"date":"2017-10-26T11:57:27","date_gmt":"2017-10-26T13:57:27","guid":{"rendered":"http:\/\/www.psol50.org.br\/?p=18695"},"modified":"2017-10-26T11:57:27","modified_gmt":"2017-10-26T13:57:27","slug":"governo-faz-nova-rodada-de-venda-do-pre-sal-para-empresas-privadas-nessa-sexta","status":"publish","type":"post","link":"https:\/\/psol50.org.br\/governo-faz-nova-rodada-de-venda-do-pre-sal-para-empresas-privadas-nessa-sexta\/","title":{"rendered":"Governo faz nova rodada de venda do pr\u00e9-sal para empresas privadas nessa sexta"},"content":{"rendered":"<p>O governo federal realiza, nesta sexta-feira (27\/10), dois leil\u00f5es de partilha da produ\u00e7\u00e3o do pr\u00e9-sal, nos quais empresas privadas e estrangeiras de explora\u00e7\u00e3o de petr\u00f3leo poder\u00e3o concorrer como operadoras. A expectativa do governo \u00e9\u00a0obter, nessa etapa, mais R$ 7,75 bilh\u00f5es para os cofres da Uni\u00e3o. Em setembro, com a\u00a014\u00aa rodada de licita\u00e7\u00f5es de blocos explorat\u00f3rios, foram arrecadados\u00a0R$ 3,8 bilh\u00f5es.<\/p>\n<p>Com esse processo, Michel Temer poder\u00e1 repassar a operadoras estrangeiras, a &#8220;pre\u00e7o de banana&#8221;, uma das maiores riquezas naturais do pa\u00eds.\u00a0\u00a0Dentre as 16 empresas habilitadas para as duas licita\u00e7\u00f5es, sete v\u00e3o concorrer pela primeira vez o mercado do pr\u00e9-sal brasileiro: Petronas, BP Energy, Qatar Petroleum, CNODC, Ouro Preto (OP Energia), Ecopetrol e a ExxonMobil.<\/p>\n<p>Segundo reportagem divulgada pela Ag\u00eancia Brasil, o\u00a0diretor-geral da Ag\u00eancia Nacional do Petr\u00f3leo, G\u00e1s Natural e Biocombust\u00edveis (ANP), D\u00e9cio Oddone, disse que a expectativa para a segunda e a terceira rodadas de partilha, nesta sexta-feira, \u00e9 que todas as \u00e1reas tenham disputa de ofertas e sejam leiloadas.\u00a0&#8220;Acho que haver\u00e1 oferta pelas oito [\u00e1reas do leil\u00e3o] e haver\u00e1 disputa acirrada por algumas delas&#8221;, disse.<\/p>\n<p>A segunda rodada ter\u00e1 \u00e1reas em diferentes est\u00e1gios de desenvolvimento, incluindo alguns em que j\u00e1 h\u00e1 produ\u00e7\u00e3o, e a terceira ser\u00e1 a primeira do pr\u00e9-sal com blocos para explora\u00e7\u00e3o.<\/p>\n<p>Ainda de acordo com a mat\u00e9ria, ANP prev\u00ea a realiza\u00e7\u00e3o de tr\u00eas leil\u00f5es em 2018, entre eles a 15\u00aa Rodada, em mar\u00e7o, que ter\u00e1 blocos em bacias da margem leste e equatorial e as bacias terrestres de fronteira.<\/p>\n<p>O PSOL v\u00ea o leil\u00e3o das camadas de pr\u00e9-sal como uma tentativa absurda dos governos em transferir para m\u00e3os estrangeiras\u00a0a explora\u00e7\u00e3o de um dos bens mais preciosos do solo brasileiro. Em 2016, o Congresso Nacional aprovou projeto do hoje ministro Jos\u00e9 Serra (PSDB) que faculta \u00e0 Petrobras a participa\u00e7\u00e3o ou n\u00e3o na explora\u00e7\u00e3o do pr\u00e9-sal, antes obrigat\u00f3ria, abrindo espa\u00e7o para a domina\u00e7\u00e3o estrangeira do recurso.\u00a0<a href=\"http:\/\/www.psol50.org.br\/blog\/2013\/10\/23\/para-presidente-do-psol-leilao-de-libra-representa-a-maior-privatizacao-da-historia-brasileira\/\" target=\"_blank\" rel=\"noopener noreferrer\"><strong>Desde 2013, ainda no governo de Dilma Rousseff, quando ocorreu o leil\u00e3o do campo de Libra<\/strong><\/a>, a maior descoberta do g\u00eanero no pa\u00eds, o partido denuncia essa pol\u00edtica, que retira a exclusividade da estatal brasileira para atuar como operadora nos cons\u00f3rcios de explora\u00e7\u00e3o de blocos de petr\u00f3leo na camada pr\u00e9-sal.<\/p>\n<div><\/div>\n","protected":false},"excerpt":{"rendered":"<p>O governo federal realiza, nesta sexta-feira (27\/10), dois leil\u00f5es de partilha da produ\u00e7\u00e3o do pr\u00e9-sal, nos quais empresas privadas e estrangeiras de explora\u00e7\u00e3o de petr\u00f3leo poder\u00e3o concorrer como operadoras. A expectativa do governo \u00e9\u00a0obter, nessa etapa, mais R$ 7,75 bilh\u00f5es para os cofres da Uni\u00e3o. Em setembro, com a\u00a014\u00aa rodada de licita\u00e7\u00f5es de blocos explorat\u00f3rios, [&hellip;]<\/p>\n","protected":false},"author":2,"featured_media":18696,"comment_status":"open","ping_status":"open","sticky":false,"template":"","format":"standard","meta":{"_acf_changed":false,"footnotes":""},"categories":[1882,6],"tags":[3709,3710,3711,1436,1748,1437,3162,3712],"class_list":{"0":"post-18695","1":"post","2":"type-post","3":"status-publish","4":"format-standard","5":"has-post-thumbnail","7":"category-brasil","8":"category-noticias","9":"tag-anp","10":"tag-blocos-exploratorios","11":"tag-empresas-estrangeiras","12":"tag-leilao","13":"tag-michel-temer","14":"tag-petroleo","15":"tag-pre-sal","16":"tag-rodada-de-licitacoes"},"acf":[],"yoast_head":"<!-- This site is optimized with the Yoast SEO plugin v26.5 - https:\/\/yoast.com\/wordpress\/plugins\/seo\/ -->\n<title>Governo faz nova rodada de venda do pr\u00e9-sal para empresas privadas nessa sexta - PSOL 50<\/title>\n<meta name=\"robots\" content=\"index, follow, max-snippet:-1, max-image-preview:large, max-video-preview:-1\" \/>\n<link rel=\"canonical\" href=\"https:\/\/psol50.org.br\/governo-faz-nova-rodada-de-venda-do-pre-sal-para-empresas-privadas-nessa-sexta\/\" \/>\n<meta property=\"og:locale\" content=\"pt_BR\" \/>\n<meta property=\"og:type\" content=\"article\" \/>\n<meta property=\"og:title\" content=\"Governo faz nova rodada de venda do pr\u00e9-sal para empresas privadas nessa sexta - PSOL 50\" \/>\n<meta property=\"og:description\" content=\"O governo federal realiza, nesta sexta-feira (27\/10), dois leil\u00f5es de partilha da produ\u00e7\u00e3o do pr\u00e9-sal, nos quais empresas privadas e estrangeiras de explora\u00e7\u00e3o de petr\u00f3leo poder\u00e3o concorrer como operadoras. A expectativa do governo \u00e9\u00a0obter, nessa etapa, mais R$ 7,75 bilh\u00f5es para os cofres da Uni\u00e3o. Em setembro, com a\u00a014\u00aa rodada de licita\u00e7\u00f5es de blocos explorat\u00f3rios, [&hellip;]\" \/>\n<meta property=\"og:url\" content=\"https:\/\/psol50.org.br\/governo-faz-nova-rodada-de-venda-do-pre-sal-para-empresas-privadas-nessa-sexta\/\" \/>\n<meta property=\"og:site_name\" content=\"PSOL 50\" \/>\n<meta property=\"article:publisher\" content=\"https:\/\/www.facebook.com\/psol50\" \/>\n<meta property=\"article:published_time\" content=\"2017-10-26T13:57:27+00:00\" \/>\n<meta property=\"og:image\" content=\"https:\/\/psol50.org.br\/inc\/uploads\/2018\/07\/capa.png\" \/>\n\t<meta property=\"og:image:width\" content=\"1350\" \/>\n\t<meta property=\"og:image:height\" content=\"900\" \/>\n\t<meta property=\"og:image:type\" content=\"image\/png\" \/>\n<meta name=\"author\" content=\"Comunica\u00e7\u00e3o PSOL\" \/>\n<meta name=\"twitter:card\" content=\"summary_large_image\" \/>\n<meta name=\"twitter:creator\" content=\"@psol50\" \/>\n<meta name=\"twitter:site\" content=\"@psol50\" \/>\n<meta name=\"twitter:label1\" content=\"Escrito por\" \/>\n\t<meta name=\"twitter:data1\" content=\"Comunica\u00e7\u00e3o PSOL\" \/>\n\t<meta name=\"twitter:label2\" content=\"Est. tempo de leitura\" \/>\n\t<meta name=\"twitter:data2\" content=\"2 minutos\" \/>\n<script type=\"application\/ld+json\" class=\"yoast-schema-graph\">{\"@context\":\"https:\/\/schema.org\",\"@graph\":[{\"@type\":\"Article\",\"@id\":\"https:\/\/psol50.org.br\/governo-faz-nova-rodada-de-venda-do-pre-sal-para-empresas-privadas-nessa-sexta\/#article\",\"isPartOf\":{\"@id\":\"https:\/\/psol50.org.br\/governo-faz-nova-rodada-de-venda-do-pre-sal-para-empresas-privadas-nessa-sexta\/\"},\"author\":{\"name\":\"Comunica\u00e7\u00e3o PSOL\",\"@id\":\"https:\/\/psol50.org.br\/#\/schema\/person\/475dfa57d0b815993c714c2e96491fcd\"},\"headline\":\"Governo faz nova rodada de venda do pr\u00e9-sal para empresas privadas nessa sexta\",\"datePublished\":\"2017-10-26T13:57:27+00:00\",\"mainEntityOfPage\":{\"@id\":\"https:\/\/psol50.org.br\/governo-faz-nova-rodada-de-venda-do-pre-sal-para-empresas-privadas-nessa-sexta\/\"},\"wordCount\":417,\"commentCount\":0,\"publisher\":{\"@id\":\"https:\/\/psol50.org.br\/#organization\"},\"image\":{\"@id\":\"https:\/\/psol50.org.br\/governo-faz-nova-rodada-de-venda-do-pre-sal-para-empresas-privadas-nessa-sexta\/#primaryimage\"},\"thumbnailUrl\":\"\",\"keywords\":[\"ANP\",\"blocos explorat\u00f3rios\",\"empresas estrangeiras\",\"leil\u00e3o\",\"Michel Temer\",\"petr\u00f3leo\",\"pr\u00e9-sal\",\"rodada de licita\u00e7\u00f5es\"],\"articleSection\":[\"Brasil\",\"Not\u00edcias\"],\"inLanguage\":\"pt-BR\",\"potentialAction\":[{\"@type\":\"CommentAction\",\"name\":\"Comment\",\"target\":[\"https:\/\/psol50.org.br\/governo-faz-nova-rodada-de-venda-do-pre-sal-para-empresas-privadas-nessa-sexta\/#respond\"]}]},{\"@type\":\"WebPage\",\"@id\":\"https:\/\/psol50.org.br\/governo-faz-nova-rodada-de-venda-do-pre-sal-para-empresas-privadas-nessa-sexta\/\",\"url\":\"https:\/\/psol50.org.br\/governo-faz-nova-rodada-de-venda-do-pre-sal-para-empresas-privadas-nessa-sexta\/\",\"name\":\"Governo faz nova rodada de venda do pr\u00e9-sal para empresas privadas nessa sexta - PSOL 50\",\"isPartOf\":{\"@id\":\"https:\/\/psol50.org.br\/#website\"},\"primaryImageOfPage\":{\"@id\":\"https:\/\/psol50.org.br\/governo-faz-nova-rodada-de-venda-do-pre-sal-para-empresas-privadas-nessa-sexta\/#primaryimage\"},\"image\":{\"@id\":\"https:\/\/psol50.org.br\/governo-faz-nova-rodada-de-venda-do-pre-sal-para-empresas-privadas-nessa-sexta\/#primaryimage\"},\"thumbnailUrl\":\"\",\"datePublished\":\"2017-10-26T13:57:27+00:00\",\"breadcrumb\":{\"@id\":\"https:\/\/psol50.org.br\/governo-faz-nova-rodada-de-venda-do-pre-sal-para-empresas-privadas-nessa-sexta\/#breadcrumb\"},\"inLanguage\":\"pt-BR\",\"potentialAction\":[{\"@type\":\"ReadAction\",\"target\":[\"https:\/\/psol50.org.br\/governo-faz-nova-rodada-de-venda-do-pre-sal-para-empresas-privadas-nessa-sexta\/\"]}]},{\"@type\":\"ImageObject\",\"inLanguage\":\"pt-BR\",\"@id\":\"https:\/\/psol50.org.br\/governo-faz-nova-rodada-de-venda-do-pre-sal-para-empresas-privadas-nessa-sexta\/#primaryimage\",\"url\":\"\",\"contentUrl\":\"\"},{\"@type\":\"BreadcrumbList\",\"@id\":\"https:\/\/psol50.org.br\/governo-faz-nova-rodada-de-venda-do-pre-sal-para-empresas-privadas-nessa-sexta\/#breadcrumb\",\"itemListElement\":[{\"@type\":\"ListItem\",\"position\":1,\"name\":\"In\u00edcio\",\"item\":\"https:\/\/psol50.org.br\/\"},{\"@type\":\"ListItem\",\"position\":2,\"name\":\"Governo faz nova rodada de venda do pr\u00e9-sal para empresas privadas nessa sexta\"}]},{\"@type\":\"WebSite\",\"@id\":\"https:\/\/psol50.org.br\/#website\",\"url\":\"https:\/\/psol50.org.br\/\",\"name\":\"PSOL 50\",\"description\":\"Site oficial do Partido Socialismo e Liberdade\",\"publisher\":{\"@id\":\"https:\/\/psol50.org.br\/#organization\"},\"alternateName\":\"PSOL50\",\"potentialAction\":[{\"@type\":\"SearchAction\",\"target\":{\"@type\":\"EntryPoint\",\"urlTemplate\":\"https:\/\/psol50.org.br\/?s={search_term_string}\"},\"query-input\":{\"@type\":\"PropertyValueSpecification\",\"valueRequired\":true,\"valueName\":\"search_term_string\"}}],\"inLanguage\":\"pt-BR\"},{\"@type\":\"Organization\",\"@id\":\"https:\/\/psol50.org.br\/#organization\",\"name\":\"PSOL 50\",\"alternateName\":\"PSOL 50\",\"url\":\"https:\/\/psol50.org.br\/\",\"logo\":{\"@type\":\"ImageObject\",\"inLanguage\":\"pt-BR\",\"@id\":\"https:\/\/psol50.org.br\/#\/schema\/logo\/image\/\",\"url\":\"https:\/\/psol50.org.br\/inc\/uploads\/2018\/07\/capa.png\",\"contentUrl\":\"https:\/\/psol50.org.br\/inc\/uploads\/2018\/07\/capa.png\",\"width\":1350,\"height\":900,\"caption\":\"PSOL 50\"},\"image\":{\"@id\":\"https:\/\/psol50.org.br\/#\/schema\/logo\/image\/\"},\"sameAs\":[\"https:\/\/www.facebook.com\/psol50\",\"https:\/\/x.com\/psol50\",\"https:\/\/www.instagram.com\/psol50\/\",\"https:\/\/www.youtube.com\/channel\/UC7SnJS5o1os7a6CaiNabzcg\"]},{\"@type\":\"Person\",\"@id\":\"https:\/\/psol50.org.br\/#\/schema\/person\/475dfa57d0b815993c714c2e96491fcd\",\"name\":\"Comunica\u00e7\u00e3o PSOL\",\"image\":{\"@type\":\"ImageObject\",\"inLanguage\":\"pt-BR\",\"@id\":\"https:\/\/psol50.org.br\/#\/schema\/person\/image\/\",\"url\":\"https:\/\/secure.gravatar.com\/avatar\/b34fc4f4e468a4e51785917065a3db57b841f5c95dba6ad8c73aaf8f66f8f9bf?s=96&d=mm&r=g\",\"contentUrl\":\"https:\/\/secure.gravatar.com\/avatar\/b34fc4f4e468a4e51785917065a3db57b841f5c95dba6ad8c73aaf8f66f8f9bf?s=96&d=mm&r=g\",\"caption\":\"Comunica\u00e7\u00e3o PSOL\"}}]}<\/script>\n<!-- \/ Yoast SEO plugin. -->","yoast_head_json":{"title":"Governo faz nova rodada de venda do pr\u00e9-sal para empresas privadas nessa sexta - PSOL 50","robots":{"index":"index","follow":"follow","max-snippet":"max-snippet:-1","max-image-preview":"max-image-preview:large","max-video-preview":"max-video-preview:-1"},"canonical":"https:\/\/psol50.org.br\/governo-faz-nova-rodada-de-venda-do-pre-sal-para-empresas-privadas-nessa-sexta\/","og_locale":"pt_BR","og_type":"article","og_title":"Governo faz nova rodada de venda do pr\u00e9-sal para empresas privadas nessa sexta - PSOL 50","og_description":"O governo federal realiza, nesta sexta-feira (27\/10), dois leil\u00f5es de partilha da produ\u00e7\u00e3o do pr\u00e9-sal, nos quais empresas privadas e estrangeiras de explora\u00e7\u00e3o de petr\u00f3leo poder\u00e3o concorrer como operadoras. A expectativa do governo \u00e9\u00a0obter, nessa etapa, mais R$ 7,75 bilh\u00f5es para os cofres da Uni\u00e3o. Em setembro, com a\u00a014\u00aa rodada de licita\u00e7\u00f5es de blocos explorat\u00f3rios, [&hellip;]","og_url":"https:\/\/psol50.org.br\/governo-faz-nova-rodada-de-venda-do-pre-sal-para-empresas-privadas-nessa-sexta\/","og_site_name":"PSOL 50","article_publisher":"https:\/\/www.facebook.com\/psol50","article_published_time":"2017-10-26T13:57:27+00:00","og_image":[{"width":1350,"height":900,"url":"https:\/\/psol50.org.br\/inc\/uploads\/2018\/07\/capa.png","type":"image\/png"}],"author":"Comunica\u00e7\u00e3o PSOL","twitter_card":"summary_large_image","twitter_creator":"@psol50","twitter_site":"@psol50","twitter_misc":{"Escrito por":"Comunica\u00e7\u00e3o PSOL","Est. tempo de leitura":"2 minutos"},"schema":{"@context":"https:\/\/schema.org","@graph":[{"@type":"Article","@id":"https:\/\/psol50.org.br\/governo-faz-nova-rodada-de-venda-do-pre-sal-para-empresas-privadas-nessa-sexta\/#article","isPartOf":{"@id":"https:\/\/psol50.org.br\/governo-faz-nova-rodada-de-venda-do-pre-sal-para-empresas-privadas-nessa-sexta\/"},"author":{"name":"Comunica\u00e7\u00e3o PSOL","@id":"https:\/\/psol50.org.br\/#\/schema\/person\/475dfa57d0b815993c714c2e96491fcd"},"headline":"Governo faz nova rodada de venda do pr\u00e9-sal para empresas privadas nessa sexta","datePublished":"2017-10-26T13:57:27+00:00","mainEntityOfPage":{"@id":"https:\/\/psol50.org.br\/governo-faz-nova-rodada-de-venda-do-pre-sal-para-empresas-privadas-nessa-sexta\/"},"wordCount":417,"commentCount":0,"publisher":{"@id":"https:\/\/psol50.org.br\/#organization"},"image":{"@id":"https:\/\/psol50.org.br\/governo-faz-nova-rodada-de-venda-do-pre-sal-para-empresas-privadas-nessa-sexta\/#primaryimage"},"thumbnailUrl":"","keywords":["ANP","blocos explorat\u00f3rios","empresas estrangeiras","leil\u00e3o","Michel Temer","petr\u00f3leo","pr\u00e9-sal","rodada de licita\u00e7\u00f5es"],"articleSection":["Brasil","Not\u00edcias"],"inLanguage":"pt-BR","potentialAction":[{"@type":"CommentAction","name":"Comment","target":["https:\/\/psol50.org.br\/governo-faz-nova-rodada-de-venda-do-pre-sal-para-empresas-privadas-nessa-sexta\/#respond"]}]},{"@type":"WebPage","@id":"https:\/\/psol50.org.br\/governo-faz-nova-rodada-de-venda-do-pre-sal-para-empresas-privadas-nessa-sexta\/","url":"https:\/\/psol50.org.br\/governo-faz-nova-rodada-de-venda-do-pre-sal-para-empresas-privadas-nessa-sexta\/","name":"Governo faz nova rodada de venda do pr\u00e9-sal para empresas privadas nessa sexta - PSOL 50","isPartOf":{"@id":"https:\/\/psol50.org.br\/#website"},"primaryImageOfPage":{"@id":"https:\/\/psol50.org.br\/governo-faz-nova-rodada-de-venda-do-pre-sal-para-empresas-privadas-nessa-sexta\/#primaryimage"},"image":{"@id":"https:\/\/psol50.org.br\/governo-faz-nova-rodada-de-venda-do-pre-sal-para-empresas-privadas-nessa-sexta\/#primaryimage"},"thumbnailUrl":"","datePublished":"2017-10-26T13:57:27+00:00","breadcrumb":{"@id":"https:\/\/psol50.org.br\/governo-faz-nova-rodada-de-venda-do-pre-sal-para-empresas-privadas-nessa-sexta\/#breadcrumb"},"inLanguage":"pt-BR","potentialAction":[{"@type":"ReadAction","target":["https:\/\/psol50.org.br\/governo-faz-nova-rodada-de-venda-do-pre-sal-para-empresas-privadas-nessa-sexta\/"]}]},{"@type":"ImageObject","inLanguage":"pt-BR","@id":"https:\/\/psol50.org.br\/governo-faz-nova-rodada-de-venda-do-pre-sal-para-empresas-privadas-nessa-sexta\/#primaryimage","url":"","contentUrl":""},{"@type":"BreadcrumbList","@id":"https:\/\/psol50.org.br\/governo-faz-nova-rodada-de-venda-do-pre-sal-para-empresas-privadas-nessa-sexta\/#breadcrumb","itemListElement":[{"@type":"ListItem","position":1,"name":"In\u00edcio","item":"https:\/\/psol50.org.br\/"},{"@type":"ListItem","position":2,"name":"Governo faz nova rodada de venda do pr\u00e9-sal para empresas privadas nessa sexta"}]},{"@type":"WebSite","@id":"https:\/\/psol50.org.br\/#website","url":"https:\/\/psol50.org.br\/","name":"PSOL 50","description":"Site oficial do Partido Socialismo e Liberdade","publisher":{"@id":"https:\/\/psol50.org.br\/#organization"},"alternateName":"PSOL50","potentialAction":[{"@type":"SearchAction","target":{"@type":"EntryPoint","urlTemplate":"https:\/\/psol50.org.br\/?s={search_term_string}"},"query-input":{"@type":"PropertyValueSpecification","valueRequired":true,"valueName":"search_term_string"}}],"inLanguage":"pt-BR"},{"@type":"Organization","@id":"https:\/\/psol50.org.br\/#organization","name":"PSOL 50","alternateName":"PSOL 50","url":"https:\/\/psol50.org.br\/","logo":{"@type":"ImageObject","inLanguage":"pt-BR","@id":"https:\/\/psol50.org.br\/#\/schema\/logo\/image\/","url":"https:\/\/psol50.org.br\/inc\/uploads\/2018\/07\/capa.png","contentUrl":"https:\/\/psol50.org.br\/inc\/uploads\/2018\/07\/capa.png","width":1350,"height":900,"caption":"PSOL 50"},"image":{"@id":"https:\/\/psol50.org.br\/#\/schema\/logo\/image\/"},"sameAs":["https:\/\/www.facebook.com\/psol50","https:\/\/x.com\/psol50","https:\/\/www.instagram.com\/psol50\/","https:\/\/www.youtube.com\/channel\/UC7SnJS5o1os7a6CaiNabzcg"]},{"@type":"Person","@id":"https:\/\/psol50.org.br\/#\/schema\/person\/475dfa57d0b815993c714c2e96491fcd","name":"Comunica\u00e7\u00e3o PSOL","image":{"@type":"ImageObject","inLanguage":"pt-BR","@id":"https:\/\/psol50.org.br\/#\/schema\/person\/image\/","url":"https:\/\/secure.gravatar.com\/avatar\/b34fc4f4e468a4e51785917065a3db57b841f5c95dba6ad8c73aaf8f66f8f9bf?s=96&d=mm&r=g","contentUrl":"https:\/\/secure.gravatar.com\/avatar\/b34fc4f4e468a4e51785917065a3db57b841f5c95dba6ad8c73aaf8f66f8f9bf?s=96&d=mm&r=g","caption":"Comunica\u00e7\u00e3o PSOL"}}]}},"_links":{"self":[{"href":"https:\/\/psol50.org.br\/rest\/wp\/v2\/posts\/18695","targetHints":{"allow":["GET"]}}],"collection":[{"href":"https:\/\/psol50.org.br\/rest\/wp\/v2\/posts"}],"about":[{"href":"https:\/\/psol50.org.br\/rest\/wp\/v2\/types\/post"}],"author":[{"embeddable":true,"href":"https:\/\/psol50.org.br\/rest\/wp\/v2\/users\/2"}],"replies":[{"embeddable":true,"href":"https:\/\/psol50.org.br\/rest\/wp\/v2\/comments?post=18695"}],"version-history":[{"count":0,"href":"https:\/\/psol50.org.br\/rest\/wp\/v2\/posts\/18695\/revisions"}],"wp:featuredmedia":[{"embeddable":true,"href":"https:\/\/psol50.org.br\/rest\/"}],"wp:attachment":[{"href":"https:\/\/psol50.org.br\/rest\/wp\/v2\/media?parent=18695"}],"wp:term":[{"taxonomy":"category","embeddable":true,"href":"https:\/\/psol50.org.br\/rest\/wp\/v2\/categories?post=18695"},{"taxonomy":"post_tag","embeddable":true,"href":"https:\/\/psol50.org.br\/rest\/wp\/v2\/tags?post=18695"}],"curies":[{"name":"wp","href":"https:\/\/api.w.org\/{rel}","templated":true}]}}