{"id":18705,"date":"2017-10-27T10:32:27","date_gmt":"2017-10-27T12:32:27","guid":{"rendered":"http:\/\/www.psol50.org.br\/?p=18705"},"modified":"2017-10-27T10:32:27","modified_gmt":"2017-10-27T12:32:27","slug":"alexandre-araujo-costa-o-agro-e-ecocida-o-caso-da-chapada-dos-veadeiros","status":"publish","type":"post","link":"https:\/\/psol50.org.br\/alexandre-araujo-costa-o-agro-e-ecocida-o-caso-da-chapada-dos-veadeiros\/","title":{"rendered":"Alexandre Ara\u00fajo Costa | O agro \u00e9 ecocida: O caso da Chapada dos Veadeiros"},"content":{"rendered":"<p><span style=\"font-size: 14px;\"><em>Artigo publicado originalmente na <a href=\"http:\/\/revistavirus.com.br\/o-agro-e-ecocida-o-caso-da-chapada-dos-veadeiros\/\" target=\"_blank\" rel=\"noopener\"><span style=\"color: #0000ff;\">Revista V\u00edrus<\/span><\/a><\/em><\/span><\/p>\n<p>O cen\u00e1rio \u00e9 de devasta\u00e7\u00e3o completa, de terra arrasada. Ardendo h\u00e1 mais de uma semana, o<strong>\u00a0<\/strong>Parque Nacional da Chapada dos Veadeiros, uma das mais importantes unidades de conserva\u00e7\u00e3o (UC) de nosso pa\u00eds, perdeu nada menos que 26% de sua \u00e1rea, impressionantes 64 mil hectares ou, para que se tenha ideia, tr\u00eas vezes a \u00e1rea da cidade de Recife. A \u00e1rea do parque abriga 32 esp\u00e9cies da fauna e 17 da flora amea\u00e7adas de extin\u00e7\u00e3o, o que constitui um verdadeiro ecoc\u00eddio.<\/p>\n<p>Segundo o site do ICMBio, cinco avi\u00f5es tanque da pr\u00f3pria institui\u00e7\u00e3o, al\u00e9m de helic\u00f3pteros do Ibama, Pol\u00edcia Rodovi\u00e1ria Federal, CBMGO e Pol\u00edcia Militar do DF s\u00e3o utilizados no combate. Mas mesmo com esse aparato e por mais que centenas de brigadistas, bombeiros e volunt\u00e1rios, em uma a\u00e7\u00e3o heroica, estejam enfrentando as chamas e a fuma\u00e7a t\u00f3xica, o fogo ainda segue fora de controle. Ali\u00e1s, \u00e9 importante lembrar que, com o aquecimento global que provoca aumento de temperatura, redu\u00e7\u00e3o de umidade e prolongamento dos veranicos e da esta\u00e7\u00e3o seca, cresce a tend\u00eancia a queimadas e inc\u00eandios se alastrarem em \u00e1reas n\u00e3o s\u00f3 como o cerrado brasileiro, mas como vimos recentemente na Calif\u00f3rnia e em Portugal.<\/p>\n<p>V\u00e3o crescendo tamb\u00e9m as evid\u00eancias de que esse inc\u00eandio na Chapada dos Veadeiros foi intencional. \u201cN\u00e3o existe a possibilidade de combust\u00e3o espont\u00e2nea nessa regi\u00e3o e 100% dos inc\u00eandios na seca no Cerrado s\u00e3o provocados pelo homem\u201d, como afirmou Fernando Tatagiba, chefe do Parque, \u00e0 BBC Brasil. Ele acrescenta: \u201cO local onde o fogo come\u00e7ou deixa claro que o inc\u00eandio foi uma a\u00e7\u00e3o humana. O que mais chamou a aten\u00e7\u00e3o foi que o fogo come\u00e7ou justamente dentro do aceiro (retirada de vegeta\u00e7\u00e3o) que fizemos para evitar que inc\u00eandios externos atingissem o parque, no momento em que o vento estava soprando na dire\u00e7\u00e3o do parque\u201d.<\/p>\n<p>A a\u00e7\u00e3o, portanto, implica responsabilidade de quem conhece a regi\u00e3o e com conhecimento tanto das medidas de prote\u00e7\u00e3o tomadas pela dire\u00e7\u00e3o da UC quanto do efeito de um fogo ateado naquele ponto. Fala-se de a\u00e7\u00e3o de ruralistas em repres\u00e1lia \u00e0 expans\u00e3o da reserva que, em junho deste ano, passou de 65 mil para 240 mil hectares em \u00e1rea cont\u00ednua. Ou seja, o que o fogo consumiu equivale \u00e0 \u00e1rea anterior da pr\u00f3pria UC.<\/p>\n<p>O poderio do agroneg\u00f3cio e a amea\u00e7a que ele representa \u00e0 integridade dos ecossistemas brasileiros \u00e9, por sinal, um dos centros da den\u00fancia levada pelos\u00a0<strong><a href=\"http:\/\/apib.info\/2017\/10\/20\/liderancas-da-apib-participam-de-tour-europeia-com-indigenas-de-diversos-paises-guardioesdaflorestaa\/\">Guardi\u00f5es da Floresta<\/a><\/strong>, em seu giro pela Europa. Dentre as propostas pelo grupo, que conta com S\u00f4nia Guajajara e a APIB (Articula\u00e7\u00e3o dos Povos Ind\u00edgenas do Brasil), est\u00e1 o de que o ecoc\u00eddio seja levado \u00e0s cortes internacionais como crimes contra a humanidade, caso em que o crime da Samarco, em Mariana e, provavelmente, o inc\u00eandio na Chapada dos Veadeiros se enquadram.<\/p>\n<p>Em se confirmando o crime cometido pelos latifundi\u00e1rios da regi\u00e3o, atesta-se o desastre do modelo econ\u00f4mico brasileiro que, diga-se de passagem, n\u00e3o s\u00f3 n\u00e3o foi combatido como incentivado pela esquerda que quer repetir o passado numa l\u00f3gica de \u201cmenos do mesmo\u201d. Minera\u00e7\u00e3o, agroneg\u00f3cio, grandes barragens, extra\u00e7\u00e3o de petr\u00f3leo e g\u00e1s s\u00e3o desastrosas ambientalmente j\u00e1 com funcionamento \u201cnormal\u201d, ent\u00e3o o m\u00ednimo que se esperaria seria o m\u00e1ximo rigor quando algo al\u00e9m da \u201cnormalidade destrutiva\u201d emergisse.<\/p>\n<p>A decreta\u00e7\u00e3o do confisco imediato das terras e bens de empresas e empres\u00e1rios criminosos seria a medida b\u00e1sica nesse caso, mas se o quadro ambiental j\u00e1 vinha ruim com Dilma e Lula, a impunidade e o favorecimento aos setores capitalistas mais devastadores s\u00f3 cresceram sob Michel Temer. A Samarco at\u00e9 agora escapou ilesa da destrui\u00e7\u00e3o de um povoado inteiro e um de nossos maiores rios (o Rio Doce), ent\u00e3o \u00e9 preciso denunciar amplamente o caso da Chapada e cobrar a apura\u00e7\u00e3o e devida responsabiliza\u00e7\u00e3o por mais essa ignom\u00ednia.<\/p>\n","protected":false},"excerpt":{"rendered":"<p>Artigo publicado originalmente na Revista V\u00edrus O cen\u00e1rio \u00e9 de devasta\u00e7\u00e3o completa, de terra arrasada. Ardendo h\u00e1 mais de uma semana, o\u00a0Parque Nacional da Chapada dos Veadeiros, uma das mais importantes unidades de conserva\u00e7\u00e3o (UC) de nosso pa\u00eds, perdeu nada menos que 26% de sua \u00e1rea, impressionantes 64 mil hectares ou, para que se tenha [&hellip;]<\/p>\n","protected":false},"author":2,"featured_media":18706,"comment_status":"open","ping_status":"open","sticky":false,"template":"","format":"standard","meta":{"_acf_changed":false,"footnotes":""},"categories":[3,1882],"tags":[1073,3713,3714,2255,3715,623,778,3716,2128,2782,3717],"class_list":{"0":"post-18705","1":"post","2":"type-post","3":"status-publish","4":"format-standard","5":"has-post-thumbnail","7":"category-artigos-e-entrevistas","8":"category-brasil","9":"tag-agronegocio","10":"tag-alexandre-araujo-costa","11":"tag-chapada-dos-veadeiros","12":"tag-crime-ambiental","13":"tag-ecocidio","14":"tag-goias","15":"tag-ibama","16":"tag-ibmbio","17":"tag-incendio","18":"tag-samarco","19":"tag-unidade-de-conservacao"},"acf":[],"yoast_head":"<!-- This site is optimized with the Yoast SEO plugin v26.5 - https:\/\/yoast.com\/wordpress\/plugins\/seo\/ -->\n<title>Alexandre Ara\u00fajo Costa | O agro \u00e9 ecocida: O caso da Chapada dos Veadeiros - PSOL 50<\/title>\n<meta name=\"robots\" content=\"index, follow, max-snippet:-1, max-image-preview:large, max-video-preview:-1\" \/>\n<link rel=\"canonical\" href=\"https:\/\/psol50.org.br\/alexandre-araujo-costa-o-agro-e-ecocida-o-caso-da-chapada-dos-veadeiros\/\" \/>\n<meta property=\"og:locale\" content=\"pt_BR\" \/>\n<meta property=\"og:type\" content=\"article\" \/>\n<meta property=\"og:title\" content=\"Alexandre Ara\u00fajo Costa | O agro \u00e9 ecocida: O caso da Chapada dos Veadeiros - PSOL 50\" \/>\n<meta property=\"og:description\" content=\"Artigo publicado originalmente na Revista V\u00edrus O cen\u00e1rio \u00e9 de devasta\u00e7\u00e3o completa, de terra arrasada. Ardendo h\u00e1 mais de uma semana, o\u00a0Parque Nacional da Chapada dos Veadeiros, uma das mais importantes unidades de conserva\u00e7\u00e3o (UC) de nosso pa\u00eds, perdeu nada menos que 26% de sua \u00e1rea, impressionantes 64 mil hectares ou, para que se tenha [&hellip;]\" \/>\n<meta property=\"og:url\" content=\"https:\/\/psol50.org.br\/alexandre-araujo-costa-o-agro-e-ecocida-o-caso-da-chapada-dos-veadeiros\/\" \/>\n<meta property=\"og:site_name\" content=\"PSOL 50\" \/>\n<meta property=\"article:publisher\" content=\"https:\/\/www.facebook.com\/psol50\" \/>\n<meta property=\"article:published_time\" content=\"2017-10-27T12:32:27+00:00\" \/>\n<meta property=\"og:image\" content=\"https:\/\/psol50.org.br\/inc\/uploads\/2018\/07\/capa.png\" \/>\n\t<meta property=\"og:image:width\" content=\"1350\" \/>\n\t<meta property=\"og:image:height\" content=\"900\" \/>\n\t<meta property=\"og:image:type\" content=\"image\/png\" \/>\n<meta name=\"author\" content=\"Comunica\u00e7\u00e3o PSOL\" \/>\n<meta name=\"twitter:card\" content=\"summary_large_image\" \/>\n<meta name=\"twitter:creator\" content=\"@psol50\" \/>\n<meta name=\"twitter:site\" content=\"@psol50\" \/>\n<meta name=\"twitter:label1\" content=\"Escrito por\" \/>\n\t<meta name=\"twitter:data1\" content=\"Comunica\u00e7\u00e3o PSOL\" \/>\n\t<meta name=\"twitter:label2\" content=\"Est. tempo de leitura\" \/>\n\t<meta name=\"twitter:data2\" content=\"4 minutos\" \/>\n<script type=\"application\/ld+json\" class=\"yoast-schema-graph\">{\"@context\":\"https:\/\/schema.org\",\"@graph\":[{\"@type\":\"Article\",\"@id\":\"https:\/\/psol50.org.br\/alexandre-araujo-costa-o-agro-e-ecocida-o-caso-da-chapada-dos-veadeiros\/#article\",\"isPartOf\":{\"@id\":\"https:\/\/psol50.org.br\/alexandre-araujo-costa-o-agro-e-ecocida-o-caso-da-chapada-dos-veadeiros\/\"},\"author\":{\"name\":\"Comunica\u00e7\u00e3o PSOL\",\"@id\":\"https:\/\/psol50.org.br\/#\/schema\/person\/475dfa57d0b815993c714c2e96491fcd\"},\"headline\":\"Alexandre Ara\u00fajo Costa | O agro \u00e9 ecocida: O caso da Chapada dos Veadeiros\",\"datePublished\":\"2017-10-27T12:32:27+00:00\",\"mainEntityOfPage\":{\"@id\":\"https:\/\/psol50.org.br\/alexandre-araujo-costa-o-agro-e-ecocida-o-caso-da-chapada-dos-veadeiros\/\"},\"wordCount\":714,\"commentCount\":0,\"publisher\":{\"@id\":\"https:\/\/psol50.org.br\/#organization\"},\"image\":{\"@id\":\"https:\/\/psol50.org.br\/alexandre-araujo-costa-o-agro-e-ecocida-o-caso-da-chapada-dos-veadeiros\/#primaryimage\"},\"thumbnailUrl\":\"\",\"keywords\":[\"agroneg\u00f3cio\",\"Alexandre Ara\u00fajo Costa\",\"Chapada dos Veadeiros\",\"crime ambiental\",\"ecoc\u00eddio\",\"Goi\u00e1s\",\"Ibama\",\"IBMBio\",\"inc\u00eandio\",\"Samarco\",\"unidade de conserva\u00e7\u00e3o\"],\"articleSection\":[\"Artigos\",\"Brasil\"],\"inLanguage\":\"pt-BR\",\"potentialAction\":[{\"@type\":\"CommentAction\",\"name\":\"Comment\",\"target\":[\"https:\/\/psol50.org.br\/alexandre-araujo-costa-o-agro-e-ecocida-o-caso-da-chapada-dos-veadeiros\/#respond\"]}]},{\"@type\":\"WebPage\",\"@id\":\"https:\/\/psol50.org.br\/alexandre-araujo-costa-o-agro-e-ecocida-o-caso-da-chapada-dos-veadeiros\/\",\"url\":\"https:\/\/psol50.org.br\/alexandre-araujo-costa-o-agro-e-ecocida-o-caso-da-chapada-dos-veadeiros\/\",\"name\":\"Alexandre Ara\u00fajo Costa | O agro \u00e9 ecocida: O caso da Chapada dos Veadeiros - PSOL 50\",\"isPartOf\":{\"@id\":\"https:\/\/psol50.org.br\/#website\"},\"primaryImageOfPage\":{\"@id\":\"https:\/\/psol50.org.br\/alexandre-araujo-costa-o-agro-e-ecocida-o-caso-da-chapada-dos-veadeiros\/#primaryimage\"},\"image\":{\"@id\":\"https:\/\/psol50.org.br\/alexandre-araujo-costa-o-agro-e-ecocida-o-caso-da-chapada-dos-veadeiros\/#primaryimage\"},\"thumbnailUrl\":\"\",\"datePublished\":\"2017-10-27T12:32:27+00:00\",\"breadcrumb\":{\"@id\":\"https:\/\/psol50.org.br\/alexandre-araujo-costa-o-agro-e-ecocida-o-caso-da-chapada-dos-veadeiros\/#breadcrumb\"},\"inLanguage\":\"pt-BR\",\"potentialAction\":[{\"@type\":\"ReadAction\",\"target\":[\"https:\/\/psol50.org.br\/alexandre-araujo-costa-o-agro-e-ecocida-o-caso-da-chapada-dos-veadeiros\/\"]}]},{\"@type\":\"ImageObject\",\"inLanguage\":\"pt-BR\",\"@id\":\"https:\/\/psol50.org.br\/alexandre-araujo-costa-o-agro-e-ecocida-o-caso-da-chapada-dos-veadeiros\/#primaryimage\",\"url\":\"\",\"contentUrl\":\"\"},{\"@type\":\"BreadcrumbList\",\"@id\":\"https:\/\/psol50.org.br\/alexandre-araujo-costa-o-agro-e-ecocida-o-caso-da-chapada-dos-veadeiros\/#breadcrumb\",\"itemListElement\":[{\"@type\":\"ListItem\",\"position\":1,\"name\":\"In\u00edcio\",\"item\":\"https:\/\/psol50.org.br\/\"},{\"@type\":\"ListItem\",\"position\":2,\"name\":\"Alexandre Ara\u00fajo Costa | O agro \u00e9 ecocida: O caso da Chapada dos Veadeiros\"}]},{\"@type\":\"WebSite\",\"@id\":\"https:\/\/psol50.org.br\/#website\",\"url\":\"https:\/\/psol50.org.br\/\",\"name\":\"PSOL 50\",\"description\":\"Site oficial do Partido Socialismo e Liberdade\",\"publisher\":{\"@id\":\"https:\/\/psol50.org.br\/#organization\"},\"alternateName\":\"PSOL50\",\"potentialAction\":[{\"@type\":\"SearchAction\",\"target\":{\"@type\":\"EntryPoint\",\"urlTemplate\":\"https:\/\/psol50.org.br\/?s={search_term_string}\"},\"query-input\":{\"@type\":\"PropertyValueSpecification\",\"valueRequired\":true,\"valueName\":\"search_term_string\"}}],\"inLanguage\":\"pt-BR\"},{\"@type\":\"Organization\",\"@id\":\"https:\/\/psol50.org.br\/#organization\",\"name\":\"PSOL 50\",\"alternateName\":\"PSOL 50\",\"url\":\"https:\/\/psol50.org.br\/\",\"logo\":{\"@type\":\"ImageObject\",\"inLanguage\":\"pt-BR\",\"@id\":\"https:\/\/psol50.org.br\/#\/schema\/logo\/image\/\",\"url\":\"https:\/\/psol50.org.br\/inc\/uploads\/2018\/07\/capa.png\",\"contentUrl\":\"https:\/\/psol50.org.br\/inc\/uploads\/2018\/07\/capa.png\",\"width\":1350,\"height\":900,\"caption\":\"PSOL 50\"},\"image\":{\"@id\":\"https:\/\/psol50.org.br\/#\/schema\/logo\/image\/\"},\"sameAs\":[\"https:\/\/www.facebook.com\/psol50\",\"https:\/\/x.com\/psol50\",\"https:\/\/www.instagram.com\/psol50\/\",\"https:\/\/www.youtube.com\/channel\/UC7SnJS5o1os7a6CaiNabzcg\"]},{\"@type\":\"Person\",\"@id\":\"https:\/\/psol50.org.br\/#\/schema\/person\/475dfa57d0b815993c714c2e96491fcd\",\"name\":\"Comunica\u00e7\u00e3o PSOL\",\"image\":{\"@type\":\"ImageObject\",\"inLanguage\":\"pt-BR\",\"@id\":\"https:\/\/psol50.org.br\/#\/schema\/person\/image\/\",\"url\":\"https:\/\/secure.gravatar.com\/avatar\/b34fc4f4e468a4e51785917065a3db57b841f5c95dba6ad8c73aaf8f66f8f9bf?s=96&d=mm&r=g\",\"contentUrl\":\"https:\/\/secure.gravatar.com\/avatar\/b34fc4f4e468a4e51785917065a3db57b841f5c95dba6ad8c73aaf8f66f8f9bf?s=96&d=mm&r=g\",\"caption\":\"Comunica\u00e7\u00e3o PSOL\"}}]}<\/script>\n<!-- \/ Yoast SEO plugin. -->","yoast_head_json":{"title":"Alexandre Ara\u00fajo Costa | O agro \u00e9 ecocida: O caso da Chapada dos Veadeiros - PSOL 50","robots":{"index":"index","follow":"follow","max-snippet":"max-snippet:-1","max-image-preview":"max-image-preview:large","max-video-preview":"max-video-preview:-1"},"canonical":"https:\/\/psol50.org.br\/alexandre-araujo-costa-o-agro-e-ecocida-o-caso-da-chapada-dos-veadeiros\/","og_locale":"pt_BR","og_type":"article","og_title":"Alexandre Ara\u00fajo Costa | O agro \u00e9 ecocida: O caso da Chapada dos Veadeiros - PSOL 50","og_description":"Artigo publicado originalmente na Revista V\u00edrus O cen\u00e1rio \u00e9 de devasta\u00e7\u00e3o completa, de terra arrasada. Ardendo h\u00e1 mais de uma semana, o\u00a0Parque Nacional da Chapada dos Veadeiros, uma das mais importantes unidades de conserva\u00e7\u00e3o (UC) de nosso pa\u00eds, perdeu nada menos que 26% de sua \u00e1rea, impressionantes 64 mil hectares ou, para que se tenha [&hellip;]","og_url":"https:\/\/psol50.org.br\/alexandre-araujo-costa-o-agro-e-ecocida-o-caso-da-chapada-dos-veadeiros\/","og_site_name":"PSOL 50","article_publisher":"https:\/\/www.facebook.com\/psol50","article_published_time":"2017-10-27T12:32:27+00:00","og_image":[{"width":1350,"height":900,"url":"https:\/\/psol50.org.br\/inc\/uploads\/2018\/07\/capa.png","type":"image\/png"}],"author":"Comunica\u00e7\u00e3o PSOL","twitter_card":"summary_large_image","twitter_creator":"@psol50","twitter_site":"@psol50","twitter_misc":{"Escrito por":"Comunica\u00e7\u00e3o PSOL","Est. tempo de leitura":"4 minutos"},"schema":{"@context":"https:\/\/schema.org","@graph":[{"@type":"Article","@id":"https:\/\/psol50.org.br\/alexandre-araujo-costa-o-agro-e-ecocida-o-caso-da-chapada-dos-veadeiros\/#article","isPartOf":{"@id":"https:\/\/psol50.org.br\/alexandre-araujo-costa-o-agro-e-ecocida-o-caso-da-chapada-dos-veadeiros\/"},"author":{"name":"Comunica\u00e7\u00e3o PSOL","@id":"https:\/\/psol50.org.br\/#\/schema\/person\/475dfa57d0b815993c714c2e96491fcd"},"headline":"Alexandre Ara\u00fajo Costa | O agro \u00e9 ecocida: O caso da Chapada dos Veadeiros","datePublished":"2017-10-27T12:32:27+00:00","mainEntityOfPage":{"@id":"https:\/\/psol50.org.br\/alexandre-araujo-costa-o-agro-e-ecocida-o-caso-da-chapada-dos-veadeiros\/"},"wordCount":714,"commentCount":0,"publisher":{"@id":"https:\/\/psol50.org.br\/#organization"},"image":{"@id":"https:\/\/psol50.org.br\/alexandre-araujo-costa-o-agro-e-ecocida-o-caso-da-chapada-dos-veadeiros\/#primaryimage"},"thumbnailUrl":"","keywords":["agroneg\u00f3cio","Alexandre Ara\u00fajo Costa","Chapada dos Veadeiros","crime ambiental","ecoc\u00eddio","Goi\u00e1s","Ibama","IBMBio","inc\u00eandio","Samarco","unidade de conserva\u00e7\u00e3o"],"articleSection":["Artigos","Brasil"],"inLanguage":"pt-BR","potentialAction":[{"@type":"CommentAction","name":"Comment","target":["https:\/\/psol50.org.br\/alexandre-araujo-costa-o-agro-e-ecocida-o-caso-da-chapada-dos-veadeiros\/#respond"]}]},{"@type":"WebPage","@id":"https:\/\/psol50.org.br\/alexandre-araujo-costa-o-agro-e-ecocida-o-caso-da-chapada-dos-veadeiros\/","url":"https:\/\/psol50.org.br\/alexandre-araujo-costa-o-agro-e-ecocida-o-caso-da-chapada-dos-veadeiros\/","name":"Alexandre Ara\u00fajo Costa | O agro \u00e9 ecocida: O caso da Chapada dos Veadeiros - PSOL 50","isPartOf":{"@id":"https:\/\/psol50.org.br\/#website"},"primaryImageOfPage":{"@id":"https:\/\/psol50.org.br\/alexandre-araujo-costa-o-agro-e-ecocida-o-caso-da-chapada-dos-veadeiros\/#primaryimage"},"image":{"@id":"https:\/\/psol50.org.br\/alexandre-araujo-costa-o-agro-e-ecocida-o-caso-da-chapada-dos-veadeiros\/#primaryimage"},"thumbnailUrl":"","datePublished":"2017-10-27T12:32:27+00:00","breadcrumb":{"@id":"https:\/\/psol50.org.br\/alexandre-araujo-costa-o-agro-e-ecocida-o-caso-da-chapada-dos-veadeiros\/#breadcrumb"},"inLanguage":"pt-BR","potentialAction":[{"@type":"ReadAction","target":["https:\/\/psol50.org.br\/alexandre-araujo-costa-o-agro-e-ecocida-o-caso-da-chapada-dos-veadeiros\/"]}]},{"@type":"ImageObject","inLanguage":"pt-BR","@id":"https:\/\/psol50.org.br\/alexandre-araujo-costa-o-agro-e-ecocida-o-caso-da-chapada-dos-veadeiros\/#primaryimage","url":"","contentUrl":""},{"@type":"BreadcrumbList","@id":"https:\/\/psol50.org.br\/alexandre-araujo-costa-o-agro-e-ecocida-o-caso-da-chapada-dos-veadeiros\/#breadcrumb","itemListElement":[{"@type":"ListItem","position":1,"name":"In\u00edcio","item":"https:\/\/psol50.org.br\/"},{"@type":"ListItem","position":2,"name":"Alexandre Ara\u00fajo Costa | O agro \u00e9 ecocida: O caso da Chapada dos Veadeiros"}]},{"@type":"WebSite","@id":"https:\/\/psol50.org.br\/#website","url":"https:\/\/psol50.org.br\/","name":"PSOL 50","description":"Site oficial do Partido Socialismo e Liberdade","publisher":{"@id":"https:\/\/psol50.org.br\/#organization"},"alternateName":"PSOL50","potentialAction":[{"@type":"SearchAction","target":{"@type":"EntryPoint","urlTemplate":"https:\/\/psol50.org.br\/?s={search_term_string}"},"query-input":{"@type":"PropertyValueSpecification","valueRequired":true,"valueName":"search_term_string"}}],"inLanguage":"pt-BR"},{"@type":"Organization","@id":"https:\/\/psol50.org.br\/#organization","name":"PSOL 50","alternateName":"PSOL 50","url":"https:\/\/psol50.org.br\/","logo":{"@type":"ImageObject","inLanguage":"pt-BR","@id":"https:\/\/psol50.org.br\/#\/schema\/logo\/image\/","url":"https:\/\/psol50.org.br\/inc\/uploads\/2018\/07\/capa.png","contentUrl":"https:\/\/psol50.org.br\/inc\/uploads\/2018\/07\/capa.png","width":1350,"height":900,"caption":"PSOL 50"},"image":{"@id":"https:\/\/psol50.org.br\/#\/schema\/logo\/image\/"},"sameAs":["https:\/\/www.facebook.com\/psol50","https:\/\/x.com\/psol50","https:\/\/www.instagram.com\/psol50\/","https:\/\/www.youtube.com\/channel\/UC7SnJS5o1os7a6CaiNabzcg"]},{"@type":"Person","@id":"https:\/\/psol50.org.br\/#\/schema\/person\/475dfa57d0b815993c714c2e96491fcd","name":"Comunica\u00e7\u00e3o PSOL","image":{"@type":"ImageObject","inLanguage":"pt-BR","@id":"https:\/\/psol50.org.br\/#\/schema\/person\/image\/","url":"https:\/\/secure.gravatar.com\/avatar\/b34fc4f4e468a4e51785917065a3db57b841f5c95dba6ad8c73aaf8f66f8f9bf?s=96&d=mm&r=g","contentUrl":"https:\/\/secure.gravatar.com\/avatar\/b34fc4f4e468a4e51785917065a3db57b841f5c95dba6ad8c73aaf8f66f8f9bf?s=96&d=mm&r=g","caption":"Comunica\u00e7\u00e3o PSOL"}}]}},"_links":{"self":[{"href":"https:\/\/psol50.org.br\/rest\/wp\/v2\/posts\/18705","targetHints":{"allow":["GET"]}}],"collection":[{"href":"https:\/\/psol50.org.br\/rest\/wp\/v2\/posts"}],"about":[{"href":"https:\/\/psol50.org.br\/rest\/wp\/v2\/types\/post"}],"author":[{"embeddable":true,"href":"https:\/\/psol50.org.br\/rest\/wp\/v2\/users\/2"}],"replies":[{"embeddable":true,"href":"https:\/\/psol50.org.br\/rest\/wp\/v2\/comments?post=18705"}],"version-history":[{"count":0,"href":"https:\/\/psol50.org.br\/rest\/wp\/v2\/posts\/18705\/revisions"}],"wp:featuredmedia":[{"embeddable":true,"href":"https:\/\/psol50.org.br\/rest\/"}],"wp:attachment":[{"href":"https:\/\/psol50.org.br\/rest\/wp\/v2\/media?parent=18705"}],"wp:term":[{"taxonomy":"category","embeddable":true,"href":"https:\/\/psol50.org.br\/rest\/wp\/v2\/categories?post=18705"},{"taxonomy":"post_tag","embeddable":true,"href":"https:\/\/psol50.org.br\/rest\/wp\/v2\/tags?post=18705"}],"curies":[{"name":"wp","href":"https:\/\/api.w.org\/{rel}","templated":true}]}}