{"id":18725,"date":"2017-10-31T10:36:45","date_gmt":"2017-10-31T12:36:45","guid":{"rendered":"http:\/\/www.psol50.org.br\/?p=18725"},"modified":"2017-10-31T10:36:45","modified_gmt":"2017-10-31T12:36:45","slug":"nova-medida-provisoria-do-ajuste-fiscal-de-temer-congela-salario-de-servidores-publicos","status":"publish","type":"post","link":"https:\/\/psol50.org.br\/nova-medida-provisoria-do-ajuste-fiscal-de-temer-congela-salario-de-servidores-publicos\/","title":{"rendered":"Nova medida provis\u00f3ria do ajuste fiscal de Temer congela sal\u00e1rio de servidores p\u00fablicos"},"content":{"rendered":"<p>Absolvido da segunda den\u00fancia pelos crimes de organiza\u00e7\u00e3o criminosa e obstru\u00e7\u00e3o de justi\u00e7a, o presidente Michel Temer agora retoma sua investida contra a popula\u00e7\u00e3o brasileira, intensificando o ajuste fiscal em andamento nos \u00faltimos anos. Nesta segunda-feira (30\/10), ele assinou duas novas Medidas Provis\u00f3rias, conforme confirmou o ministro do Planejamento, Or\u00e7amento e Gest\u00e3o, Dyogo Oliveira, em entrevista \u00e0 imprensa.\u00a0 A expectativa do Pal\u00e1cio do Planalto, \u00e9 arrecadar com as duas MPs, para os cofres da Uni\u00e3o, cerca de R$ 13,2 bilh\u00f5es. Mas, como sempre, repassando os preju\u00edzos para a popula\u00e7\u00e3o brasileira.<\/p>\n<p>O alvo de uma das medidas s\u00e3o os servidores p\u00fablicos, cuja contribui\u00e7\u00e3o previdenci\u00e1ria passar\u00e1 dos atuais 11% para 14%. A nova regra atinge aqueles com sal\u00e1rio acima de\u00a0R$ 5.531,31, referente ao teto pago aos aposentados pelo Regime Geral da Previd\u00eancia Social (RGPS), mas a contribui\u00e7\u00e3o ser\u00e1 em refer\u00eancia ao valor que ultrapassar esse limite estipulado. (Confira, <a href=\"http:\/\/www.psol50.org.br\/inc\/uploads\/2017\/10\/mp-ajuste-fiscal-reajuste-congelamento-contribuicao-previdenciaria-30out2017.pdf\" target=\"_blank\" rel=\"noopener\"><strong><span style=\"color: #0000ff;\">aqui<\/span><\/strong><\/a>, o conte\u00fado dessa MP).<\/p>\n<p>Al\u00e9m da nova al\u00edquota de contribui\u00e7\u00e3o, o Pal\u00e1cio do Planalto tamb\u00e9m incluiu, na mesma MP, o adiamento do reajuste do funcionalismo p\u00fablico previsto para 2018. O congelamento aprofunda, com isso, os efeitos do teto dos gastos p\u00fablicos, previsto na Emenda Constitucional 95\/2016, oriunda da famigerada PEC 241\/2016, a primeira do ajuste de Temer. Pela altera\u00e7\u00e3o na Constitui\u00e7\u00e3o Federal, estar\u00e3o limitados, nos pr\u00f3ximos 20 anos, investimentos nos setores p\u00fablicos, como sa\u00fade, educa\u00e7\u00e3o e previd\u00eancia, bem como em pol\u00edticas p\u00fablicas voltadas para a popula\u00e7\u00e3o mais empobrecida.<\/p>\n<p>Sobre a pol\u00eamica no interior do pr\u00f3prio governo em rela\u00e7\u00e3o a essa MP, segundo informou o site de not\u00edcias <em>Poder360<\/em>, o ministro da Fazenda, Henrique Meirelles, disse hoje cedo, antes de embarcar de Bras\u00edlia para S\u00e3o Paulo, que est\u00e1 otimista a respeito de manter essa medida no pacote fiscal.<\/p>\n<p>Ainda de acordo com o portal, o presidente da C\u00e2mara, Rodrigo Maia, num corriqueiro jogo de cena, teria criticado o teor das medidas, mas ap\u00f3s conversas com representantes do Pal\u00e1cio do Planalto se comprometeu a n\u00e3o colocar \u00f3bices reais para impedir a tramita\u00e7\u00e3o do pacote no Congresso Nacional.<\/p>\n<p>O aumento da contribui\u00e7\u00e3o previdenci\u00e1ria precisa de 90 dias para entrar em vigor depois de aprovada.<\/p>\n<p><strong>Fundos de investimentos tamb\u00e9m s\u00e3o alvos<\/strong><br \/>\nA outra medida provis\u00f3ria altera a tributa\u00e7\u00e3o do Imposto de Renda (IR) sobre fundos financeiros fechados, chamados de fundos exclusivos. Destinados a grandes clientes, esses fundos fechados pagavam Imposto de Renda apenas no fechamento ou no resgate das cotas. Com a MP, o imposto passa\u00a0a ser cobrado todos os anos, como ocorre com os demais fundos de investimento. Agora, haver\u00e1 um aumento nessa tributa\u00e7\u00e3o. (Confira <span style=\"color: #0000ff;\"><a href=\"http:\/\/www.psol50.org.br\/inc\/uploads\/2017\/10\/mp-ajuste-fiscal-ir-fundos-investimento-30out2017.pdf\" target=\"_blank\" rel=\"noopener\"><strong>aqui<\/strong><\/a><\/span>).<\/p>\n","protected":false},"excerpt":{"rendered":"<p>Absolvido da segunda den\u00fancia pelos crimes de organiza\u00e7\u00e3o criminosa e obstru\u00e7\u00e3o de justi\u00e7a, o presidente Michel Temer agora retoma sua investida contra a popula\u00e7\u00e3o brasileira, intensificando o ajuste fiscal em andamento nos \u00faltimos anos. Nesta segunda-feira (30\/10), ele assinou duas novas Medidas Provis\u00f3rias, conforme confirmou o ministro do Planejamento, Or\u00e7amento e Gest\u00e3o, Dyogo Oliveira, em [&hellip;]<\/p>\n","protected":false},"author":2,"featured_media":18726,"comment_status":"open","ping_status":"open","sticky":false,"template":"","format":"standard","meta":{"_acf_changed":false,"footnotes":""},"categories":[1882,6],"tags":[1432,3491,3726,3218,621,256],"class_list":{"0":"post-18725","1":"post","2":"type-post","3":"status-publish","4":"format-standard","5":"has-post-thumbnail","7":"category-brasil","8":"category-noticias","9":"tag-ajuste-fiscal","10":"tag-contribuicao-previdenciaria","11":"tag-fundos-financeiros","12":"tag-medidas-provisorias","13":"tag-reajuste","14":"tag-servidores-publicos"},"acf":[],"yoast_head":"<!-- This site is optimized with the Yoast SEO plugin v26.5 - https:\/\/yoast.com\/wordpress\/plugins\/seo\/ -->\n<title>Nova medida provis\u00f3ria do ajuste fiscal de Temer congela sal\u00e1rio de servidores p\u00fablicos - PSOL 50<\/title>\n<meta name=\"robots\" content=\"index, follow, max-snippet:-1, max-image-preview:large, max-video-preview:-1\" \/>\n<link rel=\"canonical\" href=\"https:\/\/psol50.org.br\/nova-medida-provisoria-do-ajuste-fiscal-de-temer-congela-salario-de-servidores-publicos\/\" \/>\n<meta property=\"og:locale\" content=\"pt_BR\" \/>\n<meta property=\"og:type\" content=\"article\" \/>\n<meta property=\"og:title\" content=\"Nova medida provis\u00f3ria do ajuste fiscal de Temer congela sal\u00e1rio de servidores p\u00fablicos - PSOL 50\" \/>\n<meta property=\"og:description\" content=\"Absolvido da segunda den\u00fancia pelos crimes de organiza\u00e7\u00e3o criminosa e obstru\u00e7\u00e3o de justi\u00e7a, o presidente Michel Temer agora retoma sua investida contra a popula\u00e7\u00e3o brasileira, intensificando o ajuste fiscal em andamento nos \u00faltimos anos. Nesta segunda-feira (30\/10), ele assinou duas novas Medidas Provis\u00f3rias, conforme confirmou o ministro do Planejamento, Or\u00e7amento e Gest\u00e3o, Dyogo Oliveira, em [&hellip;]\" \/>\n<meta property=\"og:url\" content=\"https:\/\/psol50.org.br\/nova-medida-provisoria-do-ajuste-fiscal-de-temer-congela-salario-de-servidores-publicos\/\" \/>\n<meta property=\"og:site_name\" content=\"PSOL 50\" \/>\n<meta property=\"article:publisher\" content=\"https:\/\/www.facebook.com\/psol50\" \/>\n<meta property=\"article:published_time\" content=\"2017-10-31T12:36:45+00:00\" \/>\n<meta property=\"og:image\" content=\"https:\/\/psol50.org.br\/inc\/uploads\/2018\/07\/capa.png\" \/>\n\t<meta property=\"og:image:width\" content=\"1350\" \/>\n\t<meta property=\"og:image:height\" content=\"900\" \/>\n\t<meta property=\"og:image:type\" content=\"image\/png\" \/>\n<meta name=\"author\" content=\"Comunica\u00e7\u00e3o PSOL\" \/>\n<meta name=\"twitter:card\" content=\"summary_large_image\" \/>\n<meta name=\"twitter:creator\" content=\"@psol50\" \/>\n<meta name=\"twitter:site\" content=\"@psol50\" \/>\n<meta name=\"twitter:label1\" content=\"Escrito por\" \/>\n\t<meta name=\"twitter:data1\" content=\"Comunica\u00e7\u00e3o PSOL\" \/>\n\t<meta name=\"twitter:label2\" content=\"Est. tempo de leitura\" \/>\n\t<meta name=\"twitter:data2\" content=\"2 minutos\" \/>\n<script type=\"application\/ld+json\" class=\"yoast-schema-graph\">{\"@context\":\"https:\/\/schema.org\",\"@graph\":[{\"@type\":\"Article\",\"@id\":\"https:\/\/psol50.org.br\/nova-medida-provisoria-do-ajuste-fiscal-de-temer-congela-salario-de-servidores-publicos\/#article\",\"isPartOf\":{\"@id\":\"https:\/\/psol50.org.br\/nova-medida-provisoria-do-ajuste-fiscal-de-temer-congela-salario-de-servidores-publicos\/\"},\"author\":{\"name\":\"Comunica\u00e7\u00e3o PSOL\",\"@id\":\"https:\/\/psol50.org.br\/#\/schema\/person\/475dfa57d0b815993c714c2e96491fcd\"},\"headline\":\"Nova medida provis\u00f3ria do ajuste fiscal de Temer congela sal\u00e1rio de servidores p\u00fablicos\",\"datePublished\":\"2017-10-31T12:36:45+00:00\",\"mainEntityOfPage\":{\"@id\":\"https:\/\/psol50.org.br\/nova-medida-provisoria-do-ajuste-fiscal-de-temer-congela-salario-de-servidores-publicos\/\"},\"wordCount\":484,\"commentCount\":0,\"publisher\":{\"@id\":\"https:\/\/psol50.org.br\/#organization\"},\"image\":{\"@id\":\"https:\/\/psol50.org.br\/nova-medida-provisoria-do-ajuste-fiscal-de-temer-congela-salario-de-servidores-publicos\/#primaryimage\"},\"thumbnailUrl\":\"\",\"keywords\":[\"Ajuste Fiscal\",\"contribui\u00e7\u00e3o previdenci\u00e1ria\",\"fundos financeiros\",\"medidas provis\u00f3rias\",\"reajuste\",\"servidores p\u00fablicos\"],\"articleSection\":[\"Brasil\",\"Not\u00edcias\"],\"inLanguage\":\"pt-BR\",\"potentialAction\":[{\"@type\":\"CommentAction\",\"name\":\"Comment\",\"target\":[\"https:\/\/psol50.org.br\/nova-medida-provisoria-do-ajuste-fiscal-de-temer-congela-salario-de-servidores-publicos\/#respond\"]}]},{\"@type\":\"WebPage\",\"@id\":\"https:\/\/psol50.org.br\/nova-medida-provisoria-do-ajuste-fiscal-de-temer-congela-salario-de-servidores-publicos\/\",\"url\":\"https:\/\/psol50.org.br\/nova-medida-provisoria-do-ajuste-fiscal-de-temer-congela-salario-de-servidores-publicos\/\",\"name\":\"Nova medida provis\u00f3ria do ajuste fiscal de Temer congela sal\u00e1rio de servidores p\u00fablicos - PSOL 50\",\"isPartOf\":{\"@id\":\"https:\/\/psol50.org.br\/#website\"},\"primaryImageOfPage\":{\"@id\":\"https:\/\/psol50.org.br\/nova-medida-provisoria-do-ajuste-fiscal-de-temer-congela-salario-de-servidores-publicos\/#primaryimage\"},\"image\":{\"@id\":\"https:\/\/psol50.org.br\/nova-medida-provisoria-do-ajuste-fiscal-de-temer-congela-salario-de-servidores-publicos\/#primaryimage\"},\"thumbnailUrl\":\"\",\"datePublished\":\"2017-10-31T12:36:45+00:00\",\"breadcrumb\":{\"@id\":\"https:\/\/psol50.org.br\/nova-medida-provisoria-do-ajuste-fiscal-de-temer-congela-salario-de-servidores-publicos\/#breadcrumb\"},\"inLanguage\":\"pt-BR\",\"potentialAction\":[{\"@type\":\"ReadAction\",\"target\":[\"https:\/\/psol50.org.br\/nova-medida-provisoria-do-ajuste-fiscal-de-temer-congela-salario-de-servidores-publicos\/\"]}]},{\"@type\":\"ImageObject\",\"inLanguage\":\"pt-BR\",\"@id\":\"https:\/\/psol50.org.br\/nova-medida-provisoria-do-ajuste-fiscal-de-temer-congela-salario-de-servidores-publicos\/#primaryimage\",\"url\":\"\",\"contentUrl\":\"\"},{\"@type\":\"BreadcrumbList\",\"@id\":\"https:\/\/psol50.org.br\/nova-medida-provisoria-do-ajuste-fiscal-de-temer-congela-salario-de-servidores-publicos\/#breadcrumb\",\"itemListElement\":[{\"@type\":\"ListItem\",\"position\":1,\"name\":\"In\u00edcio\",\"item\":\"https:\/\/psol50.org.br\/\"},{\"@type\":\"ListItem\",\"position\":2,\"name\":\"Nova medida provis\u00f3ria do ajuste fiscal de Temer congela sal\u00e1rio de servidores p\u00fablicos\"}]},{\"@type\":\"WebSite\",\"@id\":\"https:\/\/psol50.org.br\/#website\",\"url\":\"https:\/\/psol50.org.br\/\",\"name\":\"PSOL 50\",\"description\":\"Site oficial do Partido Socialismo e Liberdade\",\"publisher\":{\"@id\":\"https:\/\/psol50.org.br\/#organization\"},\"alternateName\":\"PSOL50\",\"potentialAction\":[{\"@type\":\"SearchAction\",\"target\":{\"@type\":\"EntryPoint\",\"urlTemplate\":\"https:\/\/psol50.org.br\/?s={search_term_string}\"},\"query-input\":{\"@type\":\"PropertyValueSpecification\",\"valueRequired\":true,\"valueName\":\"search_term_string\"}}],\"inLanguage\":\"pt-BR\"},{\"@type\":\"Organization\",\"@id\":\"https:\/\/psol50.org.br\/#organization\",\"name\":\"PSOL 50\",\"alternateName\":\"PSOL 50\",\"url\":\"https:\/\/psol50.org.br\/\",\"logo\":{\"@type\":\"ImageObject\",\"inLanguage\":\"pt-BR\",\"@id\":\"https:\/\/psol50.org.br\/#\/schema\/logo\/image\/\",\"url\":\"https:\/\/psol50.org.br\/inc\/uploads\/2018\/07\/capa.png\",\"contentUrl\":\"https:\/\/psol50.org.br\/inc\/uploads\/2018\/07\/capa.png\",\"width\":1350,\"height\":900,\"caption\":\"PSOL 50\"},\"image\":{\"@id\":\"https:\/\/psol50.org.br\/#\/schema\/logo\/image\/\"},\"sameAs\":[\"https:\/\/www.facebook.com\/psol50\",\"https:\/\/x.com\/psol50\",\"https:\/\/www.instagram.com\/psol50\/\",\"https:\/\/www.youtube.com\/channel\/UC7SnJS5o1os7a6CaiNabzcg\"]},{\"@type\":\"Person\",\"@id\":\"https:\/\/psol50.org.br\/#\/schema\/person\/475dfa57d0b815993c714c2e96491fcd\",\"name\":\"Comunica\u00e7\u00e3o PSOL\",\"image\":{\"@type\":\"ImageObject\",\"inLanguage\":\"pt-BR\",\"@id\":\"https:\/\/psol50.org.br\/#\/schema\/person\/image\/\",\"url\":\"https:\/\/secure.gravatar.com\/avatar\/b34fc4f4e468a4e51785917065a3db57b841f5c95dba6ad8c73aaf8f66f8f9bf?s=96&d=mm&r=g\",\"contentUrl\":\"https:\/\/secure.gravatar.com\/avatar\/b34fc4f4e468a4e51785917065a3db57b841f5c95dba6ad8c73aaf8f66f8f9bf?s=96&d=mm&r=g\",\"caption\":\"Comunica\u00e7\u00e3o PSOL\"}}]}<\/script>\n<!-- \/ Yoast SEO plugin. -->","yoast_head_json":{"title":"Nova medida provis\u00f3ria do ajuste fiscal de Temer congela sal\u00e1rio de servidores p\u00fablicos - PSOL 50","robots":{"index":"index","follow":"follow","max-snippet":"max-snippet:-1","max-image-preview":"max-image-preview:large","max-video-preview":"max-video-preview:-1"},"canonical":"https:\/\/psol50.org.br\/nova-medida-provisoria-do-ajuste-fiscal-de-temer-congela-salario-de-servidores-publicos\/","og_locale":"pt_BR","og_type":"article","og_title":"Nova medida provis\u00f3ria do ajuste fiscal de Temer congela sal\u00e1rio de servidores p\u00fablicos - PSOL 50","og_description":"Absolvido da segunda den\u00fancia pelos crimes de organiza\u00e7\u00e3o criminosa e obstru\u00e7\u00e3o de justi\u00e7a, o presidente Michel Temer agora retoma sua investida contra a popula\u00e7\u00e3o brasileira, intensificando o ajuste fiscal em andamento nos \u00faltimos anos. Nesta segunda-feira (30\/10), ele assinou duas novas Medidas Provis\u00f3rias, conforme confirmou o ministro do Planejamento, Or\u00e7amento e Gest\u00e3o, Dyogo Oliveira, em [&hellip;]","og_url":"https:\/\/psol50.org.br\/nova-medida-provisoria-do-ajuste-fiscal-de-temer-congela-salario-de-servidores-publicos\/","og_site_name":"PSOL 50","article_publisher":"https:\/\/www.facebook.com\/psol50","article_published_time":"2017-10-31T12:36:45+00:00","og_image":[{"width":1350,"height":900,"url":"https:\/\/psol50.org.br\/inc\/uploads\/2018\/07\/capa.png","type":"image\/png"}],"author":"Comunica\u00e7\u00e3o PSOL","twitter_card":"summary_large_image","twitter_creator":"@psol50","twitter_site":"@psol50","twitter_misc":{"Escrito por":"Comunica\u00e7\u00e3o PSOL","Est. tempo de leitura":"2 minutos"},"schema":{"@context":"https:\/\/schema.org","@graph":[{"@type":"Article","@id":"https:\/\/psol50.org.br\/nova-medida-provisoria-do-ajuste-fiscal-de-temer-congela-salario-de-servidores-publicos\/#article","isPartOf":{"@id":"https:\/\/psol50.org.br\/nova-medida-provisoria-do-ajuste-fiscal-de-temer-congela-salario-de-servidores-publicos\/"},"author":{"name":"Comunica\u00e7\u00e3o PSOL","@id":"https:\/\/psol50.org.br\/#\/schema\/person\/475dfa57d0b815993c714c2e96491fcd"},"headline":"Nova medida provis\u00f3ria do ajuste fiscal de Temer congela sal\u00e1rio de servidores p\u00fablicos","datePublished":"2017-10-31T12:36:45+00:00","mainEntityOfPage":{"@id":"https:\/\/psol50.org.br\/nova-medida-provisoria-do-ajuste-fiscal-de-temer-congela-salario-de-servidores-publicos\/"},"wordCount":484,"commentCount":0,"publisher":{"@id":"https:\/\/psol50.org.br\/#organization"},"image":{"@id":"https:\/\/psol50.org.br\/nova-medida-provisoria-do-ajuste-fiscal-de-temer-congela-salario-de-servidores-publicos\/#primaryimage"},"thumbnailUrl":"","keywords":["Ajuste Fiscal","contribui\u00e7\u00e3o previdenci\u00e1ria","fundos financeiros","medidas provis\u00f3rias","reajuste","servidores p\u00fablicos"],"articleSection":["Brasil","Not\u00edcias"],"inLanguage":"pt-BR","potentialAction":[{"@type":"CommentAction","name":"Comment","target":["https:\/\/psol50.org.br\/nova-medida-provisoria-do-ajuste-fiscal-de-temer-congela-salario-de-servidores-publicos\/#respond"]}]},{"@type":"WebPage","@id":"https:\/\/psol50.org.br\/nova-medida-provisoria-do-ajuste-fiscal-de-temer-congela-salario-de-servidores-publicos\/","url":"https:\/\/psol50.org.br\/nova-medida-provisoria-do-ajuste-fiscal-de-temer-congela-salario-de-servidores-publicos\/","name":"Nova medida provis\u00f3ria do ajuste fiscal de Temer congela sal\u00e1rio de servidores p\u00fablicos - PSOL 50","isPartOf":{"@id":"https:\/\/psol50.org.br\/#website"},"primaryImageOfPage":{"@id":"https:\/\/psol50.org.br\/nova-medida-provisoria-do-ajuste-fiscal-de-temer-congela-salario-de-servidores-publicos\/#primaryimage"},"image":{"@id":"https:\/\/psol50.org.br\/nova-medida-provisoria-do-ajuste-fiscal-de-temer-congela-salario-de-servidores-publicos\/#primaryimage"},"thumbnailUrl":"","datePublished":"2017-10-31T12:36:45+00:00","breadcrumb":{"@id":"https:\/\/psol50.org.br\/nova-medida-provisoria-do-ajuste-fiscal-de-temer-congela-salario-de-servidores-publicos\/#breadcrumb"},"inLanguage":"pt-BR","potentialAction":[{"@type":"ReadAction","target":["https:\/\/psol50.org.br\/nova-medida-provisoria-do-ajuste-fiscal-de-temer-congela-salario-de-servidores-publicos\/"]}]},{"@type":"ImageObject","inLanguage":"pt-BR","@id":"https:\/\/psol50.org.br\/nova-medida-provisoria-do-ajuste-fiscal-de-temer-congela-salario-de-servidores-publicos\/#primaryimage","url":"","contentUrl":""},{"@type":"BreadcrumbList","@id":"https:\/\/psol50.org.br\/nova-medida-provisoria-do-ajuste-fiscal-de-temer-congela-salario-de-servidores-publicos\/#breadcrumb","itemListElement":[{"@type":"ListItem","position":1,"name":"In\u00edcio","item":"https:\/\/psol50.org.br\/"},{"@type":"ListItem","position":2,"name":"Nova medida provis\u00f3ria do ajuste fiscal de Temer congela sal\u00e1rio de servidores p\u00fablicos"}]},{"@type":"WebSite","@id":"https:\/\/psol50.org.br\/#website","url":"https:\/\/psol50.org.br\/","name":"PSOL 50","description":"Site oficial do Partido Socialismo e Liberdade","publisher":{"@id":"https:\/\/psol50.org.br\/#organization"},"alternateName":"PSOL50","potentialAction":[{"@type":"SearchAction","target":{"@type":"EntryPoint","urlTemplate":"https:\/\/psol50.org.br\/?s={search_term_string}"},"query-input":{"@type":"PropertyValueSpecification","valueRequired":true,"valueName":"search_term_string"}}],"inLanguage":"pt-BR"},{"@type":"Organization","@id":"https:\/\/psol50.org.br\/#organization","name":"PSOL 50","alternateName":"PSOL 50","url":"https:\/\/psol50.org.br\/","logo":{"@type":"ImageObject","inLanguage":"pt-BR","@id":"https:\/\/psol50.org.br\/#\/schema\/logo\/image\/","url":"https:\/\/psol50.org.br\/inc\/uploads\/2018\/07\/capa.png","contentUrl":"https:\/\/psol50.org.br\/inc\/uploads\/2018\/07\/capa.png","width":1350,"height":900,"caption":"PSOL 50"},"image":{"@id":"https:\/\/psol50.org.br\/#\/schema\/logo\/image\/"},"sameAs":["https:\/\/www.facebook.com\/psol50","https:\/\/x.com\/psol50","https:\/\/www.instagram.com\/psol50\/","https:\/\/www.youtube.com\/channel\/UC7SnJS5o1os7a6CaiNabzcg"]},{"@type":"Person","@id":"https:\/\/psol50.org.br\/#\/schema\/person\/475dfa57d0b815993c714c2e96491fcd","name":"Comunica\u00e7\u00e3o PSOL","image":{"@type":"ImageObject","inLanguage":"pt-BR","@id":"https:\/\/psol50.org.br\/#\/schema\/person\/image\/","url":"https:\/\/secure.gravatar.com\/avatar\/b34fc4f4e468a4e51785917065a3db57b841f5c95dba6ad8c73aaf8f66f8f9bf?s=96&d=mm&r=g","contentUrl":"https:\/\/secure.gravatar.com\/avatar\/b34fc4f4e468a4e51785917065a3db57b841f5c95dba6ad8c73aaf8f66f8f9bf?s=96&d=mm&r=g","caption":"Comunica\u00e7\u00e3o PSOL"}}]}},"_links":{"self":[{"href":"https:\/\/psol50.org.br\/rest\/wp\/v2\/posts\/18725","targetHints":{"allow":["GET"]}}],"collection":[{"href":"https:\/\/psol50.org.br\/rest\/wp\/v2\/posts"}],"about":[{"href":"https:\/\/psol50.org.br\/rest\/wp\/v2\/types\/post"}],"author":[{"embeddable":true,"href":"https:\/\/psol50.org.br\/rest\/wp\/v2\/users\/2"}],"replies":[{"embeddable":true,"href":"https:\/\/psol50.org.br\/rest\/wp\/v2\/comments?post=18725"}],"version-history":[{"count":0,"href":"https:\/\/psol50.org.br\/rest\/wp\/v2\/posts\/18725\/revisions"}],"wp:featuredmedia":[{"embeddable":true,"href":"https:\/\/psol50.org.br\/rest\/"}],"wp:attachment":[{"href":"https:\/\/psol50.org.br\/rest\/wp\/v2\/media?parent=18725"}],"wp:term":[{"taxonomy":"category","embeddable":true,"href":"https:\/\/psol50.org.br\/rest\/wp\/v2\/categories?post=18725"},{"taxonomy":"post_tag","embeddable":true,"href":"https:\/\/psol50.org.br\/rest\/wp\/v2\/tags?post=18725"}],"curies":[{"name":"wp","href":"https:\/\/api.w.org\/{rel}","templated":true}]}}