{"id":18750,"date":"2017-11-01T12:19:47","date_gmt":"2017-11-01T14:19:47","guid":{"rendered":"http:\/\/www.psol50.org.br\/?p=18750"},"modified":"2017-11-01T12:19:47","modified_gmt":"2017-11-01T14:19:47","slug":"10-de-novembro-e-dia-nacional-de-luta-e-paralisacoes-em-defesa-dos-direitos","status":"publish","type":"post","link":"https:\/\/psol50.org.br\/10-de-novembro-e-dia-nacional-de-luta-e-paralisacoes-em-defesa-dos-direitos\/","title":{"rendered":"10 de novembro \u00e9 dia nacional de luta e paralisa\u00e7\u00f5es em defesa dos direitos"},"content":{"rendered":"<p>\u00c0s v\u00e9speras da reforma trabalhista (<a href=\"http:\/\/www.planalto.gov.br\/ccivil_03\/_ato2015-2018\/2017\/lei\/L13467.htm\" target=\"_blank\" rel=\"noopener\"><strong><span style=\"color: #0000ff;\">Lei 13467\/2017<\/span><\/strong><\/a>) entrar em vigor em 11 de novembro, centrais sindicais, confedera\u00e7\u00f5es, federa\u00e7\u00f5es, sindicatos de base e movimentos sociais, incluindo a frente Povo Sem Medo, realizar\u00e3o, no dia 10 de novembro, um dia nacional de lutas e paralisa\u00e7\u00f5es contra as propostas dos governos (federal e estaduais) que amea\u00e7am os direitos da popula\u00e7\u00e3o brasileira.\u00a0 Para o dia, est\u00e3o sendo preparadas manifesta\u00e7\u00f5es nos locais de trabalho e protestos de rua, mobilizando diversas categorias de trabalhadores dos setores p\u00fablico e privado. Algumas devem paralisar os trabalhos ao longo do dia.<\/p>\n<p>Al\u00e9m da defesa dos direitos trabalhistas, usurpados com a reforma aprovada por Michel Temer e sua base aliada no Congresso Nacional, o dia de luta incluir\u00e1 na pauta a derrota da reforma da Previd\u00eancia, o fim do trabalho escravo, a defesa do servi\u00e7o p\u00fablico e o fim das privatiza\u00e7\u00f5es. Todos os eixos dialogam com o momento de retrocessos impostos ao pa\u00eds pelo governo ileg\u00edtimo.<\/p>\n<p>Absolvido da segunda den\u00fancia por organiza\u00e7\u00e3o criminosa e obstru\u00e7\u00e3o de Justi\u00e7a, Temer agora voltar\u00e1 as suas armas para aprovar a prioridade de seu mandato, que \u00e9 a mudan\u00e7a nas regras da aposentadoria dos trabalhadores. Al\u00e9m disso, aprofunda o ajuste fiscal, com o envio, ao Congresso Nacional, de uma Medida Provis\u00f3ria que aumenta a contribui\u00e7\u00e3o previdenci\u00e1ria dos servidores p\u00fablicos dos atuais 11% para 14% e adia os reajustes previstos para diversas categorias em 2018.<\/p>\n<p>Em rela\u00e7\u00e3o ao trabalho escravo, em conluio com o setor empresarial e do agroneg\u00f3cio, publicou uma portaria dificultando a fiscaliza\u00e7\u00e3o e a puni\u00e7\u00e3o dos casos considerados an\u00e1logos \u00e0 escravid\u00e3o, em que trabalhadores s\u00e3o mantidos sem qualquer direito e em condi\u00e7\u00f5es prec\u00e1rias. No setor econ\u00f4mico, a grande inten\u00e7\u00e3o do Pal\u00e1cio do Planalto \u00e9 aprofundar as privatiza\u00e7\u00f5es, conforme vem demonstrando com o an\u00fancio da venda da Eletrobras e da Casa da Moeda, al\u00e9m dos leil\u00f5es das reversas de pr\u00e9-sal a empresas privadas e estrangeiras.<\/p>\n<p>A expectativa \u00e9 que em S\u00e3o Paulo sejam realizados dois protestos. Um pela manh\u00e3, na Pra\u00e7a da S\u00e9, reunindo mais categorias do setor privado e indo at\u00e9 a Avenida Paulista. E outro, \u00e0 tarde, no Est\u00e1dio do Morumbi, com marcha at\u00e9 o Pal\u00e1cio dos Bandeirantes, sede do governo estadual.\u00a0Em outras capitais, tamb\u00e9m est\u00e3o sendo preparados atos e manifesta\u00e7\u00f5es para marcar o dia.<\/p>\n<p>O PSOL participa da constru\u00e7\u00e3o de mais essa data de luta e, por meio de sua milit\u00e2ncia em v\u00e1rios setores, marcar\u00e1 presen\u00e7a nas agendas de mobiliza\u00e7\u00e3o que visam mostrar ao governo que os trabalhadores e os movimentos sociais n\u00e3o aceitar\u00e3o os retrocessos que est\u00e3o sendo impostos ao pa\u00eds.<\/p>\n","protected":false},"excerpt":{"rendered":"<p>\u00c0s v\u00e9speras da reforma trabalhista (Lei 13467\/2017) entrar em vigor em 11 de novembro, centrais sindicais, confedera\u00e7\u00f5es, federa\u00e7\u00f5es, sindicatos de base e movimentos sociais, incluindo a frente Povo Sem Medo, realizar\u00e3o, no dia 10 de novembro, um dia nacional de lutas e paralisa\u00e7\u00f5es contra as propostas dos governos (federal e estaduais) que amea\u00e7am os direitos [&hellip;]<\/p>\n","protected":false},"author":2,"featured_media":18756,"comment_status":"open","ping_status":"open","sticky":false,"template":"","format":"standard","meta":{"_acf_changed":false,"footnotes":""},"categories":[1882,1104,6],"tags":[3732,1792,3026,406,2237,1748,2088,99,1945,3550,22,39,1669,3668],"class_list":{"0":"post-18750","1":"post","2":"type-post","3":"status-publish","4":"format-standard","5":"has-post-thumbnail","7":"category-brasil","8":"category-movimento","9":"category-noticias","10":"tag-10-de-novembro","11":"tag-centrais-sindicais","12":"tag-dia-nacional-de-luta","13":"tag-direitos","14":"tag-governo-ilegitimo","15":"tag-michel-temer","16":"tag-mobilizacoes","17":"tag-movimentos-sociais","18":"tag-povo-sem-medo","19":"tag-privatizacoes","20":"tag-psol","21":"tag-reforma-da-previdencia","22":"tag-reforma-trabalhista","23":"tag-trabalho-escravo"},"acf":[],"yoast_head":"<!-- This site is optimized with the Yoast SEO plugin v26.5 - https:\/\/yoast.com\/wordpress\/plugins\/seo\/ -->\n<title>10 de novembro \u00e9 dia nacional de luta e paralisa\u00e7\u00f5es em defesa dos direitos - PSOL 50<\/title>\n<meta name=\"robots\" content=\"index, follow, max-snippet:-1, max-image-preview:large, max-video-preview:-1\" \/>\n<link rel=\"canonical\" href=\"https:\/\/psol50.org.br\/10-de-novembro-e-dia-nacional-de-luta-e-paralisacoes-em-defesa-dos-direitos\/\" \/>\n<meta property=\"og:locale\" content=\"pt_BR\" \/>\n<meta property=\"og:type\" content=\"article\" \/>\n<meta property=\"og:title\" content=\"10 de novembro \u00e9 dia nacional de luta e paralisa\u00e7\u00f5es em defesa dos direitos - PSOL 50\" \/>\n<meta property=\"og:description\" content=\"\u00c0s v\u00e9speras da reforma trabalhista (Lei 13467\/2017) entrar em vigor em 11 de novembro, centrais sindicais, confedera\u00e7\u00f5es, federa\u00e7\u00f5es, sindicatos de base e movimentos sociais, incluindo a frente Povo Sem Medo, realizar\u00e3o, no dia 10 de novembro, um dia nacional de lutas e paralisa\u00e7\u00f5es contra as propostas dos governos (federal e estaduais) que amea\u00e7am os direitos [&hellip;]\" \/>\n<meta property=\"og:url\" content=\"https:\/\/psol50.org.br\/10-de-novembro-e-dia-nacional-de-luta-e-paralisacoes-em-defesa-dos-direitos\/\" \/>\n<meta property=\"og:site_name\" content=\"PSOL 50\" \/>\n<meta property=\"article:publisher\" content=\"https:\/\/www.facebook.com\/psol50\" \/>\n<meta property=\"article:published_time\" content=\"2017-11-01T14:19:47+00:00\" \/>\n<meta property=\"og:image\" content=\"https:\/\/psol50.org.br\/inc\/uploads\/2018\/07\/capa.png\" \/>\n\t<meta property=\"og:image:width\" content=\"1350\" \/>\n\t<meta property=\"og:image:height\" content=\"900\" \/>\n\t<meta property=\"og:image:type\" content=\"image\/png\" \/>\n<meta name=\"author\" content=\"Comunica\u00e7\u00e3o PSOL\" \/>\n<meta name=\"twitter:card\" content=\"summary_large_image\" \/>\n<meta name=\"twitter:creator\" content=\"@psol50\" \/>\n<meta name=\"twitter:site\" content=\"@psol50\" \/>\n<meta name=\"twitter:label1\" content=\"Escrito por\" \/>\n\t<meta name=\"twitter:data1\" content=\"Comunica\u00e7\u00e3o PSOL\" \/>\n\t<meta name=\"twitter:label2\" content=\"Est. tempo de leitura\" \/>\n\t<meta name=\"twitter:data2\" content=\"2 minutos\" \/>\n<script type=\"application\/ld+json\" class=\"yoast-schema-graph\">{\"@context\":\"https:\/\/schema.org\",\"@graph\":[{\"@type\":\"Article\",\"@id\":\"https:\/\/psol50.org.br\/10-de-novembro-e-dia-nacional-de-luta-e-paralisacoes-em-defesa-dos-direitos\/#article\",\"isPartOf\":{\"@id\":\"https:\/\/psol50.org.br\/10-de-novembro-e-dia-nacional-de-luta-e-paralisacoes-em-defesa-dos-direitos\/\"},\"author\":{\"name\":\"Comunica\u00e7\u00e3o PSOL\",\"@id\":\"https:\/\/psol50.org.br\/#\/schema\/person\/475dfa57d0b815993c714c2e96491fcd\"},\"headline\":\"10 de novembro \u00e9 dia nacional de luta e paralisa\u00e7\u00f5es em defesa dos direitos\",\"datePublished\":\"2017-11-01T14:19:47+00:00\",\"mainEntityOfPage\":{\"@id\":\"https:\/\/psol50.org.br\/10-de-novembro-e-dia-nacional-de-luta-e-paralisacoes-em-defesa-dos-direitos\/\"},\"wordCount\":484,\"commentCount\":0,\"publisher\":{\"@id\":\"https:\/\/psol50.org.br\/#organization\"},\"image\":{\"@id\":\"https:\/\/psol50.org.br\/10-de-novembro-e-dia-nacional-de-luta-e-paralisacoes-em-defesa-dos-direitos\/#primaryimage\"},\"thumbnailUrl\":\"\",\"keywords\":[\"10 de novembro\",\"centrais sindicais\",\"dia nacional de luta\",\"direitos\",\"governo ileg\u00edtimo\",\"Michel Temer\",\"mobiliza\u00e7\u00f5es\",\"movimentos sociais\",\"Povo Sem medo\",\"privatiza\u00e7\u00f5es\",\"PSOL\",\"reforma da previd\u00eancia\",\"reforma trabalhista\",\"trabalho escravo\"],\"articleSection\":[\"Brasil\",\"Movimento\",\"Not\u00edcias\"],\"inLanguage\":\"pt-BR\",\"potentialAction\":[{\"@type\":\"CommentAction\",\"name\":\"Comment\",\"target\":[\"https:\/\/psol50.org.br\/10-de-novembro-e-dia-nacional-de-luta-e-paralisacoes-em-defesa-dos-direitos\/#respond\"]}]},{\"@type\":\"WebPage\",\"@id\":\"https:\/\/psol50.org.br\/10-de-novembro-e-dia-nacional-de-luta-e-paralisacoes-em-defesa-dos-direitos\/\",\"url\":\"https:\/\/psol50.org.br\/10-de-novembro-e-dia-nacional-de-luta-e-paralisacoes-em-defesa-dos-direitos\/\",\"name\":\"10 de novembro \u00e9 dia nacional de luta e paralisa\u00e7\u00f5es em defesa dos direitos - PSOL 50\",\"isPartOf\":{\"@id\":\"https:\/\/psol50.org.br\/#website\"},\"primaryImageOfPage\":{\"@id\":\"https:\/\/psol50.org.br\/10-de-novembro-e-dia-nacional-de-luta-e-paralisacoes-em-defesa-dos-direitos\/#primaryimage\"},\"image\":{\"@id\":\"https:\/\/psol50.org.br\/10-de-novembro-e-dia-nacional-de-luta-e-paralisacoes-em-defesa-dos-direitos\/#primaryimage\"},\"thumbnailUrl\":\"\",\"datePublished\":\"2017-11-01T14:19:47+00:00\",\"breadcrumb\":{\"@id\":\"https:\/\/psol50.org.br\/10-de-novembro-e-dia-nacional-de-luta-e-paralisacoes-em-defesa-dos-direitos\/#breadcrumb\"},\"inLanguage\":\"pt-BR\",\"potentialAction\":[{\"@type\":\"ReadAction\",\"target\":[\"https:\/\/psol50.org.br\/10-de-novembro-e-dia-nacional-de-luta-e-paralisacoes-em-defesa-dos-direitos\/\"]}]},{\"@type\":\"ImageObject\",\"inLanguage\":\"pt-BR\",\"@id\":\"https:\/\/psol50.org.br\/10-de-novembro-e-dia-nacional-de-luta-e-paralisacoes-em-defesa-dos-direitos\/#primaryimage\",\"url\":\"\",\"contentUrl\":\"\"},{\"@type\":\"BreadcrumbList\",\"@id\":\"https:\/\/psol50.org.br\/10-de-novembro-e-dia-nacional-de-luta-e-paralisacoes-em-defesa-dos-direitos\/#breadcrumb\",\"itemListElement\":[{\"@type\":\"ListItem\",\"position\":1,\"name\":\"In\u00edcio\",\"item\":\"https:\/\/psol50.org.br\/\"},{\"@type\":\"ListItem\",\"position\":2,\"name\":\"10 de novembro \u00e9 dia nacional de luta e paralisa\u00e7\u00f5es em defesa dos direitos\"}]},{\"@type\":\"WebSite\",\"@id\":\"https:\/\/psol50.org.br\/#website\",\"url\":\"https:\/\/psol50.org.br\/\",\"name\":\"PSOL 50\",\"description\":\"Site oficial do Partido Socialismo e Liberdade\",\"publisher\":{\"@id\":\"https:\/\/psol50.org.br\/#organization\"},\"alternateName\":\"PSOL50\",\"potentialAction\":[{\"@type\":\"SearchAction\",\"target\":{\"@type\":\"EntryPoint\",\"urlTemplate\":\"https:\/\/psol50.org.br\/?s={search_term_string}\"},\"query-input\":{\"@type\":\"PropertyValueSpecification\",\"valueRequired\":true,\"valueName\":\"search_term_string\"}}],\"inLanguage\":\"pt-BR\"},{\"@type\":\"Organization\",\"@id\":\"https:\/\/psol50.org.br\/#organization\",\"name\":\"PSOL 50\",\"alternateName\":\"PSOL 50\",\"url\":\"https:\/\/psol50.org.br\/\",\"logo\":{\"@type\":\"ImageObject\",\"inLanguage\":\"pt-BR\",\"@id\":\"https:\/\/psol50.org.br\/#\/schema\/logo\/image\/\",\"url\":\"https:\/\/psol50.org.br\/inc\/uploads\/2018\/07\/capa.png\",\"contentUrl\":\"https:\/\/psol50.org.br\/inc\/uploads\/2018\/07\/capa.png\",\"width\":1350,\"height\":900,\"caption\":\"PSOL 50\"},\"image\":{\"@id\":\"https:\/\/psol50.org.br\/#\/schema\/logo\/image\/\"},\"sameAs\":[\"https:\/\/www.facebook.com\/psol50\",\"https:\/\/x.com\/psol50\",\"https:\/\/www.instagram.com\/psol50\/\",\"https:\/\/www.youtube.com\/channel\/UC7SnJS5o1os7a6CaiNabzcg\"]},{\"@type\":\"Person\",\"@id\":\"https:\/\/psol50.org.br\/#\/schema\/person\/475dfa57d0b815993c714c2e96491fcd\",\"name\":\"Comunica\u00e7\u00e3o PSOL\",\"image\":{\"@type\":\"ImageObject\",\"inLanguage\":\"pt-BR\",\"@id\":\"https:\/\/psol50.org.br\/#\/schema\/person\/image\/\",\"url\":\"https:\/\/secure.gravatar.com\/avatar\/b34fc4f4e468a4e51785917065a3db57b841f5c95dba6ad8c73aaf8f66f8f9bf?s=96&d=mm&r=g\",\"contentUrl\":\"https:\/\/secure.gravatar.com\/avatar\/b34fc4f4e468a4e51785917065a3db57b841f5c95dba6ad8c73aaf8f66f8f9bf?s=96&d=mm&r=g\",\"caption\":\"Comunica\u00e7\u00e3o PSOL\"}}]}<\/script>\n<!-- \/ Yoast SEO plugin. -->","yoast_head_json":{"title":"10 de novembro \u00e9 dia nacional de luta e paralisa\u00e7\u00f5es em defesa dos direitos - PSOL 50","robots":{"index":"index","follow":"follow","max-snippet":"max-snippet:-1","max-image-preview":"max-image-preview:large","max-video-preview":"max-video-preview:-1"},"canonical":"https:\/\/psol50.org.br\/10-de-novembro-e-dia-nacional-de-luta-e-paralisacoes-em-defesa-dos-direitos\/","og_locale":"pt_BR","og_type":"article","og_title":"10 de novembro \u00e9 dia nacional de luta e paralisa\u00e7\u00f5es em defesa dos direitos - PSOL 50","og_description":"\u00c0s v\u00e9speras da reforma trabalhista (Lei 13467\/2017) entrar em vigor em 11 de novembro, centrais sindicais, confedera\u00e7\u00f5es, federa\u00e7\u00f5es, sindicatos de base e movimentos sociais, incluindo a frente Povo Sem Medo, realizar\u00e3o, no dia 10 de novembro, um dia nacional de lutas e paralisa\u00e7\u00f5es contra as propostas dos governos (federal e estaduais) que amea\u00e7am os direitos [&hellip;]","og_url":"https:\/\/psol50.org.br\/10-de-novembro-e-dia-nacional-de-luta-e-paralisacoes-em-defesa-dos-direitos\/","og_site_name":"PSOL 50","article_publisher":"https:\/\/www.facebook.com\/psol50","article_published_time":"2017-11-01T14:19:47+00:00","og_image":[{"width":1350,"height":900,"url":"https:\/\/psol50.org.br\/inc\/uploads\/2018\/07\/capa.png","type":"image\/png"}],"author":"Comunica\u00e7\u00e3o PSOL","twitter_card":"summary_large_image","twitter_creator":"@psol50","twitter_site":"@psol50","twitter_misc":{"Escrito por":"Comunica\u00e7\u00e3o PSOL","Est. tempo de leitura":"2 minutos"},"schema":{"@context":"https:\/\/schema.org","@graph":[{"@type":"Article","@id":"https:\/\/psol50.org.br\/10-de-novembro-e-dia-nacional-de-luta-e-paralisacoes-em-defesa-dos-direitos\/#article","isPartOf":{"@id":"https:\/\/psol50.org.br\/10-de-novembro-e-dia-nacional-de-luta-e-paralisacoes-em-defesa-dos-direitos\/"},"author":{"name":"Comunica\u00e7\u00e3o PSOL","@id":"https:\/\/psol50.org.br\/#\/schema\/person\/475dfa57d0b815993c714c2e96491fcd"},"headline":"10 de novembro \u00e9 dia nacional de luta e paralisa\u00e7\u00f5es em defesa dos direitos","datePublished":"2017-11-01T14:19:47+00:00","mainEntityOfPage":{"@id":"https:\/\/psol50.org.br\/10-de-novembro-e-dia-nacional-de-luta-e-paralisacoes-em-defesa-dos-direitos\/"},"wordCount":484,"commentCount":0,"publisher":{"@id":"https:\/\/psol50.org.br\/#organization"},"image":{"@id":"https:\/\/psol50.org.br\/10-de-novembro-e-dia-nacional-de-luta-e-paralisacoes-em-defesa-dos-direitos\/#primaryimage"},"thumbnailUrl":"","keywords":["10 de novembro","centrais sindicais","dia nacional de luta","direitos","governo ileg\u00edtimo","Michel Temer","mobiliza\u00e7\u00f5es","movimentos sociais","Povo Sem medo","privatiza\u00e7\u00f5es","PSOL","reforma da previd\u00eancia","reforma trabalhista","trabalho escravo"],"articleSection":["Brasil","Movimento","Not\u00edcias"],"inLanguage":"pt-BR","potentialAction":[{"@type":"CommentAction","name":"Comment","target":["https:\/\/psol50.org.br\/10-de-novembro-e-dia-nacional-de-luta-e-paralisacoes-em-defesa-dos-direitos\/#respond"]}]},{"@type":"WebPage","@id":"https:\/\/psol50.org.br\/10-de-novembro-e-dia-nacional-de-luta-e-paralisacoes-em-defesa-dos-direitos\/","url":"https:\/\/psol50.org.br\/10-de-novembro-e-dia-nacional-de-luta-e-paralisacoes-em-defesa-dos-direitos\/","name":"10 de novembro \u00e9 dia nacional de luta e paralisa\u00e7\u00f5es em defesa dos direitos - PSOL 50","isPartOf":{"@id":"https:\/\/psol50.org.br\/#website"},"primaryImageOfPage":{"@id":"https:\/\/psol50.org.br\/10-de-novembro-e-dia-nacional-de-luta-e-paralisacoes-em-defesa-dos-direitos\/#primaryimage"},"image":{"@id":"https:\/\/psol50.org.br\/10-de-novembro-e-dia-nacional-de-luta-e-paralisacoes-em-defesa-dos-direitos\/#primaryimage"},"thumbnailUrl":"","datePublished":"2017-11-01T14:19:47+00:00","breadcrumb":{"@id":"https:\/\/psol50.org.br\/10-de-novembro-e-dia-nacional-de-luta-e-paralisacoes-em-defesa-dos-direitos\/#breadcrumb"},"inLanguage":"pt-BR","potentialAction":[{"@type":"ReadAction","target":["https:\/\/psol50.org.br\/10-de-novembro-e-dia-nacional-de-luta-e-paralisacoes-em-defesa-dos-direitos\/"]}]},{"@type":"ImageObject","inLanguage":"pt-BR","@id":"https:\/\/psol50.org.br\/10-de-novembro-e-dia-nacional-de-luta-e-paralisacoes-em-defesa-dos-direitos\/#primaryimage","url":"","contentUrl":""},{"@type":"BreadcrumbList","@id":"https:\/\/psol50.org.br\/10-de-novembro-e-dia-nacional-de-luta-e-paralisacoes-em-defesa-dos-direitos\/#breadcrumb","itemListElement":[{"@type":"ListItem","position":1,"name":"In\u00edcio","item":"https:\/\/psol50.org.br\/"},{"@type":"ListItem","position":2,"name":"10 de novembro \u00e9 dia nacional de luta e paralisa\u00e7\u00f5es em defesa dos direitos"}]},{"@type":"WebSite","@id":"https:\/\/psol50.org.br\/#website","url":"https:\/\/psol50.org.br\/","name":"PSOL 50","description":"Site oficial do Partido Socialismo e Liberdade","publisher":{"@id":"https:\/\/psol50.org.br\/#organization"},"alternateName":"PSOL50","potentialAction":[{"@type":"SearchAction","target":{"@type":"EntryPoint","urlTemplate":"https:\/\/psol50.org.br\/?s={search_term_string}"},"query-input":{"@type":"PropertyValueSpecification","valueRequired":true,"valueName":"search_term_string"}}],"inLanguage":"pt-BR"},{"@type":"Organization","@id":"https:\/\/psol50.org.br\/#organization","name":"PSOL 50","alternateName":"PSOL 50","url":"https:\/\/psol50.org.br\/","logo":{"@type":"ImageObject","inLanguage":"pt-BR","@id":"https:\/\/psol50.org.br\/#\/schema\/logo\/image\/","url":"https:\/\/psol50.org.br\/inc\/uploads\/2018\/07\/capa.png","contentUrl":"https:\/\/psol50.org.br\/inc\/uploads\/2018\/07\/capa.png","width":1350,"height":900,"caption":"PSOL 50"},"image":{"@id":"https:\/\/psol50.org.br\/#\/schema\/logo\/image\/"},"sameAs":["https:\/\/www.facebook.com\/psol50","https:\/\/x.com\/psol50","https:\/\/www.instagram.com\/psol50\/","https:\/\/www.youtube.com\/channel\/UC7SnJS5o1os7a6CaiNabzcg"]},{"@type":"Person","@id":"https:\/\/psol50.org.br\/#\/schema\/person\/475dfa57d0b815993c714c2e96491fcd","name":"Comunica\u00e7\u00e3o PSOL","image":{"@type":"ImageObject","inLanguage":"pt-BR","@id":"https:\/\/psol50.org.br\/#\/schema\/person\/image\/","url":"https:\/\/secure.gravatar.com\/avatar\/b34fc4f4e468a4e51785917065a3db57b841f5c95dba6ad8c73aaf8f66f8f9bf?s=96&d=mm&r=g","contentUrl":"https:\/\/secure.gravatar.com\/avatar\/b34fc4f4e468a4e51785917065a3db57b841f5c95dba6ad8c73aaf8f66f8f9bf?s=96&d=mm&r=g","caption":"Comunica\u00e7\u00e3o PSOL"}}]}},"_links":{"self":[{"href":"https:\/\/psol50.org.br\/rest\/wp\/v2\/posts\/18750","targetHints":{"allow":["GET"]}}],"collection":[{"href":"https:\/\/psol50.org.br\/rest\/wp\/v2\/posts"}],"about":[{"href":"https:\/\/psol50.org.br\/rest\/wp\/v2\/types\/post"}],"author":[{"embeddable":true,"href":"https:\/\/psol50.org.br\/rest\/wp\/v2\/users\/2"}],"replies":[{"embeddable":true,"href":"https:\/\/psol50.org.br\/rest\/wp\/v2\/comments?post=18750"}],"version-history":[{"count":0,"href":"https:\/\/psol50.org.br\/rest\/wp\/v2\/posts\/18750\/revisions"}],"wp:featuredmedia":[{"embeddable":true,"href":"https:\/\/psol50.org.br\/rest\/"}],"wp:attachment":[{"href":"https:\/\/psol50.org.br\/rest\/wp\/v2\/media?parent=18750"}],"wp:term":[{"taxonomy":"category","embeddable":true,"href":"https:\/\/psol50.org.br\/rest\/wp\/v2\/categories?post=18750"},{"taxonomy":"post_tag","embeddable":true,"href":"https:\/\/psol50.org.br\/rest\/wp\/v2\/tags?post=18750"}],"curies":[{"name":"wp","href":"https:\/\/api.w.org\/{rel}","templated":true}]}}