{"id":18768,"date":"2017-11-01T15:12:38","date_gmt":"2017-11-01T17:12:38","guid":{"rendered":"http:\/\/www.psol50.org.br\/?p=18768"},"modified":"2017-11-01T15:12:38","modified_gmt":"2017-11-01T17:12:38","slug":"niteroi-votou-nao-ao-armamento-da-guarda-municipal","status":"publish","type":"post","link":"https:\/\/psol50.org.br\/niteroi-votou-nao-ao-armamento-da-guarda-municipal\/","title":{"rendered":"Niter\u00f3i votou N\u00c3O ao armamento da Guarda Municipal"},"content":{"rendered":"<p><i><span style=\"font-weight: 400;\">Apesar das expectativas do prefeito e de uma consulta extremamente mal organizada, 71% dos votantes disseram n\u00e3o \u00e0s armas. <\/span><\/i><\/p>\n<p><span style=\"font-weight: 400;\">No domingo (29), a cidade de Niter\u00f3i (RJ) passou por sua primeira consulta p\u00fablica da hist\u00f3ria. Os niteroienses decidiram se concordavam ou n\u00e3o com uso de armas de fogo pela Guarda Municipal. O resultado provavelmente decepcionou o prefeito Rodrigo Neves, defensor do Sim: 71% dos eleitores responderam N\u00c3O ao armamento. Foram 13.478 contra a medida, uma diferen\u00e7a em 11 mil votos sobre quem era a favor. Decepcionou tamb\u00e9m grupos da extrema direita da cidade. Logo cedo, estes ferrenhos defensores do \u201csim\u201d e da velha l\u00f3gica \u201carma todo mundo que \u00e9 melhor\u201d, acusavam a campanha da Frente pelo N\u00e3o Armamento pela mobiliza\u00e7\u00e3o. <\/span><\/p>\n<p><span style=\"font-weight: 400;\">A \u201cacusa\u00e7\u00e3o\u201d \u00e9 um elogio para n\u00f3s. Durante o \u00faltimo m\u00eas, partidos, movimentos sociais, igrejas, estudantes, associa\u00e7\u00f5es comunit\u00e1rias, professores e sindicatos se organizaram e realizaram uma campanha bel\u00edssima sobre seguran\u00e7a p\u00fablica na cidade. Achamos muito importante a participa\u00e7\u00e3o popular nos rumos da cidade, mas o processo foi por inteiro conturbado. Em abril, seis meses antes da vota\u00e7\u00e3o, o prefeito Rodrigo Neves (PV) anunciou na imprensa que j\u00e1 teria come\u00e7ado a compra das armas. Fez a cidade se perguntar a validade de uma consulta para legitimar uma decis\u00e3o que j\u00e1 parecia haver sido tomada pela Prefeitura. A consulta contou com diversos problemas organizativos: c\u00e9dulas numeradas, filas enormes, falta de mes\u00e1rios. Apesar disso, 18.991 pessoas sa\u00edram de suas casas voluntariamente para a vota\u00e7\u00e3o no final de semana. E n\u00f3s nos dividimos pela cidade para mobilizar pessoas e fiscalizar o processo. <\/span><\/p>\n<p><span style=\"font-weight: 400;\">O PSOL Niter\u00f3i e os nossos mandatos municipais dos vereadores Tal\u00edria Petrone e Paulo Eduardo Gomes fiscalizaram todo o processo, apontaram as falhas na organiza\u00e7\u00e3o e recomendaram solu\u00e7\u00f5es \u00e0 Prefeitura. Cinco dias antes do pleito e sem licita\u00e7\u00e3o, foi contratada uma empresa para organizar a consulta. Foram R$350 mil gastos para o Instituto de Avalia\u00e7\u00e3o Nacional realizar a vota\u00e7\u00e3o. O processo n\u00e3o contava sequer com fiscais das duas posi\u00e7\u00f5es nas se\u00e7\u00f5es eleitorais, o que s\u00f3 foi conseguido depois da interven\u00e7\u00e3o da Frente pelo N\u00e3o Armamento, por meio do deputado estadual Flavio Serafini (PSOL). <\/span><\/p>\n<p><span style=\"font-weight: 400;\">Antes mesmo da realiza\u00e7\u00e3o da consulta p\u00fablica, 30 guardas j\u00e1 tinham sido treinados, embora o Di\u00e1rio Oficial tenha mostrado a contrata\u00e7\u00e3o de um instrutor de armamento n\u00e3o-letal pela Secretaria de Ordem P\u00fablica. E mais: o Prefeito afirmou que estes guardas j\u00e1 atuariam armados em dezembro para \u201cas compras de Natal\u201d. Para n\u00f3s, um risco enorme de aumentar a repress\u00e3o ao com\u00e9rcio de rua no fim do ano. A piada mal contada do Prefeito poderia colocar em risco trabalhadores informais e os pr\u00f3prios guardas municipais. Movimentos sociais, camel\u00f4s, ambulantes e coletivos ligados \u00e0 cultura de rua se envolveram na campanha pelo N\u00c3O. \u00a0<\/span><\/p>\n<p><span style=\"font-weight: 400;\">O prefeito Rodrigo Neves chegou ainda a \u00a0confessar para a GloboNews a distin\u00e7\u00e3o que faz dos territ\u00f3rios que merecem aten\u00e7\u00e3o em rela\u00e7\u00e3o \u00e0 seguran\u00e7a: \u201cDepois de uma determinada hora, as pessoas n\u00e3o est\u00e3o saindo para a rua, para frequentar o espa\u00e7o p\u00fablico. Isso \u00e9 inaceit\u00e1vel. Esse quadro de anomia que a gente observava nas favelas, em territ\u00f3rios dominados pelo tr\u00e1fico, est\u00e1 se transferindo para o asfalto, com as cidades sucumbindo diante da crise da seguran\u00e7a p\u00fablica\u201d, declarou. Enquanto a viol\u00eancia se agrava nas favelas, com o Estado que assassina a juventude negra, para o Prefeito, assustador \u00e9 a viol\u00eancia chegar ao asfalto. Para n\u00f3s, a viol\u00eancia n\u00e3o pode estar em lugar nenhum. A vit\u00f3ria nas urnas e nas ruas em Niter\u00f3i \u00e9 sinal de que a cidade est\u00e1 farta de supostas respostas simples para problemas complexos. \u00c9 tamb\u00e9m uma resposta contundente aos setores da direita conservadora da cidade, que vivem dizendo por a\u00ed que \u201cbandido bom \u00e9 bandido morto\u201d. Somos maiores e nosso projeto pol\u00edtico cresce na cidade.<\/span><\/p>\n<p><span style=\"font-weight: 400;\">Seguran\u00e7a p\u00fablica \u00e9 um tema que necessita estar integrado \u00e0 cultura, educa\u00e7\u00e3o, ao direito \u00e0 cidade. \u00a0\u00c9 necess\u00e1rio diagnosticar o problema de cada regi\u00e3o, as fragilidades do espa\u00e7o urbano, que muitas vezes deixam de ser ocupados e se tornam mais vulner\u00e1veis, al\u00e9m de determinar os sujeitos que mais sofrem com a viol\u00eancia urbana e suas viol\u00eancias espec\u00edficas. Pensar os limites do policiamento ostensivo, o pre\u00e7o do investimento no armamento, que tem sido a op\u00e7\u00e3o mais cara e menos eficiente. Investir em intelig\u00eancia e melhores condi\u00e7\u00f5es de trabalho aos profissionais do setor deveria ser uma prioridade. N\u00e3o d\u00e1 para brincar com a vida das pessoas. Precisamos de uma pol\u00edcia com estrat\u00e9gia, qualidade no trabalho e humanizada. E tamb\u00e9m de um Plano Municipal de Seguran\u00e7a P\u00fablica. <\/span><\/p>\n<p><span style=\"font-weight: 400;\">O armamento da Guarda Municipal \u00e9 um tema que tem atingido diversas cidades. A l\u00f3gica do medo como pol\u00edtica de seguran\u00e7a tem abafado os debates que precisam ser feitos. O cumprimento dos requisitos do Estatuto do Desarmamento, por exemplo, n\u00e3o pode passar batido. N<\/span><span style=\"font-weight: 400;\">o artigo 44 do Decreto 5.123\/2004 (que regulamenta o referido Estatuto), a autoriza\u00e7\u00e3o para o armamento da Guarda \u00e9 condicionada \u00e0 exist\u00eancia de uma Corregedoria e de uma Ouvidoria aut\u00f4nomas. O que \u00e9 o m\u00ednimo de exig\u00eancia para o controle de abuso de poder. A Prefeitura de Niter\u00f3i, por exemplo, sequer garantiria isso caso o armamento ocorresse. Al\u00e9m disso, <\/span><span style=\"font-weight: 400;\">fazer com que a Guarda atue na seguran\u00e7a p\u00fablica em aux\u00edlio \u00e0 Pol\u00edcia Militar viola frontalmente o disposto no artigo 144, \u00a7 8\u00ba, da Constitui\u00e7\u00e3o Federal. Dados expostos durante a campanha em Niter\u00f3i. Por uma outra l\u00f3gica de seguran\u00e7a p\u00fablica! Niter\u00f3i contra o armamento da Guarda Municipal! <\/span><\/p>\n","protected":false},"excerpt":{"rendered":"<p>Apesar das expectativas do prefeito e de uma consulta extremamente mal organizada, 71% dos votantes disseram n\u00e3o \u00e0s armas. No domingo (29), a cidade de Niter\u00f3i (RJ) passou por sua primeira consulta p\u00fablica da hist\u00f3ria. Os niteroienses decidiram se concordavam ou n\u00e3o com uso de armas de fogo pela Guarda Municipal. O resultado provavelmente decepcionou [&hellip;]<\/p>\n","protected":false},"author":2,"featured_media":18769,"comment_status":"open","ping_status":"open","sticky":false,"template":"","format":"standard","meta":{"_acf_changed":false,"footnotes":""},"categories":[654,6],"tags":[3734,1118,2517,1119,3735,1219,3736,22,382],"class_list":{"0":"post-18768","1":"post","2":"type-post","3":"status-publish","4":"format-standard","5":"has-post-thumbnail","7":"category-estados","8":"category-noticias","9":"tag-armamento","10":"tag-flavio-serafini","11":"tag-guarda-municipal","12":"tag-niteroi","13":"tag-paulo-eduardo-gomes","14":"tag-plebiscito","15":"tag-populacao","16":"tag-psol","17":"tag-taliria-petrone"},"acf":[],"yoast_head":"<!-- This site is optimized with the Yoast SEO plugin v26.5 - https:\/\/yoast.com\/wordpress\/plugins\/seo\/ -->\n<title>Niter\u00f3i votou N\u00c3O ao armamento da Guarda Municipal - PSOL 50<\/title>\n<meta name=\"robots\" content=\"index, follow, max-snippet:-1, max-image-preview:large, max-video-preview:-1\" \/>\n<link rel=\"canonical\" href=\"https:\/\/psol50.org.br\/niteroi-votou-nao-ao-armamento-da-guarda-municipal\/\" \/>\n<meta property=\"og:locale\" content=\"pt_BR\" \/>\n<meta property=\"og:type\" content=\"article\" \/>\n<meta property=\"og:title\" content=\"Niter\u00f3i votou N\u00c3O ao armamento da Guarda Municipal - PSOL 50\" \/>\n<meta property=\"og:description\" content=\"Apesar das expectativas do prefeito e de uma consulta extremamente mal organizada, 71% dos votantes disseram n\u00e3o \u00e0s armas. No domingo (29), a cidade de Niter\u00f3i (RJ) passou por sua primeira consulta p\u00fablica da hist\u00f3ria. Os niteroienses decidiram se concordavam ou n\u00e3o com uso de armas de fogo pela Guarda Municipal. O resultado provavelmente decepcionou [&hellip;]\" \/>\n<meta property=\"og:url\" content=\"https:\/\/psol50.org.br\/niteroi-votou-nao-ao-armamento-da-guarda-municipal\/\" \/>\n<meta property=\"og:site_name\" content=\"PSOL 50\" \/>\n<meta property=\"article:publisher\" content=\"https:\/\/www.facebook.com\/psol50\" \/>\n<meta property=\"article:published_time\" content=\"2017-11-01T17:12:38+00:00\" \/>\n<meta property=\"og:image\" content=\"https:\/\/psol50.org.br\/inc\/uploads\/2017\/11\/Guarda_Municipal_Niteroi.jpg\" \/>\n\t<meta property=\"og:image:width\" content=\"1350\" \/>\n\t<meta property=\"og:image:height\" content=\"900\" \/>\n\t<meta property=\"og:image:type\" content=\"image\/jpeg\" \/>\n<meta name=\"author\" content=\"Comunica\u00e7\u00e3o PSOL\" \/>\n<meta name=\"twitter:card\" content=\"summary_large_image\" \/>\n<meta name=\"twitter:creator\" content=\"@psol50\" \/>\n<meta name=\"twitter:site\" content=\"@psol50\" \/>\n<meta name=\"twitter:label1\" content=\"Escrito por\" \/>\n\t<meta name=\"twitter:data1\" content=\"Comunica\u00e7\u00e3o PSOL\" \/>\n\t<meta name=\"twitter:label2\" content=\"Est. tempo de leitura\" \/>\n\t<meta name=\"twitter:data2\" content=\"5 minutos\" \/>\n<script type=\"application\/ld+json\" class=\"yoast-schema-graph\">{\"@context\":\"https:\/\/schema.org\",\"@graph\":[{\"@type\":\"Article\",\"@id\":\"https:\/\/psol50.org.br\/niteroi-votou-nao-ao-armamento-da-guarda-municipal\/#article\",\"isPartOf\":{\"@id\":\"https:\/\/psol50.org.br\/niteroi-votou-nao-ao-armamento-da-guarda-municipal\/\"},\"author\":{\"name\":\"Comunica\u00e7\u00e3o PSOL\",\"@id\":\"https:\/\/psol50.org.br\/#\/schema\/person\/475dfa57d0b815993c714c2e96491fcd\"},\"headline\":\"Niter\u00f3i votou N\u00c3O ao armamento da Guarda Municipal\",\"datePublished\":\"2017-11-01T17:12:38+00:00\",\"mainEntityOfPage\":{\"@id\":\"https:\/\/psol50.org.br\/niteroi-votou-nao-ao-armamento-da-guarda-municipal\/\"},\"wordCount\":990,\"commentCount\":0,\"publisher\":{\"@id\":\"https:\/\/psol50.org.br\/#organization\"},\"image\":{\"@id\":\"https:\/\/psol50.org.br\/niteroi-votou-nao-ao-armamento-da-guarda-municipal\/#primaryimage\"},\"thumbnailUrl\":\"https:\/\/psol50.org.br\/inc\/uploads\/2017\/11\/Guarda_Municipal_Niteroi.jpg\",\"keywords\":[\"armamento\",\"Fl\u00e1vio Serafini\",\"guarda municipal\",\"Niter\u00f3i\",\"Paulo Eduardo Gomes\",\"plebiscito\",\"popula\u00e7\u00e3o\",\"PSOL\",\"Tal\u00edria Petrone\"],\"articleSection\":[\"Estados\",\"Not\u00edcias\"],\"inLanguage\":\"pt-BR\",\"potentialAction\":[{\"@type\":\"CommentAction\",\"name\":\"Comment\",\"target\":[\"https:\/\/psol50.org.br\/niteroi-votou-nao-ao-armamento-da-guarda-municipal\/#respond\"]}]},{\"@type\":\"WebPage\",\"@id\":\"https:\/\/psol50.org.br\/niteroi-votou-nao-ao-armamento-da-guarda-municipal\/\",\"url\":\"https:\/\/psol50.org.br\/niteroi-votou-nao-ao-armamento-da-guarda-municipal\/\",\"name\":\"Niter\u00f3i votou N\u00c3O ao armamento da Guarda Municipal - PSOL 50\",\"isPartOf\":{\"@id\":\"https:\/\/psol50.org.br\/#website\"},\"primaryImageOfPage\":{\"@id\":\"https:\/\/psol50.org.br\/niteroi-votou-nao-ao-armamento-da-guarda-municipal\/#primaryimage\"},\"image\":{\"@id\":\"https:\/\/psol50.org.br\/niteroi-votou-nao-ao-armamento-da-guarda-municipal\/#primaryimage\"},\"thumbnailUrl\":\"https:\/\/psol50.org.br\/inc\/uploads\/2017\/11\/Guarda_Municipal_Niteroi.jpg\",\"datePublished\":\"2017-11-01T17:12:38+00:00\",\"breadcrumb\":{\"@id\":\"https:\/\/psol50.org.br\/niteroi-votou-nao-ao-armamento-da-guarda-municipal\/#breadcrumb\"},\"inLanguage\":\"pt-BR\",\"potentialAction\":[{\"@type\":\"ReadAction\",\"target\":[\"https:\/\/psol50.org.br\/niteroi-votou-nao-ao-armamento-da-guarda-municipal\/\"]}]},{\"@type\":\"ImageObject\",\"inLanguage\":\"pt-BR\",\"@id\":\"https:\/\/psol50.org.br\/niteroi-votou-nao-ao-armamento-da-guarda-municipal\/#primaryimage\",\"url\":\"https:\/\/psol50.org.br\/inc\/uploads\/2017\/11\/Guarda_Municipal_Niteroi.jpg\",\"contentUrl\":\"https:\/\/psol50.org.br\/inc\/uploads\/2017\/11\/Guarda_Municipal_Niteroi.jpg\",\"width\":1350,\"height\":900},{\"@type\":\"BreadcrumbList\",\"@id\":\"https:\/\/psol50.org.br\/niteroi-votou-nao-ao-armamento-da-guarda-municipal\/#breadcrumb\",\"itemListElement\":[{\"@type\":\"ListItem\",\"position\":1,\"name\":\"In\u00edcio\",\"item\":\"https:\/\/psol50.org.br\/\"},{\"@type\":\"ListItem\",\"position\":2,\"name\":\"Niter\u00f3i votou N\u00c3O ao armamento da Guarda Municipal\"}]},{\"@type\":\"WebSite\",\"@id\":\"https:\/\/psol50.org.br\/#website\",\"url\":\"https:\/\/psol50.org.br\/\",\"name\":\"PSOL 50\",\"description\":\"Site oficial do Partido Socialismo e Liberdade\",\"publisher\":{\"@id\":\"https:\/\/psol50.org.br\/#organization\"},\"alternateName\":\"PSOL50\",\"potentialAction\":[{\"@type\":\"SearchAction\",\"target\":{\"@type\":\"EntryPoint\",\"urlTemplate\":\"https:\/\/psol50.org.br\/?s={search_term_string}\"},\"query-input\":{\"@type\":\"PropertyValueSpecification\",\"valueRequired\":true,\"valueName\":\"search_term_string\"}}],\"inLanguage\":\"pt-BR\"},{\"@type\":\"Organization\",\"@id\":\"https:\/\/psol50.org.br\/#organization\",\"name\":\"PSOL 50\",\"alternateName\":\"PSOL 50\",\"url\":\"https:\/\/psol50.org.br\/\",\"logo\":{\"@type\":\"ImageObject\",\"inLanguage\":\"pt-BR\",\"@id\":\"https:\/\/psol50.org.br\/#\/schema\/logo\/image\/\",\"url\":\"https:\/\/psol50.org.br\/inc\/uploads\/2018\/07\/capa.png\",\"contentUrl\":\"https:\/\/psol50.org.br\/inc\/uploads\/2018\/07\/capa.png\",\"width\":1350,\"height\":900,\"caption\":\"PSOL 50\"},\"image\":{\"@id\":\"https:\/\/psol50.org.br\/#\/schema\/logo\/image\/\"},\"sameAs\":[\"https:\/\/www.facebook.com\/psol50\",\"https:\/\/x.com\/psol50\",\"https:\/\/www.instagram.com\/psol50\/\",\"https:\/\/www.youtube.com\/channel\/UC7SnJS5o1os7a6CaiNabzcg\"]},{\"@type\":\"Person\",\"@id\":\"https:\/\/psol50.org.br\/#\/schema\/person\/475dfa57d0b815993c714c2e96491fcd\",\"name\":\"Comunica\u00e7\u00e3o PSOL\",\"image\":{\"@type\":\"ImageObject\",\"inLanguage\":\"pt-BR\",\"@id\":\"https:\/\/psol50.org.br\/#\/schema\/person\/image\/\",\"url\":\"https:\/\/secure.gravatar.com\/avatar\/b34fc4f4e468a4e51785917065a3db57b841f5c95dba6ad8c73aaf8f66f8f9bf?s=96&d=mm&r=g\",\"contentUrl\":\"https:\/\/secure.gravatar.com\/avatar\/b34fc4f4e468a4e51785917065a3db57b841f5c95dba6ad8c73aaf8f66f8f9bf?s=96&d=mm&r=g\",\"caption\":\"Comunica\u00e7\u00e3o PSOL\"}}]}<\/script>\n<!-- \/ Yoast SEO plugin. -->","yoast_head_json":{"title":"Niter\u00f3i votou N\u00c3O ao armamento da Guarda Municipal - PSOL 50","robots":{"index":"index","follow":"follow","max-snippet":"max-snippet:-1","max-image-preview":"max-image-preview:large","max-video-preview":"max-video-preview:-1"},"canonical":"https:\/\/psol50.org.br\/niteroi-votou-nao-ao-armamento-da-guarda-municipal\/","og_locale":"pt_BR","og_type":"article","og_title":"Niter\u00f3i votou N\u00c3O ao armamento da Guarda Municipal - PSOL 50","og_description":"Apesar das expectativas do prefeito e de uma consulta extremamente mal organizada, 71% dos votantes disseram n\u00e3o \u00e0s armas. No domingo (29), a cidade de Niter\u00f3i (RJ) passou por sua primeira consulta p\u00fablica da hist\u00f3ria. Os niteroienses decidiram se concordavam ou n\u00e3o com uso de armas de fogo pela Guarda Municipal. O resultado provavelmente decepcionou [&hellip;]","og_url":"https:\/\/psol50.org.br\/niteroi-votou-nao-ao-armamento-da-guarda-municipal\/","og_site_name":"PSOL 50","article_publisher":"https:\/\/www.facebook.com\/psol50","article_published_time":"2017-11-01T17:12:38+00:00","og_image":[{"width":1350,"height":900,"url":"https:\/\/psol50.org.br\/inc\/uploads\/2017\/11\/Guarda_Municipal_Niteroi.jpg","type":"image\/jpeg"}],"author":"Comunica\u00e7\u00e3o PSOL","twitter_card":"summary_large_image","twitter_creator":"@psol50","twitter_site":"@psol50","twitter_misc":{"Escrito por":"Comunica\u00e7\u00e3o PSOL","Est. tempo de leitura":"5 minutos"},"schema":{"@context":"https:\/\/schema.org","@graph":[{"@type":"Article","@id":"https:\/\/psol50.org.br\/niteroi-votou-nao-ao-armamento-da-guarda-municipal\/#article","isPartOf":{"@id":"https:\/\/psol50.org.br\/niteroi-votou-nao-ao-armamento-da-guarda-municipal\/"},"author":{"name":"Comunica\u00e7\u00e3o PSOL","@id":"https:\/\/psol50.org.br\/#\/schema\/person\/475dfa57d0b815993c714c2e96491fcd"},"headline":"Niter\u00f3i votou N\u00c3O ao armamento da Guarda Municipal","datePublished":"2017-11-01T17:12:38+00:00","mainEntityOfPage":{"@id":"https:\/\/psol50.org.br\/niteroi-votou-nao-ao-armamento-da-guarda-municipal\/"},"wordCount":990,"commentCount":0,"publisher":{"@id":"https:\/\/psol50.org.br\/#organization"},"image":{"@id":"https:\/\/psol50.org.br\/niteroi-votou-nao-ao-armamento-da-guarda-municipal\/#primaryimage"},"thumbnailUrl":"https:\/\/psol50.org.br\/inc\/uploads\/2017\/11\/Guarda_Municipal_Niteroi.jpg","keywords":["armamento","Fl\u00e1vio Serafini","guarda municipal","Niter\u00f3i","Paulo Eduardo Gomes","plebiscito","popula\u00e7\u00e3o","PSOL","Tal\u00edria Petrone"],"articleSection":["Estados","Not\u00edcias"],"inLanguage":"pt-BR","potentialAction":[{"@type":"CommentAction","name":"Comment","target":["https:\/\/psol50.org.br\/niteroi-votou-nao-ao-armamento-da-guarda-municipal\/#respond"]}]},{"@type":"WebPage","@id":"https:\/\/psol50.org.br\/niteroi-votou-nao-ao-armamento-da-guarda-municipal\/","url":"https:\/\/psol50.org.br\/niteroi-votou-nao-ao-armamento-da-guarda-municipal\/","name":"Niter\u00f3i votou N\u00c3O ao armamento da Guarda Municipal - PSOL 50","isPartOf":{"@id":"https:\/\/psol50.org.br\/#website"},"primaryImageOfPage":{"@id":"https:\/\/psol50.org.br\/niteroi-votou-nao-ao-armamento-da-guarda-municipal\/#primaryimage"},"image":{"@id":"https:\/\/psol50.org.br\/niteroi-votou-nao-ao-armamento-da-guarda-municipal\/#primaryimage"},"thumbnailUrl":"https:\/\/psol50.org.br\/inc\/uploads\/2017\/11\/Guarda_Municipal_Niteroi.jpg","datePublished":"2017-11-01T17:12:38+00:00","breadcrumb":{"@id":"https:\/\/psol50.org.br\/niteroi-votou-nao-ao-armamento-da-guarda-municipal\/#breadcrumb"},"inLanguage":"pt-BR","potentialAction":[{"@type":"ReadAction","target":["https:\/\/psol50.org.br\/niteroi-votou-nao-ao-armamento-da-guarda-municipal\/"]}]},{"@type":"ImageObject","inLanguage":"pt-BR","@id":"https:\/\/psol50.org.br\/niteroi-votou-nao-ao-armamento-da-guarda-municipal\/#primaryimage","url":"https:\/\/psol50.org.br\/inc\/uploads\/2017\/11\/Guarda_Municipal_Niteroi.jpg","contentUrl":"https:\/\/psol50.org.br\/inc\/uploads\/2017\/11\/Guarda_Municipal_Niteroi.jpg","width":1350,"height":900},{"@type":"BreadcrumbList","@id":"https:\/\/psol50.org.br\/niteroi-votou-nao-ao-armamento-da-guarda-municipal\/#breadcrumb","itemListElement":[{"@type":"ListItem","position":1,"name":"In\u00edcio","item":"https:\/\/psol50.org.br\/"},{"@type":"ListItem","position":2,"name":"Niter\u00f3i votou N\u00c3O ao armamento da Guarda Municipal"}]},{"@type":"WebSite","@id":"https:\/\/psol50.org.br\/#website","url":"https:\/\/psol50.org.br\/","name":"PSOL 50","description":"Site oficial do Partido Socialismo e Liberdade","publisher":{"@id":"https:\/\/psol50.org.br\/#organization"},"alternateName":"PSOL50","potentialAction":[{"@type":"SearchAction","target":{"@type":"EntryPoint","urlTemplate":"https:\/\/psol50.org.br\/?s={search_term_string}"},"query-input":{"@type":"PropertyValueSpecification","valueRequired":true,"valueName":"search_term_string"}}],"inLanguage":"pt-BR"},{"@type":"Organization","@id":"https:\/\/psol50.org.br\/#organization","name":"PSOL 50","alternateName":"PSOL 50","url":"https:\/\/psol50.org.br\/","logo":{"@type":"ImageObject","inLanguage":"pt-BR","@id":"https:\/\/psol50.org.br\/#\/schema\/logo\/image\/","url":"https:\/\/psol50.org.br\/inc\/uploads\/2018\/07\/capa.png","contentUrl":"https:\/\/psol50.org.br\/inc\/uploads\/2018\/07\/capa.png","width":1350,"height":900,"caption":"PSOL 50"},"image":{"@id":"https:\/\/psol50.org.br\/#\/schema\/logo\/image\/"},"sameAs":["https:\/\/www.facebook.com\/psol50","https:\/\/x.com\/psol50","https:\/\/www.instagram.com\/psol50\/","https:\/\/www.youtube.com\/channel\/UC7SnJS5o1os7a6CaiNabzcg"]},{"@type":"Person","@id":"https:\/\/psol50.org.br\/#\/schema\/person\/475dfa57d0b815993c714c2e96491fcd","name":"Comunica\u00e7\u00e3o PSOL","image":{"@type":"ImageObject","inLanguage":"pt-BR","@id":"https:\/\/psol50.org.br\/#\/schema\/person\/image\/","url":"https:\/\/secure.gravatar.com\/avatar\/b34fc4f4e468a4e51785917065a3db57b841f5c95dba6ad8c73aaf8f66f8f9bf?s=96&d=mm&r=g","contentUrl":"https:\/\/secure.gravatar.com\/avatar\/b34fc4f4e468a4e51785917065a3db57b841f5c95dba6ad8c73aaf8f66f8f9bf?s=96&d=mm&r=g","caption":"Comunica\u00e7\u00e3o PSOL"}}]}},"_links":{"self":[{"href":"https:\/\/psol50.org.br\/rest\/wp\/v2\/posts\/18768","targetHints":{"allow":["GET"]}}],"collection":[{"href":"https:\/\/psol50.org.br\/rest\/wp\/v2\/posts"}],"about":[{"href":"https:\/\/psol50.org.br\/rest\/wp\/v2\/types\/post"}],"author":[{"embeddable":true,"href":"https:\/\/psol50.org.br\/rest\/wp\/v2\/users\/2"}],"replies":[{"embeddable":true,"href":"https:\/\/psol50.org.br\/rest\/wp\/v2\/comments?post=18768"}],"version-history":[{"count":0,"href":"https:\/\/psol50.org.br\/rest\/wp\/v2\/posts\/18768\/revisions"}],"wp:featuredmedia":[{"embeddable":true,"href":"https:\/\/psol50.org.br\/rest\/wp\/v2\/media\/18769"}],"wp:attachment":[{"href":"https:\/\/psol50.org.br\/rest\/wp\/v2\/media?parent=18768"}],"wp:term":[{"taxonomy":"category","embeddable":true,"href":"https:\/\/psol50.org.br\/rest\/wp\/v2\/categories?post=18768"},{"taxonomy":"post_tag","embeddable":true,"href":"https:\/\/psol50.org.br\/rest\/wp\/v2\/tags?post=18768"}],"curies":[{"name":"wp","href":"https:\/\/api.w.org\/{rel}","templated":true}]}}