{"id":18778,"date":"2017-11-06T11:42:33","date_gmt":"2017-11-06T13:42:33","guid":{"rendered":"http:\/\/www.psol50.org.br\/?p=18778"},"modified":"2017-11-06T11:42:33","modified_gmt":"2017-11-06T13:42:33","slug":"tarcisio-motta-e-escolhido-pre-candidato-do-psol-ao-governo-do-rio-de-janeiro","status":"publish","type":"post","link":"https:\/\/psol50.org.br\/tarcisio-motta-e-escolhido-pre-candidato-do-psol-ao-governo-do-rio-de-janeiro\/","title":{"rendered":"Tarc\u00edsio Motta \u00e9 escolhido pr\u00e9-candidato do PSOL ao governo do Rio de Janeiro"},"content":{"rendered":"<p>O congresso estadual do <a href=\"https:\/\/www.facebook.com\/psolriodejaneiro\/\" target=\"_blank\" rel=\"noopener\"><strong><span style=\"color: #0000ff;\">PSOL do Rio de Janeiro<\/span><\/strong><\/a>, realizado neste domingo (01\/11), escolheu, por aclama\u00e7\u00e3o, o nome do professor do Col\u00e9gio Pedro II <a href=\"https:\/\/www.facebook.com\/TarcisioMottaPSOL\/\" target=\"_blank\" rel=\"noopener\"><strong><span style=\"color: #0000ff;\">Tarc\u00edsio Motta<\/span><\/strong><\/a> como pr\u00e9-candidato ao governo do estado. Representante do partido no pleito de 2014, obtendo\u00a0712.734 votos (8,92%), Motta ter\u00e1 seu nome confirmado em conven\u00e7\u00e3o estadual a ser realizada no primeiro semestre de 2018.<\/p>\n<p>A expectativa do PSOL-RJ com a candidatura do professor \u00e9, novamente, enfrentar os representantes da velha pol\u00edtica do estado do Rio de Janeiro. Tarc\u00edsio Motta teve atua\u00e7\u00e3o destacada na campanha de 2014, especialmente nos debates, quando enfrentou o atual governador Luiz Fernando Pez\u00e3o (PMDB) e o ent\u00e3o candidato e hoje prefeito da capital fluminense Marcelo Crivella (PRB).<\/p>\n<p>&#8220;Quero muito agradecer a confian\u00e7a depositada em mim e afirmar que, assim como em 2014, o sentido desta nova candidatura n\u00e3o ser\u00e1 a busca de votos a qualquer custo, mas sim a disputa da hegemonia e o fortalecimento das lutas e dos movimentos sociais em todo o Estado (capital, regi\u00e3o metropolitana e interior). Em tempos de conservadorismo e desencanto,\u00a0<span class=\"text_exposed_show\">precisaremos, mais do que nunca, afirmar a esperan\u00e7a em um mundo melhor e mais fraterno. Construir uma candidatura que seja &#8216;den\u00fancia&#8217;, mas tamb\u00e9m &#8216;an\u00fancio&#8217; de um tempo diferente, onde direitos sejam mais importantes que n\u00fameros, onde a vida esteja acima do lucro<\/span>&#8220;, disse o pr\u00e9-candidato, logo ap\u00f3s o t\u00e9rmino do congresso estadual.<\/p>\n<p>Tarc\u00edsio Motta tamb\u00e9m destacou os desafios colocados para o PSOL, que em 2014 elegeu dois deputados federais e cinco deputados estaduais, sendo Marcelo Freixo o mais votado de todo o pleito. Para ele, o partido tem a tarefa primordial de enfrentar o avan\u00e7o conservador e a forma de fazer pol\u00edtica do PMDB e seus aliados. &#8220;Combater esse cen\u00e1rio \u00e9 a tarefa do PSOL para as elei\u00e7\u00f5es de 2018: apresentar uma alternativa aos velhos e novos &#8216;Cabrais&#8217; (uma refer\u00eancia ao ex-governador S\u00e9rgio Cabral), com um programa que garanta direitos e amplie a participa\u00e7\u00e3o popular, atualizando nossas experi\u00eancias de 2012, 2014 e 2016&#8221;.<\/p>\n<div class=\"text_exposed_show\">\n<p>Como tarefa para atingir esse objetivo, o pr\u00e9-candidato ressalta a import\u00e2ncia de construir um programa amplo e coerente, em alian\u00e7a com a milit\u00e2ncia e os movimentos sociais. &#8220;S\u00e3o desafios coletivos que devem estar acima de qualquer anseio eleitoreiro&#8221;.<\/p>\n<p><img loading=\"lazy\" decoding=\"async\" class=\"size-medium wp-image-18779 aligncenter\" src=\"http:\/\/www.psol50.org.br\/inc\/uploads\/2017\/11\/Tarc\u00edsioMotta_PreCandidato_RJ-600x405.jpg\" alt=\"\" width=\"600\" height=\"405\" \/><\/p>\n<p><strong>Feminista no comando<\/strong><br \/>\nO congresso estadual tamb\u00e9m elegeu os delegados ao 6\u00ba Congresso Nacional do PSOL, marcado para o primeiro final de semana de dezembro, e a nova dire\u00e7\u00e3o do partido no estado do Rio de Janeiro. Com 87 votos, foi eleita a chapa encabe\u00e7ada pela militante feminista Caroline de Castro, que ficar\u00e1 \u00e0 frente do partido nos pr\u00f3ximos dois anos.<\/p>\n<div class=\"_h8t\">\n<div class=\"_5wd9 direction_ltr\">\n<div class=\"_5wde _n4o\">\n<div class=\"_5w1r _3_om _5wdf\">\n<div class=\"_4gx_\">\n<div class=\"_d97\"><span class=\"_5yl5\">Carol, como \u00e9 conhecida pelos companheiros de partido no Rio, atuou durante anos no movimento estudantil, tendo sido da dire\u00e7\u00e3o do DCE da UERJ e diretora de mulheres da UNE pela oposi\u00e7\u00e3o de esquerda. Agora, se dedica \u00e0 pauta feminista e \u00e0 constru\u00e7\u00e3o do PSOL na periferia do Rio de janeiro, com forte atua\u00e7\u00e3o no Setorial de Mulheres e no N\u00facleo do PSOL da Vila da Penha. <\/span><\/div>\n<\/div>\n<\/div>\n<\/div>\n<\/div>\n<\/div>\n<p>&nbsp;<\/p>\n<\/div>\n","protected":false},"excerpt":{"rendered":"<p>O congresso estadual do PSOL do Rio de Janeiro, realizado neste domingo (01\/11), escolheu, por aclama\u00e7\u00e3o, o nome do professor do Col\u00e9gio Pedro II Tarc\u00edsio Motta como pr\u00e9-candidato ao governo do estado. Representante do partido no pleito de 2014, obtendo\u00a0712.734 votos (8,92%), Motta ter\u00e1 seu nome confirmado em conven\u00e7\u00e3o estadual a ser realizada no primeiro [&hellip;]<\/p>\n","protected":false},"author":2,"featured_media":18781,"comment_status":"open","ping_status":"open","sticky":false,"template":"","format":"standard","meta":{"_acf_changed":false,"footnotes":""},"categories":[654,6,14],"tags":[2156,3739,3740,387,2313,283,2334,162,1754],"class_list":{"0":"post-18778","1":"post","2":"type-post","3":"status-publish","4":"format-standard","5":"has-post-thumbnail","7":"category-estados","8":"category-noticias","9":"category-partido","10":"tag-6o-congresso-nacional-do-psol","11":"tag-caroline-de-castro","12":"tag-congresso-estadual","13":"tag-governo","14":"tag-pre-candidato","15":"tag-presidente","16":"tag-psol-rj","17":"tag-rio-de-janeiro","18":"tag-tarcisio-motta"},"acf":[],"yoast_head":"<!-- This site is optimized with the Yoast SEO plugin v26.5 - https:\/\/yoast.com\/wordpress\/plugins\/seo\/ -->\n<title>Tarc\u00edsio Motta \u00e9 escolhido pr\u00e9-candidato do PSOL ao governo do Rio de Janeiro - PSOL 50<\/title>\n<meta name=\"robots\" content=\"index, follow, max-snippet:-1, max-image-preview:large, max-video-preview:-1\" \/>\n<link rel=\"canonical\" href=\"https:\/\/psol50.org.br\/tarcisio-motta-e-escolhido-pre-candidato-do-psol-ao-governo-do-rio-de-janeiro\/\" \/>\n<meta property=\"og:locale\" content=\"pt_BR\" \/>\n<meta property=\"og:type\" content=\"article\" \/>\n<meta property=\"og:title\" content=\"Tarc\u00edsio Motta \u00e9 escolhido pr\u00e9-candidato do PSOL ao governo do Rio de Janeiro - PSOL 50\" \/>\n<meta property=\"og:description\" content=\"O congresso estadual do PSOL do Rio de Janeiro, realizado neste domingo (01\/11), escolheu, por aclama\u00e7\u00e3o, o nome do professor do Col\u00e9gio Pedro II Tarc\u00edsio Motta como pr\u00e9-candidato ao governo do estado. Representante do partido no pleito de 2014, obtendo\u00a0712.734 votos (8,92%), Motta ter\u00e1 seu nome confirmado em conven\u00e7\u00e3o estadual a ser realizada no primeiro [&hellip;]\" \/>\n<meta property=\"og:url\" content=\"https:\/\/psol50.org.br\/tarcisio-motta-e-escolhido-pre-candidato-do-psol-ao-governo-do-rio-de-janeiro\/\" \/>\n<meta property=\"og:site_name\" content=\"PSOL 50\" \/>\n<meta property=\"article:publisher\" content=\"https:\/\/www.facebook.com\/psol50\" \/>\n<meta property=\"article:published_time\" content=\"2017-11-06T13:42:33+00:00\" \/>\n<meta property=\"og:image\" content=\"https:\/\/psol50.org.br\/inc\/uploads\/2018\/07\/capa.png\" \/>\n\t<meta property=\"og:image:width\" content=\"1350\" \/>\n\t<meta property=\"og:image:height\" content=\"900\" \/>\n\t<meta property=\"og:image:type\" content=\"image\/png\" \/>\n<meta name=\"author\" content=\"Comunica\u00e7\u00e3o PSOL\" \/>\n<meta name=\"twitter:card\" content=\"summary_large_image\" \/>\n<meta name=\"twitter:creator\" content=\"@psol50\" \/>\n<meta name=\"twitter:site\" content=\"@psol50\" \/>\n<meta name=\"twitter:label1\" content=\"Escrito por\" \/>\n\t<meta name=\"twitter:data1\" content=\"Comunica\u00e7\u00e3o PSOL\" \/>\n\t<meta name=\"twitter:label2\" content=\"Est. tempo de leitura\" \/>\n\t<meta name=\"twitter:data2\" content=\"3 minutos\" \/>\n<script type=\"application\/ld+json\" class=\"yoast-schema-graph\">{\"@context\":\"https:\/\/schema.org\",\"@graph\":[{\"@type\":\"Article\",\"@id\":\"https:\/\/psol50.org.br\/tarcisio-motta-e-escolhido-pre-candidato-do-psol-ao-governo-do-rio-de-janeiro\/#article\",\"isPartOf\":{\"@id\":\"https:\/\/psol50.org.br\/tarcisio-motta-e-escolhido-pre-candidato-do-psol-ao-governo-do-rio-de-janeiro\/\"},\"author\":{\"name\":\"Comunica\u00e7\u00e3o PSOL\",\"@id\":\"https:\/\/psol50.org.br\/#\/schema\/person\/475dfa57d0b815993c714c2e96491fcd\"},\"headline\":\"Tarc\u00edsio Motta \u00e9 escolhido pr\u00e9-candidato do PSOL ao governo do Rio de Janeiro\",\"datePublished\":\"2017-11-06T13:42:33+00:00\",\"mainEntityOfPage\":{\"@id\":\"https:\/\/psol50.org.br\/tarcisio-motta-e-escolhido-pre-candidato-do-psol-ao-governo-do-rio-de-janeiro\/\"},\"wordCount\":534,\"commentCount\":0,\"publisher\":{\"@id\":\"https:\/\/psol50.org.br\/#organization\"},\"image\":{\"@id\":\"https:\/\/psol50.org.br\/tarcisio-motta-e-escolhido-pre-candidato-do-psol-ao-governo-do-rio-de-janeiro\/#primaryimage\"},\"thumbnailUrl\":\"\",\"keywords\":[\"6\u00ba Congresso Nacional do PSOL\",\"Caroline de Castro\",\"congresso estadual\",\"governo\",\"pr\u00e9-candidato\",\"presidente\",\"PSOL-RJ\",\"Rio de Janeiro\",\"Tarc\u00edsio Motta\"],\"articleSection\":[\"Estados\",\"Not\u00edcias\",\"Partido\"],\"inLanguage\":\"pt-BR\",\"potentialAction\":[{\"@type\":\"CommentAction\",\"name\":\"Comment\",\"target\":[\"https:\/\/psol50.org.br\/tarcisio-motta-e-escolhido-pre-candidato-do-psol-ao-governo-do-rio-de-janeiro\/#respond\"]}]},{\"@type\":\"WebPage\",\"@id\":\"https:\/\/psol50.org.br\/tarcisio-motta-e-escolhido-pre-candidato-do-psol-ao-governo-do-rio-de-janeiro\/\",\"url\":\"https:\/\/psol50.org.br\/tarcisio-motta-e-escolhido-pre-candidato-do-psol-ao-governo-do-rio-de-janeiro\/\",\"name\":\"Tarc\u00edsio Motta \u00e9 escolhido pr\u00e9-candidato do PSOL ao governo do Rio de Janeiro - PSOL 50\",\"isPartOf\":{\"@id\":\"https:\/\/psol50.org.br\/#website\"},\"primaryImageOfPage\":{\"@id\":\"https:\/\/psol50.org.br\/tarcisio-motta-e-escolhido-pre-candidato-do-psol-ao-governo-do-rio-de-janeiro\/#primaryimage\"},\"image\":{\"@id\":\"https:\/\/psol50.org.br\/tarcisio-motta-e-escolhido-pre-candidato-do-psol-ao-governo-do-rio-de-janeiro\/#primaryimage\"},\"thumbnailUrl\":\"\",\"datePublished\":\"2017-11-06T13:42:33+00:00\",\"breadcrumb\":{\"@id\":\"https:\/\/psol50.org.br\/tarcisio-motta-e-escolhido-pre-candidato-do-psol-ao-governo-do-rio-de-janeiro\/#breadcrumb\"},\"inLanguage\":\"pt-BR\",\"potentialAction\":[{\"@type\":\"ReadAction\",\"target\":[\"https:\/\/psol50.org.br\/tarcisio-motta-e-escolhido-pre-candidato-do-psol-ao-governo-do-rio-de-janeiro\/\"]}]},{\"@type\":\"ImageObject\",\"inLanguage\":\"pt-BR\",\"@id\":\"https:\/\/psol50.org.br\/tarcisio-motta-e-escolhido-pre-candidato-do-psol-ao-governo-do-rio-de-janeiro\/#primaryimage\",\"url\":\"\",\"contentUrl\":\"\"},{\"@type\":\"BreadcrumbList\",\"@id\":\"https:\/\/psol50.org.br\/tarcisio-motta-e-escolhido-pre-candidato-do-psol-ao-governo-do-rio-de-janeiro\/#breadcrumb\",\"itemListElement\":[{\"@type\":\"ListItem\",\"position\":1,\"name\":\"In\u00edcio\",\"item\":\"https:\/\/psol50.org.br\/\"},{\"@type\":\"ListItem\",\"position\":2,\"name\":\"Tarc\u00edsio Motta \u00e9 escolhido pr\u00e9-candidato do PSOL ao governo do Rio de Janeiro\"}]},{\"@type\":\"WebSite\",\"@id\":\"https:\/\/psol50.org.br\/#website\",\"url\":\"https:\/\/psol50.org.br\/\",\"name\":\"PSOL 50\",\"description\":\"Site oficial do Partido Socialismo e Liberdade\",\"publisher\":{\"@id\":\"https:\/\/psol50.org.br\/#organization\"},\"alternateName\":\"PSOL50\",\"potentialAction\":[{\"@type\":\"SearchAction\",\"target\":{\"@type\":\"EntryPoint\",\"urlTemplate\":\"https:\/\/psol50.org.br\/?s={search_term_string}\"},\"query-input\":{\"@type\":\"PropertyValueSpecification\",\"valueRequired\":true,\"valueName\":\"search_term_string\"}}],\"inLanguage\":\"pt-BR\"},{\"@type\":\"Organization\",\"@id\":\"https:\/\/psol50.org.br\/#organization\",\"name\":\"PSOL 50\",\"alternateName\":\"PSOL 50\",\"url\":\"https:\/\/psol50.org.br\/\",\"logo\":{\"@type\":\"ImageObject\",\"inLanguage\":\"pt-BR\",\"@id\":\"https:\/\/psol50.org.br\/#\/schema\/logo\/image\/\",\"url\":\"https:\/\/psol50.org.br\/inc\/uploads\/2018\/07\/capa.png\",\"contentUrl\":\"https:\/\/psol50.org.br\/inc\/uploads\/2018\/07\/capa.png\",\"width\":1350,\"height\":900,\"caption\":\"PSOL 50\"},\"image\":{\"@id\":\"https:\/\/psol50.org.br\/#\/schema\/logo\/image\/\"},\"sameAs\":[\"https:\/\/www.facebook.com\/psol50\",\"https:\/\/x.com\/psol50\",\"https:\/\/www.instagram.com\/psol50\/\",\"https:\/\/www.youtube.com\/channel\/UC7SnJS5o1os7a6CaiNabzcg\"]},{\"@type\":\"Person\",\"@id\":\"https:\/\/psol50.org.br\/#\/schema\/person\/475dfa57d0b815993c714c2e96491fcd\",\"name\":\"Comunica\u00e7\u00e3o PSOL\",\"image\":{\"@type\":\"ImageObject\",\"inLanguage\":\"pt-BR\",\"@id\":\"https:\/\/psol50.org.br\/#\/schema\/person\/image\/\",\"url\":\"https:\/\/secure.gravatar.com\/avatar\/b34fc4f4e468a4e51785917065a3db57b841f5c95dba6ad8c73aaf8f66f8f9bf?s=96&d=mm&r=g\",\"contentUrl\":\"https:\/\/secure.gravatar.com\/avatar\/b34fc4f4e468a4e51785917065a3db57b841f5c95dba6ad8c73aaf8f66f8f9bf?s=96&d=mm&r=g\",\"caption\":\"Comunica\u00e7\u00e3o PSOL\"}}]}<\/script>\n<!-- \/ Yoast SEO plugin. -->","yoast_head_json":{"title":"Tarc\u00edsio Motta \u00e9 escolhido pr\u00e9-candidato do PSOL ao governo do Rio de Janeiro - PSOL 50","robots":{"index":"index","follow":"follow","max-snippet":"max-snippet:-1","max-image-preview":"max-image-preview:large","max-video-preview":"max-video-preview:-1"},"canonical":"https:\/\/psol50.org.br\/tarcisio-motta-e-escolhido-pre-candidato-do-psol-ao-governo-do-rio-de-janeiro\/","og_locale":"pt_BR","og_type":"article","og_title":"Tarc\u00edsio Motta \u00e9 escolhido pr\u00e9-candidato do PSOL ao governo do Rio de Janeiro - PSOL 50","og_description":"O congresso estadual do PSOL do Rio de Janeiro, realizado neste domingo (01\/11), escolheu, por aclama\u00e7\u00e3o, o nome do professor do Col\u00e9gio Pedro II Tarc\u00edsio Motta como pr\u00e9-candidato ao governo do estado. Representante do partido no pleito de 2014, obtendo\u00a0712.734 votos (8,92%), Motta ter\u00e1 seu nome confirmado em conven\u00e7\u00e3o estadual a ser realizada no primeiro [&hellip;]","og_url":"https:\/\/psol50.org.br\/tarcisio-motta-e-escolhido-pre-candidato-do-psol-ao-governo-do-rio-de-janeiro\/","og_site_name":"PSOL 50","article_publisher":"https:\/\/www.facebook.com\/psol50","article_published_time":"2017-11-06T13:42:33+00:00","og_image":[{"width":1350,"height":900,"url":"https:\/\/psol50.org.br\/inc\/uploads\/2018\/07\/capa.png","type":"image\/png"}],"author":"Comunica\u00e7\u00e3o PSOL","twitter_card":"summary_large_image","twitter_creator":"@psol50","twitter_site":"@psol50","twitter_misc":{"Escrito por":"Comunica\u00e7\u00e3o PSOL","Est. tempo de leitura":"3 minutos"},"schema":{"@context":"https:\/\/schema.org","@graph":[{"@type":"Article","@id":"https:\/\/psol50.org.br\/tarcisio-motta-e-escolhido-pre-candidato-do-psol-ao-governo-do-rio-de-janeiro\/#article","isPartOf":{"@id":"https:\/\/psol50.org.br\/tarcisio-motta-e-escolhido-pre-candidato-do-psol-ao-governo-do-rio-de-janeiro\/"},"author":{"name":"Comunica\u00e7\u00e3o PSOL","@id":"https:\/\/psol50.org.br\/#\/schema\/person\/475dfa57d0b815993c714c2e96491fcd"},"headline":"Tarc\u00edsio Motta \u00e9 escolhido pr\u00e9-candidato do PSOL ao governo do Rio de Janeiro","datePublished":"2017-11-06T13:42:33+00:00","mainEntityOfPage":{"@id":"https:\/\/psol50.org.br\/tarcisio-motta-e-escolhido-pre-candidato-do-psol-ao-governo-do-rio-de-janeiro\/"},"wordCount":534,"commentCount":0,"publisher":{"@id":"https:\/\/psol50.org.br\/#organization"},"image":{"@id":"https:\/\/psol50.org.br\/tarcisio-motta-e-escolhido-pre-candidato-do-psol-ao-governo-do-rio-de-janeiro\/#primaryimage"},"thumbnailUrl":"","keywords":["6\u00ba Congresso Nacional do PSOL","Caroline de Castro","congresso estadual","governo","pr\u00e9-candidato","presidente","PSOL-RJ","Rio de Janeiro","Tarc\u00edsio Motta"],"articleSection":["Estados","Not\u00edcias","Partido"],"inLanguage":"pt-BR","potentialAction":[{"@type":"CommentAction","name":"Comment","target":["https:\/\/psol50.org.br\/tarcisio-motta-e-escolhido-pre-candidato-do-psol-ao-governo-do-rio-de-janeiro\/#respond"]}]},{"@type":"WebPage","@id":"https:\/\/psol50.org.br\/tarcisio-motta-e-escolhido-pre-candidato-do-psol-ao-governo-do-rio-de-janeiro\/","url":"https:\/\/psol50.org.br\/tarcisio-motta-e-escolhido-pre-candidato-do-psol-ao-governo-do-rio-de-janeiro\/","name":"Tarc\u00edsio Motta \u00e9 escolhido pr\u00e9-candidato do PSOL ao governo do Rio de Janeiro - PSOL 50","isPartOf":{"@id":"https:\/\/psol50.org.br\/#website"},"primaryImageOfPage":{"@id":"https:\/\/psol50.org.br\/tarcisio-motta-e-escolhido-pre-candidato-do-psol-ao-governo-do-rio-de-janeiro\/#primaryimage"},"image":{"@id":"https:\/\/psol50.org.br\/tarcisio-motta-e-escolhido-pre-candidato-do-psol-ao-governo-do-rio-de-janeiro\/#primaryimage"},"thumbnailUrl":"","datePublished":"2017-11-06T13:42:33+00:00","breadcrumb":{"@id":"https:\/\/psol50.org.br\/tarcisio-motta-e-escolhido-pre-candidato-do-psol-ao-governo-do-rio-de-janeiro\/#breadcrumb"},"inLanguage":"pt-BR","potentialAction":[{"@type":"ReadAction","target":["https:\/\/psol50.org.br\/tarcisio-motta-e-escolhido-pre-candidato-do-psol-ao-governo-do-rio-de-janeiro\/"]}]},{"@type":"ImageObject","inLanguage":"pt-BR","@id":"https:\/\/psol50.org.br\/tarcisio-motta-e-escolhido-pre-candidato-do-psol-ao-governo-do-rio-de-janeiro\/#primaryimage","url":"","contentUrl":""},{"@type":"BreadcrumbList","@id":"https:\/\/psol50.org.br\/tarcisio-motta-e-escolhido-pre-candidato-do-psol-ao-governo-do-rio-de-janeiro\/#breadcrumb","itemListElement":[{"@type":"ListItem","position":1,"name":"In\u00edcio","item":"https:\/\/psol50.org.br\/"},{"@type":"ListItem","position":2,"name":"Tarc\u00edsio Motta \u00e9 escolhido pr\u00e9-candidato do PSOL ao governo do Rio de Janeiro"}]},{"@type":"WebSite","@id":"https:\/\/psol50.org.br\/#website","url":"https:\/\/psol50.org.br\/","name":"PSOL 50","description":"Site oficial do Partido Socialismo e Liberdade","publisher":{"@id":"https:\/\/psol50.org.br\/#organization"},"alternateName":"PSOL50","potentialAction":[{"@type":"SearchAction","target":{"@type":"EntryPoint","urlTemplate":"https:\/\/psol50.org.br\/?s={search_term_string}"},"query-input":{"@type":"PropertyValueSpecification","valueRequired":true,"valueName":"search_term_string"}}],"inLanguage":"pt-BR"},{"@type":"Organization","@id":"https:\/\/psol50.org.br\/#organization","name":"PSOL 50","alternateName":"PSOL 50","url":"https:\/\/psol50.org.br\/","logo":{"@type":"ImageObject","inLanguage":"pt-BR","@id":"https:\/\/psol50.org.br\/#\/schema\/logo\/image\/","url":"https:\/\/psol50.org.br\/inc\/uploads\/2018\/07\/capa.png","contentUrl":"https:\/\/psol50.org.br\/inc\/uploads\/2018\/07\/capa.png","width":1350,"height":900,"caption":"PSOL 50"},"image":{"@id":"https:\/\/psol50.org.br\/#\/schema\/logo\/image\/"},"sameAs":["https:\/\/www.facebook.com\/psol50","https:\/\/x.com\/psol50","https:\/\/www.instagram.com\/psol50\/","https:\/\/www.youtube.com\/channel\/UC7SnJS5o1os7a6CaiNabzcg"]},{"@type":"Person","@id":"https:\/\/psol50.org.br\/#\/schema\/person\/475dfa57d0b815993c714c2e96491fcd","name":"Comunica\u00e7\u00e3o PSOL","image":{"@type":"ImageObject","inLanguage":"pt-BR","@id":"https:\/\/psol50.org.br\/#\/schema\/person\/image\/","url":"https:\/\/secure.gravatar.com\/avatar\/b34fc4f4e468a4e51785917065a3db57b841f5c95dba6ad8c73aaf8f66f8f9bf?s=96&d=mm&r=g","contentUrl":"https:\/\/secure.gravatar.com\/avatar\/b34fc4f4e468a4e51785917065a3db57b841f5c95dba6ad8c73aaf8f66f8f9bf?s=96&d=mm&r=g","caption":"Comunica\u00e7\u00e3o PSOL"}}]}},"_links":{"self":[{"href":"https:\/\/psol50.org.br\/rest\/wp\/v2\/posts\/18778","targetHints":{"allow":["GET"]}}],"collection":[{"href":"https:\/\/psol50.org.br\/rest\/wp\/v2\/posts"}],"about":[{"href":"https:\/\/psol50.org.br\/rest\/wp\/v2\/types\/post"}],"author":[{"embeddable":true,"href":"https:\/\/psol50.org.br\/rest\/wp\/v2\/users\/2"}],"replies":[{"embeddable":true,"href":"https:\/\/psol50.org.br\/rest\/wp\/v2\/comments?post=18778"}],"version-history":[{"count":0,"href":"https:\/\/psol50.org.br\/rest\/wp\/v2\/posts\/18778\/revisions"}],"wp:featuredmedia":[{"embeddable":true,"href":"https:\/\/psol50.org.br\/rest\/"}],"wp:attachment":[{"href":"https:\/\/psol50.org.br\/rest\/wp\/v2\/media?parent=18778"}],"wp:term":[{"taxonomy":"category","embeddable":true,"href":"https:\/\/psol50.org.br\/rest\/wp\/v2\/categories?post=18778"},{"taxonomy":"post_tag","embeddable":true,"href":"https:\/\/psol50.org.br\/rest\/wp\/v2\/tags?post=18778"}],"curies":[{"name":"wp","href":"https:\/\/api.w.org\/{rel}","templated":true}]}}