{"id":1878,"date":"2013-04-02T00:00:00","date_gmt":"2013-04-02T00:00:00","guid":{"rendered":"http:\/\/psol50.org.br\/arquivo\/2013\/04\/02\/acampados-reivindicam-moradia-em-regiao-afetada-por-belo-monte\/"},"modified":"2013-04-02T00:00:00","modified_gmt":"2013-04-02T00:00:00","slug":"acampados-reivindicam-moradia-em-regiao-afetada-por-belo-monte","status":"publish","type":"post","link":"https:\/\/psol50.org.br\/acampados-reivindicam-moradia-em-regiao-afetada-por-belo-monte\/","title":{"rendered":"Acampados reivindicam moradia em regi\u00e3o afetada por Belo Monte"},"content":{"rendered":"<p class=\"western\" style=\"margin-bottom: 0cm; text-align: justify;\">\n\t<font face=\"Arial, sans-serif\"><font size=\"3\">H\u00e1 tr\u00eas meses, cerca de 173 fam\u00edlias est\u00e3o acampadas na cidade de Brasil Novo, no Par\u00e1, em protesto contra o alto custo do aluguel e da comida em decorr\u00eancia da constru\u00e7\u00e3o da Usina Hidrel\u00e9trica de Belo Monte.<\/p>\n<p>\tDe acordo com nota do Movimento dos Atingidos por Barragens (MAB), a luta por moradia em Brasil Novo est\u00e1 associada ao custo de vida, que vem subindo muito nos \u00faltimos anos. \u201cA causa principal s\u00e3o os reflexos negativos da barragem de Belo Monte\u201d, afirma o movimento.<\/font><\/font><\/p>\n<p>\t<font face=\"Arial, sans-serif\"><font size=\"3\">O Acampamento Novo Horizonte possui hoje 172 lotes e nasceu em 6 de janeiro com a ocupa\u00e7\u00e3o de um terreno abandonado perto de Cidade Alta, no munic\u00edpio paraense, que fica a 40 km de Altamira.<\/font><\/font><\/p>\n<p>\t<font face=\"Arial, sans-serif\"><font size=\"3\">No dia 25 de fevereiro, as fam\u00edlias acampadas sofreram uma tentativa de despejo por parte da prefeitura de Brasil Novo que, com m\u00e1quinas e soldados, deu um prazo de 40 minutos para a desocupa\u00e7\u00e3o do terreno, amparando-se em um documento de reintegra\u00e7\u00e3o de posse. Os acampados disseram que o documento era falso, por isso o despejo n\u00e3o chegou a ser realizado<font size=\"3\">.<\/font><\/font><\/font><\/p>\n<p>\t<font face=\"Arial, sans-serif\"><font size=\"3\">Agora, o MAB denuncia que a administra\u00e7\u00e3o municipal amea\u00e7a cortar o fornecimento de \u00e1gua ao local. \u201cSe isso acontecer, as fam\u00edlias v\u00e3o furar um po\u00e7o para abastecer o acampamento\u201d, afirma o MAB<\/font><\/font>.<\/p>\n","protected":false},"excerpt":{"rendered":"<p>H\u00e1 tr\u00eas meses, cerca de 173 fam\u00edlias est\u00e3o acampadas na cidade de Brasil Novo, no Par\u00e1, em protesto contra o alto custo do aluguel e da comida em decorr\u00eancia da constru\u00e7\u00e3o da Usina Hidrel\u00e9trica de Belo Monte. De acordo com nota do Movimento dos Atingidos por Barragens (MAB), a luta por moradia em Brasil Novo [&hellip;]<\/p>\n","protected":false},"author":2,"featured_media":0,"comment_status":"open","ping_status":"open","sticky":false,"template":"","format":"standard","meta":{"_acf_changed":false,"footnotes":""},"categories":[4766],"tags":[],"class_list":{"0":"post-1878","1":"post","2":"type-post","3":"status-publish","4":"format-standard","6":"category-arquivo"},"acf":[],"yoast_head":"<!-- This site is optimized with the Yoast SEO plugin v26.5 - https:\/\/yoast.com\/wordpress\/plugins\/seo\/ -->\n<title>Acampados reivindicam moradia em regi\u00e3o afetada por Belo Monte - PSOL 50<\/title>\n<meta name=\"robots\" content=\"index, follow, max-snippet:-1, max-image-preview:large, max-video-preview:-1\" \/>\n<link rel=\"canonical\" href=\"https:\/\/psol50.org.br\/acampados-reivindicam-moradia-em-regiao-afetada-por-belo-monte\/\" \/>\n<meta property=\"og:locale\" content=\"pt_BR\" \/>\n<meta property=\"og:type\" content=\"article\" \/>\n<meta property=\"og:title\" content=\"Acampados reivindicam moradia em regi\u00e3o afetada por Belo Monte - PSOL 50\" \/>\n<meta property=\"og:description\" content=\"H\u00e1 tr\u00eas meses, cerca de 173 fam\u00edlias est\u00e3o acampadas na cidade de Brasil Novo, no Par\u00e1, em protesto contra o alto custo do aluguel e da comida em decorr\u00eancia da constru\u00e7\u00e3o da Usina Hidrel\u00e9trica de Belo Monte. De acordo com nota do Movimento dos Atingidos por Barragens (MAB), a luta por moradia em Brasil Novo [&hellip;]\" \/>\n<meta property=\"og:url\" content=\"https:\/\/psol50.org.br\/acampados-reivindicam-moradia-em-regiao-afetada-por-belo-monte\/\" \/>\n<meta property=\"og:site_name\" content=\"PSOL 50\" \/>\n<meta property=\"article:publisher\" content=\"https:\/\/www.facebook.com\/psol50\" \/>\n<meta property=\"article:published_time\" content=\"2013-04-02T00:00:00+00:00\" \/>\n<meta property=\"og:image\" content=\"https:\/\/psol50.org.br\/inc\/uploads\/2018\/07\/capa.png\" \/>\n\t<meta property=\"og:image:width\" content=\"1350\" \/>\n\t<meta property=\"og:image:height\" content=\"900\" \/>\n\t<meta property=\"og:image:type\" content=\"image\/png\" \/>\n<meta name=\"author\" content=\"Comunica\u00e7\u00e3o PSOL\" \/>\n<meta name=\"twitter:card\" content=\"summary_large_image\" \/>\n<meta name=\"twitter:creator\" content=\"@psol50\" \/>\n<meta name=\"twitter:site\" content=\"@psol50\" \/>\n<meta name=\"twitter:label1\" content=\"Escrito por\" \/>\n\t<meta name=\"twitter:data1\" content=\"Comunica\u00e7\u00e3o PSOL\" \/>\n\t<meta name=\"twitter:label2\" content=\"Est. tempo de leitura\" \/>\n\t<meta name=\"twitter:data2\" content=\"1 minuto\" \/>\n<script type=\"application\/ld+json\" class=\"yoast-schema-graph\">{\"@context\":\"https:\/\/schema.org\",\"@graph\":[{\"@type\":\"Article\",\"@id\":\"https:\/\/psol50.org.br\/acampados-reivindicam-moradia-em-regiao-afetada-por-belo-monte\/#article\",\"isPartOf\":{\"@id\":\"https:\/\/psol50.org.br\/acampados-reivindicam-moradia-em-regiao-afetada-por-belo-monte\/\"},\"author\":{\"name\":\"Comunica\u00e7\u00e3o PSOL\",\"@id\":\"https:\/\/psol50.org.br\/#\/schema\/person\/475dfa57d0b815993c714c2e96491fcd\"},\"headline\":\"Acampados reivindicam moradia em regi\u00e3o afetada por Belo Monte\",\"datePublished\":\"2013-04-02T00:00:00+00:00\",\"mainEntityOfPage\":{\"@id\":\"https:\/\/psol50.org.br\/acampados-reivindicam-moradia-em-regiao-afetada-por-belo-monte\/\"},\"wordCount\":234,\"commentCount\":0,\"publisher\":{\"@id\":\"https:\/\/psol50.org.br\/#organization\"},\"articleSection\":[\"Arquivo\"],\"inLanguage\":\"pt-BR\",\"potentialAction\":[{\"@type\":\"CommentAction\",\"name\":\"Comment\",\"target\":[\"https:\/\/psol50.org.br\/acampados-reivindicam-moradia-em-regiao-afetada-por-belo-monte\/#respond\"]}]},{\"@type\":\"WebPage\",\"@id\":\"https:\/\/psol50.org.br\/acampados-reivindicam-moradia-em-regiao-afetada-por-belo-monte\/\",\"url\":\"https:\/\/psol50.org.br\/acampados-reivindicam-moradia-em-regiao-afetada-por-belo-monte\/\",\"name\":\"Acampados reivindicam moradia em regi\u00e3o afetada por Belo Monte - PSOL 50\",\"isPartOf\":{\"@id\":\"https:\/\/psol50.org.br\/#website\"},\"datePublished\":\"2013-04-02T00:00:00+00:00\",\"breadcrumb\":{\"@id\":\"https:\/\/psol50.org.br\/acampados-reivindicam-moradia-em-regiao-afetada-por-belo-monte\/#breadcrumb\"},\"inLanguage\":\"pt-BR\",\"potentialAction\":[{\"@type\":\"ReadAction\",\"target\":[\"https:\/\/psol50.org.br\/acampados-reivindicam-moradia-em-regiao-afetada-por-belo-monte\/\"]}]},{\"@type\":\"BreadcrumbList\",\"@id\":\"https:\/\/psol50.org.br\/acampados-reivindicam-moradia-em-regiao-afetada-por-belo-monte\/#breadcrumb\",\"itemListElement\":[{\"@type\":\"ListItem\",\"position\":1,\"name\":\"In\u00edcio\",\"item\":\"https:\/\/psol50.org.br\/\"},{\"@type\":\"ListItem\",\"position\":2,\"name\":\"Acampados reivindicam moradia em regi\u00e3o afetada por Belo Monte\"}]},{\"@type\":\"WebSite\",\"@id\":\"https:\/\/psol50.org.br\/#website\",\"url\":\"https:\/\/psol50.org.br\/\",\"name\":\"PSOL 50\",\"description\":\"Site oficial do Partido Socialismo e Liberdade\",\"publisher\":{\"@id\":\"https:\/\/psol50.org.br\/#organization\"},\"alternateName\":\"PSOL50\",\"potentialAction\":[{\"@type\":\"SearchAction\",\"target\":{\"@type\":\"EntryPoint\",\"urlTemplate\":\"https:\/\/psol50.org.br\/?s={search_term_string}\"},\"query-input\":{\"@type\":\"PropertyValueSpecification\",\"valueRequired\":true,\"valueName\":\"search_term_string\"}}],\"inLanguage\":\"pt-BR\"},{\"@type\":\"Organization\",\"@id\":\"https:\/\/psol50.org.br\/#organization\",\"name\":\"PSOL 50\",\"alternateName\":\"PSOL 50\",\"url\":\"https:\/\/psol50.org.br\/\",\"logo\":{\"@type\":\"ImageObject\",\"inLanguage\":\"pt-BR\",\"@id\":\"https:\/\/psol50.org.br\/#\/schema\/logo\/image\/\",\"url\":\"https:\/\/psol50.org.br\/inc\/uploads\/2018\/07\/capa.png\",\"contentUrl\":\"https:\/\/psol50.org.br\/inc\/uploads\/2018\/07\/capa.png\",\"width\":1350,\"height\":900,\"caption\":\"PSOL 50\"},\"image\":{\"@id\":\"https:\/\/psol50.org.br\/#\/schema\/logo\/image\/\"},\"sameAs\":[\"https:\/\/www.facebook.com\/psol50\",\"https:\/\/x.com\/psol50\",\"https:\/\/www.instagram.com\/psol50\/\",\"https:\/\/www.youtube.com\/channel\/UC7SnJS5o1os7a6CaiNabzcg\"]},{\"@type\":\"Person\",\"@id\":\"https:\/\/psol50.org.br\/#\/schema\/person\/475dfa57d0b815993c714c2e96491fcd\",\"name\":\"Comunica\u00e7\u00e3o PSOL\",\"image\":{\"@type\":\"ImageObject\",\"inLanguage\":\"pt-BR\",\"@id\":\"https:\/\/psol50.org.br\/#\/schema\/person\/image\/\",\"url\":\"https:\/\/secure.gravatar.com\/avatar\/b34fc4f4e468a4e51785917065a3db57b841f5c95dba6ad8c73aaf8f66f8f9bf?s=96&d=mm&r=g\",\"contentUrl\":\"https:\/\/secure.gravatar.com\/avatar\/b34fc4f4e468a4e51785917065a3db57b841f5c95dba6ad8c73aaf8f66f8f9bf?s=96&d=mm&r=g\",\"caption\":\"Comunica\u00e7\u00e3o PSOL\"}}]}<\/script>\n<!-- \/ Yoast SEO plugin. -->","yoast_head_json":{"title":"Acampados reivindicam moradia em regi\u00e3o afetada por Belo Monte - PSOL 50","robots":{"index":"index","follow":"follow","max-snippet":"max-snippet:-1","max-image-preview":"max-image-preview:large","max-video-preview":"max-video-preview:-1"},"canonical":"https:\/\/psol50.org.br\/acampados-reivindicam-moradia-em-regiao-afetada-por-belo-monte\/","og_locale":"pt_BR","og_type":"article","og_title":"Acampados reivindicam moradia em regi\u00e3o afetada por Belo Monte - PSOL 50","og_description":"H\u00e1 tr\u00eas meses, cerca de 173 fam\u00edlias est\u00e3o acampadas na cidade de Brasil Novo, no Par\u00e1, em protesto contra o alto custo do aluguel e da comida em decorr\u00eancia da constru\u00e7\u00e3o da Usina Hidrel\u00e9trica de Belo Monte. De acordo com nota do Movimento dos Atingidos por Barragens (MAB), a luta por moradia em Brasil Novo [&hellip;]","og_url":"https:\/\/psol50.org.br\/acampados-reivindicam-moradia-em-regiao-afetada-por-belo-monte\/","og_site_name":"PSOL 50","article_publisher":"https:\/\/www.facebook.com\/psol50","article_published_time":"2013-04-02T00:00:00+00:00","og_image":[{"width":1350,"height":900,"url":"https:\/\/psol50.org.br\/inc\/uploads\/2018\/07\/capa.png","type":"image\/png"}],"author":"Comunica\u00e7\u00e3o PSOL","twitter_card":"summary_large_image","twitter_creator":"@psol50","twitter_site":"@psol50","twitter_misc":{"Escrito por":"Comunica\u00e7\u00e3o PSOL","Est. tempo de leitura":"1 minuto"},"schema":{"@context":"https:\/\/schema.org","@graph":[{"@type":"Article","@id":"https:\/\/psol50.org.br\/acampados-reivindicam-moradia-em-regiao-afetada-por-belo-monte\/#article","isPartOf":{"@id":"https:\/\/psol50.org.br\/acampados-reivindicam-moradia-em-regiao-afetada-por-belo-monte\/"},"author":{"name":"Comunica\u00e7\u00e3o PSOL","@id":"https:\/\/psol50.org.br\/#\/schema\/person\/475dfa57d0b815993c714c2e96491fcd"},"headline":"Acampados reivindicam moradia em regi\u00e3o afetada por Belo Monte","datePublished":"2013-04-02T00:00:00+00:00","mainEntityOfPage":{"@id":"https:\/\/psol50.org.br\/acampados-reivindicam-moradia-em-regiao-afetada-por-belo-monte\/"},"wordCount":234,"commentCount":0,"publisher":{"@id":"https:\/\/psol50.org.br\/#organization"},"articleSection":["Arquivo"],"inLanguage":"pt-BR","potentialAction":[{"@type":"CommentAction","name":"Comment","target":["https:\/\/psol50.org.br\/acampados-reivindicam-moradia-em-regiao-afetada-por-belo-monte\/#respond"]}]},{"@type":"WebPage","@id":"https:\/\/psol50.org.br\/acampados-reivindicam-moradia-em-regiao-afetada-por-belo-monte\/","url":"https:\/\/psol50.org.br\/acampados-reivindicam-moradia-em-regiao-afetada-por-belo-monte\/","name":"Acampados reivindicam moradia em regi\u00e3o afetada por Belo Monte - PSOL 50","isPartOf":{"@id":"https:\/\/psol50.org.br\/#website"},"datePublished":"2013-04-02T00:00:00+00:00","breadcrumb":{"@id":"https:\/\/psol50.org.br\/acampados-reivindicam-moradia-em-regiao-afetada-por-belo-monte\/#breadcrumb"},"inLanguage":"pt-BR","potentialAction":[{"@type":"ReadAction","target":["https:\/\/psol50.org.br\/acampados-reivindicam-moradia-em-regiao-afetada-por-belo-monte\/"]}]},{"@type":"BreadcrumbList","@id":"https:\/\/psol50.org.br\/acampados-reivindicam-moradia-em-regiao-afetada-por-belo-monte\/#breadcrumb","itemListElement":[{"@type":"ListItem","position":1,"name":"In\u00edcio","item":"https:\/\/psol50.org.br\/"},{"@type":"ListItem","position":2,"name":"Acampados reivindicam moradia em regi\u00e3o afetada por Belo Monte"}]},{"@type":"WebSite","@id":"https:\/\/psol50.org.br\/#website","url":"https:\/\/psol50.org.br\/","name":"PSOL 50","description":"Site oficial do Partido Socialismo e Liberdade","publisher":{"@id":"https:\/\/psol50.org.br\/#organization"},"alternateName":"PSOL50","potentialAction":[{"@type":"SearchAction","target":{"@type":"EntryPoint","urlTemplate":"https:\/\/psol50.org.br\/?s={search_term_string}"},"query-input":{"@type":"PropertyValueSpecification","valueRequired":true,"valueName":"search_term_string"}}],"inLanguage":"pt-BR"},{"@type":"Organization","@id":"https:\/\/psol50.org.br\/#organization","name":"PSOL 50","alternateName":"PSOL 50","url":"https:\/\/psol50.org.br\/","logo":{"@type":"ImageObject","inLanguage":"pt-BR","@id":"https:\/\/psol50.org.br\/#\/schema\/logo\/image\/","url":"https:\/\/psol50.org.br\/inc\/uploads\/2018\/07\/capa.png","contentUrl":"https:\/\/psol50.org.br\/inc\/uploads\/2018\/07\/capa.png","width":1350,"height":900,"caption":"PSOL 50"},"image":{"@id":"https:\/\/psol50.org.br\/#\/schema\/logo\/image\/"},"sameAs":["https:\/\/www.facebook.com\/psol50","https:\/\/x.com\/psol50","https:\/\/www.instagram.com\/psol50\/","https:\/\/www.youtube.com\/channel\/UC7SnJS5o1os7a6CaiNabzcg"]},{"@type":"Person","@id":"https:\/\/psol50.org.br\/#\/schema\/person\/475dfa57d0b815993c714c2e96491fcd","name":"Comunica\u00e7\u00e3o PSOL","image":{"@type":"ImageObject","inLanguage":"pt-BR","@id":"https:\/\/psol50.org.br\/#\/schema\/person\/image\/","url":"https:\/\/secure.gravatar.com\/avatar\/b34fc4f4e468a4e51785917065a3db57b841f5c95dba6ad8c73aaf8f66f8f9bf?s=96&d=mm&r=g","contentUrl":"https:\/\/secure.gravatar.com\/avatar\/b34fc4f4e468a4e51785917065a3db57b841f5c95dba6ad8c73aaf8f66f8f9bf?s=96&d=mm&r=g","caption":"Comunica\u00e7\u00e3o PSOL"}}]}},"_links":{"self":[{"href":"https:\/\/psol50.org.br\/rest\/wp\/v2\/posts\/1878","targetHints":{"allow":["GET"]}}],"collection":[{"href":"https:\/\/psol50.org.br\/rest\/wp\/v2\/posts"}],"about":[{"href":"https:\/\/psol50.org.br\/rest\/wp\/v2\/types\/post"}],"author":[{"embeddable":true,"href":"https:\/\/psol50.org.br\/rest\/wp\/v2\/users\/2"}],"replies":[{"embeddable":true,"href":"https:\/\/psol50.org.br\/rest\/wp\/v2\/comments?post=1878"}],"version-history":[{"count":0,"href":"https:\/\/psol50.org.br\/rest\/wp\/v2\/posts\/1878\/revisions"}],"wp:attachment":[{"href":"https:\/\/psol50.org.br\/rest\/wp\/v2\/media?parent=1878"}],"wp:term":[{"taxonomy":"category","embeddable":true,"href":"https:\/\/psol50.org.br\/rest\/wp\/v2\/categories?post=1878"},{"taxonomy":"post_tag","embeddable":true,"href":"https:\/\/psol50.org.br\/rest\/wp\/v2\/tags?post=1878"}],"curies":[{"name":"wp","href":"https:\/\/api.w.org\/{rel}","templated":true}]}}