{"id":18783,"date":"2017-11-06T12:10:04","date_gmt":"2017-11-06T14:10:04","guid":{"rendered":"http:\/\/www.psol50.org.br\/?p=18783"},"modified":"2017-11-06T12:10:04","modified_gmt":"2017-11-06T14:10:04","slug":"chico-alencar-destino-desatino-desalento","status":"publish","type":"post","link":"https:\/\/psol50.org.br\/chico-alencar-destino-desatino-desalento\/","title":{"rendered":"Chico Alencar | Destino, desatino, desalento"},"content":{"rendered":"<p><span style=\"font-size: 14px;\"><em>Artigo publicado originalmente no jornal <a href=\"https:\/\/oglobo.globo.com\/opiniao\/destino-desatino-desalento-22028045\" target=\"_blank\" rel=\"noopener\"><span style=\"color: #0000ff;\">O Globo<\/span><\/a><\/em><\/span><\/p>\n<p>A crise brasileira est\u00e1 em 3D: altura, largura e profundidade. Nessa \u00faltima dimens\u00e3o, vemo-nos imersos em uma crise de destino: n\u00e3o h\u00e1 no pa\u00eds, hoje, uma maioria social que implemente o que queremos ser como na\u00e7\u00e3o.<\/p>\n<p>Tivemos essa \u201cvontade nacional\u201d manifesta na contesta\u00e7\u00e3o \u00e0 domina\u00e7\u00e3o olig\u00e1rquica da Rep\u00fablica Velha, na Era Vargas, nos \u201canos dourados\u201d de JK, no apoio \u00e0s reformas de base de Jango, no clamor pelas Diretas J\u00e1 que produziu a Constitui\u00e7\u00e3o cidad\u00e3 de 1988. Havia um querer predominante, que se expressou na constru\u00e7\u00e3o do Estado nacional, no desenvolvimentismo, nas reformas de base, na democratiza\u00e7\u00e3o.<\/p>\n<p>Hoje est\u00e3o em quest\u00e3o o modelo econ\u00f4mico rentista e prim\u00e1rio-exportador, o sistema pol\u00edtico colonizado pelas grandes corpora\u00e7\u00f5es, a cria\u00e7\u00e3o cultural amea\u00e7ada pelo obscurantismo, a rica biodiversidade agredida pela explora\u00e7\u00e3o sem limites e por inc\u00eandios criminosos. Tudo reproduz nossa secular desigualdade.<\/p>\n<p>A Rep\u00fablica Nova se esgotou sem realizar plenamente suas promessas de democracia participativa e direta. A soberania nacional n\u00e3o encontrou seu lugar no \u201cglobalitarismo\u201d do capital financeirizado.<\/p>\n<p>Nossa crise tem a altura da pequena pol\u00edtica, do nanismo ideol\u00f3gico do governo Temer \u2014 exterminador de direitos. \u00c9 a crise do desatino dessa coaliz\u00e3o de denunciados, corruptos, devotos (sem votos) do Estado m\u00ednimo e do privatismo m\u00e1ximo. \u00c9 a crise da \u00e9tica p\u00fablica, na qual se naturalizam a compra de votos e o fisiologismo.<\/p>\n<p>Elei\u00e7\u00f5es estimulam a formula\u00e7\u00e3o de um projeto de pa\u00eds e s\u00e3o o mais amplo aferidor da opini\u00e3o popular sobre ele. Por isso, a casta dominante opera pela manuten\u00e7\u00e3o do status quo e a perpetua\u00e7\u00e3o da \u201cgangsteriza\u00e7\u00e3o\u201d da pol\u00edtica.<\/p>\n<p>\u00c9 larga a crise do desalento, da cidadania recolhida. O derretimento partid\u00e1rio, a inseguran\u00e7a p\u00fablica, o patrimonialismo, os descaminhos tr\u00e1gicos de parte da esquerda que aderiu \u00e0 promiscuidade p\u00fablico-privada colocam em risco nosso devir civilizat\u00f3rio. A direita mais atrasada, protofascista, perdeu a vergonha e espalha sua cultura do \u00f3dio e da discrimina\u00e7\u00e3o.<\/p>\n<p>Nem tudo s\u00e3o sombras, por\u00e9m. A plataforma <a href=\"http:\/\/vamosmudar.org.br\/\" target=\"_blank\" rel=\"noopener\"><strong><span style=\"color: #0000ff;\">vamosmudar.org.br<\/span><\/strong><\/a> promove debates importantes sobre a democratiza\u00e7\u00e3o da economia, da pol\u00edtica, da cultura e de outros aspectos da vida social. Tramitam riqu\u00edssimas iniciativas populares de lei, derivadas da coopera\u00e7\u00e3o entre movimentos em luta e setores da academia comprometidos com a transforma\u00e7\u00e3o do Brasil (<a href=\"https:\/\/issuu.com\/depchicoalencar\/docs\/internet_separata2017\" target=\"_blank\" rel=\"noopener\"><strong><span style=\"color: #0000ff;\">bit.ly\/propostasbrqueremos<\/span><\/strong><\/a>). Um alentado programa em gesta\u00e7\u00e3o combina a afirma\u00e7\u00e3o dos direitos econ\u00f4micos e pol\u00edticos com a ascendente pauta identit\u00e1ria, do reconhecimento da diversidade humana.<\/p>\n<p>\u201cPovo \u00e9 uma reuni\u00e3o de seres racionais unidos por um acordo comum acerca dos objetos do seu amor\u201d, disse Santo Agostinho (354-430). Precisamos nos reconstituir como povo. O desafio \u00e9 a constru\u00e7\u00e3o coletiva, sem sectarismo e sem perda de princ\u00edpios. Em frente!<\/p>\n<p>&nbsp;<\/p>\n","protected":false},"excerpt":{"rendered":"<p>Artigo publicado originalmente no jornal O Globo A crise brasileira est\u00e1 em 3D: altura, largura e profundidade. Nessa \u00faltima dimens\u00e3o, vemo-nos imersos em uma crise de destino: n\u00e3o h\u00e1 no pa\u00eds, hoje, uma maioria social que implemente o que queremos ser como na\u00e7\u00e3o. Tivemos essa \u201cvontade nacional\u201d manifesta na contesta\u00e7\u00e3o \u00e0 domina\u00e7\u00e3o olig\u00e1rquica da Rep\u00fablica [&hellip;]<\/p>\n","protected":false},"author":2,"featured_media":18784,"comment_status":"open","ping_status":"open","sticky":false,"template":"","format":"standard","meta":{"_acf_changed":false,"footnotes":""},"categories":[3,1882],"tags":[1680,219,3705,3741,387,1748,3742,1208,1414,3743],"class_list":{"0":"post-18783","1":"post","2":"type-post","3":"status-publish","4":"format-standard","5":"has-post-thumbnail","7":"category-artigos-e-entrevistas","8":"category-brasil","9":"tag-chico-alencar","10":"tag-crise","11":"tag-direita","12":"tag-economica","13":"tag-governo","14":"tag-michel-temer","15":"tag-nacao","16":"tag-politica","17":"tag-soberania-nacional","18":"tag-vamosmudar-org-br"},"acf":[],"yoast_head":"<!-- This site is optimized with the Yoast SEO plugin v26.5 - https:\/\/yoast.com\/wordpress\/plugins\/seo\/ -->\n<title>Chico Alencar | Destino, desatino, desalento - PSOL 50<\/title>\n<meta name=\"robots\" content=\"index, follow, max-snippet:-1, max-image-preview:large, max-video-preview:-1\" \/>\n<link rel=\"canonical\" href=\"https:\/\/psol50.org.br\/chico-alencar-destino-desatino-desalento\/\" \/>\n<meta property=\"og:locale\" content=\"pt_BR\" \/>\n<meta property=\"og:type\" content=\"article\" \/>\n<meta property=\"og:title\" content=\"Chico Alencar | Destino, desatino, desalento - PSOL 50\" \/>\n<meta property=\"og:description\" content=\"Artigo publicado originalmente no jornal O Globo A crise brasileira est\u00e1 em 3D: altura, largura e profundidade. Nessa \u00faltima dimens\u00e3o, vemo-nos imersos em uma crise de destino: n\u00e3o h\u00e1 no pa\u00eds, hoje, uma maioria social que implemente o que queremos ser como na\u00e7\u00e3o. Tivemos essa \u201cvontade nacional\u201d manifesta na contesta\u00e7\u00e3o \u00e0 domina\u00e7\u00e3o olig\u00e1rquica da Rep\u00fablica [&hellip;]\" \/>\n<meta property=\"og:url\" content=\"https:\/\/psol50.org.br\/chico-alencar-destino-desatino-desalento\/\" \/>\n<meta property=\"og:site_name\" content=\"PSOL 50\" \/>\n<meta property=\"article:publisher\" content=\"https:\/\/www.facebook.com\/psol50\" \/>\n<meta property=\"article:published_time\" content=\"2017-11-06T14:10:04+00:00\" \/>\n<meta property=\"og:image\" content=\"https:\/\/psol50.org.br\/inc\/uploads\/2018\/07\/capa.png\" \/>\n\t<meta property=\"og:image:width\" content=\"1350\" \/>\n\t<meta property=\"og:image:height\" content=\"900\" \/>\n\t<meta property=\"og:image:type\" content=\"image\/png\" \/>\n<meta name=\"author\" content=\"Comunica\u00e7\u00e3o PSOL\" \/>\n<meta name=\"twitter:card\" content=\"summary_large_image\" \/>\n<meta name=\"twitter:creator\" content=\"@psol50\" \/>\n<meta name=\"twitter:site\" content=\"@psol50\" \/>\n<meta name=\"twitter:label1\" content=\"Escrito por\" \/>\n\t<meta name=\"twitter:data1\" content=\"Comunica\u00e7\u00e3o PSOL\" \/>\n\t<meta name=\"twitter:label2\" content=\"Est. tempo de leitura\" \/>\n\t<meta name=\"twitter:data2\" content=\"2 minutos\" \/>\n<script type=\"application\/ld+json\" class=\"yoast-schema-graph\">{\"@context\":\"https:\/\/schema.org\",\"@graph\":[{\"@type\":\"Article\",\"@id\":\"https:\/\/psol50.org.br\/chico-alencar-destino-desatino-desalento\/#article\",\"isPartOf\":{\"@id\":\"https:\/\/psol50.org.br\/chico-alencar-destino-desatino-desalento\/\"},\"author\":{\"name\":\"Comunica\u00e7\u00e3o PSOL\",\"@id\":\"https:\/\/psol50.org.br\/#\/schema\/person\/475dfa57d0b815993c714c2e96491fcd\"},\"headline\":\"Chico Alencar | Destino, desatino, desalento\",\"datePublished\":\"2017-11-06T14:10:04+00:00\",\"mainEntityOfPage\":{\"@id\":\"https:\/\/psol50.org.br\/chico-alencar-destino-desatino-desalento\/\"},\"wordCount\":493,\"commentCount\":0,\"publisher\":{\"@id\":\"https:\/\/psol50.org.br\/#organization\"},\"image\":{\"@id\":\"https:\/\/psol50.org.br\/chico-alencar-destino-desatino-desalento\/#primaryimage\"},\"thumbnailUrl\":\"\",\"keywords\":[\"Chico Alencar\",\"crise\",\"direita\",\"econ\u00f4mica\",\"governo\",\"Michel Temer\",\"na\u00e7\u00e3o\",\"pol\u00edtica\",\"soberania nacional\",\"vamosmudar.org.br\"],\"articleSection\":[\"Artigos\",\"Brasil\"],\"inLanguage\":\"pt-BR\",\"potentialAction\":[{\"@type\":\"CommentAction\",\"name\":\"Comment\",\"target\":[\"https:\/\/psol50.org.br\/chico-alencar-destino-desatino-desalento\/#respond\"]}]},{\"@type\":\"WebPage\",\"@id\":\"https:\/\/psol50.org.br\/chico-alencar-destino-desatino-desalento\/\",\"url\":\"https:\/\/psol50.org.br\/chico-alencar-destino-desatino-desalento\/\",\"name\":\"Chico Alencar | Destino, desatino, desalento - PSOL 50\",\"isPartOf\":{\"@id\":\"https:\/\/psol50.org.br\/#website\"},\"primaryImageOfPage\":{\"@id\":\"https:\/\/psol50.org.br\/chico-alencar-destino-desatino-desalento\/#primaryimage\"},\"image\":{\"@id\":\"https:\/\/psol50.org.br\/chico-alencar-destino-desatino-desalento\/#primaryimage\"},\"thumbnailUrl\":\"\",\"datePublished\":\"2017-11-06T14:10:04+00:00\",\"breadcrumb\":{\"@id\":\"https:\/\/psol50.org.br\/chico-alencar-destino-desatino-desalento\/#breadcrumb\"},\"inLanguage\":\"pt-BR\",\"potentialAction\":[{\"@type\":\"ReadAction\",\"target\":[\"https:\/\/psol50.org.br\/chico-alencar-destino-desatino-desalento\/\"]}]},{\"@type\":\"ImageObject\",\"inLanguage\":\"pt-BR\",\"@id\":\"https:\/\/psol50.org.br\/chico-alencar-destino-desatino-desalento\/#primaryimage\",\"url\":\"\",\"contentUrl\":\"\"},{\"@type\":\"BreadcrumbList\",\"@id\":\"https:\/\/psol50.org.br\/chico-alencar-destino-desatino-desalento\/#breadcrumb\",\"itemListElement\":[{\"@type\":\"ListItem\",\"position\":1,\"name\":\"In\u00edcio\",\"item\":\"https:\/\/psol50.org.br\/\"},{\"@type\":\"ListItem\",\"position\":2,\"name\":\"Chico Alencar | Destino, desatino, desalento\"}]},{\"@type\":\"WebSite\",\"@id\":\"https:\/\/psol50.org.br\/#website\",\"url\":\"https:\/\/psol50.org.br\/\",\"name\":\"PSOL 50\",\"description\":\"Site oficial do Partido Socialismo e Liberdade\",\"publisher\":{\"@id\":\"https:\/\/psol50.org.br\/#organization\"},\"alternateName\":\"PSOL50\",\"potentialAction\":[{\"@type\":\"SearchAction\",\"target\":{\"@type\":\"EntryPoint\",\"urlTemplate\":\"https:\/\/psol50.org.br\/?s={search_term_string}\"},\"query-input\":{\"@type\":\"PropertyValueSpecification\",\"valueRequired\":true,\"valueName\":\"search_term_string\"}}],\"inLanguage\":\"pt-BR\"},{\"@type\":\"Organization\",\"@id\":\"https:\/\/psol50.org.br\/#organization\",\"name\":\"PSOL 50\",\"alternateName\":\"PSOL 50\",\"url\":\"https:\/\/psol50.org.br\/\",\"logo\":{\"@type\":\"ImageObject\",\"inLanguage\":\"pt-BR\",\"@id\":\"https:\/\/psol50.org.br\/#\/schema\/logo\/image\/\",\"url\":\"https:\/\/psol50.org.br\/inc\/uploads\/2018\/07\/capa.png\",\"contentUrl\":\"https:\/\/psol50.org.br\/inc\/uploads\/2018\/07\/capa.png\",\"width\":1350,\"height\":900,\"caption\":\"PSOL 50\"},\"image\":{\"@id\":\"https:\/\/psol50.org.br\/#\/schema\/logo\/image\/\"},\"sameAs\":[\"https:\/\/www.facebook.com\/psol50\",\"https:\/\/x.com\/psol50\",\"https:\/\/www.instagram.com\/psol50\/\",\"https:\/\/www.youtube.com\/channel\/UC7SnJS5o1os7a6CaiNabzcg\"]},{\"@type\":\"Person\",\"@id\":\"https:\/\/psol50.org.br\/#\/schema\/person\/475dfa57d0b815993c714c2e96491fcd\",\"name\":\"Comunica\u00e7\u00e3o PSOL\",\"image\":{\"@type\":\"ImageObject\",\"inLanguage\":\"pt-BR\",\"@id\":\"https:\/\/psol50.org.br\/#\/schema\/person\/image\/\",\"url\":\"https:\/\/secure.gravatar.com\/avatar\/b34fc4f4e468a4e51785917065a3db57b841f5c95dba6ad8c73aaf8f66f8f9bf?s=96&d=mm&r=g\",\"contentUrl\":\"https:\/\/secure.gravatar.com\/avatar\/b34fc4f4e468a4e51785917065a3db57b841f5c95dba6ad8c73aaf8f66f8f9bf?s=96&d=mm&r=g\",\"caption\":\"Comunica\u00e7\u00e3o PSOL\"}}]}<\/script>\n<!-- \/ Yoast SEO plugin. -->","yoast_head_json":{"title":"Chico Alencar | Destino, desatino, desalento - PSOL 50","robots":{"index":"index","follow":"follow","max-snippet":"max-snippet:-1","max-image-preview":"max-image-preview:large","max-video-preview":"max-video-preview:-1"},"canonical":"https:\/\/psol50.org.br\/chico-alencar-destino-desatino-desalento\/","og_locale":"pt_BR","og_type":"article","og_title":"Chico Alencar | Destino, desatino, desalento - PSOL 50","og_description":"Artigo publicado originalmente no jornal O Globo A crise brasileira est\u00e1 em 3D: altura, largura e profundidade. Nessa \u00faltima dimens\u00e3o, vemo-nos imersos em uma crise de destino: n\u00e3o h\u00e1 no pa\u00eds, hoje, uma maioria social que implemente o que queremos ser como na\u00e7\u00e3o. Tivemos essa \u201cvontade nacional\u201d manifesta na contesta\u00e7\u00e3o \u00e0 domina\u00e7\u00e3o olig\u00e1rquica da Rep\u00fablica [&hellip;]","og_url":"https:\/\/psol50.org.br\/chico-alencar-destino-desatino-desalento\/","og_site_name":"PSOL 50","article_publisher":"https:\/\/www.facebook.com\/psol50","article_published_time":"2017-11-06T14:10:04+00:00","og_image":[{"width":1350,"height":900,"url":"https:\/\/psol50.org.br\/inc\/uploads\/2018\/07\/capa.png","type":"image\/png"}],"author":"Comunica\u00e7\u00e3o PSOL","twitter_card":"summary_large_image","twitter_creator":"@psol50","twitter_site":"@psol50","twitter_misc":{"Escrito por":"Comunica\u00e7\u00e3o PSOL","Est. tempo de leitura":"2 minutos"},"schema":{"@context":"https:\/\/schema.org","@graph":[{"@type":"Article","@id":"https:\/\/psol50.org.br\/chico-alencar-destino-desatino-desalento\/#article","isPartOf":{"@id":"https:\/\/psol50.org.br\/chico-alencar-destino-desatino-desalento\/"},"author":{"name":"Comunica\u00e7\u00e3o PSOL","@id":"https:\/\/psol50.org.br\/#\/schema\/person\/475dfa57d0b815993c714c2e96491fcd"},"headline":"Chico Alencar | Destino, desatino, desalento","datePublished":"2017-11-06T14:10:04+00:00","mainEntityOfPage":{"@id":"https:\/\/psol50.org.br\/chico-alencar-destino-desatino-desalento\/"},"wordCount":493,"commentCount":0,"publisher":{"@id":"https:\/\/psol50.org.br\/#organization"},"image":{"@id":"https:\/\/psol50.org.br\/chico-alencar-destino-desatino-desalento\/#primaryimage"},"thumbnailUrl":"","keywords":["Chico Alencar","crise","direita","econ\u00f4mica","governo","Michel Temer","na\u00e7\u00e3o","pol\u00edtica","soberania nacional","vamosmudar.org.br"],"articleSection":["Artigos","Brasil"],"inLanguage":"pt-BR","potentialAction":[{"@type":"CommentAction","name":"Comment","target":["https:\/\/psol50.org.br\/chico-alencar-destino-desatino-desalento\/#respond"]}]},{"@type":"WebPage","@id":"https:\/\/psol50.org.br\/chico-alencar-destino-desatino-desalento\/","url":"https:\/\/psol50.org.br\/chico-alencar-destino-desatino-desalento\/","name":"Chico Alencar | Destino, desatino, desalento - PSOL 50","isPartOf":{"@id":"https:\/\/psol50.org.br\/#website"},"primaryImageOfPage":{"@id":"https:\/\/psol50.org.br\/chico-alencar-destino-desatino-desalento\/#primaryimage"},"image":{"@id":"https:\/\/psol50.org.br\/chico-alencar-destino-desatino-desalento\/#primaryimage"},"thumbnailUrl":"","datePublished":"2017-11-06T14:10:04+00:00","breadcrumb":{"@id":"https:\/\/psol50.org.br\/chico-alencar-destino-desatino-desalento\/#breadcrumb"},"inLanguage":"pt-BR","potentialAction":[{"@type":"ReadAction","target":["https:\/\/psol50.org.br\/chico-alencar-destino-desatino-desalento\/"]}]},{"@type":"ImageObject","inLanguage":"pt-BR","@id":"https:\/\/psol50.org.br\/chico-alencar-destino-desatino-desalento\/#primaryimage","url":"","contentUrl":""},{"@type":"BreadcrumbList","@id":"https:\/\/psol50.org.br\/chico-alencar-destino-desatino-desalento\/#breadcrumb","itemListElement":[{"@type":"ListItem","position":1,"name":"In\u00edcio","item":"https:\/\/psol50.org.br\/"},{"@type":"ListItem","position":2,"name":"Chico Alencar | Destino, desatino, desalento"}]},{"@type":"WebSite","@id":"https:\/\/psol50.org.br\/#website","url":"https:\/\/psol50.org.br\/","name":"PSOL 50","description":"Site oficial do Partido Socialismo e Liberdade","publisher":{"@id":"https:\/\/psol50.org.br\/#organization"},"alternateName":"PSOL50","potentialAction":[{"@type":"SearchAction","target":{"@type":"EntryPoint","urlTemplate":"https:\/\/psol50.org.br\/?s={search_term_string}"},"query-input":{"@type":"PropertyValueSpecification","valueRequired":true,"valueName":"search_term_string"}}],"inLanguage":"pt-BR"},{"@type":"Organization","@id":"https:\/\/psol50.org.br\/#organization","name":"PSOL 50","alternateName":"PSOL 50","url":"https:\/\/psol50.org.br\/","logo":{"@type":"ImageObject","inLanguage":"pt-BR","@id":"https:\/\/psol50.org.br\/#\/schema\/logo\/image\/","url":"https:\/\/psol50.org.br\/inc\/uploads\/2018\/07\/capa.png","contentUrl":"https:\/\/psol50.org.br\/inc\/uploads\/2018\/07\/capa.png","width":1350,"height":900,"caption":"PSOL 50"},"image":{"@id":"https:\/\/psol50.org.br\/#\/schema\/logo\/image\/"},"sameAs":["https:\/\/www.facebook.com\/psol50","https:\/\/x.com\/psol50","https:\/\/www.instagram.com\/psol50\/","https:\/\/www.youtube.com\/channel\/UC7SnJS5o1os7a6CaiNabzcg"]},{"@type":"Person","@id":"https:\/\/psol50.org.br\/#\/schema\/person\/475dfa57d0b815993c714c2e96491fcd","name":"Comunica\u00e7\u00e3o PSOL","image":{"@type":"ImageObject","inLanguage":"pt-BR","@id":"https:\/\/psol50.org.br\/#\/schema\/person\/image\/","url":"https:\/\/secure.gravatar.com\/avatar\/b34fc4f4e468a4e51785917065a3db57b841f5c95dba6ad8c73aaf8f66f8f9bf?s=96&d=mm&r=g","contentUrl":"https:\/\/secure.gravatar.com\/avatar\/b34fc4f4e468a4e51785917065a3db57b841f5c95dba6ad8c73aaf8f66f8f9bf?s=96&d=mm&r=g","caption":"Comunica\u00e7\u00e3o PSOL"}}]}},"_links":{"self":[{"href":"https:\/\/psol50.org.br\/rest\/wp\/v2\/posts\/18783","targetHints":{"allow":["GET"]}}],"collection":[{"href":"https:\/\/psol50.org.br\/rest\/wp\/v2\/posts"}],"about":[{"href":"https:\/\/psol50.org.br\/rest\/wp\/v2\/types\/post"}],"author":[{"embeddable":true,"href":"https:\/\/psol50.org.br\/rest\/wp\/v2\/users\/2"}],"replies":[{"embeddable":true,"href":"https:\/\/psol50.org.br\/rest\/wp\/v2\/comments?post=18783"}],"version-history":[{"count":0,"href":"https:\/\/psol50.org.br\/rest\/wp\/v2\/posts\/18783\/revisions"}],"wp:featuredmedia":[{"embeddable":true,"href":"https:\/\/psol50.org.br\/rest\/"}],"wp:attachment":[{"href":"https:\/\/psol50.org.br\/rest\/wp\/v2\/media?parent=18783"}],"wp:term":[{"taxonomy":"category","embeddable":true,"href":"https:\/\/psol50.org.br\/rest\/wp\/v2\/categories?post=18783"},{"taxonomy":"post_tag","embeddable":true,"href":"https:\/\/psol50.org.br\/rest\/wp\/v2\/tags?post=18783"}],"curies":[{"name":"wp","href":"https:\/\/api.w.org\/{rel}","templated":true}]}}