{"id":18792,"date":"2017-11-06T13:45:57","date_gmt":"2017-11-06T15:45:57","guid":{"rendered":"http:\/\/www.psol50.org.br\/?p=18792"},"modified":"2017-11-06T13:45:57","modified_gmt":"2017-11-06T15:45:57","slug":"lisete-arelaro-e-pre-candidata-ao-governo-de-sao-paulo","status":"publish","type":"post","link":"https:\/\/psol50.org.br\/lisete-arelaro-e-pre-candidata-ao-governo-de-sao-paulo\/","title":{"rendered":"Lisete Arelaro \u00e9 pr\u00e9-candidata ao governo de S\u00e3o Paulo"},"content":{"rendered":"<p>A professora\u00a0da Faculdade de Educa\u00e7\u00e3o da USP Lisete Arelaro \u00e9 a pr\u00e9-candidata do PSOL ao governo do estado de S\u00e3o Paulo nas elei\u00e7\u00f5es de 2018. A indica\u00e7\u00e3o, feita por unanimidade, aconteceu ao final do 6\u00b0 Congresso Estadual do <a href=\"https:\/\/www.facebook.com\/psolsaopaulo\/\" target=\"_blank\" rel=\"noopener\"><strong><span style=\"color: #0000ff;\">PSOL-SP<\/span><\/strong><\/a>, realizado neste final de semana (4 e 5\/11), na capital paulista.<\/p>\n<p>A representante do partido nas pr\u00f3ximas elei\u00e7\u00f5es, cujo nome ser\u00e1 referendado em conven\u00e7\u00e3o estadual no primeiro semestre de 2018, tem milit\u00e2ncia ativa na luta pela educa\u00e7\u00e3o p\u00fablica democr\u00e1tica, gratuita e de qualidade. Militante desde a ditadura civil\/militar, Lisete\u00a0tamb\u00e9m \u00e9 feminista e defensora das cotas raciais na Universidade de S\u00e3o Paulo.<\/p>\n<p>Na d\u00e9cada de 90, Arelaro integrou a equipe de Paulo Freire na Secretaria de Educa\u00e7\u00e3o da Prefeitura de S\u00e3o Paulo durante o governo de Luiza Erundina.\u00a0A professora aceita o desafio com a dura tarefa de combater os descalabros dos mais de 20 anos de governos tucanos.<\/p>\n<p><strong>Juninho reeleito<br \/>\n<\/strong>O 6\u00b0 Congresso Estadual do PSOL-SP reuniu aproximadamente 500 pessoas na Quadra dos Banc\u00e1rios, como resultado das mais de 150 plen\u00e1rias realizadas em 89 cidades. Al\u00e9m de indicar o nome da pr\u00e9-candidata ao governo, a etapa estadual tamb\u00e9m elegeu a nova dire\u00e7\u00e3o partid\u00e1ria, que contar\u00e1 com Josel\u00edcio J\u00fanior, o <a href=\"https:\/\/www.facebook.com\/Juninho\/\" target=\"_blank\" rel=\"noopener\"><strong><span style=\"color: #0000ff;\">Juninho<\/span><\/strong><\/a>, na presid\u00eancia estadual.<\/p>\n<p>Juninho \u00e9 jornalista, militante do movimento negro, morador e militante do PSOL de Embu das Artes. Foi eleito presidente pela primeira vez em 2015, terminando agora um mandato marcado pela amplia\u00e7\u00e3o das bases partid\u00e1rias, pela organiza\u00e7\u00e3o da pol\u00edtica atrav\u00e9s do interior do estado e pela democratiza\u00e7\u00e3o dos instrumentos partid\u00e1rios de comunica\u00e7\u00e3o.<\/p>\n<p><img loading=\"lazy\" decoding=\"async\" class=\"size-medium wp-image-18788 aligncenter\" src=\"http:\/\/www.psol50.org.br\/inc\/uploads\/2017\/11\/Congresso_SP-2-600x338.jpeg\" alt=\"\" width=\"600\" height=\"338\" \/><\/p>\n<p>Com o resultado da elei\u00e7\u00e3o neste domingo, o PSOL-SP ter\u00e1, por mais dois anos, um presidente negro e jovem, um ativista antirracista num estado que tem um grande \u00edndice de viol\u00eancia contra jovens e negros.<\/p>\n<p>Os delegados e as delegadas aprovaram, ainda, mo\u00e7\u00f5es sobre conjuntura, t\u00e1tica eleitoral, balan\u00e7o e organiza\u00e7\u00e3o partid\u00e1ria e articula\u00e7\u00e3o de uma frente de massas.<\/p>\n","protected":false},"excerpt":{"rendered":"<p>A professora\u00a0da Faculdade de Educa\u00e7\u00e3o da USP Lisete Arelaro \u00e9 a pr\u00e9-candidata do PSOL ao governo do estado de S\u00e3o Paulo nas elei\u00e7\u00f5es de 2018. A indica\u00e7\u00e3o, feita por unanimidade, aconteceu ao final do 6\u00b0 Congresso Estadual do PSOL-SP, realizado neste final de semana (4 e 5\/11), na capital paulista. A representante do partido nas [&hellip;]<\/p>\n","protected":false},"author":2,"featured_media":18793,"comment_status":"open","ping_status":"open","sticky":false,"template":"","format":"standard","meta":{"_acf_changed":false,"footnotes":""},"categories":[654,6,14],"tags":[164,387,2275,1196,2635,2319,3745,2277,2501],"class_list":{"0":"post-18792","1":"post","2":"type-post","3":"status-publish","4":"format-standard","5":"has-post-thumbnail","7":"category-estados","8":"category-noticias","9":"category-partido","10":"tag-educacao","11":"tag-governo","12":"tag-joselicio-junior","13":"tag-juninho","14":"tag-lisete-arelaro","15":"tag-pre-candidata","16":"tag-professora","17":"tag-psol-sp","18":"tag-usp"},"acf":[],"yoast_head":"<!-- This site is optimized with the Yoast SEO plugin v26.5 - https:\/\/yoast.com\/wordpress\/plugins\/seo\/ -->\n<title>Lisete Arelaro \u00e9 pr\u00e9-candidata ao governo de S\u00e3o Paulo - PSOL 50<\/title>\n<meta name=\"robots\" content=\"index, follow, max-snippet:-1, max-image-preview:large, max-video-preview:-1\" \/>\n<link rel=\"canonical\" href=\"https:\/\/psol50.org.br\/lisete-arelaro-e-pre-candidata-ao-governo-de-sao-paulo\/\" \/>\n<meta property=\"og:locale\" content=\"pt_BR\" \/>\n<meta property=\"og:type\" content=\"article\" \/>\n<meta property=\"og:title\" content=\"Lisete Arelaro \u00e9 pr\u00e9-candidata ao governo de S\u00e3o Paulo - PSOL 50\" \/>\n<meta property=\"og:description\" content=\"A professora\u00a0da Faculdade de Educa\u00e7\u00e3o da USP Lisete Arelaro \u00e9 a pr\u00e9-candidata do PSOL ao governo do estado de S\u00e3o Paulo nas elei\u00e7\u00f5es de 2018. A indica\u00e7\u00e3o, feita por unanimidade, aconteceu ao final do 6\u00b0 Congresso Estadual do PSOL-SP, realizado neste final de semana (4 e 5\/11), na capital paulista. A representante do partido nas [&hellip;]\" \/>\n<meta property=\"og:url\" content=\"https:\/\/psol50.org.br\/lisete-arelaro-e-pre-candidata-ao-governo-de-sao-paulo\/\" \/>\n<meta property=\"og:site_name\" content=\"PSOL 50\" \/>\n<meta property=\"article:publisher\" content=\"https:\/\/www.facebook.com\/psol50\" \/>\n<meta property=\"article:published_time\" content=\"2017-11-06T15:45:57+00:00\" \/>\n<meta property=\"og:image\" content=\"https:\/\/psol50.org.br\/inc\/uploads\/2018\/07\/capa.png\" \/>\n\t<meta property=\"og:image:width\" content=\"1350\" \/>\n\t<meta property=\"og:image:height\" content=\"900\" \/>\n\t<meta property=\"og:image:type\" content=\"image\/png\" \/>\n<meta name=\"author\" content=\"Comunica\u00e7\u00e3o PSOL\" \/>\n<meta name=\"twitter:card\" content=\"summary_large_image\" \/>\n<meta name=\"twitter:creator\" content=\"@psol50\" \/>\n<meta name=\"twitter:site\" content=\"@psol50\" \/>\n<meta name=\"twitter:label1\" content=\"Escrito por\" \/>\n\t<meta name=\"twitter:data1\" content=\"Comunica\u00e7\u00e3o PSOL\" \/>\n\t<meta name=\"twitter:label2\" content=\"Est. tempo de leitura\" \/>\n\t<meta name=\"twitter:data2\" content=\"2 minutos\" \/>\n<script type=\"application\/ld+json\" class=\"yoast-schema-graph\">{\"@context\":\"https:\/\/schema.org\",\"@graph\":[{\"@type\":\"Article\",\"@id\":\"https:\/\/psol50.org.br\/lisete-arelaro-e-pre-candidata-ao-governo-de-sao-paulo\/#article\",\"isPartOf\":{\"@id\":\"https:\/\/psol50.org.br\/lisete-arelaro-e-pre-candidata-ao-governo-de-sao-paulo\/\"},\"author\":{\"name\":\"Comunica\u00e7\u00e3o PSOL\",\"@id\":\"https:\/\/psol50.org.br\/#\/schema\/person\/475dfa57d0b815993c714c2e96491fcd\"},\"headline\":\"Lisete Arelaro \u00e9 pr\u00e9-candidata ao governo de S\u00e3o Paulo\",\"datePublished\":\"2017-11-06T15:45:57+00:00\",\"mainEntityOfPage\":{\"@id\":\"https:\/\/psol50.org.br\/lisete-arelaro-e-pre-candidata-ao-governo-de-sao-paulo\/\"},\"wordCount\":352,\"commentCount\":0,\"publisher\":{\"@id\":\"https:\/\/psol50.org.br\/#organization\"},\"image\":{\"@id\":\"https:\/\/psol50.org.br\/lisete-arelaro-e-pre-candidata-ao-governo-de-sao-paulo\/#primaryimage\"},\"thumbnailUrl\":\"\",\"keywords\":[\"Educa\u00e7\u00e3o\",\"governo\",\"Joselicio Junior\",\"Juninho\",\"Lisete Arelaro\",\"pr\u00e9-candidata\",\"professora\",\"PSOL-SP\",\"USP\"],\"articleSection\":[\"Estados\",\"Not\u00edcias\",\"Partido\"],\"inLanguage\":\"pt-BR\",\"potentialAction\":[{\"@type\":\"CommentAction\",\"name\":\"Comment\",\"target\":[\"https:\/\/psol50.org.br\/lisete-arelaro-e-pre-candidata-ao-governo-de-sao-paulo\/#respond\"]}]},{\"@type\":\"WebPage\",\"@id\":\"https:\/\/psol50.org.br\/lisete-arelaro-e-pre-candidata-ao-governo-de-sao-paulo\/\",\"url\":\"https:\/\/psol50.org.br\/lisete-arelaro-e-pre-candidata-ao-governo-de-sao-paulo\/\",\"name\":\"Lisete Arelaro \u00e9 pr\u00e9-candidata ao governo de S\u00e3o Paulo - PSOL 50\",\"isPartOf\":{\"@id\":\"https:\/\/psol50.org.br\/#website\"},\"primaryImageOfPage\":{\"@id\":\"https:\/\/psol50.org.br\/lisete-arelaro-e-pre-candidata-ao-governo-de-sao-paulo\/#primaryimage\"},\"image\":{\"@id\":\"https:\/\/psol50.org.br\/lisete-arelaro-e-pre-candidata-ao-governo-de-sao-paulo\/#primaryimage\"},\"thumbnailUrl\":\"\",\"datePublished\":\"2017-11-06T15:45:57+00:00\",\"breadcrumb\":{\"@id\":\"https:\/\/psol50.org.br\/lisete-arelaro-e-pre-candidata-ao-governo-de-sao-paulo\/#breadcrumb\"},\"inLanguage\":\"pt-BR\",\"potentialAction\":[{\"@type\":\"ReadAction\",\"target\":[\"https:\/\/psol50.org.br\/lisete-arelaro-e-pre-candidata-ao-governo-de-sao-paulo\/\"]}]},{\"@type\":\"ImageObject\",\"inLanguage\":\"pt-BR\",\"@id\":\"https:\/\/psol50.org.br\/lisete-arelaro-e-pre-candidata-ao-governo-de-sao-paulo\/#primaryimage\",\"url\":\"\",\"contentUrl\":\"\"},{\"@type\":\"BreadcrumbList\",\"@id\":\"https:\/\/psol50.org.br\/lisete-arelaro-e-pre-candidata-ao-governo-de-sao-paulo\/#breadcrumb\",\"itemListElement\":[{\"@type\":\"ListItem\",\"position\":1,\"name\":\"In\u00edcio\",\"item\":\"https:\/\/psol50.org.br\/\"},{\"@type\":\"ListItem\",\"position\":2,\"name\":\"Lisete Arelaro \u00e9 pr\u00e9-candidata ao governo de S\u00e3o Paulo\"}]},{\"@type\":\"WebSite\",\"@id\":\"https:\/\/psol50.org.br\/#website\",\"url\":\"https:\/\/psol50.org.br\/\",\"name\":\"PSOL 50\",\"description\":\"Site oficial do Partido Socialismo e Liberdade\",\"publisher\":{\"@id\":\"https:\/\/psol50.org.br\/#organization\"},\"alternateName\":\"PSOL50\",\"potentialAction\":[{\"@type\":\"SearchAction\",\"target\":{\"@type\":\"EntryPoint\",\"urlTemplate\":\"https:\/\/psol50.org.br\/?s={search_term_string}\"},\"query-input\":{\"@type\":\"PropertyValueSpecification\",\"valueRequired\":true,\"valueName\":\"search_term_string\"}}],\"inLanguage\":\"pt-BR\"},{\"@type\":\"Organization\",\"@id\":\"https:\/\/psol50.org.br\/#organization\",\"name\":\"PSOL 50\",\"alternateName\":\"PSOL 50\",\"url\":\"https:\/\/psol50.org.br\/\",\"logo\":{\"@type\":\"ImageObject\",\"inLanguage\":\"pt-BR\",\"@id\":\"https:\/\/psol50.org.br\/#\/schema\/logo\/image\/\",\"url\":\"https:\/\/psol50.org.br\/inc\/uploads\/2018\/07\/capa.png\",\"contentUrl\":\"https:\/\/psol50.org.br\/inc\/uploads\/2018\/07\/capa.png\",\"width\":1350,\"height\":900,\"caption\":\"PSOL 50\"},\"image\":{\"@id\":\"https:\/\/psol50.org.br\/#\/schema\/logo\/image\/\"},\"sameAs\":[\"https:\/\/www.facebook.com\/psol50\",\"https:\/\/x.com\/psol50\",\"https:\/\/www.instagram.com\/psol50\/\",\"https:\/\/www.youtube.com\/channel\/UC7SnJS5o1os7a6CaiNabzcg\"]},{\"@type\":\"Person\",\"@id\":\"https:\/\/psol50.org.br\/#\/schema\/person\/475dfa57d0b815993c714c2e96491fcd\",\"name\":\"Comunica\u00e7\u00e3o PSOL\",\"image\":{\"@type\":\"ImageObject\",\"inLanguage\":\"pt-BR\",\"@id\":\"https:\/\/psol50.org.br\/#\/schema\/person\/image\/\",\"url\":\"https:\/\/secure.gravatar.com\/avatar\/b34fc4f4e468a4e51785917065a3db57b841f5c95dba6ad8c73aaf8f66f8f9bf?s=96&d=mm&r=g\",\"contentUrl\":\"https:\/\/secure.gravatar.com\/avatar\/b34fc4f4e468a4e51785917065a3db57b841f5c95dba6ad8c73aaf8f66f8f9bf?s=96&d=mm&r=g\",\"caption\":\"Comunica\u00e7\u00e3o PSOL\"}}]}<\/script>\n<!-- \/ Yoast SEO plugin. -->","yoast_head_json":{"title":"Lisete Arelaro \u00e9 pr\u00e9-candidata ao governo de S\u00e3o Paulo - PSOL 50","robots":{"index":"index","follow":"follow","max-snippet":"max-snippet:-1","max-image-preview":"max-image-preview:large","max-video-preview":"max-video-preview:-1"},"canonical":"https:\/\/psol50.org.br\/lisete-arelaro-e-pre-candidata-ao-governo-de-sao-paulo\/","og_locale":"pt_BR","og_type":"article","og_title":"Lisete Arelaro \u00e9 pr\u00e9-candidata ao governo de S\u00e3o Paulo - PSOL 50","og_description":"A professora\u00a0da Faculdade de Educa\u00e7\u00e3o da USP Lisete Arelaro \u00e9 a pr\u00e9-candidata do PSOL ao governo do estado de S\u00e3o Paulo nas elei\u00e7\u00f5es de 2018. A indica\u00e7\u00e3o, feita por unanimidade, aconteceu ao final do 6\u00b0 Congresso Estadual do PSOL-SP, realizado neste final de semana (4 e 5\/11), na capital paulista. A representante do partido nas [&hellip;]","og_url":"https:\/\/psol50.org.br\/lisete-arelaro-e-pre-candidata-ao-governo-de-sao-paulo\/","og_site_name":"PSOL 50","article_publisher":"https:\/\/www.facebook.com\/psol50","article_published_time":"2017-11-06T15:45:57+00:00","og_image":[{"width":1350,"height":900,"url":"https:\/\/psol50.org.br\/inc\/uploads\/2018\/07\/capa.png","type":"image\/png"}],"author":"Comunica\u00e7\u00e3o PSOL","twitter_card":"summary_large_image","twitter_creator":"@psol50","twitter_site":"@psol50","twitter_misc":{"Escrito por":"Comunica\u00e7\u00e3o PSOL","Est. tempo de leitura":"2 minutos"},"schema":{"@context":"https:\/\/schema.org","@graph":[{"@type":"Article","@id":"https:\/\/psol50.org.br\/lisete-arelaro-e-pre-candidata-ao-governo-de-sao-paulo\/#article","isPartOf":{"@id":"https:\/\/psol50.org.br\/lisete-arelaro-e-pre-candidata-ao-governo-de-sao-paulo\/"},"author":{"name":"Comunica\u00e7\u00e3o PSOL","@id":"https:\/\/psol50.org.br\/#\/schema\/person\/475dfa57d0b815993c714c2e96491fcd"},"headline":"Lisete Arelaro \u00e9 pr\u00e9-candidata ao governo de S\u00e3o Paulo","datePublished":"2017-11-06T15:45:57+00:00","mainEntityOfPage":{"@id":"https:\/\/psol50.org.br\/lisete-arelaro-e-pre-candidata-ao-governo-de-sao-paulo\/"},"wordCount":352,"commentCount":0,"publisher":{"@id":"https:\/\/psol50.org.br\/#organization"},"image":{"@id":"https:\/\/psol50.org.br\/lisete-arelaro-e-pre-candidata-ao-governo-de-sao-paulo\/#primaryimage"},"thumbnailUrl":"","keywords":["Educa\u00e7\u00e3o","governo","Joselicio Junior","Juninho","Lisete Arelaro","pr\u00e9-candidata","professora","PSOL-SP","USP"],"articleSection":["Estados","Not\u00edcias","Partido"],"inLanguage":"pt-BR","potentialAction":[{"@type":"CommentAction","name":"Comment","target":["https:\/\/psol50.org.br\/lisete-arelaro-e-pre-candidata-ao-governo-de-sao-paulo\/#respond"]}]},{"@type":"WebPage","@id":"https:\/\/psol50.org.br\/lisete-arelaro-e-pre-candidata-ao-governo-de-sao-paulo\/","url":"https:\/\/psol50.org.br\/lisete-arelaro-e-pre-candidata-ao-governo-de-sao-paulo\/","name":"Lisete Arelaro \u00e9 pr\u00e9-candidata ao governo de S\u00e3o Paulo - PSOL 50","isPartOf":{"@id":"https:\/\/psol50.org.br\/#website"},"primaryImageOfPage":{"@id":"https:\/\/psol50.org.br\/lisete-arelaro-e-pre-candidata-ao-governo-de-sao-paulo\/#primaryimage"},"image":{"@id":"https:\/\/psol50.org.br\/lisete-arelaro-e-pre-candidata-ao-governo-de-sao-paulo\/#primaryimage"},"thumbnailUrl":"","datePublished":"2017-11-06T15:45:57+00:00","breadcrumb":{"@id":"https:\/\/psol50.org.br\/lisete-arelaro-e-pre-candidata-ao-governo-de-sao-paulo\/#breadcrumb"},"inLanguage":"pt-BR","potentialAction":[{"@type":"ReadAction","target":["https:\/\/psol50.org.br\/lisete-arelaro-e-pre-candidata-ao-governo-de-sao-paulo\/"]}]},{"@type":"ImageObject","inLanguage":"pt-BR","@id":"https:\/\/psol50.org.br\/lisete-arelaro-e-pre-candidata-ao-governo-de-sao-paulo\/#primaryimage","url":"","contentUrl":""},{"@type":"BreadcrumbList","@id":"https:\/\/psol50.org.br\/lisete-arelaro-e-pre-candidata-ao-governo-de-sao-paulo\/#breadcrumb","itemListElement":[{"@type":"ListItem","position":1,"name":"In\u00edcio","item":"https:\/\/psol50.org.br\/"},{"@type":"ListItem","position":2,"name":"Lisete Arelaro \u00e9 pr\u00e9-candidata ao governo de S\u00e3o Paulo"}]},{"@type":"WebSite","@id":"https:\/\/psol50.org.br\/#website","url":"https:\/\/psol50.org.br\/","name":"PSOL 50","description":"Site oficial do Partido Socialismo e Liberdade","publisher":{"@id":"https:\/\/psol50.org.br\/#organization"},"alternateName":"PSOL50","potentialAction":[{"@type":"SearchAction","target":{"@type":"EntryPoint","urlTemplate":"https:\/\/psol50.org.br\/?s={search_term_string}"},"query-input":{"@type":"PropertyValueSpecification","valueRequired":true,"valueName":"search_term_string"}}],"inLanguage":"pt-BR"},{"@type":"Organization","@id":"https:\/\/psol50.org.br\/#organization","name":"PSOL 50","alternateName":"PSOL 50","url":"https:\/\/psol50.org.br\/","logo":{"@type":"ImageObject","inLanguage":"pt-BR","@id":"https:\/\/psol50.org.br\/#\/schema\/logo\/image\/","url":"https:\/\/psol50.org.br\/inc\/uploads\/2018\/07\/capa.png","contentUrl":"https:\/\/psol50.org.br\/inc\/uploads\/2018\/07\/capa.png","width":1350,"height":900,"caption":"PSOL 50"},"image":{"@id":"https:\/\/psol50.org.br\/#\/schema\/logo\/image\/"},"sameAs":["https:\/\/www.facebook.com\/psol50","https:\/\/x.com\/psol50","https:\/\/www.instagram.com\/psol50\/","https:\/\/www.youtube.com\/channel\/UC7SnJS5o1os7a6CaiNabzcg"]},{"@type":"Person","@id":"https:\/\/psol50.org.br\/#\/schema\/person\/475dfa57d0b815993c714c2e96491fcd","name":"Comunica\u00e7\u00e3o PSOL","image":{"@type":"ImageObject","inLanguage":"pt-BR","@id":"https:\/\/psol50.org.br\/#\/schema\/person\/image\/","url":"https:\/\/secure.gravatar.com\/avatar\/b34fc4f4e468a4e51785917065a3db57b841f5c95dba6ad8c73aaf8f66f8f9bf?s=96&d=mm&r=g","contentUrl":"https:\/\/secure.gravatar.com\/avatar\/b34fc4f4e468a4e51785917065a3db57b841f5c95dba6ad8c73aaf8f66f8f9bf?s=96&d=mm&r=g","caption":"Comunica\u00e7\u00e3o PSOL"}}]}},"_links":{"self":[{"href":"https:\/\/psol50.org.br\/rest\/wp\/v2\/posts\/18792","targetHints":{"allow":["GET"]}}],"collection":[{"href":"https:\/\/psol50.org.br\/rest\/wp\/v2\/posts"}],"about":[{"href":"https:\/\/psol50.org.br\/rest\/wp\/v2\/types\/post"}],"author":[{"embeddable":true,"href":"https:\/\/psol50.org.br\/rest\/wp\/v2\/users\/2"}],"replies":[{"embeddable":true,"href":"https:\/\/psol50.org.br\/rest\/wp\/v2\/comments?post=18792"}],"version-history":[{"count":0,"href":"https:\/\/psol50.org.br\/rest\/wp\/v2\/posts\/18792\/revisions"}],"wp:featuredmedia":[{"embeddable":true,"href":"https:\/\/psol50.org.br\/rest\/"}],"wp:attachment":[{"href":"https:\/\/psol50.org.br\/rest\/wp\/v2\/media?parent=18792"}],"wp:term":[{"taxonomy":"category","embeddable":true,"href":"https:\/\/psol50.org.br\/rest\/wp\/v2\/categories?post=18792"},{"taxonomy":"post_tag","embeddable":true,"href":"https:\/\/psol50.org.br\/rest\/wp\/v2\/tags?post=18792"}],"curies":[{"name":"wp","href":"https:\/\/api.w.org\/{rel}","templated":true}]}}