{"id":18795,"date":"2017-11-07T16:20:30","date_gmt":"2017-11-07T18:20:30","guid":{"rendered":"http:\/\/www.psol50.org.br\/?p=18795"},"modified":"2017-11-07T16:20:30","modified_gmt":"2017-11-07T18:20:30","slug":"psol-vai-ao-stf-contra-ajuste-previdenciario-de-temer","status":"publish","type":"post","link":"https:\/\/psol50.org.br\/psol-vai-ao-stf-contra-ajuste-previdenciario-de-temer\/","title":{"rendered":"PSOL vai ao STF contra ajuste previdenci\u00e1rio de Temer"},"content":{"rendered":"<p>O PSOL protocolou, nesta ter\u00e7a-feira (7), uma A\u00e7\u00e3o Direta de Inconstitucionalidade (ADI) contra o aumento da contribui\u00e7\u00e3o previdenci\u00e1ria de funcion\u00e1rios p\u00fablicos, proposta por Michel Temer na Medida Provis\u00f3ria 805.<\/p>\n<p>A proposta editada pelo presidente golpista quer que todos os funcion\u00e1rios p\u00fablicos que ganhem acima do teto do INSS, ou seja, R$5.531,31, paguem 14% de contribui\u00e7\u00e3o previdenci\u00e1ria. Antes, o \u00edndice era de 11%. Temer tamb\u00e9m adiou para 2019 os reajustes salariais para os servidores federais, antes previsto para 2018.<\/p>\n<p>A a\u00e7\u00e3o do PSOL contesta a MP por n\u00e3o se tratar de quest\u00e3o urgente, um dos quesitos necess\u00e1rios, segundo a Constitui\u00e7\u00e3o, para a edi\u00e7\u00e3o pelo Poder Executivo desse tipo de medida. O partido tamb\u00e9m afirma que o aumento salarial foi adquirido em lei, n\u00e3o cabendo a\u00e7\u00e3o para postergar.<\/p>\n<p>Ao jornal <em>Brasil de Fato<\/em>, o deputado Glauber Braga, l\u00edder do PSOL na C\u00e2mara, falou sobre a proposta de Temer e a a\u00e7\u00e3o do partido. \u201c\u00c9 absurdo e inconstitucional que o governo mande propostas que ampliam a contribui\u00e7\u00e3o previdenci\u00e1ria dos servidores p\u00fablicos, postergue aumento que j\u00e1 estava estabelecido para o ano de 2018 e ao mesmo tempo que amplie o prazo da renegocia\u00e7\u00e3o de d\u00edvidas, incluindo deputados e senadores que s\u00e3o donos ou s\u00f3cios de empresas, em um valor estimado em R$ 3 bilh\u00f5es\u201d, afirmou.<\/p>\n<p><a href=\"http:\/\/www.psol50.org.br\/inc\/uploads\/2017\/11\/ADI-PSOL.pdf\" target=\"_blank\" rel=\"noopener\"><strong><span style=\"color: #3366ff;\">Acesse a \u00edntegra da a\u00e7\u00e3o clicando aqui.<\/span><\/strong><\/a><\/p>\n","protected":false},"excerpt":{"rendered":"<p>O PSOL protocolou, nesta ter\u00e7a-feira (7), uma A\u00e7\u00e3o Direta de Inconstitucionalidade (ADI) contra o aumento da contribui\u00e7\u00e3o previdenci\u00e1ria de funcion\u00e1rios p\u00fablicos, proposta por Michel Temer na Medida Provis\u00f3ria 805. A proposta editada pelo presidente golpista quer que todos os funcion\u00e1rios p\u00fablicos que ganhem acima do teto do INSS, ou seja, R$5.531,31, paguem 14% de contribui\u00e7\u00e3o [&hellip;]<\/p>\n","protected":false},"author":2,"featured_media":18796,"comment_status":"open","ping_status":"open","sticky":false,"template":"","format":"standard","meta":{"_acf_changed":false,"footnotes":""},"categories":[10,1882,6],"tags":[1311,41,1432,2169,1191,1423,1748,474,417,45],"class_list":{"0":"post-18795","1":"post","2":"type-post","3":"status-publish","4":"format-standard","5":"has-post-thumbnail","7":"category-acao-parlamentares","8":"category-brasil","9":"category-noticias","10":"tag-acao","11":"tag-adi","12":"tag-ajuste-fiscal","13":"tag-fora-temer","14":"tag-glauber-braga","15":"tag-medida-provisoria","16":"tag-michel-temer","17":"tag-mp","18":"tag-psol-na-camara","19":"tag-stf"},"acf":[],"yoast_head":"<!-- This site is optimized with the Yoast SEO plugin v26.5 - https:\/\/yoast.com\/wordpress\/plugins\/seo\/ -->\n<title>PSOL vai ao STF contra ajuste previdenci\u00e1rio de Temer - PSOL 50<\/title>\n<meta name=\"robots\" content=\"index, follow, max-snippet:-1, max-image-preview:large, max-video-preview:-1\" \/>\n<link rel=\"canonical\" href=\"https:\/\/psol50.org.br\/psol-vai-ao-stf-contra-ajuste-previdenciario-de-temer\/\" \/>\n<meta property=\"og:locale\" content=\"pt_BR\" \/>\n<meta property=\"og:type\" content=\"article\" \/>\n<meta property=\"og:title\" content=\"PSOL vai ao STF contra ajuste previdenci\u00e1rio de Temer - PSOL 50\" \/>\n<meta property=\"og:description\" content=\"O PSOL protocolou, nesta ter\u00e7a-feira (7), uma A\u00e7\u00e3o Direta de Inconstitucionalidade (ADI) contra o aumento da contribui\u00e7\u00e3o previdenci\u00e1ria de funcion\u00e1rios p\u00fablicos, proposta por Michel Temer na Medida Provis\u00f3ria 805. A proposta editada pelo presidente golpista quer que todos os funcion\u00e1rios p\u00fablicos que ganhem acima do teto do INSS, ou seja, R$5.531,31, paguem 14% de contribui\u00e7\u00e3o [&hellip;]\" \/>\n<meta property=\"og:url\" content=\"https:\/\/psol50.org.br\/psol-vai-ao-stf-contra-ajuste-previdenciario-de-temer\/\" \/>\n<meta property=\"og:site_name\" content=\"PSOL 50\" \/>\n<meta property=\"article:publisher\" content=\"https:\/\/www.facebook.com\/psol50\" \/>\n<meta property=\"article:published_time\" content=\"2017-11-07T18:20:30+00:00\" \/>\n<meta property=\"og:image\" content=\"https:\/\/psol50.org.br\/inc\/uploads\/2018\/07\/capa.png\" \/>\n\t<meta property=\"og:image:width\" content=\"1350\" \/>\n\t<meta property=\"og:image:height\" content=\"900\" \/>\n\t<meta property=\"og:image:type\" content=\"image\/png\" \/>\n<meta name=\"author\" content=\"Comunica\u00e7\u00e3o PSOL\" \/>\n<meta name=\"twitter:card\" content=\"summary_large_image\" \/>\n<meta name=\"twitter:creator\" content=\"@psol50\" \/>\n<meta name=\"twitter:site\" content=\"@psol50\" \/>\n<meta name=\"twitter:label1\" content=\"Escrito por\" \/>\n\t<meta name=\"twitter:data1\" content=\"Comunica\u00e7\u00e3o PSOL\" \/>\n\t<meta name=\"twitter:label2\" content=\"Est. tempo de leitura\" \/>\n\t<meta name=\"twitter:data2\" content=\"1 minuto\" \/>\n<script type=\"application\/ld+json\" class=\"yoast-schema-graph\">{\"@context\":\"https:\/\/schema.org\",\"@graph\":[{\"@type\":\"Article\",\"@id\":\"https:\/\/psol50.org.br\/psol-vai-ao-stf-contra-ajuste-previdenciario-de-temer\/#article\",\"isPartOf\":{\"@id\":\"https:\/\/psol50.org.br\/psol-vai-ao-stf-contra-ajuste-previdenciario-de-temer\/\"},\"author\":{\"name\":\"Comunica\u00e7\u00e3o PSOL\",\"@id\":\"https:\/\/psol50.org.br\/#\/schema\/person\/475dfa57d0b815993c714c2e96491fcd\"},\"headline\":\"PSOL vai ao STF contra ajuste previdenci\u00e1rio de Temer\",\"datePublished\":\"2017-11-07T18:20:30+00:00\",\"mainEntityOfPage\":{\"@id\":\"https:\/\/psol50.org.br\/psol-vai-ao-stf-contra-ajuste-previdenciario-de-temer\/\"},\"wordCount\":252,\"commentCount\":0,\"publisher\":{\"@id\":\"https:\/\/psol50.org.br\/#organization\"},\"image\":{\"@id\":\"https:\/\/psol50.org.br\/psol-vai-ao-stf-contra-ajuste-previdenciario-de-temer\/#primaryimage\"},\"thumbnailUrl\":\"\",\"keywords\":[\"a\u00e7\u00e3o\",\"ADI\",\"Ajuste Fiscal\",\"Fora Temer\",\"Glauber Braga\",\"medida provis\u00f3ria\",\"Michel Temer\",\"MP\",\"PSOL na C\u00e2mara\",\"STF\"],\"articleSection\":[\"A\u00e7\u00e3o Parlamentar\",\"Brasil\",\"Not\u00edcias\"],\"inLanguage\":\"pt-BR\",\"potentialAction\":[{\"@type\":\"CommentAction\",\"name\":\"Comment\",\"target\":[\"https:\/\/psol50.org.br\/psol-vai-ao-stf-contra-ajuste-previdenciario-de-temer\/#respond\"]}]},{\"@type\":\"WebPage\",\"@id\":\"https:\/\/psol50.org.br\/psol-vai-ao-stf-contra-ajuste-previdenciario-de-temer\/\",\"url\":\"https:\/\/psol50.org.br\/psol-vai-ao-stf-contra-ajuste-previdenciario-de-temer\/\",\"name\":\"PSOL vai ao STF contra ajuste previdenci\u00e1rio de Temer - PSOL 50\",\"isPartOf\":{\"@id\":\"https:\/\/psol50.org.br\/#website\"},\"primaryImageOfPage\":{\"@id\":\"https:\/\/psol50.org.br\/psol-vai-ao-stf-contra-ajuste-previdenciario-de-temer\/#primaryimage\"},\"image\":{\"@id\":\"https:\/\/psol50.org.br\/psol-vai-ao-stf-contra-ajuste-previdenciario-de-temer\/#primaryimage\"},\"thumbnailUrl\":\"\",\"datePublished\":\"2017-11-07T18:20:30+00:00\",\"breadcrumb\":{\"@id\":\"https:\/\/psol50.org.br\/psol-vai-ao-stf-contra-ajuste-previdenciario-de-temer\/#breadcrumb\"},\"inLanguage\":\"pt-BR\",\"potentialAction\":[{\"@type\":\"ReadAction\",\"target\":[\"https:\/\/psol50.org.br\/psol-vai-ao-stf-contra-ajuste-previdenciario-de-temer\/\"]}]},{\"@type\":\"ImageObject\",\"inLanguage\":\"pt-BR\",\"@id\":\"https:\/\/psol50.org.br\/psol-vai-ao-stf-contra-ajuste-previdenciario-de-temer\/#primaryimage\",\"url\":\"\",\"contentUrl\":\"\"},{\"@type\":\"BreadcrumbList\",\"@id\":\"https:\/\/psol50.org.br\/psol-vai-ao-stf-contra-ajuste-previdenciario-de-temer\/#breadcrumb\",\"itemListElement\":[{\"@type\":\"ListItem\",\"position\":1,\"name\":\"In\u00edcio\",\"item\":\"https:\/\/psol50.org.br\/\"},{\"@type\":\"ListItem\",\"position\":2,\"name\":\"PSOL vai ao STF contra ajuste previdenci\u00e1rio de Temer\"}]},{\"@type\":\"WebSite\",\"@id\":\"https:\/\/psol50.org.br\/#website\",\"url\":\"https:\/\/psol50.org.br\/\",\"name\":\"PSOL 50\",\"description\":\"Site oficial do Partido Socialismo e Liberdade\",\"publisher\":{\"@id\":\"https:\/\/psol50.org.br\/#organization\"},\"alternateName\":\"PSOL50\",\"potentialAction\":[{\"@type\":\"SearchAction\",\"target\":{\"@type\":\"EntryPoint\",\"urlTemplate\":\"https:\/\/psol50.org.br\/?s={search_term_string}\"},\"query-input\":{\"@type\":\"PropertyValueSpecification\",\"valueRequired\":true,\"valueName\":\"search_term_string\"}}],\"inLanguage\":\"pt-BR\"},{\"@type\":\"Organization\",\"@id\":\"https:\/\/psol50.org.br\/#organization\",\"name\":\"PSOL 50\",\"alternateName\":\"PSOL 50\",\"url\":\"https:\/\/psol50.org.br\/\",\"logo\":{\"@type\":\"ImageObject\",\"inLanguage\":\"pt-BR\",\"@id\":\"https:\/\/psol50.org.br\/#\/schema\/logo\/image\/\",\"url\":\"https:\/\/psol50.org.br\/inc\/uploads\/2018\/07\/capa.png\",\"contentUrl\":\"https:\/\/psol50.org.br\/inc\/uploads\/2018\/07\/capa.png\",\"width\":1350,\"height\":900,\"caption\":\"PSOL 50\"},\"image\":{\"@id\":\"https:\/\/psol50.org.br\/#\/schema\/logo\/image\/\"},\"sameAs\":[\"https:\/\/www.facebook.com\/psol50\",\"https:\/\/x.com\/psol50\",\"https:\/\/www.instagram.com\/psol50\/\",\"https:\/\/www.youtube.com\/channel\/UC7SnJS5o1os7a6CaiNabzcg\"]},{\"@type\":\"Person\",\"@id\":\"https:\/\/psol50.org.br\/#\/schema\/person\/475dfa57d0b815993c714c2e96491fcd\",\"name\":\"Comunica\u00e7\u00e3o PSOL\",\"image\":{\"@type\":\"ImageObject\",\"inLanguage\":\"pt-BR\",\"@id\":\"https:\/\/psol50.org.br\/#\/schema\/person\/image\/\",\"url\":\"https:\/\/secure.gravatar.com\/avatar\/b34fc4f4e468a4e51785917065a3db57b841f5c95dba6ad8c73aaf8f66f8f9bf?s=96&d=mm&r=g\",\"contentUrl\":\"https:\/\/secure.gravatar.com\/avatar\/b34fc4f4e468a4e51785917065a3db57b841f5c95dba6ad8c73aaf8f66f8f9bf?s=96&d=mm&r=g\",\"caption\":\"Comunica\u00e7\u00e3o PSOL\"}}]}<\/script>\n<!-- \/ Yoast SEO plugin. -->","yoast_head_json":{"title":"PSOL vai ao STF contra ajuste previdenci\u00e1rio de Temer - PSOL 50","robots":{"index":"index","follow":"follow","max-snippet":"max-snippet:-1","max-image-preview":"max-image-preview:large","max-video-preview":"max-video-preview:-1"},"canonical":"https:\/\/psol50.org.br\/psol-vai-ao-stf-contra-ajuste-previdenciario-de-temer\/","og_locale":"pt_BR","og_type":"article","og_title":"PSOL vai ao STF contra ajuste previdenci\u00e1rio de Temer - PSOL 50","og_description":"O PSOL protocolou, nesta ter\u00e7a-feira (7), uma A\u00e7\u00e3o Direta de Inconstitucionalidade (ADI) contra o aumento da contribui\u00e7\u00e3o previdenci\u00e1ria de funcion\u00e1rios p\u00fablicos, proposta por Michel Temer na Medida Provis\u00f3ria 805. A proposta editada pelo presidente golpista quer que todos os funcion\u00e1rios p\u00fablicos que ganhem acima do teto do INSS, ou seja, R$5.531,31, paguem 14% de contribui\u00e7\u00e3o [&hellip;]","og_url":"https:\/\/psol50.org.br\/psol-vai-ao-stf-contra-ajuste-previdenciario-de-temer\/","og_site_name":"PSOL 50","article_publisher":"https:\/\/www.facebook.com\/psol50","article_published_time":"2017-11-07T18:20:30+00:00","og_image":[{"width":1350,"height":900,"url":"https:\/\/psol50.org.br\/inc\/uploads\/2018\/07\/capa.png","type":"image\/png"}],"author":"Comunica\u00e7\u00e3o PSOL","twitter_card":"summary_large_image","twitter_creator":"@psol50","twitter_site":"@psol50","twitter_misc":{"Escrito por":"Comunica\u00e7\u00e3o PSOL","Est. tempo de leitura":"1 minuto"},"schema":{"@context":"https:\/\/schema.org","@graph":[{"@type":"Article","@id":"https:\/\/psol50.org.br\/psol-vai-ao-stf-contra-ajuste-previdenciario-de-temer\/#article","isPartOf":{"@id":"https:\/\/psol50.org.br\/psol-vai-ao-stf-contra-ajuste-previdenciario-de-temer\/"},"author":{"name":"Comunica\u00e7\u00e3o PSOL","@id":"https:\/\/psol50.org.br\/#\/schema\/person\/475dfa57d0b815993c714c2e96491fcd"},"headline":"PSOL vai ao STF contra ajuste previdenci\u00e1rio de Temer","datePublished":"2017-11-07T18:20:30+00:00","mainEntityOfPage":{"@id":"https:\/\/psol50.org.br\/psol-vai-ao-stf-contra-ajuste-previdenciario-de-temer\/"},"wordCount":252,"commentCount":0,"publisher":{"@id":"https:\/\/psol50.org.br\/#organization"},"image":{"@id":"https:\/\/psol50.org.br\/psol-vai-ao-stf-contra-ajuste-previdenciario-de-temer\/#primaryimage"},"thumbnailUrl":"","keywords":["a\u00e7\u00e3o","ADI","Ajuste Fiscal","Fora Temer","Glauber Braga","medida provis\u00f3ria","Michel Temer","MP","PSOL na C\u00e2mara","STF"],"articleSection":["A\u00e7\u00e3o Parlamentar","Brasil","Not\u00edcias"],"inLanguage":"pt-BR","potentialAction":[{"@type":"CommentAction","name":"Comment","target":["https:\/\/psol50.org.br\/psol-vai-ao-stf-contra-ajuste-previdenciario-de-temer\/#respond"]}]},{"@type":"WebPage","@id":"https:\/\/psol50.org.br\/psol-vai-ao-stf-contra-ajuste-previdenciario-de-temer\/","url":"https:\/\/psol50.org.br\/psol-vai-ao-stf-contra-ajuste-previdenciario-de-temer\/","name":"PSOL vai ao STF contra ajuste previdenci\u00e1rio de Temer - PSOL 50","isPartOf":{"@id":"https:\/\/psol50.org.br\/#website"},"primaryImageOfPage":{"@id":"https:\/\/psol50.org.br\/psol-vai-ao-stf-contra-ajuste-previdenciario-de-temer\/#primaryimage"},"image":{"@id":"https:\/\/psol50.org.br\/psol-vai-ao-stf-contra-ajuste-previdenciario-de-temer\/#primaryimage"},"thumbnailUrl":"","datePublished":"2017-11-07T18:20:30+00:00","breadcrumb":{"@id":"https:\/\/psol50.org.br\/psol-vai-ao-stf-contra-ajuste-previdenciario-de-temer\/#breadcrumb"},"inLanguage":"pt-BR","potentialAction":[{"@type":"ReadAction","target":["https:\/\/psol50.org.br\/psol-vai-ao-stf-contra-ajuste-previdenciario-de-temer\/"]}]},{"@type":"ImageObject","inLanguage":"pt-BR","@id":"https:\/\/psol50.org.br\/psol-vai-ao-stf-contra-ajuste-previdenciario-de-temer\/#primaryimage","url":"","contentUrl":""},{"@type":"BreadcrumbList","@id":"https:\/\/psol50.org.br\/psol-vai-ao-stf-contra-ajuste-previdenciario-de-temer\/#breadcrumb","itemListElement":[{"@type":"ListItem","position":1,"name":"In\u00edcio","item":"https:\/\/psol50.org.br\/"},{"@type":"ListItem","position":2,"name":"PSOL vai ao STF contra ajuste previdenci\u00e1rio de Temer"}]},{"@type":"WebSite","@id":"https:\/\/psol50.org.br\/#website","url":"https:\/\/psol50.org.br\/","name":"PSOL 50","description":"Site oficial do Partido Socialismo e Liberdade","publisher":{"@id":"https:\/\/psol50.org.br\/#organization"},"alternateName":"PSOL50","potentialAction":[{"@type":"SearchAction","target":{"@type":"EntryPoint","urlTemplate":"https:\/\/psol50.org.br\/?s={search_term_string}"},"query-input":{"@type":"PropertyValueSpecification","valueRequired":true,"valueName":"search_term_string"}}],"inLanguage":"pt-BR"},{"@type":"Organization","@id":"https:\/\/psol50.org.br\/#organization","name":"PSOL 50","alternateName":"PSOL 50","url":"https:\/\/psol50.org.br\/","logo":{"@type":"ImageObject","inLanguage":"pt-BR","@id":"https:\/\/psol50.org.br\/#\/schema\/logo\/image\/","url":"https:\/\/psol50.org.br\/inc\/uploads\/2018\/07\/capa.png","contentUrl":"https:\/\/psol50.org.br\/inc\/uploads\/2018\/07\/capa.png","width":1350,"height":900,"caption":"PSOL 50"},"image":{"@id":"https:\/\/psol50.org.br\/#\/schema\/logo\/image\/"},"sameAs":["https:\/\/www.facebook.com\/psol50","https:\/\/x.com\/psol50","https:\/\/www.instagram.com\/psol50\/","https:\/\/www.youtube.com\/channel\/UC7SnJS5o1os7a6CaiNabzcg"]},{"@type":"Person","@id":"https:\/\/psol50.org.br\/#\/schema\/person\/475dfa57d0b815993c714c2e96491fcd","name":"Comunica\u00e7\u00e3o PSOL","image":{"@type":"ImageObject","inLanguage":"pt-BR","@id":"https:\/\/psol50.org.br\/#\/schema\/person\/image\/","url":"https:\/\/secure.gravatar.com\/avatar\/b34fc4f4e468a4e51785917065a3db57b841f5c95dba6ad8c73aaf8f66f8f9bf?s=96&d=mm&r=g","contentUrl":"https:\/\/secure.gravatar.com\/avatar\/b34fc4f4e468a4e51785917065a3db57b841f5c95dba6ad8c73aaf8f66f8f9bf?s=96&d=mm&r=g","caption":"Comunica\u00e7\u00e3o PSOL"}}]}},"_links":{"self":[{"href":"https:\/\/psol50.org.br\/rest\/wp\/v2\/posts\/18795","targetHints":{"allow":["GET"]}}],"collection":[{"href":"https:\/\/psol50.org.br\/rest\/wp\/v2\/posts"}],"about":[{"href":"https:\/\/psol50.org.br\/rest\/wp\/v2\/types\/post"}],"author":[{"embeddable":true,"href":"https:\/\/psol50.org.br\/rest\/wp\/v2\/users\/2"}],"replies":[{"embeddable":true,"href":"https:\/\/psol50.org.br\/rest\/wp\/v2\/comments?post=18795"}],"version-history":[{"count":0,"href":"https:\/\/psol50.org.br\/rest\/wp\/v2\/posts\/18795\/revisions"}],"wp:featuredmedia":[{"embeddable":true,"href":"https:\/\/psol50.org.br\/rest\/"}],"wp:attachment":[{"href":"https:\/\/psol50.org.br\/rest\/wp\/v2\/media?parent=18795"}],"wp:term":[{"taxonomy":"category","embeddable":true,"href":"https:\/\/psol50.org.br\/rest\/wp\/v2\/categories?post=18795"},{"taxonomy":"post_tag","embeddable":true,"href":"https:\/\/psol50.org.br\/rest\/wp\/v2\/tags?post=18795"}],"curies":[{"name":"wp","href":"https:\/\/api.w.org\/{rel}","templated":true}]}}