{"id":18808,"date":"2017-11-07T10:27:47","date_gmt":"2017-11-07T12:27:47","guid":{"rendered":"http:\/\/www.psol50.org.br\/?p=18808"},"modified":"2017-11-07T10:27:47","modified_gmt":"2017-11-07T12:27:47","slug":"temer-quer-vender-a-eletrobras-em-45-dias","status":"publish","type":"post","link":"https:\/\/psol50.org.br\/temer-quer-vender-a-eletrobras-em-45-dias\/","title":{"rendered":"Temer quer vender a Eletrobras em 45 dias"},"content":{"rendered":"<p>O governo federal anunciou nesta segunda-feira (06\/11), ap\u00f3s reuni\u00e3o de Michel Temer com o ministro de Minas e Energia, Fernando Coelho, que enviar\u00e1, ainda esta semana, dois projetos de lei com as regras da venda da Eletrobras, a principal estatal do setor el\u00e9trico. Com essa medida, o governo ileg\u00edtimo acelera o seu intento de seguir vendendo as principais riquezas do pa\u00eds.<\/p>\n<p>Elaborados pela equipe econ\u00f4mica do Pal\u00e1cio do Planalto e pelo Minist\u00e9rio de Minas e Energias, os dois projetos contam tamb\u00e9m com o apoio do presidente da C\u00e2mara, Rodrigo Maia (DEM-RJ).\u00a0Um, se refere \u00e0 privatiza\u00e7\u00e3o das distribuidoras, e outro trata do modelo de venda das a\u00e7\u00f5es da estatal.<\/p>\n<p>A inten\u00e7\u00e3o do governo \u00e9 enviar as duas propostas em regime de urg\u00eancia urgent\u00edssima. Isso quer dizer que eles tramitariam em 45 dias e, ap\u00f3s votados e no caso de serem aprovados, teriam 15 dias pra serem serem sancionados pela Presid\u00eancia da Rep\u00fablica. Nesse caso, a tramita\u00e7\u00e3o tamb\u00e9m exige o apoio de l\u00edderes que representem, pelo menos, 257 parlamentares.<\/p>\n<figure id=\"attachment_18810\" aria-describedby=\"caption-attachment-18810\" style=\"width: 600px\" class=\"wp-caption aligncenter\"><img loading=\"lazy\" decoding=\"async\" class=\"wp-image-18810 size-medium\" src=\"http:\/\/www.psol50.org.br\/inc\/uploads\/2017\/11\/Temer_Ministros_AlanSantos_ABr-600x400.jpg\" alt=\"\" width=\"600\" height=\"400\" \/><figcaption id=\"caption-attachment-18810\" class=\"wp-caption-text\">Foto: <em>Alan Santos\/Ag\u00eancia Brasil<\/em><\/figcaption><\/figure>\n<p>A inten\u00e7\u00e3o de vender a estatal <a href=\"http:\/\/www.psol50.org.br\/proximo-passo-de-temer-e-privatizar-a-eletrobras\/\" target=\"_blank\" rel=\"noopener\"><strong><span style=\"color: #0000ff;\">j\u00e1 havia sido anunciado pelo governo em agosto deste an<\/span><\/strong><\/a>o. Com esses projetos, a expectativa de Temer e sua equipe econ\u00f4mica \u00e9\u00a0reduzir a participa\u00e7\u00e3o da Uni\u00e3o no capital da Eletrobras, que hoje controla 63% das a\u00e7\u00f5es. O valor de mercado da Eletrobras \u00e9 19,5 bilh\u00f5es, mas a governo espera arrecadar, com a venda,\u00a0R$ 12 bilh\u00f5es.<\/p>\n<p>A estatal tem mais de 40 hidrel\u00e9tricas,\u00a0114 termel\u00e9tricas a g\u00e1s natural, \u00f3leo e carv\u00e3o, 69 usinas e\u00f3licas e uma solar, pr\u00f3prias ou em parceria e responde por 31% da gera\u00e7\u00e3o de energia no pa\u00eds. Ela est\u00e1 localizada em seis estados das regi\u00f5es Norte e Nordeste\u00a0e respons\u00e1vel por quase metade das linhas de transmiss\u00e3o do pa\u00eds. Tamb\u00e9m tem participa\u00e7\u00e3o na Usina de Itaipu.<\/p>\n<p>O PSOL denuncia mais essa absurda iniciativa do governo para desmontar o setor p\u00fablico, em favor das grandes empresas. Faz parte do projeto de Michel Temer acabar, a curto prazo, com o patrim\u00f4nio brasileiro, atingindo, como consequ\u00eancia, os trabalhadores do setor e a popula\u00e7\u00e3o, que pagar\u00e1, cada vez mais, por servi\u00e7os sem qualidade, controlados pelo mercado.<\/p>\n","protected":false},"excerpt":{"rendered":"<p>O governo federal anunciou nesta segunda-feira (06\/11), ap\u00f3s reuni\u00e3o de Michel Temer com o ministro de Minas e Energia, Fernando Coelho, que enviar\u00e1, ainda esta semana, dois projetos de lei com as regras da venda da Eletrobras, a principal estatal do setor el\u00e9trico. Com essa medida, o governo ileg\u00edtimo acelera o seu intento de seguir [&hellip;]<\/p>\n","protected":false},"author":2,"featured_media":18809,"comment_status":"open","ping_status":"open","sticky":false,"template":"","format":"standard","meta":{"_acf_changed":false,"footnotes":""},"categories":[1882,6],"tags":[496,1417,2185,3748,1748,3749,157,2289,2187,3750,2047],"class_list":{"0":"post-18808","1":"post","2":"type-post","3":"status-publish","4":"format-standard","5":"has-post-thumbnail","7":"category-brasil","8":"category-noticias","9":"tag-congresso-nacional","10":"tag-eletrobras","11":"tag-estatal","12":"tag-fernando-coelho","13":"tag-michel-temer","14":"tag-ministerio-de-minas-e-energias","15":"tag-privatizacao","16":"tag-projetos-de-lei","17":"tag-setor-eletrico","18":"tag-urgencia-urgentissima","19":"tag-venda"},"acf":[],"yoast_head":"<!-- This site is optimized with the Yoast SEO plugin v26.5 - https:\/\/yoast.com\/wordpress\/plugins\/seo\/ -->\n<title>Temer quer vender a Eletrobras em 45 dias - PSOL 50<\/title>\n<meta name=\"robots\" content=\"index, follow, max-snippet:-1, max-image-preview:large, max-video-preview:-1\" \/>\n<link rel=\"canonical\" href=\"https:\/\/psol50.org.br\/temer-quer-vender-a-eletrobras-em-45-dias\/\" \/>\n<meta property=\"og:locale\" content=\"pt_BR\" \/>\n<meta property=\"og:type\" content=\"article\" \/>\n<meta property=\"og:title\" content=\"Temer quer vender a Eletrobras em 45 dias - PSOL 50\" \/>\n<meta property=\"og:description\" content=\"O governo federal anunciou nesta segunda-feira (06\/11), ap\u00f3s reuni\u00e3o de Michel Temer com o ministro de Minas e Energia, Fernando Coelho, que enviar\u00e1, ainda esta semana, dois projetos de lei com as regras da venda da Eletrobras, a principal estatal do setor el\u00e9trico. Com essa medida, o governo ileg\u00edtimo acelera o seu intento de seguir [&hellip;]\" \/>\n<meta property=\"og:url\" content=\"https:\/\/psol50.org.br\/temer-quer-vender-a-eletrobras-em-45-dias\/\" \/>\n<meta property=\"og:site_name\" content=\"PSOL 50\" \/>\n<meta property=\"article:publisher\" content=\"https:\/\/www.facebook.com\/psol50\" \/>\n<meta property=\"article:published_time\" content=\"2017-11-07T12:27:47+00:00\" \/>\n<meta property=\"og:image\" content=\"https:\/\/psol50.org.br\/inc\/uploads\/2018\/07\/capa.png\" \/>\n\t<meta property=\"og:image:width\" content=\"1350\" \/>\n\t<meta property=\"og:image:height\" content=\"900\" \/>\n\t<meta property=\"og:image:type\" content=\"image\/png\" \/>\n<meta name=\"author\" content=\"Comunica\u00e7\u00e3o PSOL\" \/>\n<meta name=\"twitter:card\" content=\"summary_large_image\" \/>\n<meta name=\"twitter:creator\" content=\"@psol50\" \/>\n<meta name=\"twitter:site\" content=\"@psol50\" \/>\n<meta name=\"twitter:label1\" content=\"Escrito por\" \/>\n\t<meta name=\"twitter:data1\" content=\"Comunica\u00e7\u00e3o PSOL\" \/>\n\t<meta name=\"twitter:label2\" content=\"Est. tempo de leitura\" \/>\n\t<meta name=\"twitter:data2\" content=\"2 minutos\" \/>\n<script type=\"application\/ld+json\" class=\"yoast-schema-graph\">{\"@context\":\"https:\/\/schema.org\",\"@graph\":[{\"@type\":\"Article\",\"@id\":\"https:\/\/psol50.org.br\/temer-quer-vender-a-eletrobras-em-45-dias\/#article\",\"isPartOf\":{\"@id\":\"https:\/\/psol50.org.br\/temer-quer-vender-a-eletrobras-em-45-dias\/\"},\"author\":{\"name\":\"Comunica\u00e7\u00e3o PSOL\",\"@id\":\"https:\/\/psol50.org.br\/#\/schema\/person\/475dfa57d0b815993c714c2e96491fcd\"},\"headline\":\"Temer quer vender a Eletrobras em 45 dias\",\"datePublished\":\"2017-11-07T12:27:47+00:00\",\"mainEntityOfPage\":{\"@id\":\"https:\/\/psol50.org.br\/temer-quer-vender-a-eletrobras-em-45-dias\/\"},\"wordCount\":404,\"commentCount\":0,\"publisher\":{\"@id\":\"https:\/\/psol50.org.br\/#organization\"},\"image\":{\"@id\":\"https:\/\/psol50.org.br\/temer-quer-vender-a-eletrobras-em-45-dias\/#primaryimage\"},\"thumbnailUrl\":\"\",\"keywords\":[\"Congresso Nacional\",\"Eletrobras\",\"estatal\",\"Fernando Coelho\",\"Michel Temer\",\"Minist\u00e9rio de Minas e Energias\",\"privatiza\u00e7\u00e3o\",\"projetos de lei\",\"setor el\u00e9trico\",\"urg\u00eancia urgent\u00edssima\",\"venda\"],\"articleSection\":[\"Brasil\",\"Not\u00edcias\"],\"inLanguage\":\"pt-BR\",\"potentialAction\":[{\"@type\":\"CommentAction\",\"name\":\"Comment\",\"target\":[\"https:\/\/psol50.org.br\/temer-quer-vender-a-eletrobras-em-45-dias\/#respond\"]}]},{\"@type\":\"WebPage\",\"@id\":\"https:\/\/psol50.org.br\/temer-quer-vender-a-eletrobras-em-45-dias\/\",\"url\":\"https:\/\/psol50.org.br\/temer-quer-vender-a-eletrobras-em-45-dias\/\",\"name\":\"Temer quer vender a Eletrobras em 45 dias - PSOL 50\",\"isPartOf\":{\"@id\":\"https:\/\/psol50.org.br\/#website\"},\"primaryImageOfPage\":{\"@id\":\"https:\/\/psol50.org.br\/temer-quer-vender-a-eletrobras-em-45-dias\/#primaryimage\"},\"image\":{\"@id\":\"https:\/\/psol50.org.br\/temer-quer-vender-a-eletrobras-em-45-dias\/#primaryimage\"},\"thumbnailUrl\":\"\",\"datePublished\":\"2017-11-07T12:27:47+00:00\",\"breadcrumb\":{\"@id\":\"https:\/\/psol50.org.br\/temer-quer-vender-a-eletrobras-em-45-dias\/#breadcrumb\"},\"inLanguage\":\"pt-BR\",\"potentialAction\":[{\"@type\":\"ReadAction\",\"target\":[\"https:\/\/psol50.org.br\/temer-quer-vender-a-eletrobras-em-45-dias\/\"]}]},{\"@type\":\"ImageObject\",\"inLanguage\":\"pt-BR\",\"@id\":\"https:\/\/psol50.org.br\/temer-quer-vender-a-eletrobras-em-45-dias\/#primaryimage\",\"url\":\"\",\"contentUrl\":\"\"},{\"@type\":\"BreadcrumbList\",\"@id\":\"https:\/\/psol50.org.br\/temer-quer-vender-a-eletrobras-em-45-dias\/#breadcrumb\",\"itemListElement\":[{\"@type\":\"ListItem\",\"position\":1,\"name\":\"In\u00edcio\",\"item\":\"https:\/\/psol50.org.br\/\"},{\"@type\":\"ListItem\",\"position\":2,\"name\":\"Temer quer vender a Eletrobras em 45 dias\"}]},{\"@type\":\"WebSite\",\"@id\":\"https:\/\/psol50.org.br\/#website\",\"url\":\"https:\/\/psol50.org.br\/\",\"name\":\"PSOL 50\",\"description\":\"Site oficial do Partido Socialismo e Liberdade\",\"publisher\":{\"@id\":\"https:\/\/psol50.org.br\/#organization\"},\"alternateName\":\"PSOL50\",\"potentialAction\":[{\"@type\":\"SearchAction\",\"target\":{\"@type\":\"EntryPoint\",\"urlTemplate\":\"https:\/\/psol50.org.br\/?s={search_term_string}\"},\"query-input\":{\"@type\":\"PropertyValueSpecification\",\"valueRequired\":true,\"valueName\":\"search_term_string\"}}],\"inLanguage\":\"pt-BR\"},{\"@type\":\"Organization\",\"@id\":\"https:\/\/psol50.org.br\/#organization\",\"name\":\"PSOL 50\",\"alternateName\":\"PSOL 50\",\"url\":\"https:\/\/psol50.org.br\/\",\"logo\":{\"@type\":\"ImageObject\",\"inLanguage\":\"pt-BR\",\"@id\":\"https:\/\/psol50.org.br\/#\/schema\/logo\/image\/\",\"url\":\"https:\/\/psol50.org.br\/inc\/uploads\/2018\/07\/capa.png\",\"contentUrl\":\"https:\/\/psol50.org.br\/inc\/uploads\/2018\/07\/capa.png\",\"width\":1350,\"height\":900,\"caption\":\"PSOL 50\"},\"image\":{\"@id\":\"https:\/\/psol50.org.br\/#\/schema\/logo\/image\/\"},\"sameAs\":[\"https:\/\/www.facebook.com\/psol50\",\"https:\/\/x.com\/psol50\",\"https:\/\/www.instagram.com\/psol50\/\",\"https:\/\/www.youtube.com\/channel\/UC7SnJS5o1os7a6CaiNabzcg\"]},{\"@type\":\"Person\",\"@id\":\"https:\/\/psol50.org.br\/#\/schema\/person\/475dfa57d0b815993c714c2e96491fcd\",\"name\":\"Comunica\u00e7\u00e3o PSOL\",\"image\":{\"@type\":\"ImageObject\",\"inLanguage\":\"pt-BR\",\"@id\":\"https:\/\/psol50.org.br\/#\/schema\/person\/image\/\",\"url\":\"https:\/\/secure.gravatar.com\/avatar\/b34fc4f4e468a4e51785917065a3db57b841f5c95dba6ad8c73aaf8f66f8f9bf?s=96&d=mm&r=g\",\"contentUrl\":\"https:\/\/secure.gravatar.com\/avatar\/b34fc4f4e468a4e51785917065a3db57b841f5c95dba6ad8c73aaf8f66f8f9bf?s=96&d=mm&r=g\",\"caption\":\"Comunica\u00e7\u00e3o PSOL\"}}]}<\/script>\n<!-- \/ Yoast SEO plugin. -->","yoast_head_json":{"title":"Temer quer vender a Eletrobras em 45 dias - PSOL 50","robots":{"index":"index","follow":"follow","max-snippet":"max-snippet:-1","max-image-preview":"max-image-preview:large","max-video-preview":"max-video-preview:-1"},"canonical":"https:\/\/psol50.org.br\/temer-quer-vender-a-eletrobras-em-45-dias\/","og_locale":"pt_BR","og_type":"article","og_title":"Temer quer vender a Eletrobras em 45 dias - PSOL 50","og_description":"O governo federal anunciou nesta segunda-feira (06\/11), ap\u00f3s reuni\u00e3o de Michel Temer com o ministro de Minas e Energia, Fernando Coelho, que enviar\u00e1, ainda esta semana, dois projetos de lei com as regras da venda da Eletrobras, a principal estatal do setor el\u00e9trico. Com essa medida, o governo ileg\u00edtimo acelera o seu intento de seguir [&hellip;]","og_url":"https:\/\/psol50.org.br\/temer-quer-vender-a-eletrobras-em-45-dias\/","og_site_name":"PSOL 50","article_publisher":"https:\/\/www.facebook.com\/psol50","article_published_time":"2017-11-07T12:27:47+00:00","og_image":[{"width":1350,"height":900,"url":"https:\/\/psol50.org.br\/inc\/uploads\/2018\/07\/capa.png","type":"image\/png"}],"author":"Comunica\u00e7\u00e3o PSOL","twitter_card":"summary_large_image","twitter_creator":"@psol50","twitter_site":"@psol50","twitter_misc":{"Escrito por":"Comunica\u00e7\u00e3o PSOL","Est. tempo de leitura":"2 minutos"},"schema":{"@context":"https:\/\/schema.org","@graph":[{"@type":"Article","@id":"https:\/\/psol50.org.br\/temer-quer-vender-a-eletrobras-em-45-dias\/#article","isPartOf":{"@id":"https:\/\/psol50.org.br\/temer-quer-vender-a-eletrobras-em-45-dias\/"},"author":{"name":"Comunica\u00e7\u00e3o PSOL","@id":"https:\/\/psol50.org.br\/#\/schema\/person\/475dfa57d0b815993c714c2e96491fcd"},"headline":"Temer quer vender a Eletrobras em 45 dias","datePublished":"2017-11-07T12:27:47+00:00","mainEntityOfPage":{"@id":"https:\/\/psol50.org.br\/temer-quer-vender-a-eletrobras-em-45-dias\/"},"wordCount":404,"commentCount":0,"publisher":{"@id":"https:\/\/psol50.org.br\/#organization"},"image":{"@id":"https:\/\/psol50.org.br\/temer-quer-vender-a-eletrobras-em-45-dias\/#primaryimage"},"thumbnailUrl":"","keywords":["Congresso Nacional","Eletrobras","estatal","Fernando Coelho","Michel Temer","Minist\u00e9rio de Minas e Energias","privatiza\u00e7\u00e3o","projetos de lei","setor el\u00e9trico","urg\u00eancia urgent\u00edssima","venda"],"articleSection":["Brasil","Not\u00edcias"],"inLanguage":"pt-BR","potentialAction":[{"@type":"CommentAction","name":"Comment","target":["https:\/\/psol50.org.br\/temer-quer-vender-a-eletrobras-em-45-dias\/#respond"]}]},{"@type":"WebPage","@id":"https:\/\/psol50.org.br\/temer-quer-vender-a-eletrobras-em-45-dias\/","url":"https:\/\/psol50.org.br\/temer-quer-vender-a-eletrobras-em-45-dias\/","name":"Temer quer vender a Eletrobras em 45 dias - PSOL 50","isPartOf":{"@id":"https:\/\/psol50.org.br\/#website"},"primaryImageOfPage":{"@id":"https:\/\/psol50.org.br\/temer-quer-vender-a-eletrobras-em-45-dias\/#primaryimage"},"image":{"@id":"https:\/\/psol50.org.br\/temer-quer-vender-a-eletrobras-em-45-dias\/#primaryimage"},"thumbnailUrl":"","datePublished":"2017-11-07T12:27:47+00:00","breadcrumb":{"@id":"https:\/\/psol50.org.br\/temer-quer-vender-a-eletrobras-em-45-dias\/#breadcrumb"},"inLanguage":"pt-BR","potentialAction":[{"@type":"ReadAction","target":["https:\/\/psol50.org.br\/temer-quer-vender-a-eletrobras-em-45-dias\/"]}]},{"@type":"ImageObject","inLanguage":"pt-BR","@id":"https:\/\/psol50.org.br\/temer-quer-vender-a-eletrobras-em-45-dias\/#primaryimage","url":"","contentUrl":""},{"@type":"BreadcrumbList","@id":"https:\/\/psol50.org.br\/temer-quer-vender-a-eletrobras-em-45-dias\/#breadcrumb","itemListElement":[{"@type":"ListItem","position":1,"name":"In\u00edcio","item":"https:\/\/psol50.org.br\/"},{"@type":"ListItem","position":2,"name":"Temer quer vender a Eletrobras em 45 dias"}]},{"@type":"WebSite","@id":"https:\/\/psol50.org.br\/#website","url":"https:\/\/psol50.org.br\/","name":"PSOL 50","description":"Site oficial do Partido Socialismo e Liberdade","publisher":{"@id":"https:\/\/psol50.org.br\/#organization"},"alternateName":"PSOL50","potentialAction":[{"@type":"SearchAction","target":{"@type":"EntryPoint","urlTemplate":"https:\/\/psol50.org.br\/?s={search_term_string}"},"query-input":{"@type":"PropertyValueSpecification","valueRequired":true,"valueName":"search_term_string"}}],"inLanguage":"pt-BR"},{"@type":"Organization","@id":"https:\/\/psol50.org.br\/#organization","name":"PSOL 50","alternateName":"PSOL 50","url":"https:\/\/psol50.org.br\/","logo":{"@type":"ImageObject","inLanguage":"pt-BR","@id":"https:\/\/psol50.org.br\/#\/schema\/logo\/image\/","url":"https:\/\/psol50.org.br\/inc\/uploads\/2018\/07\/capa.png","contentUrl":"https:\/\/psol50.org.br\/inc\/uploads\/2018\/07\/capa.png","width":1350,"height":900,"caption":"PSOL 50"},"image":{"@id":"https:\/\/psol50.org.br\/#\/schema\/logo\/image\/"},"sameAs":["https:\/\/www.facebook.com\/psol50","https:\/\/x.com\/psol50","https:\/\/www.instagram.com\/psol50\/","https:\/\/www.youtube.com\/channel\/UC7SnJS5o1os7a6CaiNabzcg"]},{"@type":"Person","@id":"https:\/\/psol50.org.br\/#\/schema\/person\/475dfa57d0b815993c714c2e96491fcd","name":"Comunica\u00e7\u00e3o PSOL","image":{"@type":"ImageObject","inLanguage":"pt-BR","@id":"https:\/\/psol50.org.br\/#\/schema\/person\/image\/","url":"https:\/\/secure.gravatar.com\/avatar\/b34fc4f4e468a4e51785917065a3db57b841f5c95dba6ad8c73aaf8f66f8f9bf?s=96&d=mm&r=g","contentUrl":"https:\/\/secure.gravatar.com\/avatar\/b34fc4f4e468a4e51785917065a3db57b841f5c95dba6ad8c73aaf8f66f8f9bf?s=96&d=mm&r=g","caption":"Comunica\u00e7\u00e3o PSOL"}}]}},"_links":{"self":[{"href":"https:\/\/psol50.org.br\/rest\/wp\/v2\/posts\/18808","targetHints":{"allow":["GET"]}}],"collection":[{"href":"https:\/\/psol50.org.br\/rest\/wp\/v2\/posts"}],"about":[{"href":"https:\/\/psol50.org.br\/rest\/wp\/v2\/types\/post"}],"author":[{"embeddable":true,"href":"https:\/\/psol50.org.br\/rest\/wp\/v2\/users\/2"}],"replies":[{"embeddable":true,"href":"https:\/\/psol50.org.br\/rest\/wp\/v2\/comments?post=18808"}],"version-history":[{"count":0,"href":"https:\/\/psol50.org.br\/rest\/wp\/v2\/posts\/18808\/revisions"}],"wp:featuredmedia":[{"embeddable":true,"href":"https:\/\/psol50.org.br\/rest\/"}],"wp:attachment":[{"href":"https:\/\/psol50.org.br\/rest\/wp\/v2\/media?parent=18808"}],"wp:term":[{"taxonomy":"category","embeddable":true,"href":"https:\/\/psol50.org.br\/rest\/wp\/v2\/categories?post=18808"},{"taxonomy":"post_tag","embeddable":true,"href":"https:\/\/psol50.org.br\/rest\/wp\/v2\/tags?post=18808"}],"curies":[{"name":"wp","href":"https:\/\/api.w.org\/{rel}","templated":true}]}}