{"id":18832,"date":"2017-11-08T12:31:31","date_gmt":"2017-11-08T14:31:31","guid":{"rendered":"http:\/\/www.psol50.org.br\/?p=18832"},"modified":"2017-11-08T12:31:31","modified_gmt":"2017-11-08T14:31:31","slug":"roberto-robaina-e-escolhido-pre-candidato-ao-governo-do-rio-grande-do-sul","status":"publish","type":"post","link":"https:\/\/psol50.org.br\/roberto-robaina-e-escolhido-pre-candidato-ao-governo-do-rio-grande-do-sul\/","title":{"rendered":"Roberto Robaina \u00e9 escolhido pr\u00e9-candidato ao governo do Rio Grande do Sul"},"content":{"rendered":"<p>O Congresso estadual do PSOL do Rio Grande do Sul escolheu, por unanimidade, o nome do atual vereador de Porto Alegre Roberto Robaina como pr\u00e9-candidato \u00e0 disputa do governo do estado em 2018. O Congresso aconteceu no dia 29 de outubro e, segundo o presidente do PSOL-RS, Israel Dutra, caminhou &#8220;amistoso e plural&#8221;, em clima de unidade em apoio \u00e0s greves que est\u00e3o acontecendo no estado. &#8220;\u00c9 uma importante alternativa \u00e0 esquerda do atual governo ga\u00facho&#8221;, afirma Dutra.<\/p>\n<p>Robaina \u00e9 formado em Hist\u00f3ria com mestrado em Filosofia e tem sua trajet\u00f3ria pol\u00edtica atrelada a movimentos sociais, como estudantil e sindical. Ele participou da funda\u00e7\u00e3o do partido, em 2003, junto \u00e0 ex-presidenci\u00e1vel Luciana Genro, e atualmente \u00e9 vereador de Porto Alegre, tendo sido eleito com\u00a08.354 votos &#8211; um dos 10 parlamentares mais votados do Legislativo ga\u00facho.<\/p>\n<p>O Congresso elegeu, ainda, os delegados que ir\u00e3o representar o Rio Grande do Sul no 6\u00ba Congresso Nacional do PSOL, a ser realizado em Luzi\u00e2nia-GO (entorno do Distrito Federal) nos dias 2 e 3 de dezembro.<\/p>\n<p><strong>Israel Dutra reeleito no PSOL-RS<\/strong><\/p>\n<p>Al\u00e9m de indicar o nome do pr\u00e9-candidato ao governo, a etapa estadual tamb\u00e9m elegeu a nova dire\u00e7\u00e3o partid\u00e1ria, que renovou Israel Dutra na presid\u00eancia, com 115 votos a favor de sua chapa. Dutra \u00e9 da Executiva Nacional do PSOL e est\u00e1 \u00e0 frente do diret\u00f3rio regional desde 2015, quando substituiu o deputado estadual Pedro Ruas no cargo.<\/p>\n","protected":false},"excerpt":{"rendered":"<p>O Congresso estadual do PSOL do Rio Grande do Sul escolheu, por unanimidade, o nome do atual vereador de Porto Alegre Roberto Robaina como pr\u00e9-candidato \u00e0 disputa do governo do estado em 2018. O Congresso aconteceu no dia 29 de outubro e, segundo o presidente do PSOL-RS, Israel Dutra, caminhou &#8220;amistoso e plural&#8221;, em clima [&hellip;]<\/p>\n","protected":false},"author":2,"featured_media":18834,"comment_status":"open","ping_status":"open","sticky":false,"template":"","format":"standard","meta":{"_acf_changed":false,"footnotes":""},"categories":[654,6,14],"tags":[2156,496,3758,1454,748,2202,2451],"class_list":{"0":"post-18832","1":"post","2":"type-post","3":"status-publish","4":"format-standard","5":"has-post-thumbnail","7":"category-estados","8":"category-noticias","9":"category-partido","10":"tag-6o-congresso-nacional-do-psol","11":"tag-congresso-nacional","12":"tag-etapa-estadual","13":"tag-israel-dutra","14":"tag-porto-alegre","15":"tag-psol-rs","16":"tag-roberto-robaina"},"acf":[],"yoast_head":"<!-- This site is optimized with the Yoast SEO plugin v26.5 - https:\/\/yoast.com\/wordpress\/plugins\/seo\/ -->\n<title>Roberto Robaina \u00e9 escolhido pr\u00e9-candidato ao governo do Rio Grande do Sul - PSOL 50<\/title>\n<meta name=\"robots\" content=\"index, follow, max-snippet:-1, max-image-preview:large, max-video-preview:-1\" \/>\n<link rel=\"canonical\" href=\"https:\/\/psol50.org.br\/roberto-robaina-e-escolhido-pre-candidato-ao-governo-do-rio-grande-do-sul\/\" \/>\n<meta property=\"og:locale\" content=\"pt_BR\" \/>\n<meta property=\"og:type\" content=\"article\" \/>\n<meta property=\"og:title\" content=\"Roberto Robaina \u00e9 escolhido pr\u00e9-candidato ao governo do Rio Grande do Sul - PSOL 50\" \/>\n<meta property=\"og:description\" content=\"O Congresso estadual do PSOL do Rio Grande do Sul escolheu, por unanimidade, o nome do atual vereador de Porto Alegre Roberto Robaina como pr\u00e9-candidato \u00e0 disputa do governo do estado em 2018. O Congresso aconteceu no dia 29 de outubro e, segundo o presidente do PSOL-RS, Israel Dutra, caminhou &#8220;amistoso e plural&#8221;, em clima [&hellip;]\" \/>\n<meta property=\"og:url\" content=\"https:\/\/psol50.org.br\/roberto-robaina-e-escolhido-pre-candidato-ao-governo-do-rio-grande-do-sul\/\" \/>\n<meta property=\"og:site_name\" content=\"PSOL 50\" \/>\n<meta property=\"article:publisher\" content=\"https:\/\/www.facebook.com\/psol50\" \/>\n<meta property=\"article:published_time\" content=\"2017-11-08T14:31:31+00:00\" \/>\n<meta property=\"og:image\" content=\"https:\/\/psol50.org.br\/inc\/uploads\/2017\/11\/roberto-robaina-psolrs-reproducao.jpg\" \/>\n\t<meta property=\"og:image:width\" content=\"1350\" \/>\n\t<meta property=\"og:image:height\" content=\"900\" \/>\n\t<meta property=\"og:image:type\" content=\"image\/jpeg\" \/>\n<meta name=\"author\" content=\"Comunica\u00e7\u00e3o PSOL\" \/>\n<meta name=\"twitter:card\" content=\"summary_large_image\" \/>\n<meta name=\"twitter:creator\" content=\"@psol50\" \/>\n<meta name=\"twitter:site\" content=\"@psol50\" \/>\n<meta name=\"twitter:label1\" content=\"Escrito por\" \/>\n\t<meta name=\"twitter:data1\" content=\"Comunica\u00e7\u00e3o PSOL\" \/>\n\t<meta name=\"twitter:label2\" content=\"Est. tempo de leitura\" \/>\n\t<meta name=\"twitter:data2\" content=\"1 minuto\" \/>\n<script type=\"application\/ld+json\" class=\"yoast-schema-graph\">{\"@context\":\"https:\/\/schema.org\",\"@graph\":[{\"@type\":\"Article\",\"@id\":\"https:\/\/psol50.org.br\/roberto-robaina-e-escolhido-pre-candidato-ao-governo-do-rio-grande-do-sul\/#article\",\"isPartOf\":{\"@id\":\"https:\/\/psol50.org.br\/roberto-robaina-e-escolhido-pre-candidato-ao-governo-do-rio-grande-do-sul\/\"},\"author\":{\"name\":\"Comunica\u00e7\u00e3o PSOL\",\"@id\":\"https:\/\/psol50.org.br\/#\/schema\/person\/475dfa57d0b815993c714c2e96491fcd\"},\"headline\":\"Roberto Robaina \u00e9 escolhido pr\u00e9-candidato ao governo do Rio Grande do Sul\",\"datePublished\":\"2017-11-08T14:31:31+00:00\",\"mainEntityOfPage\":{\"@id\":\"https:\/\/psol50.org.br\/roberto-robaina-e-escolhido-pre-candidato-ao-governo-do-rio-grande-do-sul\/\"},\"wordCount\":246,\"commentCount\":0,\"publisher\":{\"@id\":\"https:\/\/psol50.org.br\/#organization\"},\"image\":{\"@id\":\"https:\/\/psol50.org.br\/roberto-robaina-e-escolhido-pre-candidato-ao-governo-do-rio-grande-do-sul\/#primaryimage\"},\"thumbnailUrl\":\"https:\/\/psol50.org.br\/inc\/uploads\/2017\/11\/roberto-robaina-psolrs-reproducao.jpg\",\"keywords\":[\"6\u00ba Congresso Nacional do PSOL\",\"Congresso Nacional\",\"etapa estadual\",\"Israel Dutra\",\"Porto Alegre\",\"PSOL-RS\",\"Roberto Robaina\"],\"articleSection\":[\"Estados\",\"Not\u00edcias\",\"Partido\"],\"inLanguage\":\"pt-BR\",\"potentialAction\":[{\"@type\":\"CommentAction\",\"name\":\"Comment\",\"target\":[\"https:\/\/psol50.org.br\/roberto-robaina-e-escolhido-pre-candidato-ao-governo-do-rio-grande-do-sul\/#respond\"]}]},{\"@type\":\"WebPage\",\"@id\":\"https:\/\/psol50.org.br\/roberto-robaina-e-escolhido-pre-candidato-ao-governo-do-rio-grande-do-sul\/\",\"url\":\"https:\/\/psol50.org.br\/roberto-robaina-e-escolhido-pre-candidato-ao-governo-do-rio-grande-do-sul\/\",\"name\":\"Roberto Robaina \u00e9 escolhido pr\u00e9-candidato ao governo do Rio Grande do Sul - PSOL 50\",\"isPartOf\":{\"@id\":\"https:\/\/psol50.org.br\/#website\"},\"primaryImageOfPage\":{\"@id\":\"https:\/\/psol50.org.br\/roberto-robaina-e-escolhido-pre-candidato-ao-governo-do-rio-grande-do-sul\/#primaryimage\"},\"image\":{\"@id\":\"https:\/\/psol50.org.br\/roberto-robaina-e-escolhido-pre-candidato-ao-governo-do-rio-grande-do-sul\/#primaryimage\"},\"thumbnailUrl\":\"https:\/\/psol50.org.br\/inc\/uploads\/2017\/11\/roberto-robaina-psolrs-reproducao.jpg\",\"datePublished\":\"2017-11-08T14:31:31+00:00\",\"breadcrumb\":{\"@id\":\"https:\/\/psol50.org.br\/roberto-robaina-e-escolhido-pre-candidato-ao-governo-do-rio-grande-do-sul\/#breadcrumb\"},\"inLanguage\":\"pt-BR\",\"potentialAction\":[{\"@type\":\"ReadAction\",\"target\":[\"https:\/\/psol50.org.br\/roberto-robaina-e-escolhido-pre-candidato-ao-governo-do-rio-grande-do-sul\/\"]}]},{\"@type\":\"ImageObject\",\"inLanguage\":\"pt-BR\",\"@id\":\"https:\/\/psol50.org.br\/roberto-robaina-e-escolhido-pre-candidato-ao-governo-do-rio-grande-do-sul\/#primaryimage\",\"url\":\"https:\/\/psol50.org.br\/inc\/uploads\/2017\/11\/roberto-robaina-psolrs-reproducao.jpg\",\"contentUrl\":\"https:\/\/psol50.org.br\/inc\/uploads\/2017\/11\/roberto-robaina-psolrs-reproducao.jpg\",\"width\":1350,\"height\":900},{\"@type\":\"BreadcrumbList\",\"@id\":\"https:\/\/psol50.org.br\/roberto-robaina-e-escolhido-pre-candidato-ao-governo-do-rio-grande-do-sul\/#breadcrumb\",\"itemListElement\":[{\"@type\":\"ListItem\",\"position\":1,\"name\":\"In\u00edcio\",\"item\":\"https:\/\/psol50.org.br\/\"},{\"@type\":\"ListItem\",\"position\":2,\"name\":\"Roberto Robaina \u00e9 escolhido pr\u00e9-candidato ao governo do Rio Grande do Sul\"}]},{\"@type\":\"WebSite\",\"@id\":\"https:\/\/psol50.org.br\/#website\",\"url\":\"https:\/\/psol50.org.br\/\",\"name\":\"PSOL 50\",\"description\":\"Site oficial do Partido Socialismo e Liberdade\",\"publisher\":{\"@id\":\"https:\/\/psol50.org.br\/#organization\"},\"alternateName\":\"PSOL50\",\"potentialAction\":[{\"@type\":\"SearchAction\",\"target\":{\"@type\":\"EntryPoint\",\"urlTemplate\":\"https:\/\/psol50.org.br\/?s={search_term_string}\"},\"query-input\":{\"@type\":\"PropertyValueSpecification\",\"valueRequired\":true,\"valueName\":\"search_term_string\"}}],\"inLanguage\":\"pt-BR\"},{\"@type\":\"Organization\",\"@id\":\"https:\/\/psol50.org.br\/#organization\",\"name\":\"PSOL 50\",\"alternateName\":\"PSOL 50\",\"url\":\"https:\/\/psol50.org.br\/\",\"logo\":{\"@type\":\"ImageObject\",\"inLanguage\":\"pt-BR\",\"@id\":\"https:\/\/psol50.org.br\/#\/schema\/logo\/image\/\",\"url\":\"https:\/\/psol50.org.br\/inc\/uploads\/2018\/07\/capa.png\",\"contentUrl\":\"https:\/\/psol50.org.br\/inc\/uploads\/2018\/07\/capa.png\",\"width\":1350,\"height\":900,\"caption\":\"PSOL 50\"},\"image\":{\"@id\":\"https:\/\/psol50.org.br\/#\/schema\/logo\/image\/\"},\"sameAs\":[\"https:\/\/www.facebook.com\/psol50\",\"https:\/\/x.com\/psol50\",\"https:\/\/www.instagram.com\/psol50\/\",\"https:\/\/www.youtube.com\/channel\/UC7SnJS5o1os7a6CaiNabzcg\"]},{\"@type\":\"Person\",\"@id\":\"https:\/\/psol50.org.br\/#\/schema\/person\/475dfa57d0b815993c714c2e96491fcd\",\"name\":\"Comunica\u00e7\u00e3o PSOL\",\"image\":{\"@type\":\"ImageObject\",\"inLanguage\":\"pt-BR\",\"@id\":\"https:\/\/psol50.org.br\/#\/schema\/person\/image\/\",\"url\":\"https:\/\/secure.gravatar.com\/avatar\/b34fc4f4e468a4e51785917065a3db57b841f5c95dba6ad8c73aaf8f66f8f9bf?s=96&d=mm&r=g\",\"contentUrl\":\"https:\/\/secure.gravatar.com\/avatar\/b34fc4f4e468a4e51785917065a3db57b841f5c95dba6ad8c73aaf8f66f8f9bf?s=96&d=mm&r=g\",\"caption\":\"Comunica\u00e7\u00e3o PSOL\"}}]}<\/script>\n<!-- \/ Yoast SEO plugin. -->","yoast_head_json":{"title":"Roberto Robaina \u00e9 escolhido pr\u00e9-candidato ao governo do Rio Grande do Sul - PSOL 50","robots":{"index":"index","follow":"follow","max-snippet":"max-snippet:-1","max-image-preview":"max-image-preview:large","max-video-preview":"max-video-preview:-1"},"canonical":"https:\/\/psol50.org.br\/roberto-robaina-e-escolhido-pre-candidato-ao-governo-do-rio-grande-do-sul\/","og_locale":"pt_BR","og_type":"article","og_title":"Roberto Robaina \u00e9 escolhido pr\u00e9-candidato ao governo do Rio Grande do Sul - PSOL 50","og_description":"O Congresso estadual do PSOL do Rio Grande do Sul escolheu, por unanimidade, o nome do atual vereador de Porto Alegre Roberto Robaina como pr\u00e9-candidato \u00e0 disputa do governo do estado em 2018. O Congresso aconteceu no dia 29 de outubro e, segundo o presidente do PSOL-RS, Israel Dutra, caminhou &#8220;amistoso e plural&#8221;, em clima [&hellip;]","og_url":"https:\/\/psol50.org.br\/roberto-robaina-e-escolhido-pre-candidato-ao-governo-do-rio-grande-do-sul\/","og_site_name":"PSOL 50","article_publisher":"https:\/\/www.facebook.com\/psol50","article_published_time":"2017-11-08T14:31:31+00:00","og_image":[{"width":1350,"height":900,"url":"https:\/\/psol50.org.br\/inc\/uploads\/2017\/11\/roberto-robaina-psolrs-reproducao.jpg","type":"image\/jpeg"}],"author":"Comunica\u00e7\u00e3o PSOL","twitter_card":"summary_large_image","twitter_creator":"@psol50","twitter_site":"@psol50","twitter_misc":{"Escrito por":"Comunica\u00e7\u00e3o PSOL","Est. tempo de leitura":"1 minuto"},"schema":{"@context":"https:\/\/schema.org","@graph":[{"@type":"Article","@id":"https:\/\/psol50.org.br\/roberto-robaina-e-escolhido-pre-candidato-ao-governo-do-rio-grande-do-sul\/#article","isPartOf":{"@id":"https:\/\/psol50.org.br\/roberto-robaina-e-escolhido-pre-candidato-ao-governo-do-rio-grande-do-sul\/"},"author":{"name":"Comunica\u00e7\u00e3o PSOL","@id":"https:\/\/psol50.org.br\/#\/schema\/person\/475dfa57d0b815993c714c2e96491fcd"},"headline":"Roberto Robaina \u00e9 escolhido pr\u00e9-candidato ao governo do Rio Grande do Sul","datePublished":"2017-11-08T14:31:31+00:00","mainEntityOfPage":{"@id":"https:\/\/psol50.org.br\/roberto-robaina-e-escolhido-pre-candidato-ao-governo-do-rio-grande-do-sul\/"},"wordCount":246,"commentCount":0,"publisher":{"@id":"https:\/\/psol50.org.br\/#organization"},"image":{"@id":"https:\/\/psol50.org.br\/roberto-robaina-e-escolhido-pre-candidato-ao-governo-do-rio-grande-do-sul\/#primaryimage"},"thumbnailUrl":"https:\/\/psol50.org.br\/inc\/uploads\/2017\/11\/roberto-robaina-psolrs-reproducao.jpg","keywords":["6\u00ba Congresso Nacional do PSOL","Congresso Nacional","etapa estadual","Israel Dutra","Porto Alegre","PSOL-RS","Roberto Robaina"],"articleSection":["Estados","Not\u00edcias","Partido"],"inLanguage":"pt-BR","potentialAction":[{"@type":"CommentAction","name":"Comment","target":["https:\/\/psol50.org.br\/roberto-robaina-e-escolhido-pre-candidato-ao-governo-do-rio-grande-do-sul\/#respond"]}]},{"@type":"WebPage","@id":"https:\/\/psol50.org.br\/roberto-robaina-e-escolhido-pre-candidato-ao-governo-do-rio-grande-do-sul\/","url":"https:\/\/psol50.org.br\/roberto-robaina-e-escolhido-pre-candidato-ao-governo-do-rio-grande-do-sul\/","name":"Roberto Robaina \u00e9 escolhido pr\u00e9-candidato ao governo do Rio Grande do Sul - PSOL 50","isPartOf":{"@id":"https:\/\/psol50.org.br\/#website"},"primaryImageOfPage":{"@id":"https:\/\/psol50.org.br\/roberto-robaina-e-escolhido-pre-candidato-ao-governo-do-rio-grande-do-sul\/#primaryimage"},"image":{"@id":"https:\/\/psol50.org.br\/roberto-robaina-e-escolhido-pre-candidato-ao-governo-do-rio-grande-do-sul\/#primaryimage"},"thumbnailUrl":"https:\/\/psol50.org.br\/inc\/uploads\/2017\/11\/roberto-robaina-psolrs-reproducao.jpg","datePublished":"2017-11-08T14:31:31+00:00","breadcrumb":{"@id":"https:\/\/psol50.org.br\/roberto-robaina-e-escolhido-pre-candidato-ao-governo-do-rio-grande-do-sul\/#breadcrumb"},"inLanguage":"pt-BR","potentialAction":[{"@type":"ReadAction","target":["https:\/\/psol50.org.br\/roberto-robaina-e-escolhido-pre-candidato-ao-governo-do-rio-grande-do-sul\/"]}]},{"@type":"ImageObject","inLanguage":"pt-BR","@id":"https:\/\/psol50.org.br\/roberto-robaina-e-escolhido-pre-candidato-ao-governo-do-rio-grande-do-sul\/#primaryimage","url":"https:\/\/psol50.org.br\/inc\/uploads\/2017\/11\/roberto-robaina-psolrs-reproducao.jpg","contentUrl":"https:\/\/psol50.org.br\/inc\/uploads\/2017\/11\/roberto-robaina-psolrs-reproducao.jpg","width":1350,"height":900},{"@type":"BreadcrumbList","@id":"https:\/\/psol50.org.br\/roberto-robaina-e-escolhido-pre-candidato-ao-governo-do-rio-grande-do-sul\/#breadcrumb","itemListElement":[{"@type":"ListItem","position":1,"name":"In\u00edcio","item":"https:\/\/psol50.org.br\/"},{"@type":"ListItem","position":2,"name":"Roberto Robaina \u00e9 escolhido pr\u00e9-candidato ao governo do Rio Grande do Sul"}]},{"@type":"WebSite","@id":"https:\/\/psol50.org.br\/#website","url":"https:\/\/psol50.org.br\/","name":"PSOL 50","description":"Site oficial do Partido Socialismo e Liberdade","publisher":{"@id":"https:\/\/psol50.org.br\/#organization"},"alternateName":"PSOL50","potentialAction":[{"@type":"SearchAction","target":{"@type":"EntryPoint","urlTemplate":"https:\/\/psol50.org.br\/?s={search_term_string}"},"query-input":{"@type":"PropertyValueSpecification","valueRequired":true,"valueName":"search_term_string"}}],"inLanguage":"pt-BR"},{"@type":"Organization","@id":"https:\/\/psol50.org.br\/#organization","name":"PSOL 50","alternateName":"PSOL 50","url":"https:\/\/psol50.org.br\/","logo":{"@type":"ImageObject","inLanguage":"pt-BR","@id":"https:\/\/psol50.org.br\/#\/schema\/logo\/image\/","url":"https:\/\/psol50.org.br\/inc\/uploads\/2018\/07\/capa.png","contentUrl":"https:\/\/psol50.org.br\/inc\/uploads\/2018\/07\/capa.png","width":1350,"height":900,"caption":"PSOL 50"},"image":{"@id":"https:\/\/psol50.org.br\/#\/schema\/logo\/image\/"},"sameAs":["https:\/\/www.facebook.com\/psol50","https:\/\/x.com\/psol50","https:\/\/www.instagram.com\/psol50\/","https:\/\/www.youtube.com\/channel\/UC7SnJS5o1os7a6CaiNabzcg"]},{"@type":"Person","@id":"https:\/\/psol50.org.br\/#\/schema\/person\/475dfa57d0b815993c714c2e96491fcd","name":"Comunica\u00e7\u00e3o PSOL","image":{"@type":"ImageObject","inLanguage":"pt-BR","@id":"https:\/\/psol50.org.br\/#\/schema\/person\/image\/","url":"https:\/\/secure.gravatar.com\/avatar\/b34fc4f4e468a4e51785917065a3db57b841f5c95dba6ad8c73aaf8f66f8f9bf?s=96&d=mm&r=g","contentUrl":"https:\/\/secure.gravatar.com\/avatar\/b34fc4f4e468a4e51785917065a3db57b841f5c95dba6ad8c73aaf8f66f8f9bf?s=96&d=mm&r=g","caption":"Comunica\u00e7\u00e3o PSOL"}}]}},"_links":{"self":[{"href":"https:\/\/psol50.org.br\/rest\/wp\/v2\/posts\/18832","targetHints":{"allow":["GET"]}}],"collection":[{"href":"https:\/\/psol50.org.br\/rest\/wp\/v2\/posts"}],"about":[{"href":"https:\/\/psol50.org.br\/rest\/wp\/v2\/types\/post"}],"author":[{"embeddable":true,"href":"https:\/\/psol50.org.br\/rest\/wp\/v2\/users\/2"}],"replies":[{"embeddable":true,"href":"https:\/\/psol50.org.br\/rest\/wp\/v2\/comments?post=18832"}],"version-history":[{"count":0,"href":"https:\/\/psol50.org.br\/rest\/wp\/v2\/posts\/18832\/revisions"}],"wp:featuredmedia":[{"embeddable":true,"href":"https:\/\/psol50.org.br\/rest\/wp\/v2\/media\/18834"}],"wp:attachment":[{"href":"https:\/\/psol50.org.br\/rest\/wp\/v2\/media?parent=18832"}],"wp:term":[{"taxonomy":"category","embeddable":true,"href":"https:\/\/psol50.org.br\/rest\/wp\/v2\/categories?post=18832"},{"taxonomy":"post_tag","embeddable":true,"href":"https:\/\/psol50.org.br\/rest\/wp\/v2\/tags?post=18832"}],"curies":[{"name":"wp","href":"https:\/\/api.w.org\/{rel}","templated":true}]}}