{"id":18844,"date":"2017-11-09T11:23:14","date_gmt":"2017-11-09T13:23:14","guid":{"rendered":"http:\/\/www.psol50.org.br\/?p=18844"},"modified":"2017-11-09T11:23:14","modified_gmt":"2017-11-09T13:23:14","slug":"desmonte-trabalhista-de-temer-entra-em-vigor","status":"publish","type":"post","link":"https:\/\/psol50.org.br\/desmonte-trabalhista-de-temer-entra-em-vigor\/","title":{"rendered":"Desmonte trabalhista de Temer entra em vigor"},"content":{"rendered":"<p>A reforma trabalhista aprovada pela base de apoio de Michel Temer no Congresso Nacional come\u00e7ou a valer desde s\u00e1bado, 11 de novembro. A <a href=\"http:\/\/www.planalto.gov.br\/ccivil_03\/_ato2015-2018\/2017\/lei\/L13467.htm\" target=\"_blank\" rel=\"noopener\"><strong><span style=\"color: #0000ff;\">Lei 13467\/2017<\/span><\/strong><\/a>, um dos pilares do ajuste fiscal do governo, junto com a reforma da Previd\u00eancia (PEC 287\/2016) e o teto de gastos p\u00fablicos (Emenda Constitucional n\u00ba 95\/2016), representa um verdadeiro desmonte da Consolida\u00e7\u00e3o das Leis Trabalhistas (CLT), cuja legisla\u00e7\u00e3o prev\u00ea uma s\u00e9rie de garantias aos trabalhadores brasileiros.<\/p>\n<p>Com a falsa ideia de promover uma moderniza\u00e7\u00e3o na lei, o governo ileg\u00edtimo, em conluio com o empresariado e parlamentares aliados, promoveu um grave retrocesso, colocando em risco direitos hist\u00f3ricos da classe trabalhadora. O\u00a0<a href=\"https:\/\/www.facebook.com\/psolnacamara\/\" target=\"_blank\" rel=\"noopener\"><span style=\"color: #0000ff;\"><strong>PSOL na C\u00e2mara<\/strong><\/span><\/a>\u00a0votou contra a proposta e denunciou as manobras do governo, sob a lideran\u00e7a de Rodrigo Maia (DEM-RJ), para garantir a aprova\u00e7\u00e3o.<\/p>\n<p>A avalia\u00e7\u00e3o de advogados da \u00e1rea \u00e9 que s\u00f3 ser\u00e1 poss\u00edvel mensurar os efeitos nocivos da reforma depois que a lei come\u00e7ar mesmo a vigorar. No entanto, eles alertam que contratos de trabalho j\u00e1 em vigor n\u00e3o podem ser atingidos pela reforma trabalhista de Temer. Isso significa que para um trabalhador que j\u00e1 tiver sua carteira assinada antes de 11 de novembro, o empregador n\u00e3o poder\u00e1 aplicar as novas regras. A partir desse entendimento, \u00e9 fundamental que os trabalhadores exijam seus direitos com base na legisla\u00e7\u00e3o atual.<\/p>\n<p>A advogada trabalhista Caroline Lima, que atua em Bras\u00edlia para diversos sindicatos, alerta que, apesar das irregularidades cometidas pelas empresas at\u00e9 dia 11 de novembro entrarem no rol das que ser\u00e3o conduzidas pela lei atual, \u00e9 importante a busca de orienta\u00e7\u00e3o jur\u00eddica, uma vez que os patr\u00f5es podem encontrar brechas ou se utilizarem de manobras para aplicar a nova lei. Ela explica, ainda, que o trabalhador tem o prazo prescricional de at\u00e9 dois anos, depois da irregularidade, para ingressar com a\u00e7\u00f5es na justi\u00e7a. \u201c\u00c9 um verdadeiro Frankenstein normativo e trar\u00e1 s\u00e9rios preju\u00edzos ao trabalhador, uma vez que retira ou diminui diversos direitos, precarizando a rela\u00e7\u00e3o de trabalho\u201d, avalia Caroline, sobre a nova legisla\u00e7\u00e3o.<\/p>\n<p>Em artigo publicado no <a href=\"http:\/\/justificando.cartacapital.com.br\/2017\/11\/06\/sete-razoes-para-nao-aplicar-reforma-trabalhista-aos-processos-em-curso\/\" target=\"_blank\" rel=\"noopener\"><span style=\"color: #0000ff;\"><strong>Justificando<\/strong><\/span><\/a>, a ju\u00edza do trabalho e integrante da Associa\u00e7\u00e3o Ju\u00edzes para a Democracia (AJD), Valdete Souto Severo, tamb\u00e9m elenca diversos elementos para que a reforma n\u00e3o seja aplicada aos processos j\u00e1 em andamento na Justi\u00e7a do Trabalho. &#8220;Nos processos em curso, alterar as regras do jogo implica adotar norma menos favor\u00e1vel ao trabalhador, ferindo direito adquirido a um processo integralmente gratuito, efetivo&#8221;, destaca.<\/p>\n<p>O deputado Ivan Valente (SP) destaca os problemas que poder\u00e3o surgir a partir do momento que a legisla\u00e7\u00e3o come\u00e7ar a vigorar e chama aten\u00e7\u00e3o para o fato de que ainda n\u00e3o \u00e9 poss\u00edvel saber, com exatid\u00e3o, do estrago para a vida dos trabalhadores. \u201cForam feitas barbaridades na reforma trabalhista, que entrar\u00e1 em vigor agora no m\u00eas de novembro\u201d.<\/p>\n<p>https:\/\/www.facebook.com\/IvanValentePSOL\/videos\/1737589632952578\/<\/p>\n<p>&nbsp;<\/p>\n<p><span style=\"font-size: 15px;\"><em>Mat\u00e9ria atualizada em 13 de novembro, \u00e0s 11h30<\/em><\/span><\/p>\n","protected":false},"excerpt":{"rendered":"<p>A reforma trabalhista aprovada pela base de apoio de Michel Temer no Congresso Nacional come\u00e7ou a valer desde s\u00e1bado, 11 de novembro. A Lei 13467\/2017, um dos pilares do ajuste fiscal do governo, junto com a reforma da Previd\u00eancia (PEC 287\/2016) e o teto de gastos p\u00fablicos (Emenda Constitucional n\u00ba 95\/2016), representa um verdadeiro desmonte [&hellip;]<\/p>\n","protected":false},"author":2,"featured_media":18846,"comment_status":"open","ping_status":"open","sticky":false,"template":"","format":"standard","meta":{"_acf_changed":false,"footnotes":""},"categories":[1882,1104,6],"tags":[3370,1709,3759,3308,1983,3760,1748,22,1669,222],"class_list":{"0":"post-18844","1":"post","2":"type-post","3":"status-publish","4":"format-standard","5":"has-post-thumbnail","7":"category-brasil","8":"category-movimento","9":"category-noticias","10":"tag-base-aliada","11":"tag-clt","12":"tag-consolidacao-das-leis-trabalhistas","13":"tag-desmonte-trabalhista","14":"tag-justica-do-trabalho","15":"tag-lei-134672017","16":"tag-michel-temer","17":"tag-psol","18":"tag-reforma-trabalhista","19":"tag-trabalhadores"},"acf":[],"yoast_head":"<!-- This site is optimized with the Yoast SEO plugin v26.5 - https:\/\/yoast.com\/wordpress\/plugins\/seo\/ -->\n<title>Desmonte trabalhista de Temer entra em vigor - PSOL 50<\/title>\n<meta name=\"robots\" content=\"index, follow, max-snippet:-1, max-image-preview:large, max-video-preview:-1\" \/>\n<link rel=\"canonical\" href=\"https:\/\/psol50.org.br\/desmonte-trabalhista-de-temer-entra-em-vigor\/\" \/>\n<meta property=\"og:locale\" content=\"pt_BR\" \/>\n<meta property=\"og:type\" content=\"article\" \/>\n<meta property=\"og:title\" content=\"Desmonte trabalhista de Temer entra em vigor - PSOL 50\" \/>\n<meta property=\"og:description\" content=\"A reforma trabalhista aprovada pela base de apoio de Michel Temer no Congresso Nacional come\u00e7ou a valer desde s\u00e1bado, 11 de novembro. A Lei 13467\/2017, um dos pilares do ajuste fiscal do governo, junto com a reforma da Previd\u00eancia (PEC 287\/2016) e o teto de gastos p\u00fablicos (Emenda Constitucional n\u00ba 95\/2016), representa um verdadeiro desmonte [&hellip;]\" \/>\n<meta property=\"og:url\" content=\"https:\/\/psol50.org.br\/desmonte-trabalhista-de-temer-entra-em-vigor\/\" \/>\n<meta property=\"og:site_name\" content=\"PSOL 50\" \/>\n<meta property=\"article:publisher\" content=\"https:\/\/www.facebook.com\/psol50\" \/>\n<meta property=\"article:published_time\" content=\"2017-11-09T13:23:14+00:00\" \/>\n<meta property=\"og:image\" content=\"https:\/\/psol50.org.br\/inc\/uploads\/2018\/07\/capa.png\" \/>\n\t<meta property=\"og:image:width\" content=\"1350\" \/>\n\t<meta property=\"og:image:height\" content=\"900\" \/>\n\t<meta property=\"og:image:type\" content=\"image\/png\" \/>\n<meta name=\"author\" content=\"Comunica\u00e7\u00e3o PSOL\" \/>\n<meta name=\"twitter:card\" content=\"summary_large_image\" \/>\n<meta name=\"twitter:creator\" content=\"@psol50\" \/>\n<meta name=\"twitter:site\" content=\"@psol50\" \/>\n<meta name=\"twitter:label1\" content=\"Escrito por\" \/>\n\t<meta name=\"twitter:data1\" content=\"Comunica\u00e7\u00e3o PSOL\" \/>\n\t<meta name=\"twitter:label2\" content=\"Est. tempo de leitura\" \/>\n\t<meta name=\"twitter:data2\" content=\"3 minutos\" \/>\n<script type=\"application\/ld+json\" class=\"yoast-schema-graph\">{\"@context\":\"https:\/\/schema.org\",\"@graph\":[{\"@type\":\"Article\",\"@id\":\"https:\/\/psol50.org.br\/desmonte-trabalhista-de-temer-entra-em-vigor\/#article\",\"isPartOf\":{\"@id\":\"https:\/\/psol50.org.br\/desmonte-trabalhista-de-temer-entra-em-vigor\/\"},\"author\":{\"name\":\"Comunica\u00e7\u00e3o PSOL\",\"@id\":\"https:\/\/psol50.org.br\/#\/schema\/person\/475dfa57d0b815993c714c2e96491fcd\"},\"headline\":\"Desmonte trabalhista de Temer entra em vigor\",\"datePublished\":\"2017-11-09T13:23:14+00:00\",\"mainEntityOfPage\":{\"@id\":\"https:\/\/psol50.org.br\/desmonte-trabalhista-de-temer-entra-em-vigor\/\"},\"wordCount\":510,\"commentCount\":0,\"publisher\":{\"@id\":\"https:\/\/psol50.org.br\/#organization\"},\"image\":{\"@id\":\"https:\/\/psol50.org.br\/desmonte-trabalhista-de-temer-entra-em-vigor\/#primaryimage\"},\"thumbnailUrl\":\"\",\"keywords\":[\"base aliada\",\"CLT\",\"consolida\u00e7\u00e3o das leis trabalhistas\",\"desmonte trabalhista\",\"Justi\u00e7a do Trabalho\",\"Lei 13467\/2017\",\"Michel Temer\",\"PSOL\",\"reforma trabalhista\",\"trabalhadores\"],\"articleSection\":[\"Brasil\",\"Movimento\",\"Not\u00edcias\"],\"inLanguage\":\"pt-BR\",\"potentialAction\":[{\"@type\":\"CommentAction\",\"name\":\"Comment\",\"target\":[\"https:\/\/psol50.org.br\/desmonte-trabalhista-de-temer-entra-em-vigor\/#respond\"]}]},{\"@type\":\"WebPage\",\"@id\":\"https:\/\/psol50.org.br\/desmonte-trabalhista-de-temer-entra-em-vigor\/\",\"url\":\"https:\/\/psol50.org.br\/desmonte-trabalhista-de-temer-entra-em-vigor\/\",\"name\":\"Desmonte trabalhista de Temer entra em vigor - PSOL 50\",\"isPartOf\":{\"@id\":\"https:\/\/psol50.org.br\/#website\"},\"primaryImageOfPage\":{\"@id\":\"https:\/\/psol50.org.br\/desmonte-trabalhista-de-temer-entra-em-vigor\/#primaryimage\"},\"image\":{\"@id\":\"https:\/\/psol50.org.br\/desmonte-trabalhista-de-temer-entra-em-vigor\/#primaryimage\"},\"thumbnailUrl\":\"\",\"datePublished\":\"2017-11-09T13:23:14+00:00\",\"breadcrumb\":{\"@id\":\"https:\/\/psol50.org.br\/desmonte-trabalhista-de-temer-entra-em-vigor\/#breadcrumb\"},\"inLanguage\":\"pt-BR\",\"potentialAction\":[{\"@type\":\"ReadAction\",\"target\":[\"https:\/\/psol50.org.br\/desmonte-trabalhista-de-temer-entra-em-vigor\/\"]}]},{\"@type\":\"ImageObject\",\"inLanguage\":\"pt-BR\",\"@id\":\"https:\/\/psol50.org.br\/desmonte-trabalhista-de-temer-entra-em-vigor\/#primaryimage\",\"url\":\"\",\"contentUrl\":\"\"},{\"@type\":\"BreadcrumbList\",\"@id\":\"https:\/\/psol50.org.br\/desmonte-trabalhista-de-temer-entra-em-vigor\/#breadcrumb\",\"itemListElement\":[{\"@type\":\"ListItem\",\"position\":1,\"name\":\"In\u00edcio\",\"item\":\"https:\/\/psol50.org.br\/\"},{\"@type\":\"ListItem\",\"position\":2,\"name\":\"Desmonte trabalhista de Temer entra em vigor\"}]},{\"@type\":\"WebSite\",\"@id\":\"https:\/\/psol50.org.br\/#website\",\"url\":\"https:\/\/psol50.org.br\/\",\"name\":\"PSOL 50\",\"description\":\"Site oficial do Partido Socialismo e Liberdade\",\"publisher\":{\"@id\":\"https:\/\/psol50.org.br\/#organization\"},\"alternateName\":\"PSOL50\",\"potentialAction\":[{\"@type\":\"SearchAction\",\"target\":{\"@type\":\"EntryPoint\",\"urlTemplate\":\"https:\/\/psol50.org.br\/?s={search_term_string}\"},\"query-input\":{\"@type\":\"PropertyValueSpecification\",\"valueRequired\":true,\"valueName\":\"search_term_string\"}}],\"inLanguage\":\"pt-BR\"},{\"@type\":\"Organization\",\"@id\":\"https:\/\/psol50.org.br\/#organization\",\"name\":\"PSOL 50\",\"alternateName\":\"PSOL 50\",\"url\":\"https:\/\/psol50.org.br\/\",\"logo\":{\"@type\":\"ImageObject\",\"inLanguage\":\"pt-BR\",\"@id\":\"https:\/\/psol50.org.br\/#\/schema\/logo\/image\/\",\"url\":\"https:\/\/psol50.org.br\/inc\/uploads\/2018\/07\/capa.png\",\"contentUrl\":\"https:\/\/psol50.org.br\/inc\/uploads\/2018\/07\/capa.png\",\"width\":1350,\"height\":900,\"caption\":\"PSOL 50\"},\"image\":{\"@id\":\"https:\/\/psol50.org.br\/#\/schema\/logo\/image\/\"},\"sameAs\":[\"https:\/\/www.facebook.com\/psol50\",\"https:\/\/x.com\/psol50\",\"https:\/\/www.instagram.com\/psol50\/\",\"https:\/\/www.youtube.com\/channel\/UC7SnJS5o1os7a6CaiNabzcg\"]},{\"@type\":\"Person\",\"@id\":\"https:\/\/psol50.org.br\/#\/schema\/person\/475dfa57d0b815993c714c2e96491fcd\",\"name\":\"Comunica\u00e7\u00e3o PSOL\",\"image\":{\"@type\":\"ImageObject\",\"inLanguage\":\"pt-BR\",\"@id\":\"https:\/\/psol50.org.br\/#\/schema\/person\/image\/\",\"url\":\"https:\/\/secure.gravatar.com\/avatar\/b34fc4f4e468a4e51785917065a3db57b841f5c95dba6ad8c73aaf8f66f8f9bf?s=96&d=mm&r=g\",\"contentUrl\":\"https:\/\/secure.gravatar.com\/avatar\/b34fc4f4e468a4e51785917065a3db57b841f5c95dba6ad8c73aaf8f66f8f9bf?s=96&d=mm&r=g\",\"caption\":\"Comunica\u00e7\u00e3o PSOL\"}}]}<\/script>\n<!-- \/ Yoast SEO plugin. -->","yoast_head_json":{"title":"Desmonte trabalhista de Temer entra em vigor - PSOL 50","robots":{"index":"index","follow":"follow","max-snippet":"max-snippet:-1","max-image-preview":"max-image-preview:large","max-video-preview":"max-video-preview:-1"},"canonical":"https:\/\/psol50.org.br\/desmonte-trabalhista-de-temer-entra-em-vigor\/","og_locale":"pt_BR","og_type":"article","og_title":"Desmonte trabalhista de Temer entra em vigor - PSOL 50","og_description":"A reforma trabalhista aprovada pela base de apoio de Michel Temer no Congresso Nacional come\u00e7ou a valer desde s\u00e1bado, 11 de novembro. A Lei 13467\/2017, um dos pilares do ajuste fiscal do governo, junto com a reforma da Previd\u00eancia (PEC 287\/2016) e o teto de gastos p\u00fablicos (Emenda Constitucional n\u00ba 95\/2016), representa um verdadeiro desmonte [&hellip;]","og_url":"https:\/\/psol50.org.br\/desmonte-trabalhista-de-temer-entra-em-vigor\/","og_site_name":"PSOL 50","article_publisher":"https:\/\/www.facebook.com\/psol50","article_published_time":"2017-11-09T13:23:14+00:00","og_image":[{"width":1350,"height":900,"url":"https:\/\/psol50.org.br\/inc\/uploads\/2018\/07\/capa.png","type":"image\/png"}],"author":"Comunica\u00e7\u00e3o PSOL","twitter_card":"summary_large_image","twitter_creator":"@psol50","twitter_site":"@psol50","twitter_misc":{"Escrito por":"Comunica\u00e7\u00e3o PSOL","Est. tempo de leitura":"3 minutos"},"schema":{"@context":"https:\/\/schema.org","@graph":[{"@type":"Article","@id":"https:\/\/psol50.org.br\/desmonte-trabalhista-de-temer-entra-em-vigor\/#article","isPartOf":{"@id":"https:\/\/psol50.org.br\/desmonte-trabalhista-de-temer-entra-em-vigor\/"},"author":{"name":"Comunica\u00e7\u00e3o PSOL","@id":"https:\/\/psol50.org.br\/#\/schema\/person\/475dfa57d0b815993c714c2e96491fcd"},"headline":"Desmonte trabalhista de Temer entra em vigor","datePublished":"2017-11-09T13:23:14+00:00","mainEntityOfPage":{"@id":"https:\/\/psol50.org.br\/desmonte-trabalhista-de-temer-entra-em-vigor\/"},"wordCount":510,"commentCount":0,"publisher":{"@id":"https:\/\/psol50.org.br\/#organization"},"image":{"@id":"https:\/\/psol50.org.br\/desmonte-trabalhista-de-temer-entra-em-vigor\/#primaryimage"},"thumbnailUrl":"","keywords":["base aliada","CLT","consolida\u00e7\u00e3o das leis trabalhistas","desmonte trabalhista","Justi\u00e7a do Trabalho","Lei 13467\/2017","Michel Temer","PSOL","reforma trabalhista","trabalhadores"],"articleSection":["Brasil","Movimento","Not\u00edcias"],"inLanguage":"pt-BR","potentialAction":[{"@type":"CommentAction","name":"Comment","target":["https:\/\/psol50.org.br\/desmonte-trabalhista-de-temer-entra-em-vigor\/#respond"]}]},{"@type":"WebPage","@id":"https:\/\/psol50.org.br\/desmonte-trabalhista-de-temer-entra-em-vigor\/","url":"https:\/\/psol50.org.br\/desmonte-trabalhista-de-temer-entra-em-vigor\/","name":"Desmonte trabalhista de Temer entra em vigor - PSOL 50","isPartOf":{"@id":"https:\/\/psol50.org.br\/#website"},"primaryImageOfPage":{"@id":"https:\/\/psol50.org.br\/desmonte-trabalhista-de-temer-entra-em-vigor\/#primaryimage"},"image":{"@id":"https:\/\/psol50.org.br\/desmonte-trabalhista-de-temer-entra-em-vigor\/#primaryimage"},"thumbnailUrl":"","datePublished":"2017-11-09T13:23:14+00:00","breadcrumb":{"@id":"https:\/\/psol50.org.br\/desmonte-trabalhista-de-temer-entra-em-vigor\/#breadcrumb"},"inLanguage":"pt-BR","potentialAction":[{"@type":"ReadAction","target":["https:\/\/psol50.org.br\/desmonte-trabalhista-de-temer-entra-em-vigor\/"]}]},{"@type":"ImageObject","inLanguage":"pt-BR","@id":"https:\/\/psol50.org.br\/desmonte-trabalhista-de-temer-entra-em-vigor\/#primaryimage","url":"","contentUrl":""},{"@type":"BreadcrumbList","@id":"https:\/\/psol50.org.br\/desmonte-trabalhista-de-temer-entra-em-vigor\/#breadcrumb","itemListElement":[{"@type":"ListItem","position":1,"name":"In\u00edcio","item":"https:\/\/psol50.org.br\/"},{"@type":"ListItem","position":2,"name":"Desmonte trabalhista de Temer entra em vigor"}]},{"@type":"WebSite","@id":"https:\/\/psol50.org.br\/#website","url":"https:\/\/psol50.org.br\/","name":"PSOL 50","description":"Site oficial do Partido Socialismo e Liberdade","publisher":{"@id":"https:\/\/psol50.org.br\/#organization"},"alternateName":"PSOL50","potentialAction":[{"@type":"SearchAction","target":{"@type":"EntryPoint","urlTemplate":"https:\/\/psol50.org.br\/?s={search_term_string}"},"query-input":{"@type":"PropertyValueSpecification","valueRequired":true,"valueName":"search_term_string"}}],"inLanguage":"pt-BR"},{"@type":"Organization","@id":"https:\/\/psol50.org.br\/#organization","name":"PSOL 50","alternateName":"PSOL 50","url":"https:\/\/psol50.org.br\/","logo":{"@type":"ImageObject","inLanguage":"pt-BR","@id":"https:\/\/psol50.org.br\/#\/schema\/logo\/image\/","url":"https:\/\/psol50.org.br\/inc\/uploads\/2018\/07\/capa.png","contentUrl":"https:\/\/psol50.org.br\/inc\/uploads\/2018\/07\/capa.png","width":1350,"height":900,"caption":"PSOL 50"},"image":{"@id":"https:\/\/psol50.org.br\/#\/schema\/logo\/image\/"},"sameAs":["https:\/\/www.facebook.com\/psol50","https:\/\/x.com\/psol50","https:\/\/www.instagram.com\/psol50\/","https:\/\/www.youtube.com\/channel\/UC7SnJS5o1os7a6CaiNabzcg"]},{"@type":"Person","@id":"https:\/\/psol50.org.br\/#\/schema\/person\/475dfa57d0b815993c714c2e96491fcd","name":"Comunica\u00e7\u00e3o PSOL","image":{"@type":"ImageObject","inLanguage":"pt-BR","@id":"https:\/\/psol50.org.br\/#\/schema\/person\/image\/","url":"https:\/\/secure.gravatar.com\/avatar\/b34fc4f4e468a4e51785917065a3db57b841f5c95dba6ad8c73aaf8f66f8f9bf?s=96&d=mm&r=g","contentUrl":"https:\/\/secure.gravatar.com\/avatar\/b34fc4f4e468a4e51785917065a3db57b841f5c95dba6ad8c73aaf8f66f8f9bf?s=96&d=mm&r=g","caption":"Comunica\u00e7\u00e3o PSOL"}}]}},"_links":{"self":[{"href":"https:\/\/psol50.org.br\/rest\/wp\/v2\/posts\/18844","targetHints":{"allow":["GET"]}}],"collection":[{"href":"https:\/\/psol50.org.br\/rest\/wp\/v2\/posts"}],"about":[{"href":"https:\/\/psol50.org.br\/rest\/wp\/v2\/types\/post"}],"author":[{"embeddable":true,"href":"https:\/\/psol50.org.br\/rest\/wp\/v2\/users\/2"}],"replies":[{"embeddable":true,"href":"https:\/\/psol50.org.br\/rest\/wp\/v2\/comments?post=18844"}],"version-history":[{"count":0,"href":"https:\/\/psol50.org.br\/rest\/wp\/v2\/posts\/18844\/revisions"}],"wp:featuredmedia":[{"embeddable":true,"href":"https:\/\/psol50.org.br\/rest\/"}],"wp:attachment":[{"href":"https:\/\/psol50.org.br\/rest\/wp\/v2\/media?parent=18844"}],"wp:term":[{"taxonomy":"category","embeddable":true,"href":"https:\/\/psol50.org.br\/rest\/wp\/v2\/categories?post=18844"},{"taxonomy":"post_tag","embeddable":true,"href":"https:\/\/psol50.org.br\/rest\/wp\/v2\/tags?post=18844"}],"curies":[{"name":"wp","href":"https:\/\/api.w.org\/{rel}","templated":true}]}}