{"id":1886,"date":"2013-04-04T00:00:00","date_gmt":"2013-04-04T00:00:00","guid":{"rendered":"http:\/\/psol50.org.br\/arquivo\/2013\/04\/04\/coletivo-brasil-desenvolvimento-se-filia-ao-psol-durante-ato-politico-em-brasilia\/"},"modified":"2013-04-04T00:00:00","modified_gmt":"2013-04-04T00:00:00","slug":"coletivo-brasil-desenvolvimento-se-filia-ao-psol-durante-ato-politico-em-brasilia","status":"publish","type":"post","link":"https:\/\/psol50.org.br\/coletivo-brasil-desenvolvimento-se-filia-ao-psol-durante-ato-politico-em-brasilia\/","title":{"rendered":"Coletivo Brasil &#038; Desenvolvimento se filia ao PSOL, durante ato pol\u00edtico em Bras\u00edlia"},"content":{"rendered":"<div style=\"text-align: justify;\">\n\t<em>Do site do PSOL Nacional &#8211; Leonor Costa<\/p>\n<p>\tNovos filiados s\u00e3o saudados por militantes hist\u00f3ricos, pelo presidente nacional Ivan Valente e pelo deputado federal Chico Alencar<\/em><br \/>\n\t&nbsp;<br \/>\n\tEm ato pol\u00edtico na noite desta quarta-feira (03), que contou com a presen\u00e7a de estudantes e de militantes hist\u00f3ricos do PSOL do Distrito Federal, al\u00e9m do presidente nacional do partido, deputado Ivan Valente, do deputado Chico Alencar (RJ), do presidente do Diret\u00f3rio do DF, Ant\u00f4nio Andrade (Toninho do PSOL) e da ex-deputada federal Maninha, o coletivo Brasil &amp; Desenvolvimento (B&amp;D) oficializou sua filia\u00e7\u00e3o ao partido. O grupo, que conta com 22 integrantes e entrou no partido com mais 18 pessoas, entre militantes, simpatizantes e parceiros do coletivo, mostrou, durante suas interven\u00e7\u00f5es, os motivos que os levaram a \u201ctomar partido\u201d e a se filiar ao PSOL. Juntos eles lan\u00e7aram um manifesto que pode ser lido <a href=\"http:\/\/brasiledesenvolvimento.wordpress.com\/\">aqui<\/a>.<br \/>\n\t&nbsp;<br \/>\n\tF\u00e1bio F\u00e9lix, uma das lideran\u00e7as do B&amp;D que conduziu o ato pol\u00edtico, explicou que aquele era um momento hist\u00f3rico para o grupo, que decidiu \u201ctomar partido, tomar lado na luta pelo Distrito Federal e pelo Brasil&#8221;. \u201cAo fazer essa filia\u00e7\u00e3o coletiva, decidimos por um projeto revolucion\u00e1rio e que n\u00e3o nega a centralidade da classe para essa luta\u201d, afirmou. O mesmo entendimento foi reafirmado por Mayra Cotta, estudante da Universidade de Bras\u00edlia (UnB). \u201cO B&amp;D est\u00e1 dando um passo importante. Nesse momento, n\u00e3o h\u00e1 como n\u00e3o tomar partido. E \u00e9 por reconhecer a import\u00e2ncia da organiza\u00e7\u00e3o partid\u00e1ria, que fazemos esse ato pol\u00edtico hoje. O B&amp;D, que acredita no socialismo, vem construir esse projeto junto com o PSOL\u201d, enfatizou.<br \/>\n\t&nbsp;<br \/>\n\tO presidente nacional do partido, deputado Ivan Valente, ao saudar os novos filiados, afirmou que o PSOL tem se constru\u00eddo como a alternativa de esquerda no pa\u00eds e que a entrada dos militantes do Brasil &amp; Desenvolvimento fortalece ainda mais a disputa de projeto na sociedade. \u201cN\u00e3o \u00e9 f\u00e1cil construir um partido verdadeiramente socialista, por isso temos ainda muitos desafios pela frente. Temos clareza que h\u00e1 um conflito de classe e esse conflito \u00e9 que \u00e9 o motor da hist\u00f3ria, mas \u00e9 preciso compreender melhor a complexidade dessa disputa\u201d, considerou Ivan, se referindo \u00e0 import\u00e2ncia das organiza\u00e7\u00f5es e das lutas dos v\u00e1rios setores oprimidos da classe trabalhadora. \u201cE n\u00e3o tenho d\u00favida que o B&amp;D vem para trazer mais qualidade ao nosso partido. Vamos dizer, juntos, em alto e bom som, que somos a alternativa socialista desse pa\u00eds\u201d, finalizou.<br \/>\n\t&nbsp;<br \/>\n\tPara Chico Alencar, deputado federal pelo Rio de Janeiro, nesse momento em que h\u00e1 \u201cum rebaixamento das utopias\u201d tomar partido \u00e9 um ato de coragem. \u201cImportante a iniciativa desses jovens lutadores. A classe dominante j\u00e1 tem as suas siglas, que muito bem representam seus interesses no Parlamento. Hoje, s\u00f3 h\u00e1 sentido tomar partido se houver um projeto alternativo de luta. E o PSOL que a gente quer e que est\u00e1 em constru\u00e7\u00e3o tem um projeto para a sociedade. Somos um partido necess\u00e1rio, mas s\u00f3 seremos necess\u00e1rios enquanto fizermos a diferen\u00e7a. Por isso, voc\u00eas entram e s\u00e3o chamados a construir o partido do socialismo e da liberdade, para faz\u00ea-lo digno desse nome\u201d, disse Chico, aos militantes do B&amp;D presentes ao ato.<br \/>\n\t&nbsp;<br \/>\n\t<strong>Fortalecer e qualificar a luta no DF<\/strong><br \/>\n\tA filia\u00e7\u00e3o dos militantes do B&amp;D certamente dar\u00e1 maior f\u00f4lego a atua\u00e7\u00e3o do PSOL no Distrito Federal. Essa \u00e9 a avalia\u00e7\u00e3o do presidente do diret\u00f3rio estadual, Toninho do PSOL, para quem os novos militantes do partido se somar\u00e3o \u00e0 luta para combater o atraso dos \u00faltimos governos \u00e0 frente do DF. \u201cVamos fortalecer o nosso enfrentamento a esse governo, que fez alian\u00e7as com o que h\u00e1 de mais atrasado na pol\u00edtica local. Nossa milit\u00e2ncia tem sido cotidiana para combater esse modelo de pol\u00edtica que a\u00ed est\u00e1, a verdadeira trag\u00e9dia que se constituiu o governo Agnelo. E temos o desafio de fazer uma oposi\u00e7\u00e3o qualificada, j\u00e1 que o PSOL n\u00e3o esconde o seu nome e a sua marca: somos socialistas\u201d, afirmou Toninho. \u201cSa\u00fado a voc\u00eas, que tomaram uma posi\u00e7\u00e3o t\u00e3o importante nas suas vidas nesse momento de grandes desafios para a esquerda socialista\u201d, finalizou, saudando os novos militantes do PSOL.<br \/>\n\t&nbsp;<br \/>\n\tA ex-deputada federal Maninha, ressaltando a necessidade de organiza\u00e7\u00f5es como o B&amp;D, cuja maioria de seus integrantes vem da milit\u00e2ncia estudantil, fez refer\u00eancia ao per\u00edodo em que ela esteve \u00e0 frente do movimento na Universidade de Bras\u00edlia, ao lado de ativistas hist\u00f3ricos, como Honestino Guimar\u00e3es, assassinado pela ditadura militar, em outubro de 1973. &nbsp;\u201cTomar partido \u00e9 fundamental. Tenho certeza que voc\u00eas far\u00e3o conosco um partido diferente, o partido que o PSOL quer ser, principalmente para fortalecer e qualificar ainda mais a nossa luta aqui no DF\u201d, disse Maninha.<br \/>\n\t&nbsp;<br \/>\n\t\u201cA nossa entrada no PSOL n\u00e3o \u00e9 s\u00f3 do B&amp;D, mas dos lutadores sociais, dos militantes da universidade, daqueles que lutam por moradia, dos lutadores do campo e de toda a classe trabalhadora do DF\u201d, frisou o jornalista e militante social Edemilson Paran\u00e1, ao final do ato, realizado no Balaio Caf\u00e9. \u201cEscolhemos entrar no PSOL porque n\u00e3o acreditamos na luta apenas de um e porque \u00e9 hora de vencer as barreiras do individualismo\u201d.<br \/>\n\t&nbsp;<br \/>\n\t&nbsp;<br \/>\n\t&nbsp;<br \/>\n\t&nbsp;<br \/>\n\t&nbsp;<\/div>\n","protected":false},"excerpt":{"rendered":"<p>Do site do PSOL Nacional &#8211; Leonor Costa Novos filiados s\u00e3o saudados por militantes hist\u00f3ricos, pelo presidente nacional Ivan Valente e pelo deputado federal Chico Alencar &nbsp; Em ato pol\u00edtico na noite desta quarta-feira (03), que contou com a presen\u00e7a de estudantes e de militantes hist\u00f3ricos do PSOL do Distrito Federal, al\u00e9m do presidente nacional [&hellip;]<\/p>\n","protected":false},"author":2,"featured_media":0,"comment_status":"open","ping_status":"open","sticky":false,"template":"","format":"standard","meta":{"_acf_changed":false,"footnotes":""},"categories":[4766],"tags":[22],"class_list":{"0":"post-1886","1":"post","2":"type-post","3":"status-publish","4":"format-standard","6":"category-arquivo","7":"tag-psol"},"acf":[],"yoast_head":"<!-- This site is optimized with the Yoast SEO plugin v26.5 - https:\/\/yoast.com\/wordpress\/plugins\/seo\/ -->\n<title>Coletivo Brasil &amp; Desenvolvimento se filia ao PSOL, durante ato pol\u00edtico em Bras\u00edlia - PSOL 50<\/title>\n<meta name=\"robots\" content=\"index, follow, max-snippet:-1, max-image-preview:large, max-video-preview:-1\" \/>\n<link rel=\"canonical\" href=\"https:\/\/psol50.org.br\/coletivo-brasil-desenvolvimento-se-filia-ao-psol-durante-ato-politico-em-brasilia\/\" \/>\n<meta property=\"og:locale\" content=\"pt_BR\" \/>\n<meta property=\"og:type\" content=\"article\" \/>\n<meta property=\"og:title\" content=\"Coletivo Brasil &amp; Desenvolvimento se filia ao PSOL, durante ato pol\u00edtico em Bras\u00edlia - PSOL 50\" \/>\n<meta property=\"og:description\" content=\"Do site do PSOL Nacional &#8211; Leonor Costa Novos filiados s\u00e3o saudados por militantes hist\u00f3ricos, pelo presidente nacional Ivan Valente e pelo deputado federal Chico Alencar &nbsp; Em ato pol\u00edtico na noite desta quarta-feira (03), que contou com a presen\u00e7a de estudantes e de militantes hist\u00f3ricos do PSOL do Distrito Federal, al\u00e9m do presidente nacional [&hellip;]\" \/>\n<meta property=\"og:url\" content=\"https:\/\/psol50.org.br\/coletivo-brasil-desenvolvimento-se-filia-ao-psol-durante-ato-politico-em-brasilia\/\" \/>\n<meta property=\"og:site_name\" content=\"PSOL 50\" \/>\n<meta property=\"article:publisher\" content=\"https:\/\/www.facebook.com\/psol50\" \/>\n<meta property=\"article:published_time\" content=\"2013-04-04T00:00:00+00:00\" \/>\n<meta property=\"og:image\" content=\"https:\/\/psol50.org.br\/inc\/uploads\/2018\/07\/capa.png\" \/>\n\t<meta property=\"og:image:width\" content=\"1350\" \/>\n\t<meta property=\"og:image:height\" content=\"900\" \/>\n\t<meta property=\"og:image:type\" content=\"image\/png\" \/>\n<meta name=\"author\" content=\"Comunica\u00e7\u00e3o PSOL\" \/>\n<meta name=\"twitter:card\" content=\"summary_large_image\" \/>\n<meta name=\"twitter:creator\" content=\"@psol50\" \/>\n<meta name=\"twitter:site\" content=\"@psol50\" \/>\n<meta name=\"twitter:label1\" content=\"Escrito por\" \/>\n\t<meta name=\"twitter:data1\" content=\"Comunica\u00e7\u00e3o PSOL\" \/>\n\t<meta name=\"twitter:label2\" content=\"Est. tempo de leitura\" \/>\n\t<meta name=\"twitter:data2\" content=\"5 minutos\" \/>\n<script type=\"application\/ld+json\" class=\"yoast-schema-graph\">{\"@context\":\"https:\/\/schema.org\",\"@graph\":[{\"@type\":\"Article\",\"@id\":\"https:\/\/psol50.org.br\/coletivo-brasil-desenvolvimento-se-filia-ao-psol-durante-ato-politico-em-brasilia\/#article\",\"isPartOf\":{\"@id\":\"https:\/\/psol50.org.br\/coletivo-brasil-desenvolvimento-se-filia-ao-psol-durante-ato-politico-em-brasilia\/\"},\"author\":{\"name\":\"Comunica\u00e7\u00e3o PSOL\",\"@id\":\"https:\/\/psol50.org.br\/#\/schema\/person\/475dfa57d0b815993c714c2e96491fcd\"},\"headline\":\"Coletivo Brasil &#038; Desenvolvimento se filia ao PSOL, durante ato pol\u00edtico em Bras\u00edlia\",\"datePublished\":\"2013-04-04T00:00:00+00:00\",\"mainEntityOfPage\":{\"@id\":\"https:\/\/psol50.org.br\/coletivo-brasil-desenvolvimento-se-filia-ao-psol-durante-ato-politico-em-brasilia\/\"},\"wordCount\":932,\"commentCount\":0,\"publisher\":{\"@id\":\"https:\/\/psol50.org.br\/#organization\"},\"keywords\":[\"PSOL\"],\"articleSection\":[\"Arquivo\"],\"inLanguage\":\"pt-BR\",\"potentialAction\":[{\"@type\":\"CommentAction\",\"name\":\"Comment\",\"target\":[\"https:\/\/psol50.org.br\/coletivo-brasil-desenvolvimento-se-filia-ao-psol-durante-ato-politico-em-brasilia\/#respond\"]}]},{\"@type\":\"WebPage\",\"@id\":\"https:\/\/psol50.org.br\/coletivo-brasil-desenvolvimento-se-filia-ao-psol-durante-ato-politico-em-brasilia\/\",\"url\":\"https:\/\/psol50.org.br\/coletivo-brasil-desenvolvimento-se-filia-ao-psol-durante-ato-politico-em-brasilia\/\",\"name\":\"Coletivo Brasil & Desenvolvimento se filia ao PSOL, durante ato pol\u00edtico em Bras\u00edlia - PSOL 50\",\"isPartOf\":{\"@id\":\"https:\/\/psol50.org.br\/#website\"},\"datePublished\":\"2013-04-04T00:00:00+00:00\",\"breadcrumb\":{\"@id\":\"https:\/\/psol50.org.br\/coletivo-brasil-desenvolvimento-se-filia-ao-psol-durante-ato-politico-em-brasilia\/#breadcrumb\"},\"inLanguage\":\"pt-BR\",\"potentialAction\":[{\"@type\":\"ReadAction\",\"target\":[\"https:\/\/psol50.org.br\/coletivo-brasil-desenvolvimento-se-filia-ao-psol-durante-ato-politico-em-brasilia\/\"]}]},{\"@type\":\"BreadcrumbList\",\"@id\":\"https:\/\/psol50.org.br\/coletivo-brasil-desenvolvimento-se-filia-ao-psol-durante-ato-politico-em-brasilia\/#breadcrumb\",\"itemListElement\":[{\"@type\":\"ListItem\",\"position\":1,\"name\":\"In\u00edcio\",\"item\":\"https:\/\/psol50.org.br\/\"},{\"@type\":\"ListItem\",\"position\":2,\"name\":\"Coletivo Brasil &#038; Desenvolvimento se filia ao PSOL, durante ato pol\u00edtico em Bras\u00edlia\"}]},{\"@type\":\"WebSite\",\"@id\":\"https:\/\/psol50.org.br\/#website\",\"url\":\"https:\/\/psol50.org.br\/\",\"name\":\"PSOL 50\",\"description\":\"Site oficial do Partido Socialismo e Liberdade\",\"publisher\":{\"@id\":\"https:\/\/psol50.org.br\/#organization\"},\"alternateName\":\"PSOL50\",\"potentialAction\":[{\"@type\":\"SearchAction\",\"target\":{\"@type\":\"EntryPoint\",\"urlTemplate\":\"https:\/\/psol50.org.br\/?s={search_term_string}\"},\"query-input\":{\"@type\":\"PropertyValueSpecification\",\"valueRequired\":true,\"valueName\":\"search_term_string\"}}],\"inLanguage\":\"pt-BR\"},{\"@type\":\"Organization\",\"@id\":\"https:\/\/psol50.org.br\/#organization\",\"name\":\"PSOL 50\",\"alternateName\":\"PSOL 50\",\"url\":\"https:\/\/psol50.org.br\/\",\"logo\":{\"@type\":\"ImageObject\",\"inLanguage\":\"pt-BR\",\"@id\":\"https:\/\/psol50.org.br\/#\/schema\/logo\/image\/\",\"url\":\"https:\/\/psol50.org.br\/inc\/uploads\/2018\/07\/capa.png\",\"contentUrl\":\"https:\/\/psol50.org.br\/inc\/uploads\/2018\/07\/capa.png\",\"width\":1350,\"height\":900,\"caption\":\"PSOL 50\"},\"image\":{\"@id\":\"https:\/\/psol50.org.br\/#\/schema\/logo\/image\/\"},\"sameAs\":[\"https:\/\/www.facebook.com\/psol50\",\"https:\/\/x.com\/psol50\",\"https:\/\/www.instagram.com\/psol50\/\",\"https:\/\/www.youtube.com\/channel\/UC7SnJS5o1os7a6CaiNabzcg\"]},{\"@type\":\"Person\",\"@id\":\"https:\/\/psol50.org.br\/#\/schema\/person\/475dfa57d0b815993c714c2e96491fcd\",\"name\":\"Comunica\u00e7\u00e3o PSOL\",\"image\":{\"@type\":\"ImageObject\",\"inLanguage\":\"pt-BR\",\"@id\":\"https:\/\/psol50.org.br\/#\/schema\/person\/image\/\",\"url\":\"https:\/\/secure.gravatar.com\/avatar\/b34fc4f4e468a4e51785917065a3db57b841f5c95dba6ad8c73aaf8f66f8f9bf?s=96&d=mm&r=g\",\"contentUrl\":\"https:\/\/secure.gravatar.com\/avatar\/b34fc4f4e468a4e51785917065a3db57b841f5c95dba6ad8c73aaf8f66f8f9bf?s=96&d=mm&r=g\",\"caption\":\"Comunica\u00e7\u00e3o PSOL\"}}]}<\/script>\n<!-- \/ Yoast SEO plugin. -->","yoast_head_json":{"title":"Coletivo Brasil & Desenvolvimento se filia ao PSOL, durante ato pol\u00edtico em Bras\u00edlia - PSOL 50","robots":{"index":"index","follow":"follow","max-snippet":"max-snippet:-1","max-image-preview":"max-image-preview:large","max-video-preview":"max-video-preview:-1"},"canonical":"https:\/\/psol50.org.br\/coletivo-brasil-desenvolvimento-se-filia-ao-psol-durante-ato-politico-em-brasilia\/","og_locale":"pt_BR","og_type":"article","og_title":"Coletivo Brasil & Desenvolvimento se filia ao PSOL, durante ato pol\u00edtico em Bras\u00edlia - PSOL 50","og_description":"Do site do PSOL Nacional &#8211; Leonor Costa Novos filiados s\u00e3o saudados por militantes hist\u00f3ricos, pelo presidente nacional Ivan Valente e pelo deputado federal Chico Alencar &nbsp; Em ato pol\u00edtico na noite desta quarta-feira (03), que contou com a presen\u00e7a de estudantes e de militantes hist\u00f3ricos do PSOL do Distrito Federal, al\u00e9m do presidente nacional [&hellip;]","og_url":"https:\/\/psol50.org.br\/coletivo-brasil-desenvolvimento-se-filia-ao-psol-durante-ato-politico-em-brasilia\/","og_site_name":"PSOL 50","article_publisher":"https:\/\/www.facebook.com\/psol50","article_published_time":"2013-04-04T00:00:00+00:00","og_image":[{"width":1350,"height":900,"url":"https:\/\/psol50.org.br\/inc\/uploads\/2018\/07\/capa.png","type":"image\/png"}],"author":"Comunica\u00e7\u00e3o PSOL","twitter_card":"summary_large_image","twitter_creator":"@psol50","twitter_site":"@psol50","twitter_misc":{"Escrito por":"Comunica\u00e7\u00e3o PSOL","Est. tempo de leitura":"5 minutos"},"schema":{"@context":"https:\/\/schema.org","@graph":[{"@type":"Article","@id":"https:\/\/psol50.org.br\/coletivo-brasil-desenvolvimento-se-filia-ao-psol-durante-ato-politico-em-brasilia\/#article","isPartOf":{"@id":"https:\/\/psol50.org.br\/coletivo-brasil-desenvolvimento-se-filia-ao-psol-durante-ato-politico-em-brasilia\/"},"author":{"name":"Comunica\u00e7\u00e3o PSOL","@id":"https:\/\/psol50.org.br\/#\/schema\/person\/475dfa57d0b815993c714c2e96491fcd"},"headline":"Coletivo Brasil &#038; Desenvolvimento se filia ao PSOL, durante ato pol\u00edtico em Bras\u00edlia","datePublished":"2013-04-04T00:00:00+00:00","mainEntityOfPage":{"@id":"https:\/\/psol50.org.br\/coletivo-brasil-desenvolvimento-se-filia-ao-psol-durante-ato-politico-em-brasilia\/"},"wordCount":932,"commentCount":0,"publisher":{"@id":"https:\/\/psol50.org.br\/#organization"},"keywords":["PSOL"],"articleSection":["Arquivo"],"inLanguage":"pt-BR","potentialAction":[{"@type":"CommentAction","name":"Comment","target":["https:\/\/psol50.org.br\/coletivo-brasil-desenvolvimento-se-filia-ao-psol-durante-ato-politico-em-brasilia\/#respond"]}]},{"@type":"WebPage","@id":"https:\/\/psol50.org.br\/coletivo-brasil-desenvolvimento-se-filia-ao-psol-durante-ato-politico-em-brasilia\/","url":"https:\/\/psol50.org.br\/coletivo-brasil-desenvolvimento-se-filia-ao-psol-durante-ato-politico-em-brasilia\/","name":"Coletivo Brasil & Desenvolvimento se filia ao PSOL, durante ato pol\u00edtico em Bras\u00edlia - PSOL 50","isPartOf":{"@id":"https:\/\/psol50.org.br\/#website"},"datePublished":"2013-04-04T00:00:00+00:00","breadcrumb":{"@id":"https:\/\/psol50.org.br\/coletivo-brasil-desenvolvimento-se-filia-ao-psol-durante-ato-politico-em-brasilia\/#breadcrumb"},"inLanguage":"pt-BR","potentialAction":[{"@type":"ReadAction","target":["https:\/\/psol50.org.br\/coletivo-brasil-desenvolvimento-se-filia-ao-psol-durante-ato-politico-em-brasilia\/"]}]},{"@type":"BreadcrumbList","@id":"https:\/\/psol50.org.br\/coletivo-brasil-desenvolvimento-se-filia-ao-psol-durante-ato-politico-em-brasilia\/#breadcrumb","itemListElement":[{"@type":"ListItem","position":1,"name":"In\u00edcio","item":"https:\/\/psol50.org.br\/"},{"@type":"ListItem","position":2,"name":"Coletivo Brasil &#038; Desenvolvimento se filia ao PSOL, durante ato pol\u00edtico em Bras\u00edlia"}]},{"@type":"WebSite","@id":"https:\/\/psol50.org.br\/#website","url":"https:\/\/psol50.org.br\/","name":"PSOL 50","description":"Site oficial do Partido Socialismo e Liberdade","publisher":{"@id":"https:\/\/psol50.org.br\/#organization"},"alternateName":"PSOL50","potentialAction":[{"@type":"SearchAction","target":{"@type":"EntryPoint","urlTemplate":"https:\/\/psol50.org.br\/?s={search_term_string}"},"query-input":{"@type":"PropertyValueSpecification","valueRequired":true,"valueName":"search_term_string"}}],"inLanguage":"pt-BR"},{"@type":"Organization","@id":"https:\/\/psol50.org.br\/#organization","name":"PSOL 50","alternateName":"PSOL 50","url":"https:\/\/psol50.org.br\/","logo":{"@type":"ImageObject","inLanguage":"pt-BR","@id":"https:\/\/psol50.org.br\/#\/schema\/logo\/image\/","url":"https:\/\/psol50.org.br\/inc\/uploads\/2018\/07\/capa.png","contentUrl":"https:\/\/psol50.org.br\/inc\/uploads\/2018\/07\/capa.png","width":1350,"height":900,"caption":"PSOL 50"},"image":{"@id":"https:\/\/psol50.org.br\/#\/schema\/logo\/image\/"},"sameAs":["https:\/\/www.facebook.com\/psol50","https:\/\/x.com\/psol50","https:\/\/www.instagram.com\/psol50\/","https:\/\/www.youtube.com\/channel\/UC7SnJS5o1os7a6CaiNabzcg"]},{"@type":"Person","@id":"https:\/\/psol50.org.br\/#\/schema\/person\/475dfa57d0b815993c714c2e96491fcd","name":"Comunica\u00e7\u00e3o PSOL","image":{"@type":"ImageObject","inLanguage":"pt-BR","@id":"https:\/\/psol50.org.br\/#\/schema\/person\/image\/","url":"https:\/\/secure.gravatar.com\/avatar\/b34fc4f4e468a4e51785917065a3db57b841f5c95dba6ad8c73aaf8f66f8f9bf?s=96&d=mm&r=g","contentUrl":"https:\/\/secure.gravatar.com\/avatar\/b34fc4f4e468a4e51785917065a3db57b841f5c95dba6ad8c73aaf8f66f8f9bf?s=96&d=mm&r=g","caption":"Comunica\u00e7\u00e3o PSOL"}}]}},"_links":{"self":[{"href":"https:\/\/psol50.org.br\/rest\/wp\/v2\/posts\/1886","targetHints":{"allow":["GET"]}}],"collection":[{"href":"https:\/\/psol50.org.br\/rest\/wp\/v2\/posts"}],"about":[{"href":"https:\/\/psol50.org.br\/rest\/wp\/v2\/types\/post"}],"author":[{"embeddable":true,"href":"https:\/\/psol50.org.br\/rest\/wp\/v2\/users\/2"}],"replies":[{"embeddable":true,"href":"https:\/\/psol50.org.br\/rest\/wp\/v2\/comments?post=1886"}],"version-history":[{"count":0,"href":"https:\/\/psol50.org.br\/rest\/wp\/v2\/posts\/1886\/revisions"}],"wp:attachment":[{"href":"https:\/\/psol50.org.br\/rest\/wp\/v2\/media?parent=1886"}],"wp:term":[{"taxonomy":"category","embeddable":true,"href":"https:\/\/psol50.org.br\/rest\/wp\/v2\/categories?post=1886"},{"taxonomy":"post_tag","embeddable":true,"href":"https:\/\/psol50.org.br\/rest\/wp\/v2\/tags?post=1886"}],"curies":[{"name":"wp","href":"https:\/\/api.w.org\/{rel}","templated":true}]}}