{"id":18874,"date":"2017-11-10T15:35:03","date_gmt":"2017-11-10T17:35:03","guid":{"rendered":"http:\/\/www.psol50.org.br\/?p=18874"},"modified":"2017-11-10T15:35:03","modified_gmt":"2017-11-10T17:35:03","slug":"confira-a-agenda-de-atos-contra-pec-que-restringe-aborto","status":"publish","type":"post","link":"https:\/\/psol50.org.br\/confira-a-agenda-de-atos-contra-pec-que-restringe-aborto\/","title":{"rendered":"Confira a agenda de atos contra PEC que restringe aborto"},"content":{"rendered":"<p>Movimentos feministas convocam mulheres de todo o pa\u00eds para mobiliza\u00e7\u00e3o no dia 13 de novembro contra a <a href=\"http:\/\/www.psol50.org.br\/comissao-da-camara-aprova-proposta-que-proibe-aborto-ate-em-caso-de-estupro\/\" target=\"_blank\" rel=\"noopener\"><span style=\"color: #0000ff;\"><strong>PEC 181<\/strong><\/span><\/a>, que restringe o direito ao aborto at\u00e9 mesmo em casos j\u00e1 permitidos &#8211; estupro, risco para a gestante e fetos anenc\u00e9falos.<\/p>\n<p>O PSOL acredita que \u00e9 necess\u00e1rio<a href=\"http:\/\/www.psol50.org.br\/entenda-a-acao-do-psol-pela-descriminalizacao-do-aborto\/\" target=\"_blank\" rel=\"noopener\"><strong><span style=\"color: #0000ff;\">\u00a0ampliar a descriminaliza\u00e7\u00e3o do aborto<\/span><\/strong><\/a>, e n\u00e3o restringir ainda mais seu acesso. Nossa milit\u00e2ncia estar\u00e1 presente nos atos convocados e o partido continuar\u00e1 na luta pela vida das mulheres.<\/p>\n<p>Confira a agenda do dia 13:<\/p>\n<p><strong>Bel\u00e9m<\/strong><\/p>\n<p>17h &#8211; Escadinha das Docas<\/p>\n<p><a href=\"http:\/\/bit.ly\/atobelem\" target=\"_blank\" rel=\"noopener\"><span style=\"color: #0000ff;\">Confirme presen\u00e7a!<\/span><\/a><\/p>\n<p><strong>Belo Horizonte<\/strong><\/p>\n<p>17h &#8211; Pra\u00e7a 7 de Setembro<\/p>\n<p><a href=\"http:\/\/bit.ly\/atobh\" target=\"_blank\" rel=\"noopener\"><span style=\"color: #0000ff;\">Confirme presen\u00e7a!<\/span><\/a><\/p>\n<p><strong>S\u00e3o Paulo<\/strong><\/p>\n<p>18h &#8211; MASP<\/p>\n<p><a href=\"http:\/\/bit.ly\/atosp\" target=\"_blank\" rel=\"noopener\"><span style=\"color: #0000ff;\">Confirme presen\u00e7a!<\/span><\/a><\/p>\n<p><strong>Florian\u00f3polis<\/strong><\/p>\n<p>17h &#8211; Esquina Feminista<\/p>\n<p><a href=\"http:\/\/bit.ly\/atofloripa\" target=\"_blank\" rel=\"noopener\"><span style=\"color: #0000ff;\">Confirme presen\u00e7a!\u00a0<\/span><\/a><\/p>\n<p><strong>Curitiba<\/strong><\/p>\n<p>18h30 &#8211; Pra\u00e7a da Mulher Nua<\/p>\n<p><a href=\"http:\/\/bit.ly\/atocuritiba\" target=\"_blank\" rel=\"noopener\"><span style=\"color: #0000ff;\">Confirme presen\u00e7a!<\/span><\/a><\/p>\n<p><strong>Porto Alegre<\/strong><\/p>\n<p>18h &#8211; Esquina Democr\u00e1tica<\/p>\n<p><a href=\"http:\/\/bit.ly\/atopoars\" target=\"_blank\" rel=\"noopener\"><span style=\"color: #0000ff;\">Confirme presen\u00e7a!<\/span><\/a><\/p>\n<p><strong>Fortaleza<\/strong><\/p>\n<p>17h &#8211; Benfica<\/p>\n<p><a href=\"http:\/\/bit.ly\/atofortaleza\" target=\"_blank\" rel=\"noopener\"><span style=\"color: #0000ff;\">Confirme presen\u00e7a!<\/span><\/a><\/p>\n<p><strong>Rio de Janeiro<\/strong><\/p>\n<p>17h &#8211; Cinel\u00e2ndia<\/p>\n<p><a href=\"http:\/\/bit.ly\/atoriodejaneiro\" target=\"_blank\" rel=\"noopener\"><span style=\"color: #0000ff;\">Confirme presen\u00e7a!<\/span><\/a><\/p>\n<p><strong>Recife<\/strong><\/p>\n<p>17h &#8211;\u00a0<span class=\"_5xhk\">Esquina da Av. Conde da Boa Vista com Rua 7 de Setembro<\/span><\/p>\n<p><a href=\"http:\/\/bit.ly\/atorecife\" target=\"_blank\" rel=\"noopener\"><span style=\"color: #0000ff;\">Confirme presen\u00e7a!<\/span><\/a><\/p>\n<p><strong>Ribeir\u00e3o Preto<\/strong><\/p>\n<p>9h &#8211; Esplanada do Pedro II<\/p>\n<p><a href=\"http:\/\/bit.ly\/atoribeirao\" target=\"_blank\" rel=\"noopener\"><span style=\"color: #0000ff;\">Confirme presen\u00e7a!<\/span><\/a><\/p>\n<p><strong>Manaus\u00a0<\/strong><\/p>\n<p>17h &#8211; Largo de S\u00e3o Sebasti\u00e3o<\/p>\n<p><a href=\"http:\/\/bit.ly\/atomanaus\" target=\"_blank\" rel=\"noopener\"><span style=\"color: #0000ff;\">Confirme presen\u00e7a!<\/span><\/a><\/p>\n<p><strong>Bras\u00edlia<\/strong><\/p>\n<p>16h &#8211; Esplanada dos Minist\u00e9rios<\/p>\n<p><a href=\"http:\/\/bit.ly\/atodf\" target=\"_blank\" rel=\"noopener\"><span style=\"color: #0000ff;\">Confirme presen\u00e7a!<\/span><\/a><\/p>\n<p><strong>Maring\u00e1<\/strong><\/p>\n<p>16h &#8211; Pra\u00e7a Raposo Tavares<\/p>\n<p><a href=\"http:\/\/bit.ly\/atomaringa\" target=\"_blank\" rel=\"noopener\"><span style=\"color: #0000ff;\">Confirme presen\u00e7a!<\/span><\/a><\/p>\n<p><strong>Salvador<\/strong><\/p>\n<p>14h &#8211; Pra\u00e7a da Piedade<\/p>\n<p><a href=\"http:\/\/bit.ly\/atosalvador\" target=\"_blank\" rel=\"noopener\"><span style=\"color: #0000ff;\">Confirme presen\u00e7a!<\/span><\/a><\/p>\n<p><strong>Campinas<\/strong><\/p>\n<p>16h &#8211; Pra\u00e7a da Catedral de Campinas<\/p>\n<p><a href=\"https:\/\/www.facebook.com\/events\/1612504108809468\/\" target=\"_blank\" rel=\"noopener\"><span style=\"color: #0000ff;\">Confirme presen\u00e7a!\u00a0<\/span><\/a><\/p>\n<p><strong>Taubat\u00e9<\/strong><\/p>\n<p>17h &#8211; Pra\u00e7a Santa Terezina<\/p>\n<p><a href=\"https:\/\/www.facebook.com\/events\/536554730014826\/?ti=icl\" target=\"_blank\" rel=\"noopener\"><span style=\"color: #3366ff;\">Confirme presen\u00e7a!<\/span><\/a><\/p>\n<p><strong>Uberl\u00e2ndia<\/strong><\/p>\n<p>17h &#8211; Centro de Conviv\u00eancia &#8211; UFU<\/p>\n<p><a href=\"https:\/\/www.facebook.com\/events\/1495926950442963\/\" target=\"_blank\" rel=\"noopener\"><span style=\"color: #3366ff;\">Confirme presen\u00e7a!<\/span><\/a><\/p>\n<p><strong>Goi\u00e2nia<\/strong><\/p>\n<p>18h &#8211; Rua Dr. Olinto Manso Pereira n\u00ba 960<\/p>\n<p><a href=\"https:\/\/www.facebook.com\/events\/2029249893973415\/\" target=\"_blank\" rel=\"noopener\"><span style=\"color: #3366ff;\">Confirme presen\u00e7a!<\/span><\/a><\/p>\n<p><strong>Campo Grande<\/strong><\/p>\n<p>18h &#8211; Pra\u00e7a Ary Coelho<\/p>\n<p><a href=\"https:\/\/www.facebook.com\/events\/287962298390980\/\" target=\"_blank\" rel=\"noopener\"><span style=\"color: #3366ff;\">Confirme presen\u00e7a!<\/span><\/a><\/p>\n<p><strong>S\u00e3o Carlos<\/strong><\/p>\n<p>17h30 &#8211; Biblioteca do ICMC<\/p>\n<p><a href=\"https:\/\/www.facebook.com\/events\/333513957123620\/\" target=\"_blank\" rel=\"noopener\"><span style=\"color: #3366ff;\">Confirme presen\u00e7a!<\/span><\/a><\/p>\n<p><strong>Macei\u00f3<\/strong><\/p>\n<p>17h &#8211; Rua do Com\u00e9rcio\/Centro<\/p>\n<p><a href=\"https:\/\/www.facebook.com\/events\/743374329194765\/\" target=\"_blank\" rel=\"noopener\"><span style=\"color: #3366ff;\">Confirme presen\u00e7a!<\/span><\/a><\/p>\n<p><strong>Vit\u00f3ria<\/strong><\/p>\n<p>16h &#8211; Assembleia Legislativa do Esp\u00edrito Santo<\/p>\n<p><a href=\"https:\/\/www.facebook.com\/events\/1916336098686318\/\" target=\"_blank\" rel=\"noopener\"><span style=\"color: #3366ff;\">Confirme presen\u00e7a!<\/span><\/a><\/p>\n","protected":false},"excerpt":{"rendered":"<p>Movimentos feministas convocam mulheres de todo o pa\u00eds para mobiliza\u00e7\u00e3o no dia 13 de novembro contra a PEC 181, que restringe o direito ao aborto at\u00e9 mesmo em casos j\u00e1 permitidos &#8211; estupro, risco para a gestante e fetos anenc\u00e9falos. O PSOL acredita que \u00e9 necess\u00e1rio\u00a0ampliar a descriminaliza\u00e7\u00e3o do aborto, e n\u00e3o restringir ainda mais [&hellip;]<\/p>\n","protected":false},"author":2,"featured_media":17869,"comment_status":"open","ping_status":"open","sticky":false,"template":"","format":"standard","meta":{"_acf_changed":false,"footnotes":""},"categories":[1882,1104],"tags":[824,2336,334,3535],"class_list":{"0":"post-18874","1":"post","2":"type-post","3":"status-publish","4":"format-standard","5":"has-post-thumbnail","7":"category-brasil","8":"category-movimento","9":"tag-aborto","10":"tag-agenda","11":"tag-ato","12":"tag-pec-181"},"acf":[],"yoast_head":"<!-- This site is optimized with the Yoast SEO plugin v26.5 - https:\/\/yoast.com\/wordpress\/plugins\/seo\/ -->\n<title>Confira a agenda de atos contra PEC que restringe aborto - PSOL 50<\/title>\n<meta name=\"robots\" content=\"index, follow, max-snippet:-1, max-image-preview:large, max-video-preview:-1\" \/>\n<link rel=\"canonical\" href=\"https:\/\/psol50.org.br\/confira-a-agenda-de-atos-contra-pec-que-restringe-aborto\/\" \/>\n<meta property=\"og:locale\" content=\"pt_BR\" \/>\n<meta property=\"og:type\" content=\"article\" \/>\n<meta property=\"og:title\" content=\"Confira a agenda de atos contra PEC que restringe aborto - PSOL 50\" \/>\n<meta property=\"og:description\" content=\"Movimentos feministas convocam mulheres de todo o pa\u00eds para mobiliza\u00e7\u00e3o no dia 13 de novembro contra a PEC 181, que restringe o direito ao aborto at\u00e9 mesmo em casos j\u00e1 permitidos &#8211; estupro, risco para a gestante e fetos anenc\u00e9falos. O PSOL acredita que \u00e9 necess\u00e1rio\u00a0ampliar a descriminaliza\u00e7\u00e3o do aborto, e n\u00e3o restringir ainda mais [&hellip;]\" \/>\n<meta property=\"og:url\" content=\"https:\/\/psol50.org.br\/confira-a-agenda-de-atos-contra-pec-que-restringe-aborto\/\" \/>\n<meta property=\"og:site_name\" content=\"PSOL 50\" \/>\n<meta property=\"article:publisher\" content=\"https:\/\/www.facebook.com\/psol50\" \/>\n<meta property=\"article:published_time\" content=\"2017-11-10T17:35:03+00:00\" \/>\n<meta property=\"og:image\" content=\"https:\/\/psol50.org.br\/inc\/uploads\/2017\/08\/abortoo-midia-ninja.jpeg\" \/>\n\t<meta property=\"og:image:width\" content=\"1350\" \/>\n\t<meta property=\"og:image:height\" content=\"900\" \/>\n\t<meta property=\"og:image:type\" content=\"image\/jpeg\" \/>\n<meta name=\"author\" content=\"Comunica\u00e7\u00e3o PSOL\" \/>\n<meta name=\"twitter:card\" content=\"summary_large_image\" \/>\n<meta name=\"twitter:creator\" content=\"@psol50\" \/>\n<meta name=\"twitter:site\" content=\"@psol50\" \/>\n<meta name=\"twitter:label1\" content=\"Escrito por\" \/>\n\t<meta name=\"twitter:data1\" content=\"Comunica\u00e7\u00e3o PSOL\" \/>\n\t<meta name=\"twitter:label2\" content=\"Est. tempo de leitura\" \/>\n\t<meta name=\"twitter:data2\" content=\"2 minutos\" \/>\n<script type=\"application\/ld+json\" class=\"yoast-schema-graph\">{\"@context\":\"https:\/\/schema.org\",\"@graph\":[{\"@type\":\"Article\",\"@id\":\"https:\/\/psol50.org.br\/confira-a-agenda-de-atos-contra-pec-que-restringe-aborto\/#article\",\"isPartOf\":{\"@id\":\"https:\/\/psol50.org.br\/confira-a-agenda-de-atos-contra-pec-que-restringe-aborto\/\"},\"author\":{\"name\":\"Comunica\u00e7\u00e3o PSOL\",\"@id\":\"https:\/\/psol50.org.br\/#\/schema\/person\/475dfa57d0b815993c714c2e96491fcd\"},\"headline\":\"Confira a agenda de atos contra PEC que restringe aborto\",\"datePublished\":\"2017-11-10T17:35:03+00:00\",\"mainEntityOfPage\":{\"@id\":\"https:\/\/psol50.org.br\/confira-a-agenda-de-atos-contra-pec-que-restringe-aborto\/\"},\"wordCount\":337,\"commentCount\":0,\"publisher\":{\"@id\":\"https:\/\/psol50.org.br\/#organization\"},\"image\":{\"@id\":\"https:\/\/psol50.org.br\/confira-a-agenda-de-atos-contra-pec-que-restringe-aborto\/#primaryimage\"},\"thumbnailUrl\":\"https:\/\/psol50.org.br\/inc\/uploads\/2017\/08\/abortoo-midia-ninja.jpeg\",\"keywords\":[\"aborto\",\"agenda\",\"ato\",\"pec 181\"],\"articleSection\":[\"Brasil\",\"Movimento\"],\"inLanguage\":\"pt-BR\",\"potentialAction\":[{\"@type\":\"CommentAction\",\"name\":\"Comment\",\"target\":[\"https:\/\/psol50.org.br\/confira-a-agenda-de-atos-contra-pec-que-restringe-aborto\/#respond\"]}]},{\"@type\":\"WebPage\",\"@id\":\"https:\/\/psol50.org.br\/confira-a-agenda-de-atos-contra-pec-que-restringe-aborto\/\",\"url\":\"https:\/\/psol50.org.br\/confira-a-agenda-de-atos-contra-pec-que-restringe-aborto\/\",\"name\":\"Confira a agenda de atos contra PEC que restringe aborto - PSOL 50\",\"isPartOf\":{\"@id\":\"https:\/\/psol50.org.br\/#website\"},\"primaryImageOfPage\":{\"@id\":\"https:\/\/psol50.org.br\/confira-a-agenda-de-atos-contra-pec-que-restringe-aborto\/#primaryimage\"},\"image\":{\"@id\":\"https:\/\/psol50.org.br\/confira-a-agenda-de-atos-contra-pec-que-restringe-aborto\/#primaryimage\"},\"thumbnailUrl\":\"https:\/\/psol50.org.br\/inc\/uploads\/2017\/08\/abortoo-midia-ninja.jpeg\",\"datePublished\":\"2017-11-10T17:35:03+00:00\",\"breadcrumb\":{\"@id\":\"https:\/\/psol50.org.br\/confira-a-agenda-de-atos-contra-pec-que-restringe-aborto\/#breadcrumb\"},\"inLanguage\":\"pt-BR\",\"potentialAction\":[{\"@type\":\"ReadAction\",\"target\":[\"https:\/\/psol50.org.br\/confira-a-agenda-de-atos-contra-pec-que-restringe-aborto\/\"]}]},{\"@type\":\"ImageObject\",\"inLanguage\":\"pt-BR\",\"@id\":\"https:\/\/psol50.org.br\/confira-a-agenda-de-atos-contra-pec-que-restringe-aborto\/#primaryimage\",\"url\":\"https:\/\/psol50.org.br\/inc\/uploads\/2017\/08\/abortoo-midia-ninja.jpeg\",\"contentUrl\":\"https:\/\/psol50.org.br\/inc\/uploads\/2017\/08\/abortoo-midia-ninja.jpeg\",\"width\":1350,\"height\":900},{\"@type\":\"BreadcrumbList\",\"@id\":\"https:\/\/psol50.org.br\/confira-a-agenda-de-atos-contra-pec-que-restringe-aborto\/#breadcrumb\",\"itemListElement\":[{\"@type\":\"ListItem\",\"position\":1,\"name\":\"In\u00edcio\",\"item\":\"https:\/\/psol50.org.br\/\"},{\"@type\":\"ListItem\",\"position\":2,\"name\":\"Confira a agenda de atos contra PEC que restringe aborto\"}]},{\"@type\":\"WebSite\",\"@id\":\"https:\/\/psol50.org.br\/#website\",\"url\":\"https:\/\/psol50.org.br\/\",\"name\":\"PSOL 50\",\"description\":\"Site oficial do Partido Socialismo e Liberdade\",\"publisher\":{\"@id\":\"https:\/\/psol50.org.br\/#organization\"},\"alternateName\":\"PSOL50\",\"potentialAction\":[{\"@type\":\"SearchAction\",\"target\":{\"@type\":\"EntryPoint\",\"urlTemplate\":\"https:\/\/psol50.org.br\/?s={search_term_string}\"},\"query-input\":{\"@type\":\"PropertyValueSpecification\",\"valueRequired\":true,\"valueName\":\"search_term_string\"}}],\"inLanguage\":\"pt-BR\"},{\"@type\":\"Organization\",\"@id\":\"https:\/\/psol50.org.br\/#organization\",\"name\":\"PSOL 50\",\"alternateName\":\"PSOL 50\",\"url\":\"https:\/\/psol50.org.br\/\",\"logo\":{\"@type\":\"ImageObject\",\"inLanguage\":\"pt-BR\",\"@id\":\"https:\/\/psol50.org.br\/#\/schema\/logo\/image\/\",\"url\":\"https:\/\/psol50.org.br\/inc\/uploads\/2018\/07\/capa.png\",\"contentUrl\":\"https:\/\/psol50.org.br\/inc\/uploads\/2018\/07\/capa.png\",\"width\":1350,\"height\":900,\"caption\":\"PSOL 50\"},\"image\":{\"@id\":\"https:\/\/psol50.org.br\/#\/schema\/logo\/image\/\"},\"sameAs\":[\"https:\/\/www.facebook.com\/psol50\",\"https:\/\/x.com\/psol50\",\"https:\/\/www.instagram.com\/psol50\/\",\"https:\/\/www.youtube.com\/channel\/UC7SnJS5o1os7a6CaiNabzcg\"]},{\"@type\":\"Person\",\"@id\":\"https:\/\/psol50.org.br\/#\/schema\/person\/475dfa57d0b815993c714c2e96491fcd\",\"name\":\"Comunica\u00e7\u00e3o PSOL\",\"image\":{\"@type\":\"ImageObject\",\"inLanguage\":\"pt-BR\",\"@id\":\"https:\/\/psol50.org.br\/#\/schema\/person\/image\/\",\"url\":\"https:\/\/secure.gravatar.com\/avatar\/b34fc4f4e468a4e51785917065a3db57b841f5c95dba6ad8c73aaf8f66f8f9bf?s=96&d=mm&r=g\",\"contentUrl\":\"https:\/\/secure.gravatar.com\/avatar\/b34fc4f4e468a4e51785917065a3db57b841f5c95dba6ad8c73aaf8f66f8f9bf?s=96&d=mm&r=g\",\"caption\":\"Comunica\u00e7\u00e3o PSOL\"}}]}<\/script>\n<!-- \/ Yoast SEO plugin. -->","yoast_head_json":{"title":"Confira a agenda de atos contra PEC que restringe aborto - PSOL 50","robots":{"index":"index","follow":"follow","max-snippet":"max-snippet:-1","max-image-preview":"max-image-preview:large","max-video-preview":"max-video-preview:-1"},"canonical":"https:\/\/psol50.org.br\/confira-a-agenda-de-atos-contra-pec-que-restringe-aborto\/","og_locale":"pt_BR","og_type":"article","og_title":"Confira a agenda de atos contra PEC que restringe aborto - PSOL 50","og_description":"Movimentos feministas convocam mulheres de todo o pa\u00eds para mobiliza\u00e7\u00e3o no dia 13 de novembro contra a PEC 181, que restringe o direito ao aborto at\u00e9 mesmo em casos j\u00e1 permitidos &#8211; estupro, risco para a gestante e fetos anenc\u00e9falos. O PSOL acredita que \u00e9 necess\u00e1rio\u00a0ampliar a descriminaliza\u00e7\u00e3o do aborto, e n\u00e3o restringir ainda mais [&hellip;]","og_url":"https:\/\/psol50.org.br\/confira-a-agenda-de-atos-contra-pec-que-restringe-aborto\/","og_site_name":"PSOL 50","article_publisher":"https:\/\/www.facebook.com\/psol50","article_published_time":"2017-11-10T17:35:03+00:00","og_image":[{"width":1350,"height":900,"url":"https:\/\/psol50.org.br\/inc\/uploads\/2017\/08\/abortoo-midia-ninja.jpeg","type":"image\/jpeg"}],"author":"Comunica\u00e7\u00e3o PSOL","twitter_card":"summary_large_image","twitter_creator":"@psol50","twitter_site":"@psol50","twitter_misc":{"Escrito por":"Comunica\u00e7\u00e3o PSOL","Est. tempo de leitura":"2 minutos"},"schema":{"@context":"https:\/\/schema.org","@graph":[{"@type":"Article","@id":"https:\/\/psol50.org.br\/confira-a-agenda-de-atos-contra-pec-que-restringe-aborto\/#article","isPartOf":{"@id":"https:\/\/psol50.org.br\/confira-a-agenda-de-atos-contra-pec-que-restringe-aborto\/"},"author":{"name":"Comunica\u00e7\u00e3o PSOL","@id":"https:\/\/psol50.org.br\/#\/schema\/person\/475dfa57d0b815993c714c2e96491fcd"},"headline":"Confira a agenda de atos contra PEC que restringe aborto","datePublished":"2017-11-10T17:35:03+00:00","mainEntityOfPage":{"@id":"https:\/\/psol50.org.br\/confira-a-agenda-de-atos-contra-pec-que-restringe-aborto\/"},"wordCount":337,"commentCount":0,"publisher":{"@id":"https:\/\/psol50.org.br\/#organization"},"image":{"@id":"https:\/\/psol50.org.br\/confira-a-agenda-de-atos-contra-pec-que-restringe-aborto\/#primaryimage"},"thumbnailUrl":"https:\/\/psol50.org.br\/inc\/uploads\/2017\/08\/abortoo-midia-ninja.jpeg","keywords":["aborto","agenda","ato","pec 181"],"articleSection":["Brasil","Movimento"],"inLanguage":"pt-BR","potentialAction":[{"@type":"CommentAction","name":"Comment","target":["https:\/\/psol50.org.br\/confira-a-agenda-de-atos-contra-pec-que-restringe-aborto\/#respond"]}]},{"@type":"WebPage","@id":"https:\/\/psol50.org.br\/confira-a-agenda-de-atos-contra-pec-que-restringe-aborto\/","url":"https:\/\/psol50.org.br\/confira-a-agenda-de-atos-contra-pec-que-restringe-aborto\/","name":"Confira a agenda de atos contra PEC que restringe aborto - PSOL 50","isPartOf":{"@id":"https:\/\/psol50.org.br\/#website"},"primaryImageOfPage":{"@id":"https:\/\/psol50.org.br\/confira-a-agenda-de-atos-contra-pec-que-restringe-aborto\/#primaryimage"},"image":{"@id":"https:\/\/psol50.org.br\/confira-a-agenda-de-atos-contra-pec-que-restringe-aborto\/#primaryimage"},"thumbnailUrl":"https:\/\/psol50.org.br\/inc\/uploads\/2017\/08\/abortoo-midia-ninja.jpeg","datePublished":"2017-11-10T17:35:03+00:00","breadcrumb":{"@id":"https:\/\/psol50.org.br\/confira-a-agenda-de-atos-contra-pec-que-restringe-aborto\/#breadcrumb"},"inLanguage":"pt-BR","potentialAction":[{"@type":"ReadAction","target":["https:\/\/psol50.org.br\/confira-a-agenda-de-atos-contra-pec-que-restringe-aborto\/"]}]},{"@type":"ImageObject","inLanguage":"pt-BR","@id":"https:\/\/psol50.org.br\/confira-a-agenda-de-atos-contra-pec-que-restringe-aborto\/#primaryimage","url":"https:\/\/psol50.org.br\/inc\/uploads\/2017\/08\/abortoo-midia-ninja.jpeg","contentUrl":"https:\/\/psol50.org.br\/inc\/uploads\/2017\/08\/abortoo-midia-ninja.jpeg","width":1350,"height":900},{"@type":"BreadcrumbList","@id":"https:\/\/psol50.org.br\/confira-a-agenda-de-atos-contra-pec-que-restringe-aborto\/#breadcrumb","itemListElement":[{"@type":"ListItem","position":1,"name":"In\u00edcio","item":"https:\/\/psol50.org.br\/"},{"@type":"ListItem","position":2,"name":"Confira a agenda de atos contra PEC que restringe aborto"}]},{"@type":"WebSite","@id":"https:\/\/psol50.org.br\/#website","url":"https:\/\/psol50.org.br\/","name":"PSOL 50","description":"Site oficial do Partido Socialismo e Liberdade","publisher":{"@id":"https:\/\/psol50.org.br\/#organization"},"alternateName":"PSOL50","potentialAction":[{"@type":"SearchAction","target":{"@type":"EntryPoint","urlTemplate":"https:\/\/psol50.org.br\/?s={search_term_string}"},"query-input":{"@type":"PropertyValueSpecification","valueRequired":true,"valueName":"search_term_string"}}],"inLanguage":"pt-BR"},{"@type":"Organization","@id":"https:\/\/psol50.org.br\/#organization","name":"PSOL 50","alternateName":"PSOL 50","url":"https:\/\/psol50.org.br\/","logo":{"@type":"ImageObject","inLanguage":"pt-BR","@id":"https:\/\/psol50.org.br\/#\/schema\/logo\/image\/","url":"https:\/\/psol50.org.br\/inc\/uploads\/2018\/07\/capa.png","contentUrl":"https:\/\/psol50.org.br\/inc\/uploads\/2018\/07\/capa.png","width":1350,"height":900,"caption":"PSOL 50"},"image":{"@id":"https:\/\/psol50.org.br\/#\/schema\/logo\/image\/"},"sameAs":["https:\/\/www.facebook.com\/psol50","https:\/\/x.com\/psol50","https:\/\/www.instagram.com\/psol50\/","https:\/\/www.youtube.com\/channel\/UC7SnJS5o1os7a6CaiNabzcg"]},{"@type":"Person","@id":"https:\/\/psol50.org.br\/#\/schema\/person\/475dfa57d0b815993c714c2e96491fcd","name":"Comunica\u00e7\u00e3o PSOL","image":{"@type":"ImageObject","inLanguage":"pt-BR","@id":"https:\/\/psol50.org.br\/#\/schema\/person\/image\/","url":"https:\/\/secure.gravatar.com\/avatar\/b34fc4f4e468a4e51785917065a3db57b841f5c95dba6ad8c73aaf8f66f8f9bf?s=96&d=mm&r=g","contentUrl":"https:\/\/secure.gravatar.com\/avatar\/b34fc4f4e468a4e51785917065a3db57b841f5c95dba6ad8c73aaf8f66f8f9bf?s=96&d=mm&r=g","caption":"Comunica\u00e7\u00e3o PSOL"}}]}},"_links":{"self":[{"href":"https:\/\/psol50.org.br\/rest\/wp\/v2\/posts\/18874","targetHints":{"allow":["GET"]}}],"collection":[{"href":"https:\/\/psol50.org.br\/rest\/wp\/v2\/posts"}],"about":[{"href":"https:\/\/psol50.org.br\/rest\/wp\/v2\/types\/post"}],"author":[{"embeddable":true,"href":"https:\/\/psol50.org.br\/rest\/wp\/v2\/users\/2"}],"replies":[{"embeddable":true,"href":"https:\/\/psol50.org.br\/rest\/wp\/v2\/comments?post=18874"}],"version-history":[{"count":0,"href":"https:\/\/psol50.org.br\/rest\/wp\/v2\/posts\/18874\/revisions"}],"wp:featuredmedia":[{"embeddable":true,"href":"https:\/\/psol50.org.br\/rest\/wp\/v2\/media\/17869"}],"wp:attachment":[{"href":"https:\/\/psol50.org.br\/rest\/wp\/v2\/media?parent=18874"}],"wp:term":[{"taxonomy":"category","embeddable":true,"href":"https:\/\/psol50.org.br\/rest\/wp\/v2\/categories?post=18874"},{"taxonomy":"post_tag","embeddable":true,"href":"https:\/\/psol50.org.br\/rest\/wp\/v2\/tags?post=18874"}],"curies":[{"name":"wp","href":"https:\/\/api.w.org\/{rel}","templated":true}]}}