{"id":18875,"date":"2017-11-10T15:29:09","date_gmt":"2017-11-10T17:29:09","guid":{"rendered":"http:\/\/www.psol50.org.br\/?p=18875"},"modified":"2017-11-10T15:29:09","modified_gmt":"2017-11-10T17:29:09","slug":"psol-bahia-aposta-em-marcos-mendes-para-disputar-governo-estadual-em-2018","status":"publish","type":"post","link":"https:\/\/psol50.org.br\/psol-bahia-aposta-em-marcos-mendes-para-disputar-governo-estadual-em-2018\/","title":{"rendered":"PSOL Bahia aposta em Marcos Mendes para disputar governo estadual em 2018"},"content":{"rendered":"<p>A milit\u00e2ncia do PSOL da Bahia j\u00e1 tem o nome que disputar\u00e1 a elei\u00e7\u00e3o para o governo do Estado em 2018. Por unanimidade, o 6\u00ba Congresso Estadual do PSOL-BA, realizado em 28 de outubro, aprovou o nome de Marcos Mendes como o pr\u00e9-candidato ao pleito. A candidatura ser\u00e1 referendada em conven\u00e7\u00e3o partid\u00e1ria, que ocorrer\u00e1 no primeiro semestre do ano que vem.<\/p>\n<p>Mendes, que tamb\u00e9m representou o PSOL na disputa em 2014, afirma que pretende apresentar uma verdadeira via alternativa para os baianos. O pr\u00e9-candidato destaca que O PSOL \u00e9 o \u00fanico partido em que todos os parlamentares n\u00e3o est\u00e3o envolvidos com qualquer esquema de corrup\u00e7\u00e3o ou a\u00e7\u00e3o criminosa contra os brasileiros. Historicamente, o partido tem agido como fiscal para preservar os direitos de trabalhadoras e trabalhadores e foi respons\u00e1vel por den\u00fancias envolvendo Michel Temer, Geddel Vieira Lima, Eduardo Cunha, entre outros.<\/p>\n<p>&#8220;Os deputados do PSOL denunciam, todos os dias, os desvios ilegais da verba p\u00fablica. A bancada do PSOL na C\u00e2mara, pela quarta vez consecutiva, \u00e9 considerada pelo Pr\u00eamio Congresso em Foco, como os melhores deputados federais do Brasil&#8221;, disse o pr\u00e9-candidato.<\/p>\n<p>Marcos Mendes \u00e9 formado em Geologia pela Universidade Federal da Bahia, com especializa\u00e7\u00e3o em Meio Ambiente, p\u00f3s-graduado em Gest\u00e3o P\u00fablica Municipal e Governamental e mestre em Geologia Ambiental. Iniciou sua vida pol\u00edtica ainda como estudante, militando no movimento estudantil.<\/p>\n<p>Concorreu ao primeiro cargo eletivo em 2006, como deputado federal. Foi candidato a vereador por duas vezes, em 2008 e em 2012. Nas elei\u00e7\u00f5es de 2010 tamb\u00e9m disputou o cargo de governador e, apesar de n\u00e3o ter sido eleito, alcan\u00e7ou 31.705 votos v\u00e1lidos. J\u00e1 em 2014, ele obteve 50.891 Votos.<\/p>\n<p><img loading=\"lazy\" decoding=\"async\" class=\"alignleft wp-image-18876 \" src=\"http:\/\/www.psol50.org.br\/inc\/uploads\/2017\/11\/2017-11-10-15.20.53-150x150.jpg\" alt=\"\" width=\"199\" height=\"169\" \/><\/p>\n<p><strong>F\u00e1bio Nogueira presidente<\/strong><\/p>\n<p>Al\u00e9m da defini\u00e7\u00e3o do nome do pr\u00e9-candidato ao governo da Bahia, o congresso estadual elegeu a nova dire\u00e7\u00e3o do partido. Saiu vencedora a chapa encabe\u00e7ada pelo soci\u00f3logo e professor F\u00e1bio Nogueira, que ficar\u00e1 \u00e0 frente do partido nos pr\u00f3ximos dois anos.<\/p>\n<p>&nbsp;<\/p>\n<p>&nbsp;<\/p>\n<p>&nbsp;<\/p>\n<p>Para o 6\u00ba Congresso Nacional, o PSOL-BA elegeu mais de 40 delegados.<\/p>\n","protected":false},"excerpt":{"rendered":"<p>A milit\u00e2ncia do PSOL da Bahia j\u00e1 tem o nome que disputar\u00e1 a elei\u00e7\u00e3o para o governo do Estado em 2018. Por unanimidade, o 6\u00ba Congresso Estadual do PSOL-BA, realizado em 28 de outubro, aprovou o nome de Marcos Mendes como o pr\u00e9-candidato ao pleito. A candidatura ser\u00e1 referendada em conven\u00e7\u00e3o partid\u00e1ria, que ocorrer\u00e1 no [&hellip;]<\/p>\n","protected":false},"author":2,"featured_media":18877,"comment_status":"open","ping_status":"open","sticky":false,"template":"","format":"standard","meta":{"_acf_changed":false,"footnotes":""},"categories":[2165,6,14],"tags":[37,1604,1569,1828],"class_list":{"0":"post-18875","1":"post","2":"type-post","3":"status-publish","4":"format-standard","5":"has-post-thumbnail","7":"category-eleicoes-2018","8":"category-noticias","9":"category-partido","10":"tag-bahia","11":"tag-eleicoes-2018","12":"tag-governador","13":"tag-marcos-mendes"},"acf":[],"yoast_head":"<!-- This site is optimized with the Yoast SEO plugin v26.5 - https:\/\/yoast.com\/wordpress\/plugins\/seo\/ -->\n<title>PSOL Bahia aposta em Marcos Mendes para disputar governo estadual em 2018 - PSOL 50<\/title>\n<meta name=\"robots\" content=\"index, follow, max-snippet:-1, max-image-preview:large, max-video-preview:-1\" \/>\n<link rel=\"canonical\" href=\"https:\/\/psol50.org.br\/psol-bahia-aposta-em-marcos-mendes-para-disputar-governo-estadual-em-2018\/\" \/>\n<meta property=\"og:locale\" content=\"pt_BR\" \/>\n<meta property=\"og:type\" content=\"article\" \/>\n<meta property=\"og:title\" content=\"PSOL Bahia aposta em Marcos Mendes para disputar governo estadual em 2018 - PSOL 50\" \/>\n<meta property=\"og:description\" content=\"A milit\u00e2ncia do PSOL da Bahia j\u00e1 tem o nome que disputar\u00e1 a elei\u00e7\u00e3o para o governo do Estado em 2018. Por unanimidade, o 6\u00ba Congresso Estadual do PSOL-BA, realizado em 28 de outubro, aprovou o nome de Marcos Mendes como o pr\u00e9-candidato ao pleito. A candidatura ser\u00e1 referendada em conven\u00e7\u00e3o partid\u00e1ria, que ocorrer\u00e1 no [&hellip;]\" \/>\n<meta property=\"og:url\" content=\"https:\/\/psol50.org.br\/psol-bahia-aposta-em-marcos-mendes-para-disputar-governo-estadual-em-2018\/\" \/>\n<meta property=\"og:site_name\" content=\"PSOL 50\" \/>\n<meta property=\"article:publisher\" content=\"https:\/\/www.facebook.com\/psol50\" \/>\n<meta property=\"article:published_time\" content=\"2017-11-10T17:29:09+00:00\" \/>\n<meta property=\"og:image\" content=\"https:\/\/psol50.org.br\/inc\/uploads\/2018\/07\/capa.png\" \/>\n\t<meta property=\"og:image:width\" content=\"1350\" \/>\n\t<meta property=\"og:image:height\" content=\"900\" \/>\n\t<meta property=\"og:image:type\" content=\"image\/png\" \/>\n<meta name=\"author\" content=\"Comunica\u00e7\u00e3o PSOL\" \/>\n<meta name=\"twitter:card\" content=\"summary_large_image\" \/>\n<meta name=\"twitter:creator\" content=\"@psol50\" \/>\n<meta name=\"twitter:site\" content=\"@psol50\" \/>\n<meta name=\"twitter:label1\" content=\"Escrito por\" \/>\n\t<meta name=\"twitter:data1\" content=\"Comunica\u00e7\u00e3o PSOL\" \/>\n\t<meta name=\"twitter:label2\" content=\"Est. tempo de leitura\" \/>\n\t<meta name=\"twitter:data2\" content=\"2 minutos\" \/>\n<script type=\"application\/ld+json\" class=\"yoast-schema-graph\">{\"@context\":\"https:\/\/schema.org\",\"@graph\":[{\"@type\":\"Article\",\"@id\":\"https:\/\/psol50.org.br\/psol-bahia-aposta-em-marcos-mendes-para-disputar-governo-estadual-em-2018\/#article\",\"isPartOf\":{\"@id\":\"https:\/\/psol50.org.br\/psol-bahia-aposta-em-marcos-mendes-para-disputar-governo-estadual-em-2018\/\"},\"author\":{\"name\":\"Comunica\u00e7\u00e3o PSOL\",\"@id\":\"https:\/\/psol50.org.br\/#\/schema\/person\/475dfa57d0b815993c714c2e96491fcd\"},\"headline\":\"PSOL Bahia aposta em Marcos Mendes para disputar governo estadual em 2018\",\"datePublished\":\"2017-11-10T17:29:09+00:00\",\"mainEntityOfPage\":{\"@id\":\"https:\/\/psol50.org.br\/psol-bahia-aposta-em-marcos-mendes-para-disputar-governo-estadual-em-2018\/\"},\"wordCount\":360,\"commentCount\":0,\"publisher\":{\"@id\":\"https:\/\/psol50.org.br\/#organization\"},\"image\":{\"@id\":\"https:\/\/psol50.org.br\/psol-bahia-aposta-em-marcos-mendes-para-disputar-governo-estadual-em-2018\/#primaryimage\"},\"thumbnailUrl\":\"\",\"keywords\":[\"Bahia\",\"Elei\u00e7\u00f5es 2018\",\"Governador\",\"Marcos Mendes\"],\"articleSection\":[\"Elei\u00e7\u00f5es 2018\",\"Not\u00edcias\",\"Partido\"],\"inLanguage\":\"pt-BR\",\"potentialAction\":[{\"@type\":\"CommentAction\",\"name\":\"Comment\",\"target\":[\"https:\/\/psol50.org.br\/psol-bahia-aposta-em-marcos-mendes-para-disputar-governo-estadual-em-2018\/#respond\"]}]},{\"@type\":\"WebPage\",\"@id\":\"https:\/\/psol50.org.br\/psol-bahia-aposta-em-marcos-mendes-para-disputar-governo-estadual-em-2018\/\",\"url\":\"https:\/\/psol50.org.br\/psol-bahia-aposta-em-marcos-mendes-para-disputar-governo-estadual-em-2018\/\",\"name\":\"PSOL Bahia aposta em Marcos Mendes para disputar governo estadual em 2018 - PSOL 50\",\"isPartOf\":{\"@id\":\"https:\/\/psol50.org.br\/#website\"},\"primaryImageOfPage\":{\"@id\":\"https:\/\/psol50.org.br\/psol-bahia-aposta-em-marcos-mendes-para-disputar-governo-estadual-em-2018\/#primaryimage\"},\"image\":{\"@id\":\"https:\/\/psol50.org.br\/psol-bahia-aposta-em-marcos-mendes-para-disputar-governo-estadual-em-2018\/#primaryimage\"},\"thumbnailUrl\":\"\",\"datePublished\":\"2017-11-10T17:29:09+00:00\",\"breadcrumb\":{\"@id\":\"https:\/\/psol50.org.br\/psol-bahia-aposta-em-marcos-mendes-para-disputar-governo-estadual-em-2018\/#breadcrumb\"},\"inLanguage\":\"pt-BR\",\"potentialAction\":[{\"@type\":\"ReadAction\",\"target\":[\"https:\/\/psol50.org.br\/psol-bahia-aposta-em-marcos-mendes-para-disputar-governo-estadual-em-2018\/\"]}]},{\"@type\":\"ImageObject\",\"inLanguage\":\"pt-BR\",\"@id\":\"https:\/\/psol50.org.br\/psol-bahia-aposta-em-marcos-mendes-para-disputar-governo-estadual-em-2018\/#primaryimage\",\"url\":\"\",\"contentUrl\":\"\"},{\"@type\":\"BreadcrumbList\",\"@id\":\"https:\/\/psol50.org.br\/psol-bahia-aposta-em-marcos-mendes-para-disputar-governo-estadual-em-2018\/#breadcrumb\",\"itemListElement\":[{\"@type\":\"ListItem\",\"position\":1,\"name\":\"In\u00edcio\",\"item\":\"https:\/\/psol50.org.br\/\"},{\"@type\":\"ListItem\",\"position\":2,\"name\":\"PSOL Bahia aposta em Marcos Mendes para disputar governo estadual em 2018\"}]},{\"@type\":\"WebSite\",\"@id\":\"https:\/\/psol50.org.br\/#website\",\"url\":\"https:\/\/psol50.org.br\/\",\"name\":\"PSOL 50\",\"description\":\"Site oficial do Partido Socialismo e Liberdade\",\"publisher\":{\"@id\":\"https:\/\/psol50.org.br\/#organization\"},\"alternateName\":\"PSOL50\",\"potentialAction\":[{\"@type\":\"SearchAction\",\"target\":{\"@type\":\"EntryPoint\",\"urlTemplate\":\"https:\/\/psol50.org.br\/?s={search_term_string}\"},\"query-input\":{\"@type\":\"PropertyValueSpecification\",\"valueRequired\":true,\"valueName\":\"search_term_string\"}}],\"inLanguage\":\"pt-BR\"},{\"@type\":\"Organization\",\"@id\":\"https:\/\/psol50.org.br\/#organization\",\"name\":\"PSOL 50\",\"alternateName\":\"PSOL 50\",\"url\":\"https:\/\/psol50.org.br\/\",\"logo\":{\"@type\":\"ImageObject\",\"inLanguage\":\"pt-BR\",\"@id\":\"https:\/\/psol50.org.br\/#\/schema\/logo\/image\/\",\"url\":\"https:\/\/psol50.org.br\/inc\/uploads\/2018\/07\/capa.png\",\"contentUrl\":\"https:\/\/psol50.org.br\/inc\/uploads\/2018\/07\/capa.png\",\"width\":1350,\"height\":900,\"caption\":\"PSOL 50\"},\"image\":{\"@id\":\"https:\/\/psol50.org.br\/#\/schema\/logo\/image\/\"},\"sameAs\":[\"https:\/\/www.facebook.com\/psol50\",\"https:\/\/x.com\/psol50\",\"https:\/\/www.instagram.com\/psol50\/\",\"https:\/\/www.youtube.com\/channel\/UC7SnJS5o1os7a6CaiNabzcg\"]},{\"@type\":\"Person\",\"@id\":\"https:\/\/psol50.org.br\/#\/schema\/person\/475dfa57d0b815993c714c2e96491fcd\",\"name\":\"Comunica\u00e7\u00e3o PSOL\",\"image\":{\"@type\":\"ImageObject\",\"inLanguage\":\"pt-BR\",\"@id\":\"https:\/\/psol50.org.br\/#\/schema\/person\/image\/\",\"url\":\"https:\/\/secure.gravatar.com\/avatar\/b34fc4f4e468a4e51785917065a3db57b841f5c95dba6ad8c73aaf8f66f8f9bf?s=96&d=mm&r=g\",\"contentUrl\":\"https:\/\/secure.gravatar.com\/avatar\/b34fc4f4e468a4e51785917065a3db57b841f5c95dba6ad8c73aaf8f66f8f9bf?s=96&d=mm&r=g\",\"caption\":\"Comunica\u00e7\u00e3o PSOL\"}}]}<\/script>\n<!-- \/ Yoast SEO plugin. -->","yoast_head_json":{"title":"PSOL Bahia aposta em Marcos Mendes para disputar governo estadual em 2018 - PSOL 50","robots":{"index":"index","follow":"follow","max-snippet":"max-snippet:-1","max-image-preview":"max-image-preview:large","max-video-preview":"max-video-preview:-1"},"canonical":"https:\/\/psol50.org.br\/psol-bahia-aposta-em-marcos-mendes-para-disputar-governo-estadual-em-2018\/","og_locale":"pt_BR","og_type":"article","og_title":"PSOL Bahia aposta em Marcos Mendes para disputar governo estadual em 2018 - PSOL 50","og_description":"A milit\u00e2ncia do PSOL da Bahia j\u00e1 tem o nome que disputar\u00e1 a elei\u00e7\u00e3o para o governo do Estado em 2018. Por unanimidade, o 6\u00ba Congresso Estadual do PSOL-BA, realizado em 28 de outubro, aprovou o nome de Marcos Mendes como o pr\u00e9-candidato ao pleito. A candidatura ser\u00e1 referendada em conven\u00e7\u00e3o partid\u00e1ria, que ocorrer\u00e1 no [&hellip;]","og_url":"https:\/\/psol50.org.br\/psol-bahia-aposta-em-marcos-mendes-para-disputar-governo-estadual-em-2018\/","og_site_name":"PSOL 50","article_publisher":"https:\/\/www.facebook.com\/psol50","article_published_time":"2017-11-10T17:29:09+00:00","og_image":[{"width":1350,"height":900,"url":"https:\/\/psol50.org.br\/inc\/uploads\/2018\/07\/capa.png","type":"image\/png"}],"author":"Comunica\u00e7\u00e3o PSOL","twitter_card":"summary_large_image","twitter_creator":"@psol50","twitter_site":"@psol50","twitter_misc":{"Escrito por":"Comunica\u00e7\u00e3o PSOL","Est. tempo de leitura":"2 minutos"},"schema":{"@context":"https:\/\/schema.org","@graph":[{"@type":"Article","@id":"https:\/\/psol50.org.br\/psol-bahia-aposta-em-marcos-mendes-para-disputar-governo-estadual-em-2018\/#article","isPartOf":{"@id":"https:\/\/psol50.org.br\/psol-bahia-aposta-em-marcos-mendes-para-disputar-governo-estadual-em-2018\/"},"author":{"name":"Comunica\u00e7\u00e3o PSOL","@id":"https:\/\/psol50.org.br\/#\/schema\/person\/475dfa57d0b815993c714c2e96491fcd"},"headline":"PSOL Bahia aposta em Marcos Mendes para disputar governo estadual em 2018","datePublished":"2017-11-10T17:29:09+00:00","mainEntityOfPage":{"@id":"https:\/\/psol50.org.br\/psol-bahia-aposta-em-marcos-mendes-para-disputar-governo-estadual-em-2018\/"},"wordCount":360,"commentCount":0,"publisher":{"@id":"https:\/\/psol50.org.br\/#organization"},"image":{"@id":"https:\/\/psol50.org.br\/psol-bahia-aposta-em-marcos-mendes-para-disputar-governo-estadual-em-2018\/#primaryimage"},"thumbnailUrl":"","keywords":["Bahia","Elei\u00e7\u00f5es 2018","Governador","Marcos Mendes"],"articleSection":["Elei\u00e7\u00f5es 2018","Not\u00edcias","Partido"],"inLanguage":"pt-BR","potentialAction":[{"@type":"CommentAction","name":"Comment","target":["https:\/\/psol50.org.br\/psol-bahia-aposta-em-marcos-mendes-para-disputar-governo-estadual-em-2018\/#respond"]}]},{"@type":"WebPage","@id":"https:\/\/psol50.org.br\/psol-bahia-aposta-em-marcos-mendes-para-disputar-governo-estadual-em-2018\/","url":"https:\/\/psol50.org.br\/psol-bahia-aposta-em-marcos-mendes-para-disputar-governo-estadual-em-2018\/","name":"PSOL Bahia aposta em Marcos Mendes para disputar governo estadual em 2018 - PSOL 50","isPartOf":{"@id":"https:\/\/psol50.org.br\/#website"},"primaryImageOfPage":{"@id":"https:\/\/psol50.org.br\/psol-bahia-aposta-em-marcos-mendes-para-disputar-governo-estadual-em-2018\/#primaryimage"},"image":{"@id":"https:\/\/psol50.org.br\/psol-bahia-aposta-em-marcos-mendes-para-disputar-governo-estadual-em-2018\/#primaryimage"},"thumbnailUrl":"","datePublished":"2017-11-10T17:29:09+00:00","breadcrumb":{"@id":"https:\/\/psol50.org.br\/psol-bahia-aposta-em-marcos-mendes-para-disputar-governo-estadual-em-2018\/#breadcrumb"},"inLanguage":"pt-BR","potentialAction":[{"@type":"ReadAction","target":["https:\/\/psol50.org.br\/psol-bahia-aposta-em-marcos-mendes-para-disputar-governo-estadual-em-2018\/"]}]},{"@type":"ImageObject","inLanguage":"pt-BR","@id":"https:\/\/psol50.org.br\/psol-bahia-aposta-em-marcos-mendes-para-disputar-governo-estadual-em-2018\/#primaryimage","url":"","contentUrl":""},{"@type":"BreadcrumbList","@id":"https:\/\/psol50.org.br\/psol-bahia-aposta-em-marcos-mendes-para-disputar-governo-estadual-em-2018\/#breadcrumb","itemListElement":[{"@type":"ListItem","position":1,"name":"In\u00edcio","item":"https:\/\/psol50.org.br\/"},{"@type":"ListItem","position":2,"name":"PSOL Bahia aposta em Marcos Mendes para disputar governo estadual em 2018"}]},{"@type":"WebSite","@id":"https:\/\/psol50.org.br\/#website","url":"https:\/\/psol50.org.br\/","name":"PSOL 50","description":"Site oficial do Partido Socialismo e Liberdade","publisher":{"@id":"https:\/\/psol50.org.br\/#organization"},"alternateName":"PSOL50","potentialAction":[{"@type":"SearchAction","target":{"@type":"EntryPoint","urlTemplate":"https:\/\/psol50.org.br\/?s={search_term_string}"},"query-input":{"@type":"PropertyValueSpecification","valueRequired":true,"valueName":"search_term_string"}}],"inLanguage":"pt-BR"},{"@type":"Organization","@id":"https:\/\/psol50.org.br\/#organization","name":"PSOL 50","alternateName":"PSOL 50","url":"https:\/\/psol50.org.br\/","logo":{"@type":"ImageObject","inLanguage":"pt-BR","@id":"https:\/\/psol50.org.br\/#\/schema\/logo\/image\/","url":"https:\/\/psol50.org.br\/inc\/uploads\/2018\/07\/capa.png","contentUrl":"https:\/\/psol50.org.br\/inc\/uploads\/2018\/07\/capa.png","width":1350,"height":900,"caption":"PSOL 50"},"image":{"@id":"https:\/\/psol50.org.br\/#\/schema\/logo\/image\/"},"sameAs":["https:\/\/www.facebook.com\/psol50","https:\/\/x.com\/psol50","https:\/\/www.instagram.com\/psol50\/","https:\/\/www.youtube.com\/channel\/UC7SnJS5o1os7a6CaiNabzcg"]},{"@type":"Person","@id":"https:\/\/psol50.org.br\/#\/schema\/person\/475dfa57d0b815993c714c2e96491fcd","name":"Comunica\u00e7\u00e3o PSOL","image":{"@type":"ImageObject","inLanguage":"pt-BR","@id":"https:\/\/psol50.org.br\/#\/schema\/person\/image\/","url":"https:\/\/secure.gravatar.com\/avatar\/b34fc4f4e468a4e51785917065a3db57b841f5c95dba6ad8c73aaf8f66f8f9bf?s=96&d=mm&r=g","contentUrl":"https:\/\/secure.gravatar.com\/avatar\/b34fc4f4e468a4e51785917065a3db57b841f5c95dba6ad8c73aaf8f66f8f9bf?s=96&d=mm&r=g","caption":"Comunica\u00e7\u00e3o PSOL"}}]}},"_links":{"self":[{"href":"https:\/\/psol50.org.br\/rest\/wp\/v2\/posts\/18875","targetHints":{"allow":["GET"]}}],"collection":[{"href":"https:\/\/psol50.org.br\/rest\/wp\/v2\/posts"}],"about":[{"href":"https:\/\/psol50.org.br\/rest\/wp\/v2\/types\/post"}],"author":[{"embeddable":true,"href":"https:\/\/psol50.org.br\/rest\/wp\/v2\/users\/2"}],"replies":[{"embeddable":true,"href":"https:\/\/psol50.org.br\/rest\/wp\/v2\/comments?post=18875"}],"version-history":[{"count":0,"href":"https:\/\/psol50.org.br\/rest\/wp\/v2\/posts\/18875\/revisions"}],"wp:featuredmedia":[{"embeddable":true,"href":"https:\/\/psol50.org.br\/rest\/"}],"wp:attachment":[{"href":"https:\/\/psol50.org.br\/rest\/wp\/v2\/media?parent=18875"}],"wp:term":[{"taxonomy":"category","embeddable":true,"href":"https:\/\/psol50.org.br\/rest\/wp\/v2\/categories?post=18875"},{"taxonomy":"post_tag","embeddable":true,"href":"https:\/\/psol50.org.br\/rest\/wp\/v2\/tags?post=18875"}],"curies":[{"name":"wp","href":"https:\/\/api.w.org\/{rel}","templated":true}]}}