{"id":18889,"date":"2017-11-14T09:50:03","date_gmt":"2017-11-14T11:50:03","guid":{"rendered":"http:\/\/www.psol50.org.br\/?p=18889"},"modified":"2017-11-14T09:50:03","modified_gmt":"2017-11-14T11:50:03","slug":"trabalhadores-da-ebc-entram-em-greve-por-reajuste-salarial-e-em-defesa-da-comunicacao-publica","status":"publish","type":"post","link":"https:\/\/psol50.org.br\/trabalhadores-da-ebc-entram-em-greve-por-reajuste-salarial-e-em-defesa-da-comunicacao-publica\/","title":{"rendered":"Trabalhadores da EBC entram em greve por reajuste salarial e em defesa da comunica\u00e7\u00e3o p\u00fablica"},"content":{"rendered":"<p>Jornalistas e radialistas da Empresa Brasil de Comunica\u00e7\u00e3o (EBC) entraram em greve desde a zero hora desta ter\u00e7a-feira (14\/11), em protesto \u00e0 proposta apresentada pela dire\u00e7\u00e3o da empresa de congelamento dos sal\u00e1rios, de retirada de direitos e de corte de benef\u00edcios do Acordo Coletivo de Trabalho 2017\/2018. Os trabalhadores tamb\u00e9m est\u00e3o paralisados em defesa da comunica\u00e7\u00e3o p\u00fablica e contra o desmonte da empresa, que vem sendo promovido no \u00faltimo per\u00edodo pelo governo de Michel Temer.<\/p>\n<p>A decis\u00e3o foi tomada na \u00faltima sexta-feira (10\/11), em assembleia nacional da campanha salarial, com a presen\u00e7a de funcion\u00e1rios das pra\u00e7as de S\u00e3o Paulo, Bras\u00edlia, Rio de Janeiro e Maranh\u00e3o, com 262 votos a favor da greve, 14 votos por nova assembleia na quinta-feira (16) e nove absten\u00e7\u00f5es.<\/p>\n<p>A data-base das categorias \u00e9 1\u00ba de novembro. Jornalistas e radialistas reivindicam 4% de reajuste para repor a infla\u00e7\u00e3o do per\u00edodo e perdas acumuladas. Por\u00e9m, ap\u00f3s oito rodadas de negocia\u00e7\u00e3o, a dire\u00e7\u00e3o da EBC n\u00e3o aceita reajustar nenhuma das cl\u00e1usulas econ\u00f4micas e afirma que n\u00e3o vai avan\u00e7ar em rela\u00e7\u00e3o \u00e0 proposta de 0%. Al\u00e9m dos sal\u00e1rios, os trabalhadores ficariam sem reajuste em benef\u00edcios como ajuda-alimenta\u00e7\u00e3o, aux\u00edlio \u00e0s pessoas com defici\u00eancia, aux\u00edlio-creche e seguro de vida em grupo.<\/p>\n<p>No &#8220;pacote de maldades&#8221; da empresa tamb\u00e9m est\u00e3o ataques ao vale cesta-alimenta\u00e7\u00e3o (pago somente em dezembro e junho), \u00e0 garantia de translado aos trabalhadores por quest\u00f5es de seguran\u00e7a, \u00e0 complementa\u00e7\u00e3o de aux\u00edlio previdenci\u00e1rio, \u00e0 realiza\u00e7\u00e3o de homologa\u00e7\u00f5es das rescis\u00f5es de contrato nos sindicatos, ao vale-cultura, \u00e0 multa pelo descumprimento do acordo coletivo.<\/p>\n<figure id=\"attachment_18891\" aria-describedby=\"caption-attachment-18891\" style=\"width: 808px\" class=\"wp-caption aligncenter\"><img loading=\"lazy\" decoding=\"async\" class=\"wp-image-18891\" src=\"http:\/\/www.psol50.org.br\/inc\/uploads\/2017\/11\/Assembleia_EBC-600x224.jpg\" alt=\"\" width=\"808\" height=\"301\" \/><figcaption id=\"caption-attachment-18891\" class=\"wp-caption-text\">Foto: <em>Helena Martins<\/em><\/figcaption><\/figure>\n<p>O coordenador-geral do Sindicato dos Jornalistas Profissionais do DF (SJPDF) G\u00e9sio Passos afirma que a greve, a terceira feita pelos trabalhadores da empresa (sendo uma em 2013 e outra em 2015) \u00e9 a demonstra\u00e7\u00e3o de que a categoria n\u00e3o vai aceitar a intransig\u00eancia da empresa em rela\u00e7\u00e3o aos seus direitos. &#8220;Os trabalhadores cansaram da humilha\u00e7\u00e3o imposta pela dire\u00e7\u00e3o. \u00c9 corte de benef\u00edcios, \u00e9 censura, \u00e9 ass\u00e9dio. A greve \u00e9 arma em defesa da EBC&#8221;, destaca o dirigente, que \u00e9 rep\u00f3rter da R\u00e1dio Nacional de Bras\u00edlia.<\/p>\n<p>A EBC \u00e9 a \u00fanica empresa nacional de comunica\u00e7\u00e3o p\u00fablica, sendo respons\u00e1vel pela TV Brasil, TV Brasil Internacional, Ag\u00eancia Brasil, Portal EBC, Radioag\u00eancia Nacional, al\u00e9m de oito emissoras de r\u00e1dio, como as R\u00e1dios Nacional do Rio de Janeiro e de Bras\u00edlia e as R\u00e1dios MEC AM e FM. Opera tamb\u00e9m servi\u00e7os como o canal de televis\u00e3o NBr e o programa de r\u00e1dio \u201cVoz do Brasil\u201d.<\/p>\n<p>O PSOL, conforme se posicionou nas greves anteriores, apoia a luta dos funcion\u00e1rios da EBC, que n\u00e3o t\u00eam se calado diante do desmonte que o governo vem promovendo contra a comunica\u00e7\u00e3o p\u00fablica. O movimento dos jornalistas e radialistas \u00e9 leg\u00edtimo e acontece num momento em que Temer e sua base de apoio no Congresso Nacional acabam com os direitos dos trabalhadores, em escala brutal. Defender a greve dos trabalhadores da EBC, \u00e9 defender tamb\u00e9m a luta pela democratiza\u00e7\u00e3o da comunica\u00e7\u00e3o e contra o monop\u00f3lio das grandes empresas que controlam a m\u00eddia privada no pa\u00eds.<\/p>\n<p>&nbsp;<\/p>\n","protected":false},"excerpt":{"rendered":"<p>Jornalistas e radialistas da Empresa Brasil de Comunica\u00e7\u00e3o (EBC) entraram em greve desde a zero hora desta ter\u00e7a-feira (14\/11), em protesto \u00e0 proposta apresentada pela dire\u00e7\u00e3o da empresa de congelamento dos sal\u00e1rios, de retirada de direitos e de corte de benef\u00edcios do Acordo Coletivo de Trabalho 2017\/2018. Os trabalhadores tamb\u00e9m est\u00e3o paralisados em defesa da [&hellip;]<\/p>\n","protected":false},"author":2,"featured_media":18890,"comment_status":"open","ping_status":"open","sticky":false,"template":"","format":"standard","meta":{"_acf_changed":false,"footnotes":""},"categories":[1882,1104,6],"tags":[3768,3769,730,731,221,753,1748,732,3770,3771,621,734,3772],"class_list":{"0":"post-18889","1":"post","2":"type-post","3":"status-publish","4":"format-standard","5":"has-post-thumbnail","7":"category-brasil","8":"category-movimento","9":"category-noticias","10":"tag-agencia-brasil","11":"tag-campanha-salarial","12":"tag-comunicacao-publica","13":"tag-ebc","14":"tag-greve","15":"tag-jornalistas","16":"tag-michel-temer","17":"tag-nbr","18":"tag-radialistas","19":"tag-radio-nacional","20":"tag-reajuste","21":"tag-tv-brasil","22":"tag-voz-do-brasil"},"acf":[],"yoast_head":"<!-- This site is optimized with the Yoast SEO plugin v26.5 - https:\/\/yoast.com\/wordpress\/plugins\/seo\/ -->\n<title>Trabalhadores da EBC entram em greve por reajuste salarial e em defesa da comunica\u00e7\u00e3o p\u00fablica - PSOL 50<\/title>\n<meta name=\"robots\" content=\"index, follow, max-snippet:-1, max-image-preview:large, max-video-preview:-1\" \/>\n<link rel=\"canonical\" href=\"https:\/\/psol50.org.br\/trabalhadores-da-ebc-entram-em-greve-por-reajuste-salarial-e-em-defesa-da-comunicacao-publica\/\" \/>\n<meta property=\"og:locale\" content=\"pt_BR\" \/>\n<meta property=\"og:type\" content=\"article\" \/>\n<meta property=\"og:title\" content=\"Trabalhadores da EBC entram em greve por reajuste salarial e em defesa da comunica\u00e7\u00e3o p\u00fablica - PSOL 50\" \/>\n<meta property=\"og:description\" content=\"Jornalistas e radialistas da Empresa Brasil de Comunica\u00e7\u00e3o (EBC) entraram em greve desde a zero hora desta ter\u00e7a-feira (14\/11), em protesto \u00e0 proposta apresentada pela dire\u00e7\u00e3o da empresa de congelamento dos sal\u00e1rios, de retirada de direitos e de corte de benef\u00edcios do Acordo Coletivo de Trabalho 2017\/2018. Os trabalhadores tamb\u00e9m est\u00e3o paralisados em defesa da [&hellip;]\" \/>\n<meta property=\"og:url\" content=\"https:\/\/psol50.org.br\/trabalhadores-da-ebc-entram-em-greve-por-reajuste-salarial-e-em-defesa-da-comunicacao-publica\/\" \/>\n<meta property=\"og:site_name\" content=\"PSOL 50\" \/>\n<meta property=\"article:publisher\" content=\"https:\/\/www.facebook.com\/psol50\" \/>\n<meta property=\"article:published_time\" content=\"2017-11-14T11:50:03+00:00\" \/>\n<meta property=\"og:image\" content=\"https:\/\/psol50.org.br\/inc\/uploads\/2018\/07\/capa.png\" \/>\n\t<meta property=\"og:image:width\" content=\"1350\" \/>\n\t<meta property=\"og:image:height\" content=\"900\" \/>\n\t<meta property=\"og:image:type\" content=\"image\/png\" \/>\n<meta name=\"author\" content=\"Comunica\u00e7\u00e3o PSOL\" \/>\n<meta name=\"twitter:card\" content=\"summary_large_image\" \/>\n<meta name=\"twitter:creator\" content=\"@psol50\" \/>\n<meta name=\"twitter:site\" content=\"@psol50\" \/>\n<meta name=\"twitter:label1\" content=\"Escrito por\" \/>\n\t<meta name=\"twitter:data1\" content=\"Comunica\u00e7\u00e3o PSOL\" \/>\n\t<meta name=\"twitter:label2\" content=\"Est. tempo de leitura\" \/>\n\t<meta name=\"twitter:data2\" content=\"3 minutos\" \/>\n<script type=\"application\/ld+json\" class=\"yoast-schema-graph\">{\"@context\":\"https:\/\/schema.org\",\"@graph\":[{\"@type\":\"Article\",\"@id\":\"https:\/\/psol50.org.br\/trabalhadores-da-ebc-entram-em-greve-por-reajuste-salarial-e-em-defesa-da-comunicacao-publica\/#article\",\"isPartOf\":{\"@id\":\"https:\/\/psol50.org.br\/trabalhadores-da-ebc-entram-em-greve-por-reajuste-salarial-e-em-defesa-da-comunicacao-publica\/\"},\"author\":{\"name\":\"Comunica\u00e7\u00e3o PSOL\",\"@id\":\"https:\/\/psol50.org.br\/#\/schema\/person\/475dfa57d0b815993c714c2e96491fcd\"},\"headline\":\"Trabalhadores da EBC entram em greve por reajuste salarial e em defesa da comunica\u00e7\u00e3o p\u00fablica\",\"datePublished\":\"2017-11-14T11:50:03+00:00\",\"mainEntityOfPage\":{\"@id\":\"https:\/\/psol50.org.br\/trabalhadores-da-ebc-entram-em-greve-por-reajuste-salarial-e-em-defesa-da-comunicacao-publica\/\"},\"wordCount\":583,\"commentCount\":0,\"publisher\":{\"@id\":\"https:\/\/psol50.org.br\/#organization\"},\"image\":{\"@id\":\"https:\/\/psol50.org.br\/trabalhadores-da-ebc-entram-em-greve-por-reajuste-salarial-e-em-defesa-da-comunicacao-publica\/#primaryimage\"},\"thumbnailUrl\":\"\",\"keywords\":[\"Ag\u00eancia Brasil\",\"campanha salarial\",\"comunica\u00e7\u00e3o p\u00fablica\",\"EBC\",\"greve\",\"jornalistas\",\"Michel Temer\",\"NBr\",\"radialistas\",\"R\u00e1dio Nacional\",\"reajuste\",\"TV Brasil\",\"Voz do Brasil\"],\"articleSection\":[\"Brasil\",\"Movimento\",\"Not\u00edcias\"],\"inLanguage\":\"pt-BR\",\"potentialAction\":[{\"@type\":\"CommentAction\",\"name\":\"Comment\",\"target\":[\"https:\/\/psol50.org.br\/trabalhadores-da-ebc-entram-em-greve-por-reajuste-salarial-e-em-defesa-da-comunicacao-publica\/#respond\"]}]},{\"@type\":\"WebPage\",\"@id\":\"https:\/\/psol50.org.br\/trabalhadores-da-ebc-entram-em-greve-por-reajuste-salarial-e-em-defesa-da-comunicacao-publica\/\",\"url\":\"https:\/\/psol50.org.br\/trabalhadores-da-ebc-entram-em-greve-por-reajuste-salarial-e-em-defesa-da-comunicacao-publica\/\",\"name\":\"Trabalhadores da EBC entram em greve por reajuste salarial e em defesa da comunica\u00e7\u00e3o p\u00fablica - PSOL 50\",\"isPartOf\":{\"@id\":\"https:\/\/psol50.org.br\/#website\"},\"primaryImageOfPage\":{\"@id\":\"https:\/\/psol50.org.br\/trabalhadores-da-ebc-entram-em-greve-por-reajuste-salarial-e-em-defesa-da-comunicacao-publica\/#primaryimage\"},\"image\":{\"@id\":\"https:\/\/psol50.org.br\/trabalhadores-da-ebc-entram-em-greve-por-reajuste-salarial-e-em-defesa-da-comunicacao-publica\/#primaryimage\"},\"thumbnailUrl\":\"\",\"datePublished\":\"2017-11-14T11:50:03+00:00\",\"breadcrumb\":{\"@id\":\"https:\/\/psol50.org.br\/trabalhadores-da-ebc-entram-em-greve-por-reajuste-salarial-e-em-defesa-da-comunicacao-publica\/#breadcrumb\"},\"inLanguage\":\"pt-BR\",\"potentialAction\":[{\"@type\":\"ReadAction\",\"target\":[\"https:\/\/psol50.org.br\/trabalhadores-da-ebc-entram-em-greve-por-reajuste-salarial-e-em-defesa-da-comunicacao-publica\/\"]}]},{\"@type\":\"ImageObject\",\"inLanguage\":\"pt-BR\",\"@id\":\"https:\/\/psol50.org.br\/trabalhadores-da-ebc-entram-em-greve-por-reajuste-salarial-e-em-defesa-da-comunicacao-publica\/#primaryimage\",\"url\":\"\",\"contentUrl\":\"\"},{\"@type\":\"BreadcrumbList\",\"@id\":\"https:\/\/psol50.org.br\/trabalhadores-da-ebc-entram-em-greve-por-reajuste-salarial-e-em-defesa-da-comunicacao-publica\/#breadcrumb\",\"itemListElement\":[{\"@type\":\"ListItem\",\"position\":1,\"name\":\"In\u00edcio\",\"item\":\"https:\/\/psol50.org.br\/\"},{\"@type\":\"ListItem\",\"position\":2,\"name\":\"Trabalhadores da EBC entram em greve por reajuste salarial e em defesa da comunica\u00e7\u00e3o p\u00fablica\"}]},{\"@type\":\"WebSite\",\"@id\":\"https:\/\/psol50.org.br\/#website\",\"url\":\"https:\/\/psol50.org.br\/\",\"name\":\"PSOL 50\",\"description\":\"Site oficial do Partido Socialismo e Liberdade\",\"publisher\":{\"@id\":\"https:\/\/psol50.org.br\/#organization\"},\"alternateName\":\"PSOL50\",\"potentialAction\":[{\"@type\":\"SearchAction\",\"target\":{\"@type\":\"EntryPoint\",\"urlTemplate\":\"https:\/\/psol50.org.br\/?s={search_term_string}\"},\"query-input\":{\"@type\":\"PropertyValueSpecification\",\"valueRequired\":true,\"valueName\":\"search_term_string\"}}],\"inLanguage\":\"pt-BR\"},{\"@type\":\"Organization\",\"@id\":\"https:\/\/psol50.org.br\/#organization\",\"name\":\"PSOL 50\",\"alternateName\":\"PSOL 50\",\"url\":\"https:\/\/psol50.org.br\/\",\"logo\":{\"@type\":\"ImageObject\",\"inLanguage\":\"pt-BR\",\"@id\":\"https:\/\/psol50.org.br\/#\/schema\/logo\/image\/\",\"url\":\"https:\/\/psol50.org.br\/inc\/uploads\/2018\/07\/capa.png\",\"contentUrl\":\"https:\/\/psol50.org.br\/inc\/uploads\/2018\/07\/capa.png\",\"width\":1350,\"height\":900,\"caption\":\"PSOL 50\"},\"image\":{\"@id\":\"https:\/\/psol50.org.br\/#\/schema\/logo\/image\/\"},\"sameAs\":[\"https:\/\/www.facebook.com\/psol50\",\"https:\/\/x.com\/psol50\",\"https:\/\/www.instagram.com\/psol50\/\",\"https:\/\/www.youtube.com\/channel\/UC7SnJS5o1os7a6CaiNabzcg\"]},{\"@type\":\"Person\",\"@id\":\"https:\/\/psol50.org.br\/#\/schema\/person\/475dfa57d0b815993c714c2e96491fcd\",\"name\":\"Comunica\u00e7\u00e3o PSOL\",\"image\":{\"@type\":\"ImageObject\",\"inLanguage\":\"pt-BR\",\"@id\":\"https:\/\/psol50.org.br\/#\/schema\/person\/image\/\",\"url\":\"https:\/\/secure.gravatar.com\/avatar\/b34fc4f4e468a4e51785917065a3db57b841f5c95dba6ad8c73aaf8f66f8f9bf?s=96&d=mm&r=g\",\"contentUrl\":\"https:\/\/secure.gravatar.com\/avatar\/b34fc4f4e468a4e51785917065a3db57b841f5c95dba6ad8c73aaf8f66f8f9bf?s=96&d=mm&r=g\",\"caption\":\"Comunica\u00e7\u00e3o PSOL\"}}]}<\/script>\n<!-- \/ Yoast SEO plugin. -->","yoast_head_json":{"title":"Trabalhadores da EBC entram em greve por reajuste salarial e em defesa da comunica\u00e7\u00e3o p\u00fablica - PSOL 50","robots":{"index":"index","follow":"follow","max-snippet":"max-snippet:-1","max-image-preview":"max-image-preview:large","max-video-preview":"max-video-preview:-1"},"canonical":"https:\/\/psol50.org.br\/trabalhadores-da-ebc-entram-em-greve-por-reajuste-salarial-e-em-defesa-da-comunicacao-publica\/","og_locale":"pt_BR","og_type":"article","og_title":"Trabalhadores da EBC entram em greve por reajuste salarial e em defesa da comunica\u00e7\u00e3o p\u00fablica - PSOL 50","og_description":"Jornalistas e radialistas da Empresa Brasil de Comunica\u00e7\u00e3o (EBC) entraram em greve desde a zero hora desta ter\u00e7a-feira (14\/11), em protesto \u00e0 proposta apresentada pela dire\u00e7\u00e3o da empresa de congelamento dos sal\u00e1rios, de retirada de direitos e de corte de benef\u00edcios do Acordo Coletivo de Trabalho 2017\/2018. Os trabalhadores tamb\u00e9m est\u00e3o paralisados em defesa da [&hellip;]","og_url":"https:\/\/psol50.org.br\/trabalhadores-da-ebc-entram-em-greve-por-reajuste-salarial-e-em-defesa-da-comunicacao-publica\/","og_site_name":"PSOL 50","article_publisher":"https:\/\/www.facebook.com\/psol50","article_published_time":"2017-11-14T11:50:03+00:00","og_image":[{"width":1350,"height":900,"url":"https:\/\/psol50.org.br\/inc\/uploads\/2018\/07\/capa.png","type":"image\/png"}],"author":"Comunica\u00e7\u00e3o PSOL","twitter_card":"summary_large_image","twitter_creator":"@psol50","twitter_site":"@psol50","twitter_misc":{"Escrito por":"Comunica\u00e7\u00e3o PSOL","Est. tempo de leitura":"3 minutos"},"schema":{"@context":"https:\/\/schema.org","@graph":[{"@type":"Article","@id":"https:\/\/psol50.org.br\/trabalhadores-da-ebc-entram-em-greve-por-reajuste-salarial-e-em-defesa-da-comunicacao-publica\/#article","isPartOf":{"@id":"https:\/\/psol50.org.br\/trabalhadores-da-ebc-entram-em-greve-por-reajuste-salarial-e-em-defesa-da-comunicacao-publica\/"},"author":{"name":"Comunica\u00e7\u00e3o PSOL","@id":"https:\/\/psol50.org.br\/#\/schema\/person\/475dfa57d0b815993c714c2e96491fcd"},"headline":"Trabalhadores da EBC entram em greve por reajuste salarial e em defesa da comunica\u00e7\u00e3o p\u00fablica","datePublished":"2017-11-14T11:50:03+00:00","mainEntityOfPage":{"@id":"https:\/\/psol50.org.br\/trabalhadores-da-ebc-entram-em-greve-por-reajuste-salarial-e-em-defesa-da-comunicacao-publica\/"},"wordCount":583,"commentCount":0,"publisher":{"@id":"https:\/\/psol50.org.br\/#organization"},"image":{"@id":"https:\/\/psol50.org.br\/trabalhadores-da-ebc-entram-em-greve-por-reajuste-salarial-e-em-defesa-da-comunicacao-publica\/#primaryimage"},"thumbnailUrl":"","keywords":["Ag\u00eancia Brasil","campanha salarial","comunica\u00e7\u00e3o p\u00fablica","EBC","greve","jornalistas","Michel Temer","NBr","radialistas","R\u00e1dio Nacional","reajuste","TV Brasil","Voz do Brasil"],"articleSection":["Brasil","Movimento","Not\u00edcias"],"inLanguage":"pt-BR","potentialAction":[{"@type":"CommentAction","name":"Comment","target":["https:\/\/psol50.org.br\/trabalhadores-da-ebc-entram-em-greve-por-reajuste-salarial-e-em-defesa-da-comunicacao-publica\/#respond"]}]},{"@type":"WebPage","@id":"https:\/\/psol50.org.br\/trabalhadores-da-ebc-entram-em-greve-por-reajuste-salarial-e-em-defesa-da-comunicacao-publica\/","url":"https:\/\/psol50.org.br\/trabalhadores-da-ebc-entram-em-greve-por-reajuste-salarial-e-em-defesa-da-comunicacao-publica\/","name":"Trabalhadores da EBC entram em greve por reajuste salarial e em defesa da comunica\u00e7\u00e3o p\u00fablica - PSOL 50","isPartOf":{"@id":"https:\/\/psol50.org.br\/#website"},"primaryImageOfPage":{"@id":"https:\/\/psol50.org.br\/trabalhadores-da-ebc-entram-em-greve-por-reajuste-salarial-e-em-defesa-da-comunicacao-publica\/#primaryimage"},"image":{"@id":"https:\/\/psol50.org.br\/trabalhadores-da-ebc-entram-em-greve-por-reajuste-salarial-e-em-defesa-da-comunicacao-publica\/#primaryimage"},"thumbnailUrl":"","datePublished":"2017-11-14T11:50:03+00:00","breadcrumb":{"@id":"https:\/\/psol50.org.br\/trabalhadores-da-ebc-entram-em-greve-por-reajuste-salarial-e-em-defesa-da-comunicacao-publica\/#breadcrumb"},"inLanguage":"pt-BR","potentialAction":[{"@type":"ReadAction","target":["https:\/\/psol50.org.br\/trabalhadores-da-ebc-entram-em-greve-por-reajuste-salarial-e-em-defesa-da-comunicacao-publica\/"]}]},{"@type":"ImageObject","inLanguage":"pt-BR","@id":"https:\/\/psol50.org.br\/trabalhadores-da-ebc-entram-em-greve-por-reajuste-salarial-e-em-defesa-da-comunicacao-publica\/#primaryimage","url":"","contentUrl":""},{"@type":"BreadcrumbList","@id":"https:\/\/psol50.org.br\/trabalhadores-da-ebc-entram-em-greve-por-reajuste-salarial-e-em-defesa-da-comunicacao-publica\/#breadcrumb","itemListElement":[{"@type":"ListItem","position":1,"name":"In\u00edcio","item":"https:\/\/psol50.org.br\/"},{"@type":"ListItem","position":2,"name":"Trabalhadores da EBC entram em greve por reajuste salarial e em defesa da comunica\u00e7\u00e3o p\u00fablica"}]},{"@type":"WebSite","@id":"https:\/\/psol50.org.br\/#website","url":"https:\/\/psol50.org.br\/","name":"PSOL 50","description":"Site oficial do Partido Socialismo e Liberdade","publisher":{"@id":"https:\/\/psol50.org.br\/#organization"},"alternateName":"PSOL50","potentialAction":[{"@type":"SearchAction","target":{"@type":"EntryPoint","urlTemplate":"https:\/\/psol50.org.br\/?s={search_term_string}"},"query-input":{"@type":"PropertyValueSpecification","valueRequired":true,"valueName":"search_term_string"}}],"inLanguage":"pt-BR"},{"@type":"Organization","@id":"https:\/\/psol50.org.br\/#organization","name":"PSOL 50","alternateName":"PSOL 50","url":"https:\/\/psol50.org.br\/","logo":{"@type":"ImageObject","inLanguage":"pt-BR","@id":"https:\/\/psol50.org.br\/#\/schema\/logo\/image\/","url":"https:\/\/psol50.org.br\/inc\/uploads\/2018\/07\/capa.png","contentUrl":"https:\/\/psol50.org.br\/inc\/uploads\/2018\/07\/capa.png","width":1350,"height":900,"caption":"PSOL 50"},"image":{"@id":"https:\/\/psol50.org.br\/#\/schema\/logo\/image\/"},"sameAs":["https:\/\/www.facebook.com\/psol50","https:\/\/x.com\/psol50","https:\/\/www.instagram.com\/psol50\/","https:\/\/www.youtube.com\/channel\/UC7SnJS5o1os7a6CaiNabzcg"]},{"@type":"Person","@id":"https:\/\/psol50.org.br\/#\/schema\/person\/475dfa57d0b815993c714c2e96491fcd","name":"Comunica\u00e7\u00e3o PSOL","image":{"@type":"ImageObject","inLanguage":"pt-BR","@id":"https:\/\/psol50.org.br\/#\/schema\/person\/image\/","url":"https:\/\/secure.gravatar.com\/avatar\/b34fc4f4e468a4e51785917065a3db57b841f5c95dba6ad8c73aaf8f66f8f9bf?s=96&d=mm&r=g","contentUrl":"https:\/\/secure.gravatar.com\/avatar\/b34fc4f4e468a4e51785917065a3db57b841f5c95dba6ad8c73aaf8f66f8f9bf?s=96&d=mm&r=g","caption":"Comunica\u00e7\u00e3o PSOL"}}]}},"_links":{"self":[{"href":"https:\/\/psol50.org.br\/rest\/wp\/v2\/posts\/18889","targetHints":{"allow":["GET"]}}],"collection":[{"href":"https:\/\/psol50.org.br\/rest\/wp\/v2\/posts"}],"about":[{"href":"https:\/\/psol50.org.br\/rest\/wp\/v2\/types\/post"}],"author":[{"embeddable":true,"href":"https:\/\/psol50.org.br\/rest\/wp\/v2\/users\/2"}],"replies":[{"embeddable":true,"href":"https:\/\/psol50.org.br\/rest\/wp\/v2\/comments?post=18889"}],"version-history":[{"count":0,"href":"https:\/\/psol50.org.br\/rest\/wp\/v2\/posts\/18889\/revisions"}],"wp:featuredmedia":[{"embeddable":true,"href":"https:\/\/psol50.org.br\/rest\/"}],"wp:attachment":[{"href":"https:\/\/psol50.org.br\/rest\/wp\/v2\/media?parent=18889"}],"wp:term":[{"taxonomy":"category","embeddable":true,"href":"https:\/\/psol50.org.br\/rest\/wp\/v2\/categories?post=18889"},{"taxonomy":"post_tag","embeddable":true,"href":"https:\/\/psol50.org.br\/rest\/wp\/v2\/tags?post=18889"}],"curies":[{"name":"wp","href":"https:\/\/api.w.org\/{rel}","templated":true}]}}