{"id":1892,"date":"2013-04-08T00:00:00","date_gmt":"2013-04-08T00:00:00","guid":{"rendered":"http:\/\/psol50.org.br\/arquivo\/2013\/04\/08\/jean-wyllys-pelo-bem-de-todos-temos-de-lutar-pelo-direito-a-diferenca\/"},"modified":"2013-04-08T00:00:00","modified_gmt":"2013-04-08T00:00:00","slug":"jean-wyllys-pelo-bem-de-todos-temos-de-lutar-pelo-direito-a-diferenca","status":"publish","type":"post","link":"https:\/\/psol50.org.br\/jean-wyllys-pelo-bem-de-todos-temos-de-lutar-pelo-direito-a-diferenca\/","title":{"rendered":"Jean Wyllys: &#8220;Pelo bem de todos, temos de lutar pelo direito \u00e0 diferen\u00e7a&#8221;"},"content":{"rendered":"<div style=\"text-align: justify;\">\n\t<em>Em entrevista \u00e0 revista \u00c9poca, o deputado federal alerta: o cidad\u00e3o de bem que se afasta da pol\u00edtica abre espa\u00e7o para os advers\u00e1rios da liberdade <\/em><br \/>\n\t&nbsp;<br \/>\n\tConfira abaixo a entrevista concedida pelo deputado federal do PSOL do Rio de Janeiro Jean Wyllys \u00e0 revista \u00c9poca.<br \/>\n\t&nbsp;<br \/>\n\t<strong>\u00c9POCA: Como o senhor acha que a decis\u00e3o de Daniela Mercury de assumir seu relacionamento homoafetivo repercute na sociedade?<\/strong><br \/>\n\t<strong><strong>Jean Wyllys:<\/strong><\/strong> \u00c9 importante questionar: que contexto levou Daniela Mercury, que \u00e9 m\u00e3e e teve relacionamentos h\u00e9teros, a tornar p\u00fablica a sua bissexualidade? O que fez com que Fernanda Montenegro, a primeira dama do teatro, que goza de tanto prest\u00edgio, desse um beijo em outra mulher? Isso acontece porque, como sociedade, est\u00e1vamos dando as liberdades individuais como favas contadas. Temos uma Constitui\u00e7\u00e3o cidad\u00e3, promulgada em 1988, e achamos nos \u00faltimos anos que as liberdades estavam protegidas. Nesse meio tempo, os homossexuais viraram um nicho de mercado, come\u00e7aram a aparecer nas novelas. No entanto, descobrimos que as nossas liberdades n\u00e3o s\u00e3o favas contadas quando o fundamentalismo religioso veio \u00e0 tona, na figura de Feliciano.<\/p>\n<p>\t<strong>\u00c9POCA: O senhor esperava uma rea\u00e7\u00e3o t\u00e3o forte da sociedade civil quando Feliciano foi eleito presidente da Comiss\u00e3o de Direitos Humanos da C\u00e2mara?<\/strong><br \/>\n\t<strong><strong>Wyllys:<\/strong><\/strong> Eu fiquei feliz e surpreso, porque acho que a sociedade se deu conta da import\u00e2ncia das liberdades. As pessoas que defendem as liberdades individuais s\u00e3o maioria no pa\u00eds, mas at\u00e9 porque a pol\u00edtica n\u00e3o goza de prest\u00edgio p\u00fablico, elas se afastaram da pol\u00edtica, estavam cuidando das suas vidas. Ent\u00e3o, um setor conservador reacion\u00e1rio se apoderou da pol\u00edtica, e decidiu trazer \u00e0 tona este discurso. A\u00ed a sociedade reagiu, e isso \u00e9 muito bom. Se por um lado \u00e9 constrangedor e ofensivo ver as declara\u00e7\u00f5es grotescas de Marcos Feliciano, por outro lado a rea\u00e7\u00e3o e o rep\u00fadio p\u00fablico mostram que as pessoas se importam com nossas liberdades.<\/p>\n<p>\t<strong>\u00c9POCA: Qual \u00e9 a import\u00e2ncia do posicionamento de Daniela Mercury para o movimento gay?<\/strong><br \/>\n\t<strong><strong>Wyllys:<\/strong><\/strong> A sa\u00edda da Daniela <em>(do arm\u00e1rio)<\/em> foi maravilhosa, n\u00e3o apenas para a retomada da Comiss\u00e3o dos Direitos Humanos, mas para a autoestima da homossexualidade. \u00c9 \u00f3timo quando uma cantora com o prest\u00edgio e o talento dela vem a p\u00fablico e diz que tratou todas as suas rela\u00e7\u00f5es afetivas, homossexuais e heterossexuais, com a mesma naturalidade. Pense em gays n\u00e3o das grandes cidades, mas de um Brasil profundo. Isso tem um efeito psicol\u00f3gico que vai al\u00e9m de toda a pol\u00edtica do movimento. O movimento merece todo o respeito porque abre o caminho, mas \u00e9 tamb\u00e9m muito importante quando algu\u00e9m como ela, o Ricky Martin, o Marco Nanini tornam p\u00fablica a sua vida \u00edntima para defender as liberdades individuais.<\/p>\n<p>\t<strong>\u00c9POCA: Algumas pessoas defendem que seria mais estrat\u00e9gico para o movimento LGBT tratar a situa\u00e7\u00e3o com mais naturalidade, de forma menos combativa. Voc\u00ea concorda?<\/strong><br \/>\n\t<strong><strong>Wyllys:<\/strong><\/strong> Isso \u00e9 uma fal\u00e1cia! \u00c9 a velha injun\u00e7\u00e3o ao sil\u00eancio. As pessoas s\u00e3o capazes de vir com esse discurso de que, \u201colha, n\u00e3o vamos tratar das especificidades porque somos todos iguais. Pra qu\u00ea fazer barulho em torno da Daniela Mercury se todo mundo \u00e9 igual?\u201d Isso \u00e9 uma injun\u00e7\u00e3o \u00e0 visibilidade. Existe a igualdade formal, proclamada na Constitui\u00e7\u00e3o, que diz que somos todos iguais perante a lei, e existe a igualdade material. Para que todas as pessoas sejam tratadas de forma igual perante a lei, mesmo com suas diferen\u00e7as, \u00e9 preciso lutar pelo direito \u00e0 diferen\u00e7a. N\u00e3o importa se \u00e9 pelos direitos dos grupos negros, das mulheres, dos povos ind\u00edgenas ou da comunidade gay, todos devem lutar pela igualdade. Ao lado do direito pela igualdade, lutamos pelo direito \u00e0 diferen\u00e7a. Tem uma frase linda de Boaventura de Souza Santos (soci\u00f3logo portugu\u00eas) que diz: \u201cN\u00f3s precisamos lutar pela igualdade quando a diferen\u00e7a nos priva do acesso ao direito e precisamos lutar pelas diferen\u00e7as quando a igualdade nos descaracteriza\u201d. As pessoas dizem \u201cpra que fazer tanto esc\u00e2ndalo se n\u00f3s somos todos iguais?\u201d Mas n\u00e3o somos todos iguais. Se f\u00f4ssemos, as pris\u00f5es n\u00e3o estariam cheias de meninos negros, a pobreza n\u00e3o teria cor e g\u00eanero e os homossexuais n\u00e3o seriam privados de mais de 70 direitos dos heterossexuais. &nbsp;<br \/>\n\t&nbsp;<br \/>\n\tPara ler a entrevista diretamente no site da revista \u00c9poca, clique <a href=\"http:\/\/revistaepoca.globo.com\/vida\/noticia\/2013\/04\/jeans-wyllys-pelo-bem-de-todos-temos-de-lutar-pelo-direito-diferenca.html?fb_action_ids=4736730061999&amp;fb_action_types=og.likes&amp;fb_source=other_multiline&amp;action_object_map={%224736730061999%22%3A508570775846952}&amp;action_type_map={%224736730061999%22%3A%22og.likes%22}&amp;action_ref_map=[]\">aqui<\/a>.<\/div>\n","protected":false},"excerpt":{"rendered":"<p>Em entrevista \u00e0 revista \u00c9poca, o deputado federal alerta: o cidad\u00e3o de bem que se afasta da pol\u00edtica abre espa\u00e7o para os advers\u00e1rios da liberdade &nbsp; Confira abaixo a entrevista concedida pelo deputado federal do PSOL do Rio de Janeiro Jean Wyllys \u00e0 revista \u00c9poca. &nbsp; \u00c9POCA: Como o senhor acha que a decis\u00e3o de [&hellip;]<\/p>\n","protected":false},"author":2,"featured_media":0,"comment_status":"open","ping_status":"open","sticky":false,"template":"","format":"standard","meta":{"_acf_changed":false,"footnotes":""},"categories":[10,4766],"tags":[],"class_list":{"0":"post-1892","1":"post","2":"type-post","3":"status-publish","4":"format-standard","6":"category-acao-parlamentares","7":"category-arquivo"},"acf":[],"yoast_head":"<!-- This site is optimized with the Yoast SEO plugin v26.5 - https:\/\/yoast.com\/wordpress\/plugins\/seo\/ -->\n<title>Jean Wyllys: &quot;Pelo bem de todos, temos de lutar pelo direito \u00e0 diferen\u00e7a&quot; - PSOL 50<\/title>\n<meta name=\"robots\" content=\"index, follow, max-snippet:-1, max-image-preview:large, max-video-preview:-1\" \/>\n<link rel=\"canonical\" href=\"https:\/\/psol50.org.br\/jean-wyllys-pelo-bem-de-todos-temos-de-lutar-pelo-direito-a-diferenca\/\" \/>\n<meta property=\"og:locale\" content=\"pt_BR\" \/>\n<meta property=\"og:type\" content=\"article\" \/>\n<meta property=\"og:title\" content=\"Jean Wyllys: &quot;Pelo bem de todos, temos de lutar pelo direito \u00e0 diferen\u00e7a&quot; - PSOL 50\" \/>\n<meta property=\"og:description\" content=\"Em entrevista \u00e0 revista \u00c9poca, o deputado federal alerta: o cidad\u00e3o de bem que se afasta da pol\u00edtica abre espa\u00e7o para os advers\u00e1rios da liberdade &nbsp; Confira abaixo a entrevista concedida pelo deputado federal do PSOL do Rio de Janeiro Jean Wyllys \u00e0 revista \u00c9poca. &nbsp; \u00c9POCA: Como o senhor acha que a decis\u00e3o de [&hellip;]\" \/>\n<meta property=\"og:url\" content=\"https:\/\/psol50.org.br\/jean-wyllys-pelo-bem-de-todos-temos-de-lutar-pelo-direito-a-diferenca\/\" \/>\n<meta property=\"og:site_name\" content=\"PSOL 50\" \/>\n<meta property=\"article:publisher\" content=\"https:\/\/www.facebook.com\/psol50\" \/>\n<meta property=\"article:published_time\" content=\"2013-04-08T00:00:00+00:00\" \/>\n<meta property=\"og:image\" content=\"https:\/\/psol50.org.br\/inc\/uploads\/2018\/07\/capa.png\" \/>\n\t<meta property=\"og:image:width\" content=\"1350\" \/>\n\t<meta property=\"og:image:height\" content=\"900\" \/>\n\t<meta property=\"og:image:type\" content=\"image\/png\" \/>\n<meta name=\"author\" content=\"Comunica\u00e7\u00e3o PSOL\" \/>\n<meta name=\"twitter:card\" content=\"summary_large_image\" \/>\n<meta name=\"twitter:creator\" content=\"@psol50\" \/>\n<meta name=\"twitter:site\" content=\"@psol50\" \/>\n<meta name=\"twitter:label1\" content=\"Escrito por\" \/>\n\t<meta name=\"twitter:data1\" content=\"Comunica\u00e7\u00e3o PSOL\" \/>\n\t<meta name=\"twitter:label2\" content=\"Est. tempo de leitura\" \/>\n\t<meta name=\"twitter:data2\" content=\"4 minutos\" \/>\n<script type=\"application\/ld+json\" class=\"yoast-schema-graph\">{\"@context\":\"https:\/\/schema.org\",\"@graph\":[{\"@type\":\"Article\",\"@id\":\"https:\/\/psol50.org.br\/jean-wyllys-pelo-bem-de-todos-temos-de-lutar-pelo-direito-a-diferenca\/#article\",\"isPartOf\":{\"@id\":\"https:\/\/psol50.org.br\/jean-wyllys-pelo-bem-de-todos-temos-de-lutar-pelo-direito-a-diferenca\/\"},\"author\":{\"name\":\"Comunica\u00e7\u00e3o PSOL\",\"@id\":\"https:\/\/psol50.org.br\/#\/schema\/person\/475dfa57d0b815993c714c2e96491fcd\"},\"headline\":\"Jean Wyllys: &#8220;Pelo bem de todos, temos de lutar pelo direito \u00e0 diferen\u00e7a&#8221;\",\"datePublished\":\"2013-04-08T00:00:00+00:00\",\"mainEntityOfPage\":{\"@id\":\"https:\/\/psol50.org.br\/jean-wyllys-pelo-bem-de-todos-temos-de-lutar-pelo-direito-a-diferenca\/\"},\"wordCount\":761,\"commentCount\":0,\"publisher\":{\"@id\":\"https:\/\/psol50.org.br\/#organization\"},\"articleSection\":[\"A\u00e7\u00e3o Parlamentar\",\"Arquivo\"],\"inLanguage\":\"pt-BR\",\"potentialAction\":[{\"@type\":\"CommentAction\",\"name\":\"Comment\",\"target\":[\"https:\/\/psol50.org.br\/jean-wyllys-pelo-bem-de-todos-temos-de-lutar-pelo-direito-a-diferenca\/#respond\"]}]},{\"@type\":\"WebPage\",\"@id\":\"https:\/\/psol50.org.br\/jean-wyllys-pelo-bem-de-todos-temos-de-lutar-pelo-direito-a-diferenca\/\",\"url\":\"https:\/\/psol50.org.br\/jean-wyllys-pelo-bem-de-todos-temos-de-lutar-pelo-direito-a-diferenca\/\",\"name\":\"Jean Wyllys: \\\"Pelo bem de todos, temos de lutar pelo direito \u00e0 diferen\u00e7a\\\" - PSOL 50\",\"isPartOf\":{\"@id\":\"https:\/\/psol50.org.br\/#website\"},\"datePublished\":\"2013-04-08T00:00:00+00:00\",\"breadcrumb\":{\"@id\":\"https:\/\/psol50.org.br\/jean-wyllys-pelo-bem-de-todos-temos-de-lutar-pelo-direito-a-diferenca\/#breadcrumb\"},\"inLanguage\":\"pt-BR\",\"potentialAction\":[{\"@type\":\"ReadAction\",\"target\":[\"https:\/\/psol50.org.br\/jean-wyllys-pelo-bem-de-todos-temos-de-lutar-pelo-direito-a-diferenca\/\"]}]},{\"@type\":\"BreadcrumbList\",\"@id\":\"https:\/\/psol50.org.br\/jean-wyllys-pelo-bem-de-todos-temos-de-lutar-pelo-direito-a-diferenca\/#breadcrumb\",\"itemListElement\":[{\"@type\":\"ListItem\",\"position\":1,\"name\":\"In\u00edcio\",\"item\":\"https:\/\/psol50.org.br\/\"},{\"@type\":\"ListItem\",\"position\":2,\"name\":\"Jean Wyllys: &#8220;Pelo bem de todos, temos de lutar pelo direito \u00e0 diferen\u00e7a&#8221;\"}]},{\"@type\":\"WebSite\",\"@id\":\"https:\/\/psol50.org.br\/#website\",\"url\":\"https:\/\/psol50.org.br\/\",\"name\":\"PSOL 50\",\"description\":\"Site oficial do Partido Socialismo e Liberdade\",\"publisher\":{\"@id\":\"https:\/\/psol50.org.br\/#organization\"},\"alternateName\":\"PSOL50\",\"potentialAction\":[{\"@type\":\"SearchAction\",\"target\":{\"@type\":\"EntryPoint\",\"urlTemplate\":\"https:\/\/psol50.org.br\/?s={search_term_string}\"},\"query-input\":{\"@type\":\"PropertyValueSpecification\",\"valueRequired\":true,\"valueName\":\"search_term_string\"}}],\"inLanguage\":\"pt-BR\"},{\"@type\":\"Organization\",\"@id\":\"https:\/\/psol50.org.br\/#organization\",\"name\":\"PSOL 50\",\"alternateName\":\"PSOL 50\",\"url\":\"https:\/\/psol50.org.br\/\",\"logo\":{\"@type\":\"ImageObject\",\"inLanguage\":\"pt-BR\",\"@id\":\"https:\/\/psol50.org.br\/#\/schema\/logo\/image\/\",\"url\":\"https:\/\/psol50.org.br\/inc\/uploads\/2018\/07\/capa.png\",\"contentUrl\":\"https:\/\/psol50.org.br\/inc\/uploads\/2018\/07\/capa.png\",\"width\":1350,\"height\":900,\"caption\":\"PSOL 50\"},\"image\":{\"@id\":\"https:\/\/psol50.org.br\/#\/schema\/logo\/image\/\"},\"sameAs\":[\"https:\/\/www.facebook.com\/psol50\",\"https:\/\/x.com\/psol50\",\"https:\/\/www.instagram.com\/psol50\/\",\"https:\/\/www.youtube.com\/channel\/UC7SnJS5o1os7a6CaiNabzcg\"]},{\"@type\":\"Person\",\"@id\":\"https:\/\/psol50.org.br\/#\/schema\/person\/475dfa57d0b815993c714c2e96491fcd\",\"name\":\"Comunica\u00e7\u00e3o PSOL\",\"image\":{\"@type\":\"ImageObject\",\"inLanguage\":\"pt-BR\",\"@id\":\"https:\/\/psol50.org.br\/#\/schema\/person\/image\/\",\"url\":\"https:\/\/secure.gravatar.com\/avatar\/b34fc4f4e468a4e51785917065a3db57b841f5c95dba6ad8c73aaf8f66f8f9bf?s=96&d=mm&r=g\",\"contentUrl\":\"https:\/\/secure.gravatar.com\/avatar\/b34fc4f4e468a4e51785917065a3db57b841f5c95dba6ad8c73aaf8f66f8f9bf?s=96&d=mm&r=g\",\"caption\":\"Comunica\u00e7\u00e3o PSOL\"}}]}<\/script>\n<!-- \/ Yoast SEO plugin. -->","yoast_head_json":{"title":"Jean Wyllys: \"Pelo bem de todos, temos de lutar pelo direito \u00e0 diferen\u00e7a\" - PSOL 50","robots":{"index":"index","follow":"follow","max-snippet":"max-snippet:-1","max-image-preview":"max-image-preview:large","max-video-preview":"max-video-preview:-1"},"canonical":"https:\/\/psol50.org.br\/jean-wyllys-pelo-bem-de-todos-temos-de-lutar-pelo-direito-a-diferenca\/","og_locale":"pt_BR","og_type":"article","og_title":"Jean Wyllys: \"Pelo bem de todos, temos de lutar pelo direito \u00e0 diferen\u00e7a\" - PSOL 50","og_description":"Em entrevista \u00e0 revista \u00c9poca, o deputado federal alerta: o cidad\u00e3o de bem que se afasta da pol\u00edtica abre espa\u00e7o para os advers\u00e1rios da liberdade &nbsp; Confira abaixo a entrevista concedida pelo deputado federal do PSOL do Rio de Janeiro Jean Wyllys \u00e0 revista \u00c9poca. &nbsp; \u00c9POCA: Como o senhor acha que a decis\u00e3o de [&hellip;]","og_url":"https:\/\/psol50.org.br\/jean-wyllys-pelo-bem-de-todos-temos-de-lutar-pelo-direito-a-diferenca\/","og_site_name":"PSOL 50","article_publisher":"https:\/\/www.facebook.com\/psol50","article_published_time":"2013-04-08T00:00:00+00:00","og_image":[{"width":1350,"height":900,"url":"https:\/\/psol50.org.br\/inc\/uploads\/2018\/07\/capa.png","type":"image\/png"}],"author":"Comunica\u00e7\u00e3o PSOL","twitter_card":"summary_large_image","twitter_creator":"@psol50","twitter_site":"@psol50","twitter_misc":{"Escrito por":"Comunica\u00e7\u00e3o PSOL","Est. tempo de leitura":"4 minutos"},"schema":{"@context":"https:\/\/schema.org","@graph":[{"@type":"Article","@id":"https:\/\/psol50.org.br\/jean-wyllys-pelo-bem-de-todos-temos-de-lutar-pelo-direito-a-diferenca\/#article","isPartOf":{"@id":"https:\/\/psol50.org.br\/jean-wyllys-pelo-bem-de-todos-temos-de-lutar-pelo-direito-a-diferenca\/"},"author":{"name":"Comunica\u00e7\u00e3o PSOL","@id":"https:\/\/psol50.org.br\/#\/schema\/person\/475dfa57d0b815993c714c2e96491fcd"},"headline":"Jean Wyllys: &#8220;Pelo bem de todos, temos de lutar pelo direito \u00e0 diferen\u00e7a&#8221;","datePublished":"2013-04-08T00:00:00+00:00","mainEntityOfPage":{"@id":"https:\/\/psol50.org.br\/jean-wyllys-pelo-bem-de-todos-temos-de-lutar-pelo-direito-a-diferenca\/"},"wordCount":761,"commentCount":0,"publisher":{"@id":"https:\/\/psol50.org.br\/#organization"},"articleSection":["A\u00e7\u00e3o Parlamentar","Arquivo"],"inLanguage":"pt-BR","potentialAction":[{"@type":"CommentAction","name":"Comment","target":["https:\/\/psol50.org.br\/jean-wyllys-pelo-bem-de-todos-temos-de-lutar-pelo-direito-a-diferenca\/#respond"]}]},{"@type":"WebPage","@id":"https:\/\/psol50.org.br\/jean-wyllys-pelo-bem-de-todos-temos-de-lutar-pelo-direito-a-diferenca\/","url":"https:\/\/psol50.org.br\/jean-wyllys-pelo-bem-de-todos-temos-de-lutar-pelo-direito-a-diferenca\/","name":"Jean Wyllys: \"Pelo bem de todos, temos de lutar pelo direito \u00e0 diferen\u00e7a\" - PSOL 50","isPartOf":{"@id":"https:\/\/psol50.org.br\/#website"},"datePublished":"2013-04-08T00:00:00+00:00","breadcrumb":{"@id":"https:\/\/psol50.org.br\/jean-wyllys-pelo-bem-de-todos-temos-de-lutar-pelo-direito-a-diferenca\/#breadcrumb"},"inLanguage":"pt-BR","potentialAction":[{"@type":"ReadAction","target":["https:\/\/psol50.org.br\/jean-wyllys-pelo-bem-de-todos-temos-de-lutar-pelo-direito-a-diferenca\/"]}]},{"@type":"BreadcrumbList","@id":"https:\/\/psol50.org.br\/jean-wyllys-pelo-bem-de-todos-temos-de-lutar-pelo-direito-a-diferenca\/#breadcrumb","itemListElement":[{"@type":"ListItem","position":1,"name":"In\u00edcio","item":"https:\/\/psol50.org.br\/"},{"@type":"ListItem","position":2,"name":"Jean Wyllys: &#8220;Pelo bem de todos, temos de lutar pelo direito \u00e0 diferen\u00e7a&#8221;"}]},{"@type":"WebSite","@id":"https:\/\/psol50.org.br\/#website","url":"https:\/\/psol50.org.br\/","name":"PSOL 50","description":"Site oficial do Partido Socialismo e Liberdade","publisher":{"@id":"https:\/\/psol50.org.br\/#organization"},"alternateName":"PSOL50","potentialAction":[{"@type":"SearchAction","target":{"@type":"EntryPoint","urlTemplate":"https:\/\/psol50.org.br\/?s={search_term_string}"},"query-input":{"@type":"PropertyValueSpecification","valueRequired":true,"valueName":"search_term_string"}}],"inLanguage":"pt-BR"},{"@type":"Organization","@id":"https:\/\/psol50.org.br\/#organization","name":"PSOL 50","alternateName":"PSOL 50","url":"https:\/\/psol50.org.br\/","logo":{"@type":"ImageObject","inLanguage":"pt-BR","@id":"https:\/\/psol50.org.br\/#\/schema\/logo\/image\/","url":"https:\/\/psol50.org.br\/inc\/uploads\/2018\/07\/capa.png","contentUrl":"https:\/\/psol50.org.br\/inc\/uploads\/2018\/07\/capa.png","width":1350,"height":900,"caption":"PSOL 50"},"image":{"@id":"https:\/\/psol50.org.br\/#\/schema\/logo\/image\/"},"sameAs":["https:\/\/www.facebook.com\/psol50","https:\/\/x.com\/psol50","https:\/\/www.instagram.com\/psol50\/","https:\/\/www.youtube.com\/channel\/UC7SnJS5o1os7a6CaiNabzcg"]},{"@type":"Person","@id":"https:\/\/psol50.org.br\/#\/schema\/person\/475dfa57d0b815993c714c2e96491fcd","name":"Comunica\u00e7\u00e3o PSOL","image":{"@type":"ImageObject","inLanguage":"pt-BR","@id":"https:\/\/psol50.org.br\/#\/schema\/person\/image\/","url":"https:\/\/secure.gravatar.com\/avatar\/b34fc4f4e468a4e51785917065a3db57b841f5c95dba6ad8c73aaf8f66f8f9bf?s=96&d=mm&r=g","contentUrl":"https:\/\/secure.gravatar.com\/avatar\/b34fc4f4e468a4e51785917065a3db57b841f5c95dba6ad8c73aaf8f66f8f9bf?s=96&d=mm&r=g","caption":"Comunica\u00e7\u00e3o PSOL"}}]}},"_links":{"self":[{"href":"https:\/\/psol50.org.br\/rest\/wp\/v2\/posts\/1892","targetHints":{"allow":["GET"]}}],"collection":[{"href":"https:\/\/psol50.org.br\/rest\/wp\/v2\/posts"}],"about":[{"href":"https:\/\/psol50.org.br\/rest\/wp\/v2\/types\/post"}],"author":[{"embeddable":true,"href":"https:\/\/psol50.org.br\/rest\/wp\/v2\/users\/2"}],"replies":[{"embeddable":true,"href":"https:\/\/psol50.org.br\/rest\/wp\/v2\/comments?post=1892"}],"version-history":[{"count":0,"href":"https:\/\/psol50.org.br\/rest\/wp\/v2\/posts\/1892\/revisions"}],"wp:attachment":[{"href":"https:\/\/psol50.org.br\/rest\/wp\/v2\/media?parent=1892"}],"wp:term":[{"taxonomy":"category","embeddable":true,"href":"https:\/\/psol50.org.br\/rest\/wp\/v2\/categories?post=1892"},{"taxonomy":"post_tag","embeddable":true,"href":"https:\/\/psol50.org.br\/rest\/wp\/v2\/tags?post=1892"}],"curies":[{"name":"wp","href":"https:\/\/api.w.org\/{rel}","templated":true}]}}