{"id":18922,"date":"2017-11-17T11:02:57","date_gmt":"2017-11-17T13:02:57","guid":{"rendered":"http:\/\/www.psol50.org.br\/?p=18922"},"modified":"2017-11-17T11:02:57","modified_gmt":"2017-11-17T13:02:57","slug":"populacao-negra-e-maioria-entre-desempregados-confirma-nova-pesquisa-do-ibge","status":"publish","type":"post","link":"https:\/\/psol50.org.br\/populacao-negra-e-maioria-entre-desempregados-confirma-nova-pesquisa-do-ibge\/","title":{"rendered":"Popula\u00e7\u00e3o negra \u00e9 maioria entre desempregados, confirma nova pesquisa do IBGE"},"content":{"rendered":"<p>A nova <a href=\"https:\/\/www.ibge.gov.br\/estatisticas-novoportal\/sociais\/trabalho\/9173-pesquisa-nacional-por-amostra-de-domicilios-continua-trimestral.html\" target=\"_blank\" rel=\"noopener\"><strong><span style=\"color: #0000ff;\">Pnad Cont\u00ednua<\/span><\/strong><\/a> (Pesquisa Nacional por Amostra de Domic\u00edlios Cont\u00ednua), divulgada nesta sexta-feira (17\/11) pelo IBGE (Instituto Brasileiro de Geografia e Estat\u00edstica), confirma o que j\u00e1 \u00e9 uma triste realidade da hist\u00f3ria de diferen\u00e7as no pa\u00eds. A popula\u00e7\u00e3o negra, classificada pelo Instituto como preta e parda, continua sendo a maioria entre a for\u00e7a de trabalho desempregada.<\/p>\n<p>No terceiro trimestre deste ano, dos 13 milh\u00f5es de trabalhadores desocupados, 8,3 milh\u00f5es eram pretos ou pardos, o que d\u00e1 63,7% do total. De acordo com a pesquisa, 35,6% dos trabalhadores brancos est\u00e3o entre os desocupados.\u00a0Com isso, a taxa de desemprego da popula\u00e7\u00e3o negra ficou em 14,6%. Entre trabalhadores brancos a taxa \u00e9 de 9,9%.<\/p>\n<p>Entre os negros, os pardos s\u00e3o que est\u00e3o entre os mais atingidos pelo desemprego, pois representam 52,6% dos 8,3 milh\u00f5es. As pessoas pretas s\u00e3o 11,1%, quase dois pontos percentuais a mais em rela\u00e7\u00e3o ao mesmo per\u00edodo de 2012, cuja taxa ficou em 9,3%.<\/p>\n<p>Os negros representam 54,9% da popula\u00e7\u00e3o brasileira com 14 anos ou mais. Por\u00e9m, a propor\u00e7\u00e3o de pretos ou pardos ocupados (52,3%) \u00e9 inferior \u00e0 da popula\u00e7\u00e3o branca (56,5%). Al\u00e9m disso, o rendimento dos trabalhadores negros foi de R$ 1.531 no terceiro trimestre, correspondendo a 56% do rendimento m\u00e9dio dos brancos, que \u00e9 de R$ 2.757.<\/p>\n<p>J\u00e1 a taxa chamada de subutiliza\u00e7\u00e3o da for\u00e7a de trabalho (a que representa a fala de trabalho adequado e que agrega os desocupados, os subocupados por insufici\u00eancia de horas e os que fazem parte da for\u00e7a de trabalho potencial) ficou em 23,9%, o que representa 26,8 milh\u00f5es de pessoas.\u00a0No 2\u00ba trimestre de 2017, para Brasil, essa taxa foi de 23,8% e, no 3\u00ba trimestre de 2016, 21,2%. As maiores taxas por estado foram observadas na Bahia (40,1%), Piau\u00ed (38,5%), e Maranh\u00e3o (37,0%) e as menores em Santa Catarina\u00a0(10,9%), Mato Grosso (14,8%) e Rond\u00f4nia (15,5%).<\/p>\n<p><strong>Mulheres fora do mercado formal<\/strong><br \/>\nO estudo confirma, ainda, as mulheres como sendo a maioria fora da for\u00e7a de trabalho, ou seja aqueles trabalhadores que\u00a0n\u00e3o estavam ocupadas nem desocupadas na semana de refer\u00eancia da pesquisa. As trabalhadoras\u00a0representam 65,1% desse contigente, mantendo a tend\u00eancia das pesquisas realizadas pelo IBGE.<\/p>\n<p>Os \u00edndices mostrados pela recente pesquisa do IBGE apontam que o Brasil continua com uma realidade de profundas desigualdades em rela\u00e7\u00e3o aos trabalhadores negros e \u00e0s mulheres. Historicamente, esses setores da popula\u00e7\u00e3o est\u00e3o na dianteira das taxas de desempregados, o que vem se agravando, ainda mais, com as pol\u00edticas do ajuste fiscal imposto pelos sucessivos governos, e aprofundado agora pelo governo de Michel Temer.<\/p>\n<p>Com a reforma trabalhista, j\u00e1 em vigor, e com a reforma da Previd\u00eancia, ainda em tramita\u00e7\u00e3o no Congresso Nacional, mulheres e negros permanecer\u00e3o sendo os mais atingidos por um sistema que \u00e9 uma f\u00e1brica de desigualdades e opress\u00f5es.<\/p>\n<p>&nbsp;<\/p>\n","protected":false},"excerpt":{"rendered":"<p>A nova Pnad Cont\u00ednua (Pesquisa Nacional por Amostra de Domic\u00edlios Cont\u00ednua), divulgada nesta sexta-feira (17\/11) pelo IBGE (Instituto Brasileiro de Geografia e Estat\u00edstica), confirma o que j\u00e1 \u00e9 uma triste realidade da hist\u00f3ria de diferen\u00e7as no pa\u00eds. A popula\u00e7\u00e3o negra, classificada pelo Instituto como preta e parda, continua sendo a maioria entre a for\u00e7a de [&hellip;]<\/p>\n","protected":false},"author":2,"featured_media":18923,"comment_status":"open","ping_status":"open","sticky":false,"template":"","format":"standard","meta":{"_acf_changed":false,"footnotes":""},"categories":[1882,6],"tags":[3328,1432,1270,576,3786,387,555,3787,3788,577,737,3789,39,222],"class_list":{"0":"post-18922","1":"post","2":"type-post","3":"status-publish","4":"format-standard","5":"has-post-thumbnail","7":"category-brasil","8":"category-noticias","9":"tag-desprotecao-social-impactos-da-reforma-da-previdencia-no-contexto-urbano","10":"tag-ajuste-fiscal","11":"tag-consciencia-negra","12":"tag-desemprego","13":"tag-forca-de-trabalho","14":"tag-governo","15":"tag-ibge","16":"tag-michel-temter","17":"tag-pesquisa-nacional-por-amostra-de-domicilios-continua","18":"tag-pnad-continua","19":"tag-populacao-negra","20":"tag-pretos-e-pardos","21":"tag-reforma-da-previdencia","22":"tag-trabalhadores"},"acf":[],"yoast_head":"<!-- This site is optimized with the Yoast SEO plugin v26.5 - https:\/\/yoast.com\/wordpress\/plugins\/seo\/ -->\n<title>Popula\u00e7\u00e3o negra \u00e9 maioria entre desempregados, confirma nova pesquisa do IBGE - PSOL 50<\/title>\n<meta name=\"robots\" content=\"index, follow, max-snippet:-1, max-image-preview:large, max-video-preview:-1\" \/>\n<link rel=\"canonical\" href=\"https:\/\/psol50.org.br\/populacao-negra-e-maioria-entre-desempregados-confirma-nova-pesquisa-do-ibge\/\" \/>\n<meta property=\"og:locale\" content=\"pt_BR\" \/>\n<meta property=\"og:type\" content=\"article\" \/>\n<meta property=\"og:title\" content=\"Popula\u00e7\u00e3o negra \u00e9 maioria entre desempregados, confirma nova pesquisa do IBGE - PSOL 50\" \/>\n<meta property=\"og:description\" content=\"A nova Pnad Cont\u00ednua (Pesquisa Nacional por Amostra de Domic\u00edlios Cont\u00ednua), divulgada nesta sexta-feira (17\/11) pelo IBGE (Instituto Brasileiro de Geografia e Estat\u00edstica), confirma o que j\u00e1 \u00e9 uma triste realidade da hist\u00f3ria de diferen\u00e7as no pa\u00eds. A popula\u00e7\u00e3o negra, classificada pelo Instituto como preta e parda, continua sendo a maioria entre a for\u00e7a de [&hellip;]\" \/>\n<meta property=\"og:url\" content=\"https:\/\/psol50.org.br\/populacao-negra-e-maioria-entre-desempregados-confirma-nova-pesquisa-do-ibge\/\" \/>\n<meta property=\"og:site_name\" content=\"PSOL 50\" \/>\n<meta property=\"article:publisher\" content=\"https:\/\/www.facebook.com\/psol50\" \/>\n<meta property=\"article:published_time\" content=\"2017-11-17T13:02:57+00:00\" \/>\n<meta property=\"og:image\" content=\"https:\/\/psol50.org.br\/inc\/uploads\/2018\/07\/capa.png\" \/>\n\t<meta property=\"og:image:width\" content=\"1350\" \/>\n\t<meta property=\"og:image:height\" content=\"900\" \/>\n\t<meta property=\"og:image:type\" content=\"image\/png\" \/>\n<meta name=\"author\" content=\"Comunica\u00e7\u00e3o PSOL\" \/>\n<meta name=\"twitter:card\" content=\"summary_large_image\" \/>\n<meta name=\"twitter:creator\" content=\"@psol50\" \/>\n<meta name=\"twitter:site\" content=\"@psol50\" \/>\n<meta name=\"twitter:label1\" content=\"Escrito por\" \/>\n\t<meta name=\"twitter:data1\" content=\"Comunica\u00e7\u00e3o PSOL\" \/>\n\t<meta name=\"twitter:label2\" content=\"Est. tempo de leitura\" \/>\n\t<meta name=\"twitter:data2\" content=\"2 minutos\" \/>\n<script type=\"application\/ld+json\" class=\"yoast-schema-graph\">{\"@context\":\"https:\/\/schema.org\",\"@graph\":[{\"@type\":\"Article\",\"@id\":\"https:\/\/psol50.org.br\/populacao-negra-e-maioria-entre-desempregados-confirma-nova-pesquisa-do-ibge\/#article\",\"isPartOf\":{\"@id\":\"https:\/\/psol50.org.br\/populacao-negra-e-maioria-entre-desempregados-confirma-nova-pesquisa-do-ibge\/\"},\"author\":{\"name\":\"Comunica\u00e7\u00e3o PSOL\",\"@id\":\"https:\/\/psol50.org.br\/#\/schema\/person\/475dfa57d0b815993c714c2e96491fcd\"},\"headline\":\"Popula\u00e7\u00e3o negra \u00e9 maioria entre desempregados, confirma nova pesquisa do IBGE\",\"datePublished\":\"2017-11-17T13:02:57+00:00\",\"mainEntityOfPage\":{\"@id\":\"https:\/\/psol50.org.br\/populacao-negra-e-maioria-entre-desempregados-confirma-nova-pesquisa-do-ibge\/\"},\"wordCount\":476,\"commentCount\":0,\"publisher\":{\"@id\":\"https:\/\/psol50.org.br\/#organization\"},\"image\":{\"@id\":\"https:\/\/psol50.org.br\/populacao-negra-e-maioria-entre-desempregados-confirma-nova-pesquisa-do-ibge\/#primaryimage\"},\"thumbnailUrl\":\"\",\"keywords\":[\"(Des)prote\u00e7\u00e3o social: impactos da reforma da Previd\u00eancia no contexto urbano\",\"Ajuste Fiscal\",\"consci\u00eancia negra\",\"desemprego\",\"for\u00e7a de trabalho\",\"governo\",\"IBGE\",\"Michel Temter\",\"Pesquisa Nacional por Amostra de Domic\u00edlios Cont\u00ednua\",\"Pnad Cont\u00ednua\",\"popula\u00e7\u00e3o negra\",\"pretos e pardos\",\"reforma da previd\u00eancia\",\"trabalhadores\"],\"articleSection\":[\"Brasil\",\"Not\u00edcias\"],\"inLanguage\":\"pt-BR\",\"potentialAction\":[{\"@type\":\"CommentAction\",\"name\":\"Comment\",\"target\":[\"https:\/\/psol50.org.br\/populacao-negra-e-maioria-entre-desempregados-confirma-nova-pesquisa-do-ibge\/#respond\"]}]},{\"@type\":\"WebPage\",\"@id\":\"https:\/\/psol50.org.br\/populacao-negra-e-maioria-entre-desempregados-confirma-nova-pesquisa-do-ibge\/\",\"url\":\"https:\/\/psol50.org.br\/populacao-negra-e-maioria-entre-desempregados-confirma-nova-pesquisa-do-ibge\/\",\"name\":\"Popula\u00e7\u00e3o negra \u00e9 maioria entre desempregados, confirma nova pesquisa do IBGE - PSOL 50\",\"isPartOf\":{\"@id\":\"https:\/\/psol50.org.br\/#website\"},\"primaryImageOfPage\":{\"@id\":\"https:\/\/psol50.org.br\/populacao-negra-e-maioria-entre-desempregados-confirma-nova-pesquisa-do-ibge\/#primaryimage\"},\"image\":{\"@id\":\"https:\/\/psol50.org.br\/populacao-negra-e-maioria-entre-desempregados-confirma-nova-pesquisa-do-ibge\/#primaryimage\"},\"thumbnailUrl\":\"\",\"datePublished\":\"2017-11-17T13:02:57+00:00\",\"breadcrumb\":{\"@id\":\"https:\/\/psol50.org.br\/populacao-negra-e-maioria-entre-desempregados-confirma-nova-pesquisa-do-ibge\/#breadcrumb\"},\"inLanguage\":\"pt-BR\",\"potentialAction\":[{\"@type\":\"ReadAction\",\"target\":[\"https:\/\/psol50.org.br\/populacao-negra-e-maioria-entre-desempregados-confirma-nova-pesquisa-do-ibge\/\"]}]},{\"@type\":\"ImageObject\",\"inLanguage\":\"pt-BR\",\"@id\":\"https:\/\/psol50.org.br\/populacao-negra-e-maioria-entre-desempregados-confirma-nova-pesquisa-do-ibge\/#primaryimage\",\"url\":\"\",\"contentUrl\":\"\"},{\"@type\":\"BreadcrumbList\",\"@id\":\"https:\/\/psol50.org.br\/populacao-negra-e-maioria-entre-desempregados-confirma-nova-pesquisa-do-ibge\/#breadcrumb\",\"itemListElement\":[{\"@type\":\"ListItem\",\"position\":1,\"name\":\"In\u00edcio\",\"item\":\"https:\/\/psol50.org.br\/\"},{\"@type\":\"ListItem\",\"position\":2,\"name\":\"Popula\u00e7\u00e3o negra \u00e9 maioria entre desempregados, confirma nova pesquisa do IBGE\"}]},{\"@type\":\"WebSite\",\"@id\":\"https:\/\/psol50.org.br\/#website\",\"url\":\"https:\/\/psol50.org.br\/\",\"name\":\"PSOL 50\",\"description\":\"Site oficial do Partido Socialismo e Liberdade\",\"publisher\":{\"@id\":\"https:\/\/psol50.org.br\/#organization\"},\"alternateName\":\"PSOL50\",\"potentialAction\":[{\"@type\":\"SearchAction\",\"target\":{\"@type\":\"EntryPoint\",\"urlTemplate\":\"https:\/\/psol50.org.br\/?s={search_term_string}\"},\"query-input\":{\"@type\":\"PropertyValueSpecification\",\"valueRequired\":true,\"valueName\":\"search_term_string\"}}],\"inLanguage\":\"pt-BR\"},{\"@type\":\"Organization\",\"@id\":\"https:\/\/psol50.org.br\/#organization\",\"name\":\"PSOL 50\",\"alternateName\":\"PSOL 50\",\"url\":\"https:\/\/psol50.org.br\/\",\"logo\":{\"@type\":\"ImageObject\",\"inLanguage\":\"pt-BR\",\"@id\":\"https:\/\/psol50.org.br\/#\/schema\/logo\/image\/\",\"url\":\"https:\/\/psol50.org.br\/inc\/uploads\/2018\/07\/capa.png\",\"contentUrl\":\"https:\/\/psol50.org.br\/inc\/uploads\/2018\/07\/capa.png\",\"width\":1350,\"height\":900,\"caption\":\"PSOL 50\"},\"image\":{\"@id\":\"https:\/\/psol50.org.br\/#\/schema\/logo\/image\/\"},\"sameAs\":[\"https:\/\/www.facebook.com\/psol50\",\"https:\/\/x.com\/psol50\",\"https:\/\/www.instagram.com\/psol50\/\",\"https:\/\/www.youtube.com\/channel\/UC7SnJS5o1os7a6CaiNabzcg\"]},{\"@type\":\"Person\",\"@id\":\"https:\/\/psol50.org.br\/#\/schema\/person\/475dfa57d0b815993c714c2e96491fcd\",\"name\":\"Comunica\u00e7\u00e3o PSOL\",\"image\":{\"@type\":\"ImageObject\",\"inLanguage\":\"pt-BR\",\"@id\":\"https:\/\/psol50.org.br\/#\/schema\/person\/image\/\",\"url\":\"https:\/\/secure.gravatar.com\/avatar\/b34fc4f4e468a4e51785917065a3db57b841f5c95dba6ad8c73aaf8f66f8f9bf?s=96&d=mm&r=g\",\"contentUrl\":\"https:\/\/secure.gravatar.com\/avatar\/b34fc4f4e468a4e51785917065a3db57b841f5c95dba6ad8c73aaf8f66f8f9bf?s=96&d=mm&r=g\",\"caption\":\"Comunica\u00e7\u00e3o PSOL\"}}]}<\/script>\n<!-- \/ Yoast SEO plugin. -->","yoast_head_json":{"title":"Popula\u00e7\u00e3o negra \u00e9 maioria entre desempregados, confirma nova pesquisa do IBGE - PSOL 50","robots":{"index":"index","follow":"follow","max-snippet":"max-snippet:-1","max-image-preview":"max-image-preview:large","max-video-preview":"max-video-preview:-1"},"canonical":"https:\/\/psol50.org.br\/populacao-negra-e-maioria-entre-desempregados-confirma-nova-pesquisa-do-ibge\/","og_locale":"pt_BR","og_type":"article","og_title":"Popula\u00e7\u00e3o negra \u00e9 maioria entre desempregados, confirma nova pesquisa do IBGE - PSOL 50","og_description":"A nova Pnad Cont\u00ednua (Pesquisa Nacional por Amostra de Domic\u00edlios Cont\u00ednua), divulgada nesta sexta-feira (17\/11) pelo IBGE (Instituto Brasileiro de Geografia e Estat\u00edstica), confirma o que j\u00e1 \u00e9 uma triste realidade da hist\u00f3ria de diferen\u00e7as no pa\u00eds. A popula\u00e7\u00e3o negra, classificada pelo Instituto como preta e parda, continua sendo a maioria entre a for\u00e7a de [&hellip;]","og_url":"https:\/\/psol50.org.br\/populacao-negra-e-maioria-entre-desempregados-confirma-nova-pesquisa-do-ibge\/","og_site_name":"PSOL 50","article_publisher":"https:\/\/www.facebook.com\/psol50","article_published_time":"2017-11-17T13:02:57+00:00","og_image":[{"width":1350,"height":900,"url":"https:\/\/psol50.org.br\/inc\/uploads\/2018\/07\/capa.png","type":"image\/png"}],"author":"Comunica\u00e7\u00e3o PSOL","twitter_card":"summary_large_image","twitter_creator":"@psol50","twitter_site":"@psol50","twitter_misc":{"Escrito por":"Comunica\u00e7\u00e3o PSOL","Est. tempo de leitura":"2 minutos"},"schema":{"@context":"https:\/\/schema.org","@graph":[{"@type":"Article","@id":"https:\/\/psol50.org.br\/populacao-negra-e-maioria-entre-desempregados-confirma-nova-pesquisa-do-ibge\/#article","isPartOf":{"@id":"https:\/\/psol50.org.br\/populacao-negra-e-maioria-entre-desempregados-confirma-nova-pesquisa-do-ibge\/"},"author":{"name":"Comunica\u00e7\u00e3o PSOL","@id":"https:\/\/psol50.org.br\/#\/schema\/person\/475dfa57d0b815993c714c2e96491fcd"},"headline":"Popula\u00e7\u00e3o negra \u00e9 maioria entre desempregados, confirma nova pesquisa do IBGE","datePublished":"2017-11-17T13:02:57+00:00","mainEntityOfPage":{"@id":"https:\/\/psol50.org.br\/populacao-negra-e-maioria-entre-desempregados-confirma-nova-pesquisa-do-ibge\/"},"wordCount":476,"commentCount":0,"publisher":{"@id":"https:\/\/psol50.org.br\/#organization"},"image":{"@id":"https:\/\/psol50.org.br\/populacao-negra-e-maioria-entre-desempregados-confirma-nova-pesquisa-do-ibge\/#primaryimage"},"thumbnailUrl":"","keywords":["(Des)prote\u00e7\u00e3o social: impactos da reforma da Previd\u00eancia no contexto urbano","Ajuste Fiscal","consci\u00eancia negra","desemprego","for\u00e7a de trabalho","governo","IBGE","Michel Temter","Pesquisa Nacional por Amostra de Domic\u00edlios Cont\u00ednua","Pnad Cont\u00ednua","popula\u00e7\u00e3o negra","pretos e pardos","reforma da previd\u00eancia","trabalhadores"],"articleSection":["Brasil","Not\u00edcias"],"inLanguage":"pt-BR","potentialAction":[{"@type":"CommentAction","name":"Comment","target":["https:\/\/psol50.org.br\/populacao-negra-e-maioria-entre-desempregados-confirma-nova-pesquisa-do-ibge\/#respond"]}]},{"@type":"WebPage","@id":"https:\/\/psol50.org.br\/populacao-negra-e-maioria-entre-desempregados-confirma-nova-pesquisa-do-ibge\/","url":"https:\/\/psol50.org.br\/populacao-negra-e-maioria-entre-desempregados-confirma-nova-pesquisa-do-ibge\/","name":"Popula\u00e7\u00e3o negra \u00e9 maioria entre desempregados, confirma nova pesquisa do IBGE - PSOL 50","isPartOf":{"@id":"https:\/\/psol50.org.br\/#website"},"primaryImageOfPage":{"@id":"https:\/\/psol50.org.br\/populacao-negra-e-maioria-entre-desempregados-confirma-nova-pesquisa-do-ibge\/#primaryimage"},"image":{"@id":"https:\/\/psol50.org.br\/populacao-negra-e-maioria-entre-desempregados-confirma-nova-pesquisa-do-ibge\/#primaryimage"},"thumbnailUrl":"","datePublished":"2017-11-17T13:02:57+00:00","breadcrumb":{"@id":"https:\/\/psol50.org.br\/populacao-negra-e-maioria-entre-desempregados-confirma-nova-pesquisa-do-ibge\/#breadcrumb"},"inLanguage":"pt-BR","potentialAction":[{"@type":"ReadAction","target":["https:\/\/psol50.org.br\/populacao-negra-e-maioria-entre-desempregados-confirma-nova-pesquisa-do-ibge\/"]}]},{"@type":"ImageObject","inLanguage":"pt-BR","@id":"https:\/\/psol50.org.br\/populacao-negra-e-maioria-entre-desempregados-confirma-nova-pesquisa-do-ibge\/#primaryimage","url":"","contentUrl":""},{"@type":"BreadcrumbList","@id":"https:\/\/psol50.org.br\/populacao-negra-e-maioria-entre-desempregados-confirma-nova-pesquisa-do-ibge\/#breadcrumb","itemListElement":[{"@type":"ListItem","position":1,"name":"In\u00edcio","item":"https:\/\/psol50.org.br\/"},{"@type":"ListItem","position":2,"name":"Popula\u00e7\u00e3o negra \u00e9 maioria entre desempregados, confirma nova pesquisa do IBGE"}]},{"@type":"WebSite","@id":"https:\/\/psol50.org.br\/#website","url":"https:\/\/psol50.org.br\/","name":"PSOL 50","description":"Site oficial do Partido Socialismo e Liberdade","publisher":{"@id":"https:\/\/psol50.org.br\/#organization"},"alternateName":"PSOL50","potentialAction":[{"@type":"SearchAction","target":{"@type":"EntryPoint","urlTemplate":"https:\/\/psol50.org.br\/?s={search_term_string}"},"query-input":{"@type":"PropertyValueSpecification","valueRequired":true,"valueName":"search_term_string"}}],"inLanguage":"pt-BR"},{"@type":"Organization","@id":"https:\/\/psol50.org.br\/#organization","name":"PSOL 50","alternateName":"PSOL 50","url":"https:\/\/psol50.org.br\/","logo":{"@type":"ImageObject","inLanguage":"pt-BR","@id":"https:\/\/psol50.org.br\/#\/schema\/logo\/image\/","url":"https:\/\/psol50.org.br\/inc\/uploads\/2018\/07\/capa.png","contentUrl":"https:\/\/psol50.org.br\/inc\/uploads\/2018\/07\/capa.png","width":1350,"height":900,"caption":"PSOL 50"},"image":{"@id":"https:\/\/psol50.org.br\/#\/schema\/logo\/image\/"},"sameAs":["https:\/\/www.facebook.com\/psol50","https:\/\/x.com\/psol50","https:\/\/www.instagram.com\/psol50\/","https:\/\/www.youtube.com\/channel\/UC7SnJS5o1os7a6CaiNabzcg"]},{"@type":"Person","@id":"https:\/\/psol50.org.br\/#\/schema\/person\/475dfa57d0b815993c714c2e96491fcd","name":"Comunica\u00e7\u00e3o PSOL","image":{"@type":"ImageObject","inLanguage":"pt-BR","@id":"https:\/\/psol50.org.br\/#\/schema\/person\/image\/","url":"https:\/\/secure.gravatar.com\/avatar\/b34fc4f4e468a4e51785917065a3db57b841f5c95dba6ad8c73aaf8f66f8f9bf?s=96&d=mm&r=g","contentUrl":"https:\/\/secure.gravatar.com\/avatar\/b34fc4f4e468a4e51785917065a3db57b841f5c95dba6ad8c73aaf8f66f8f9bf?s=96&d=mm&r=g","caption":"Comunica\u00e7\u00e3o PSOL"}}]}},"_links":{"self":[{"href":"https:\/\/psol50.org.br\/rest\/wp\/v2\/posts\/18922","targetHints":{"allow":["GET"]}}],"collection":[{"href":"https:\/\/psol50.org.br\/rest\/wp\/v2\/posts"}],"about":[{"href":"https:\/\/psol50.org.br\/rest\/wp\/v2\/types\/post"}],"author":[{"embeddable":true,"href":"https:\/\/psol50.org.br\/rest\/wp\/v2\/users\/2"}],"replies":[{"embeddable":true,"href":"https:\/\/psol50.org.br\/rest\/wp\/v2\/comments?post=18922"}],"version-history":[{"count":0,"href":"https:\/\/psol50.org.br\/rest\/wp\/v2\/posts\/18922\/revisions"}],"wp:featuredmedia":[{"embeddable":true,"href":"https:\/\/psol50.org.br\/rest\/"}],"wp:attachment":[{"href":"https:\/\/psol50.org.br\/rest\/wp\/v2\/media?parent=18922"}],"wp:term":[{"taxonomy":"category","embeddable":true,"href":"https:\/\/psol50.org.br\/rest\/wp\/v2\/categories?post=18922"},{"taxonomy":"post_tag","embeddable":true,"href":"https:\/\/psol50.org.br\/rest\/wp\/v2\/tags?post=18922"}],"curies":[{"name":"wp","href":"https:\/\/api.w.org\/{rel}","templated":true}]}}