{"id":18932,"date":"2017-11-17T16:42:08","date_gmt":"2017-11-17T18:42:08","guid":{"rendered":"http:\/\/www.psol50.org.br\/?p=18932"},"modified":"2017-11-17T16:42:08","modified_gmt":"2017-11-17T18:42:08","slug":"alerj-livra-cupula-do-pmdbrj-da-prisao","status":"publish","type":"post","link":"https:\/\/psol50.org.br\/alerj-livra-cupula-do-pmdbrj-da-prisao\/","title":{"rendered":"Alerj livra c\u00fapula do PMDB\/RJ da pris\u00e3o"},"content":{"rendered":"<p>A Assembleia Legislativa do Rio de Janeiro (Alerj) negou, nesta sexta-feira (17), a pris\u00e3o de Jorge Picciani, Edson Albertassi e Paulo Melo, todos do PMDB, e agora os tr\u00eas deputados ser\u00e3o investigados em liberdade.<\/p>\n<p>Foram 39 votos pela soltura, 19 pela manuten\u00e7\u00e3o e uma absten\u00e7\u00e3o. O PSOL votou a favor da pris\u00e3o. Confira ao final da mat\u00e9ria como votou cada deputado.<\/p>\n<p>O deputado estadual Paulo Ramos, que j\u00e1 vinha se apresentando como desligado de nossa bancada, votou contra a pris\u00e3o. O PSOL o afastou imediatamente e j\u00e1 iniciou o processo de sua expuls\u00e3o. <a href=\"http:\/\/www.psol50.org.br\/nota-do-psol-sobre-o-deputado-estadual-paulo-ramos\/\" target=\"_blank\" rel=\"noopener\"><strong>Leia a nota do partido sobre o caso clicando aqui.\u00a0<\/strong><\/a><\/p>\n<p>Os parlamentares do PMDB s\u00e3o acusados de organizar a caixinha da Fetranspor, um esquema de propina para favorecer as empresas de \u00f4nibus do Estado. Al\u00e9m disso, a \u201cCadeia Velha\u201d, opera\u00e7\u00e3o da Pol\u00edcia Federal, estima que as atividades criminosas dos deputados levaram o Estado do Rio de Janeiro a deixar de arrecadar R$ 183 bilh\u00f5es em tributos em cinco anos.<\/p>\n<p>O PSOL faz essa den\u00fancia h\u00e1 anos: o PMDB quebrou o Rio. Bilh\u00f5es de reais dos cidad\u00e3os concedidos como isen\u00e7\u00e3o para empresas, hospitais sem recursos com profissionais precarizados, desmonte da Uerj, servidores p\u00fablicos sem receber e uma Seguran\u00e7a P\u00fablica irrespons\u00e1vel: tudo isso \u00e9 fruto de uma quadrilha que se formou no poder no Rio de Janeiro.<\/p>\n<p>No plen\u00e1rio, Marcelo Freixo (PSOL) e Luiz Paulo Corr\u00eaa da Rocha (PSDB) fizeram defesa pela manuten\u00e7\u00e3o da pris\u00e3o, enquanto Andr\u00e9 Corr\u00eaa (DEM) e Andr\u00e9 Lazaroni (PMDB) fizeram a defesa pela soltura dos parlamentares.<\/p>\n<p><strong>Lista de deputados contr\u00e1rios \u00e0 pris\u00e3o:<\/strong><\/p>\n<p>Andr\u00e9 Ceciliano &#8211; PT<br \/>\nAndr\u00e9 Corr\u00eaa &#8211; DEM<br \/>\nAndr\u00e9 Lazaroni \u2013 PMDB<br \/>\n\u00c1tila Nunes &#8211; PMDB<br \/>\nChiquinho da Mangueira &#8211; Pode<br \/>\nChristino Aureo \u2013 PSD<br \/>\nCidinha Campos &#8211; PDT<br \/>\nCoronel Jairo &#8211; PMDB<br \/>\nDaniele Guerreiro &#8211; PMDB<br \/>\nDica &#8211; Pode<br \/>\nDion\u00edsio Lins &#8211; PP<br \/>\nF\u00e1bio Silva &#8211; PMDB<br \/>\nFatinha &#8211; SD<br \/>\nFilipe Soares &#8211; DEM<br \/>\nGeraldo Pudim &#8211; PMDB<br \/>\nGustavo Tutuca \u2013 PMDB<br \/>\nIranildo Campos &#8211; PSD<br \/>\nJair Bittencourt \u2013 PP<br \/>\nJ\u00e2nio Mendes &#8211; PDT<br \/>\nJo\u00e3o Peixoto &#8211; PSDC<br \/>\nLuiz Martins &#8211; PDT<br \/>\nMarcelo Sim\u00e3o &#8211; PMDB<br \/>\nMarcia Jeovani &#8211; DEM<br \/>\nMarco Figueiredo &#8211; Pros<br \/>\nMarcos Abraha\u00e3o &#8211; PTdoB<br \/>\nMarcos Miller &#8211; PHS<br \/>\nMarcio Canela &#8211; PSL<br \/>\nMarcus Vin\u00edcius &#8211; PTB<br \/>\nMilton Rangel &#8211; DEM<br \/>\nNivaldo Mulim &#8211; PR<br \/>\nPaulo Ramos &#8211; PSOL<br \/>\nPedro Augusto &#8211; PMDB<br \/>\nRenato Cozzolino &#8211; PR<br \/>\nRosenverg Reis &#8211; PMDB<br \/>\nSilas Bento &#8211; PSDB<br \/>\nThiago Pampolha &#8211; PDT<br \/>\nTio Carlos &#8211; SD<br \/>\nZaqueu Teixeira &#8211; PDT<br \/>\nZito \u2013 PP<\/p>\n<p><strong>Votaram a favor da pris\u00e3o:<\/strong><\/p>\n<p>Benedito Alves (PRB)<br \/>\nCarlos Macedo (PRB)<br \/>\nCarlos Minc (Sem partido)<br \/>\nCarlos Os\u00f3rio (PSDB)<br \/>\nJulianeli (REDE)<br \/>\n<strong>Eliomar Coelho (PSOL)<\/strong><br \/>\nEnfermera Rejane (PCdoB)<br \/>\nFlavio Bolsonaro (PSC)<br \/>\n<strong>Flavio Serafini (PSOL)<\/strong><br \/>\nGilberto Palmares (PT)<br \/>\nLuiz Paulo (PSBD)<br \/>\n<strong>Marcelo Freixo (PSOL)<\/strong><br \/>\nMarcia Pacheco (PSC)<br \/>\nMartha Rocha (PDT)<br \/>\nSilas Malafaia (DEM)<br \/>\nWagner Montes (PRB)<br \/>\nWaldeck Carneiro (PT)<br \/>\n<strong>Wanderson Nogueira (PSOL)<\/strong><br \/>\nZeidan (PT)<\/p>\n","protected":false},"excerpt":{"rendered":"<p>A Assembleia Legislativa do Rio de Janeiro (Alerj) negou, nesta sexta-feira (17), a pris\u00e3o de Jorge Picciani, Edson Albertassi e Paulo Melo, todos do PMDB, e agora os tr\u00eas deputados ser\u00e3o investigados em liberdade. Foram 39 votos pela soltura, 19 pela manuten\u00e7\u00e3o e uma absten\u00e7\u00e3o. O PSOL votou a favor da pris\u00e3o. Confira ao final [&hellip;]<\/p>\n","protected":false},"author":2,"featured_media":18934,"comment_status":"open","ping_status":"open","sticky":false,"template":"","format":"standard","meta":{"_acf_changed":false,"footnotes":""},"categories":[10,654,6],"tags":[1031,58,161,3793,2152,162],"class_list":{"0":"post-18932","1":"post","2":"type-post","3":"status-publish","4":"format-standard","5":"has-post-thumbnail","7":"category-acao-parlamentares","8":"category-estados","9":"category-noticias","10":"tag-alerj","11":"tag-corrupcao","12":"tag-marcelo-freixo","13":"tag-picciani","14":"tag-pmdb","15":"tag-rio-de-janeiro"},"acf":[],"yoast_head":"<!-- This site is optimized with the Yoast SEO plugin v26.5 - https:\/\/yoast.com\/wordpress\/plugins\/seo\/ -->\n<title>Alerj livra c\u00fapula do PMDB\/RJ da pris\u00e3o - PSOL 50<\/title>\n<meta name=\"robots\" content=\"index, follow, max-snippet:-1, max-image-preview:large, max-video-preview:-1\" \/>\n<link rel=\"canonical\" href=\"https:\/\/psol50.org.br\/alerj-livra-cupula-do-pmdbrj-da-prisao\/\" \/>\n<meta property=\"og:locale\" content=\"pt_BR\" \/>\n<meta property=\"og:type\" content=\"article\" \/>\n<meta property=\"og:title\" content=\"Alerj livra c\u00fapula do PMDB\/RJ da pris\u00e3o - PSOL 50\" \/>\n<meta property=\"og:description\" content=\"A Assembleia Legislativa do Rio de Janeiro (Alerj) negou, nesta sexta-feira (17), a pris\u00e3o de Jorge Picciani, Edson Albertassi e Paulo Melo, todos do PMDB, e agora os tr\u00eas deputados ser\u00e3o investigados em liberdade. Foram 39 votos pela soltura, 19 pela manuten\u00e7\u00e3o e uma absten\u00e7\u00e3o. O PSOL votou a favor da pris\u00e3o. Confira ao final [&hellip;]\" \/>\n<meta property=\"og:url\" content=\"https:\/\/psol50.org.br\/alerj-livra-cupula-do-pmdbrj-da-prisao\/\" \/>\n<meta property=\"og:site_name\" content=\"PSOL 50\" \/>\n<meta property=\"article:publisher\" content=\"https:\/\/www.facebook.com\/psol50\" \/>\n<meta property=\"article:published_time\" content=\"2017-11-17T18:42:08+00:00\" \/>\n<meta property=\"og:image\" content=\"https:\/\/psol50.org.br\/inc\/uploads\/2018\/07\/capa.png\" \/>\n\t<meta property=\"og:image:width\" content=\"1350\" \/>\n\t<meta property=\"og:image:height\" content=\"900\" \/>\n\t<meta property=\"og:image:type\" content=\"image\/png\" \/>\n<meta name=\"author\" content=\"Comunica\u00e7\u00e3o PSOL\" \/>\n<meta name=\"twitter:card\" content=\"summary_large_image\" \/>\n<meta name=\"twitter:creator\" content=\"@psol50\" \/>\n<meta name=\"twitter:site\" content=\"@psol50\" \/>\n<meta name=\"twitter:label1\" content=\"Escrito por\" \/>\n\t<meta name=\"twitter:data1\" content=\"Comunica\u00e7\u00e3o PSOL\" \/>\n\t<meta name=\"twitter:label2\" content=\"Est. tempo de leitura\" \/>\n\t<meta name=\"twitter:data2\" content=\"3 minutos\" \/>\n<script type=\"application\/ld+json\" class=\"yoast-schema-graph\">{\"@context\":\"https:\/\/schema.org\",\"@graph\":[{\"@type\":\"Article\",\"@id\":\"https:\/\/psol50.org.br\/alerj-livra-cupula-do-pmdbrj-da-prisao\/#article\",\"isPartOf\":{\"@id\":\"https:\/\/psol50.org.br\/alerj-livra-cupula-do-pmdbrj-da-prisao\/\"},\"author\":{\"name\":\"Comunica\u00e7\u00e3o PSOL\",\"@id\":\"https:\/\/psol50.org.br\/#\/schema\/person\/475dfa57d0b815993c714c2e96491fcd\"},\"headline\":\"Alerj livra c\u00fapula do PMDB\/RJ da pris\u00e3o\",\"datePublished\":\"2017-11-17T18:42:08+00:00\",\"mainEntityOfPage\":{\"@id\":\"https:\/\/psol50.org.br\/alerj-livra-cupula-do-pmdbrj-da-prisao\/\"},\"wordCount\":510,\"commentCount\":0,\"publisher\":{\"@id\":\"https:\/\/psol50.org.br\/#organization\"},\"image\":{\"@id\":\"https:\/\/psol50.org.br\/alerj-livra-cupula-do-pmdbrj-da-prisao\/#primaryimage\"},\"thumbnailUrl\":\"\",\"keywords\":[\"Alerj\",\"corrup\u00e7\u00e3o\",\"Marcelo Freixo\",\"Picciani\",\"PMDB\",\"Rio de Janeiro\"],\"articleSection\":[\"A\u00e7\u00e3o Parlamentar\",\"Estados\",\"Not\u00edcias\"],\"inLanguage\":\"pt-BR\",\"potentialAction\":[{\"@type\":\"CommentAction\",\"name\":\"Comment\",\"target\":[\"https:\/\/psol50.org.br\/alerj-livra-cupula-do-pmdbrj-da-prisao\/#respond\"]}]},{\"@type\":\"WebPage\",\"@id\":\"https:\/\/psol50.org.br\/alerj-livra-cupula-do-pmdbrj-da-prisao\/\",\"url\":\"https:\/\/psol50.org.br\/alerj-livra-cupula-do-pmdbrj-da-prisao\/\",\"name\":\"Alerj livra c\u00fapula do PMDB\/RJ da pris\u00e3o - PSOL 50\",\"isPartOf\":{\"@id\":\"https:\/\/psol50.org.br\/#website\"},\"primaryImageOfPage\":{\"@id\":\"https:\/\/psol50.org.br\/alerj-livra-cupula-do-pmdbrj-da-prisao\/#primaryimage\"},\"image\":{\"@id\":\"https:\/\/psol50.org.br\/alerj-livra-cupula-do-pmdbrj-da-prisao\/#primaryimage\"},\"thumbnailUrl\":\"\",\"datePublished\":\"2017-11-17T18:42:08+00:00\",\"breadcrumb\":{\"@id\":\"https:\/\/psol50.org.br\/alerj-livra-cupula-do-pmdbrj-da-prisao\/#breadcrumb\"},\"inLanguage\":\"pt-BR\",\"potentialAction\":[{\"@type\":\"ReadAction\",\"target\":[\"https:\/\/psol50.org.br\/alerj-livra-cupula-do-pmdbrj-da-prisao\/\"]}]},{\"@type\":\"ImageObject\",\"inLanguage\":\"pt-BR\",\"@id\":\"https:\/\/psol50.org.br\/alerj-livra-cupula-do-pmdbrj-da-prisao\/#primaryimage\",\"url\":\"\",\"contentUrl\":\"\"},{\"@type\":\"BreadcrumbList\",\"@id\":\"https:\/\/psol50.org.br\/alerj-livra-cupula-do-pmdbrj-da-prisao\/#breadcrumb\",\"itemListElement\":[{\"@type\":\"ListItem\",\"position\":1,\"name\":\"In\u00edcio\",\"item\":\"https:\/\/psol50.org.br\/\"},{\"@type\":\"ListItem\",\"position\":2,\"name\":\"Alerj livra c\u00fapula do PMDB\/RJ da pris\u00e3o\"}]},{\"@type\":\"WebSite\",\"@id\":\"https:\/\/psol50.org.br\/#website\",\"url\":\"https:\/\/psol50.org.br\/\",\"name\":\"PSOL 50\",\"description\":\"Site oficial do Partido Socialismo e Liberdade\",\"publisher\":{\"@id\":\"https:\/\/psol50.org.br\/#organization\"},\"alternateName\":\"PSOL50\",\"potentialAction\":[{\"@type\":\"SearchAction\",\"target\":{\"@type\":\"EntryPoint\",\"urlTemplate\":\"https:\/\/psol50.org.br\/?s={search_term_string}\"},\"query-input\":{\"@type\":\"PropertyValueSpecification\",\"valueRequired\":true,\"valueName\":\"search_term_string\"}}],\"inLanguage\":\"pt-BR\"},{\"@type\":\"Organization\",\"@id\":\"https:\/\/psol50.org.br\/#organization\",\"name\":\"PSOL 50\",\"alternateName\":\"PSOL 50\",\"url\":\"https:\/\/psol50.org.br\/\",\"logo\":{\"@type\":\"ImageObject\",\"inLanguage\":\"pt-BR\",\"@id\":\"https:\/\/psol50.org.br\/#\/schema\/logo\/image\/\",\"url\":\"https:\/\/psol50.org.br\/inc\/uploads\/2018\/07\/capa.png\",\"contentUrl\":\"https:\/\/psol50.org.br\/inc\/uploads\/2018\/07\/capa.png\",\"width\":1350,\"height\":900,\"caption\":\"PSOL 50\"},\"image\":{\"@id\":\"https:\/\/psol50.org.br\/#\/schema\/logo\/image\/\"},\"sameAs\":[\"https:\/\/www.facebook.com\/psol50\",\"https:\/\/x.com\/psol50\",\"https:\/\/www.instagram.com\/psol50\/\",\"https:\/\/www.youtube.com\/channel\/UC7SnJS5o1os7a6CaiNabzcg\"]},{\"@type\":\"Person\",\"@id\":\"https:\/\/psol50.org.br\/#\/schema\/person\/475dfa57d0b815993c714c2e96491fcd\",\"name\":\"Comunica\u00e7\u00e3o PSOL\",\"image\":{\"@type\":\"ImageObject\",\"inLanguage\":\"pt-BR\",\"@id\":\"https:\/\/psol50.org.br\/#\/schema\/person\/image\/\",\"url\":\"https:\/\/secure.gravatar.com\/avatar\/b34fc4f4e468a4e51785917065a3db57b841f5c95dba6ad8c73aaf8f66f8f9bf?s=96&d=mm&r=g\",\"contentUrl\":\"https:\/\/secure.gravatar.com\/avatar\/b34fc4f4e468a4e51785917065a3db57b841f5c95dba6ad8c73aaf8f66f8f9bf?s=96&d=mm&r=g\",\"caption\":\"Comunica\u00e7\u00e3o PSOL\"}}]}<\/script>\n<!-- \/ Yoast SEO plugin. -->","yoast_head_json":{"title":"Alerj livra c\u00fapula do PMDB\/RJ da pris\u00e3o - PSOL 50","robots":{"index":"index","follow":"follow","max-snippet":"max-snippet:-1","max-image-preview":"max-image-preview:large","max-video-preview":"max-video-preview:-1"},"canonical":"https:\/\/psol50.org.br\/alerj-livra-cupula-do-pmdbrj-da-prisao\/","og_locale":"pt_BR","og_type":"article","og_title":"Alerj livra c\u00fapula do PMDB\/RJ da pris\u00e3o - PSOL 50","og_description":"A Assembleia Legislativa do Rio de Janeiro (Alerj) negou, nesta sexta-feira (17), a pris\u00e3o de Jorge Picciani, Edson Albertassi e Paulo Melo, todos do PMDB, e agora os tr\u00eas deputados ser\u00e3o investigados em liberdade. Foram 39 votos pela soltura, 19 pela manuten\u00e7\u00e3o e uma absten\u00e7\u00e3o. O PSOL votou a favor da pris\u00e3o. Confira ao final [&hellip;]","og_url":"https:\/\/psol50.org.br\/alerj-livra-cupula-do-pmdbrj-da-prisao\/","og_site_name":"PSOL 50","article_publisher":"https:\/\/www.facebook.com\/psol50","article_published_time":"2017-11-17T18:42:08+00:00","og_image":[{"width":1350,"height":900,"url":"https:\/\/psol50.org.br\/inc\/uploads\/2018\/07\/capa.png","type":"image\/png"}],"author":"Comunica\u00e7\u00e3o PSOL","twitter_card":"summary_large_image","twitter_creator":"@psol50","twitter_site":"@psol50","twitter_misc":{"Escrito por":"Comunica\u00e7\u00e3o PSOL","Est. tempo de leitura":"3 minutos"},"schema":{"@context":"https:\/\/schema.org","@graph":[{"@type":"Article","@id":"https:\/\/psol50.org.br\/alerj-livra-cupula-do-pmdbrj-da-prisao\/#article","isPartOf":{"@id":"https:\/\/psol50.org.br\/alerj-livra-cupula-do-pmdbrj-da-prisao\/"},"author":{"name":"Comunica\u00e7\u00e3o PSOL","@id":"https:\/\/psol50.org.br\/#\/schema\/person\/475dfa57d0b815993c714c2e96491fcd"},"headline":"Alerj livra c\u00fapula do PMDB\/RJ da pris\u00e3o","datePublished":"2017-11-17T18:42:08+00:00","mainEntityOfPage":{"@id":"https:\/\/psol50.org.br\/alerj-livra-cupula-do-pmdbrj-da-prisao\/"},"wordCount":510,"commentCount":0,"publisher":{"@id":"https:\/\/psol50.org.br\/#organization"},"image":{"@id":"https:\/\/psol50.org.br\/alerj-livra-cupula-do-pmdbrj-da-prisao\/#primaryimage"},"thumbnailUrl":"","keywords":["Alerj","corrup\u00e7\u00e3o","Marcelo Freixo","Picciani","PMDB","Rio de Janeiro"],"articleSection":["A\u00e7\u00e3o Parlamentar","Estados","Not\u00edcias"],"inLanguage":"pt-BR","potentialAction":[{"@type":"CommentAction","name":"Comment","target":["https:\/\/psol50.org.br\/alerj-livra-cupula-do-pmdbrj-da-prisao\/#respond"]}]},{"@type":"WebPage","@id":"https:\/\/psol50.org.br\/alerj-livra-cupula-do-pmdbrj-da-prisao\/","url":"https:\/\/psol50.org.br\/alerj-livra-cupula-do-pmdbrj-da-prisao\/","name":"Alerj livra c\u00fapula do PMDB\/RJ da pris\u00e3o - PSOL 50","isPartOf":{"@id":"https:\/\/psol50.org.br\/#website"},"primaryImageOfPage":{"@id":"https:\/\/psol50.org.br\/alerj-livra-cupula-do-pmdbrj-da-prisao\/#primaryimage"},"image":{"@id":"https:\/\/psol50.org.br\/alerj-livra-cupula-do-pmdbrj-da-prisao\/#primaryimage"},"thumbnailUrl":"","datePublished":"2017-11-17T18:42:08+00:00","breadcrumb":{"@id":"https:\/\/psol50.org.br\/alerj-livra-cupula-do-pmdbrj-da-prisao\/#breadcrumb"},"inLanguage":"pt-BR","potentialAction":[{"@type":"ReadAction","target":["https:\/\/psol50.org.br\/alerj-livra-cupula-do-pmdbrj-da-prisao\/"]}]},{"@type":"ImageObject","inLanguage":"pt-BR","@id":"https:\/\/psol50.org.br\/alerj-livra-cupula-do-pmdbrj-da-prisao\/#primaryimage","url":"","contentUrl":""},{"@type":"BreadcrumbList","@id":"https:\/\/psol50.org.br\/alerj-livra-cupula-do-pmdbrj-da-prisao\/#breadcrumb","itemListElement":[{"@type":"ListItem","position":1,"name":"In\u00edcio","item":"https:\/\/psol50.org.br\/"},{"@type":"ListItem","position":2,"name":"Alerj livra c\u00fapula do PMDB\/RJ da pris\u00e3o"}]},{"@type":"WebSite","@id":"https:\/\/psol50.org.br\/#website","url":"https:\/\/psol50.org.br\/","name":"PSOL 50","description":"Site oficial do Partido Socialismo e Liberdade","publisher":{"@id":"https:\/\/psol50.org.br\/#organization"},"alternateName":"PSOL50","potentialAction":[{"@type":"SearchAction","target":{"@type":"EntryPoint","urlTemplate":"https:\/\/psol50.org.br\/?s={search_term_string}"},"query-input":{"@type":"PropertyValueSpecification","valueRequired":true,"valueName":"search_term_string"}}],"inLanguage":"pt-BR"},{"@type":"Organization","@id":"https:\/\/psol50.org.br\/#organization","name":"PSOL 50","alternateName":"PSOL 50","url":"https:\/\/psol50.org.br\/","logo":{"@type":"ImageObject","inLanguage":"pt-BR","@id":"https:\/\/psol50.org.br\/#\/schema\/logo\/image\/","url":"https:\/\/psol50.org.br\/inc\/uploads\/2018\/07\/capa.png","contentUrl":"https:\/\/psol50.org.br\/inc\/uploads\/2018\/07\/capa.png","width":1350,"height":900,"caption":"PSOL 50"},"image":{"@id":"https:\/\/psol50.org.br\/#\/schema\/logo\/image\/"},"sameAs":["https:\/\/www.facebook.com\/psol50","https:\/\/x.com\/psol50","https:\/\/www.instagram.com\/psol50\/","https:\/\/www.youtube.com\/channel\/UC7SnJS5o1os7a6CaiNabzcg"]},{"@type":"Person","@id":"https:\/\/psol50.org.br\/#\/schema\/person\/475dfa57d0b815993c714c2e96491fcd","name":"Comunica\u00e7\u00e3o PSOL","image":{"@type":"ImageObject","inLanguage":"pt-BR","@id":"https:\/\/psol50.org.br\/#\/schema\/person\/image\/","url":"https:\/\/secure.gravatar.com\/avatar\/b34fc4f4e468a4e51785917065a3db57b841f5c95dba6ad8c73aaf8f66f8f9bf?s=96&d=mm&r=g","contentUrl":"https:\/\/secure.gravatar.com\/avatar\/b34fc4f4e468a4e51785917065a3db57b841f5c95dba6ad8c73aaf8f66f8f9bf?s=96&d=mm&r=g","caption":"Comunica\u00e7\u00e3o PSOL"}}]}},"_links":{"self":[{"href":"https:\/\/psol50.org.br\/rest\/wp\/v2\/posts\/18932","targetHints":{"allow":["GET"]}}],"collection":[{"href":"https:\/\/psol50.org.br\/rest\/wp\/v2\/posts"}],"about":[{"href":"https:\/\/psol50.org.br\/rest\/wp\/v2\/types\/post"}],"author":[{"embeddable":true,"href":"https:\/\/psol50.org.br\/rest\/wp\/v2\/users\/2"}],"replies":[{"embeddable":true,"href":"https:\/\/psol50.org.br\/rest\/wp\/v2\/comments?post=18932"}],"version-history":[{"count":0,"href":"https:\/\/psol50.org.br\/rest\/wp\/v2\/posts\/18932\/revisions"}],"wp:featuredmedia":[{"embeddable":true,"href":"https:\/\/psol50.org.br\/rest\/"}],"wp:attachment":[{"href":"https:\/\/psol50.org.br\/rest\/wp\/v2\/media?parent=18932"}],"wp:term":[{"taxonomy":"category","embeddable":true,"href":"https:\/\/psol50.org.br\/rest\/wp\/v2\/categories?post=18932"},{"taxonomy":"post_tag","embeddable":true,"href":"https:\/\/psol50.org.br\/rest\/wp\/v2\/tags?post=18932"}],"curies":[{"name":"wp","href":"https:\/\/api.w.org\/{rel}","templated":true}]}}