{"id":1894,"date":"2013-04-08T00:00:00","date_gmt":"2013-04-08T00:00:00","guid":{"rendered":"http:\/\/psol50.org.br\/arquivo\/2013\/04\/08\/absolvicao-de-acusado-de-mandar-matar-casal-de-extrativistas-expoe-impunidade-no-campo\/"},"modified":"2013-04-08T00:00:00","modified_gmt":"2013-04-08T00:00:00","slug":"absolvicao-de-acusado-de-mandar-matar-casal-de-extrativistas-expoe-impunidade-no-campo","status":"publish","type":"post","link":"https:\/\/psol50.org.br\/absolvicao-de-acusado-de-mandar-matar-casal-de-extrativistas-expoe-impunidade-no-campo\/","title":{"rendered":"Absolvi\u00e7\u00e3o de acusado de mandar matar casal de extrativistas exp\u00f5e impunidade no campo"},"content":{"rendered":"<div style=\"text-align: justify;\">\n\t<em>Para o deputado Ivan Valente, presidente nacional do PSOL, na sequ\u00eancia da vit\u00f3ria na vota\u00e7\u00e3o do novo C\u00f3digo Florestal, a bancada ruralista tem se mostrado cada vez mais ousada e a sua pr\u00f3xima trincheira \u00e9 contra as normas trabalhistas que regulamentam a atividade no campo e pela redefini\u00e7\u00e3o do conceito de trabalho escravo<\/em><br \/>\n\t&nbsp;<br \/>\n\tAp\u00f3s dois dias de julgamento, o Tribunal do J\u00fari de Marab\u00e1 (PA) absolveu o acusado de ser o mandante do assassinato do casal extrativista Maria do Esp\u00edrito Santo da Silva e Jos\u00e9 Claudio Ribeiro da Silva, em maio de 2011, em Nova Ipixuna (582 km de Bel\u00e9m). A decis\u00e3o do j\u00fari livrou Jos\u00e9 Rodrigues Moreira com a alega\u00e7\u00e3o de falta de provas e gerou revolta entre os manifestantes que acompanhavam o julgamento e entre os setores da sociedade que lutam por justi\u00e7a no campo.<br \/>\n\t&nbsp;<br \/>\n\tO irm\u00e3o de Jos\u00e9 Rodrigues, Lindonjonson Silva Rocha, e seu c\u00famplice, Alberto Lopes, foram condenados pela execu\u00e7\u00e3o do casal a 42 anos e 8 meses pelo duplo homic\u00eddio e 45 anos, respectivamente. Lopes&nbsp;foi condenado pelos mesmos crimes, mas foi enquadrado tamb\u00e9m por recurso cruel da morte de Jos\u00e9 Claudio por arrancar a orelha do extrativista.<br \/>\n\t&nbsp;<br \/>\n\tSegundo o MPE-PA, h\u00e1 provas contundentes que apontam para a participa\u00e7\u00e3o de Jos\u00e9 Rodrigues, e afirma que vai recorrer para que o j\u00fari seja anulado, assim como ocorreu no processo contra o fazendeiro Vitalmiro Moura, o Bida, condenado por ter mandado matar a mission\u00e1ria Dorothy Stang, em fevereiro de 2005, em Anapu (PA).<br \/>\n\t&nbsp;<br \/>\n\t\u201cO MPE antecipa aqui que vai recorrer. Se o TJ acolher, ser\u00e1 realizado um novo julgamento, pois acreditamos que ele foi o mandante deste crime. O MP fez o que estava ao alcance. Nos demais r\u00e9us, acreditamos que a decis\u00e3o foi absolutamente justa\u201d, afirmou a promotora Ana Maria Magalh\u00e3es.<br \/>\n\t&nbsp;<br \/>\n\tA den\u00fancia do MPE-PA afirma que \u201cJos\u00e9 Rodrigues planejou, organizou e financiou o duplo homic\u00eddio\u201d, objetivando, com as mortes, \u201cafastar qualquer impedimento para adquirir a posse da terra\u201d. Os lotes alvo de disputa foram adquiridos por Jos\u00e9 Rodrigues no assentamento em 2010. No local, moravam tr\u00eas agricultores, que eram defendidos pelo casal extrativista. Jos\u00e9 Claudio e Maria denunciavam a ilegalidade na opera\u00e7\u00e3o de compra das terras na regi\u00e3o e afirmavam que Rodrigues n\u00e3o tinha perfil para reforma agr\u00e1ria e n\u00e3o seguia conceitos b\u00e1sicos para preserva\u00e7\u00e3o da natureza.<br \/>\n\t&nbsp;<br \/>\n\tA possibilidade de anula\u00e7\u00e3o do j\u00fari, no entanto, n\u00e3o muda a realidade imediata. O fazendeiro Jos\u00e9 Rodrigues est\u00e1 livre e a decis\u00e3o aumenta a tens\u00e3o na regi\u00e3o. A senten\u00e7a de absolvi\u00e7\u00e3o causou revolta em cerca de 200 pessoas que acompanhavam o julgamento. Ao final, pedras foram atiradas contra o pr\u00e9dio do f\u00f3rum e o muro foi pintado com cruzes em vermelho.&nbsp;Testemunhas de acusa\u00e7\u00e3o como La\u00edsa Santos Sampaio, irm\u00e3o de Maria, e seu marido, Jos\u00e9 Maria Gomes Sampaio j\u00e1 vinham sofrendo amea\u00e7as de morte. La\u00edsa conta com escolta policial, mas n\u00e3o sabe se poder\u00e1 voltar ao assentamento onde vive.<br \/>\n\t&nbsp;<br \/>\n\t<strong>Julgamento<\/strong><br \/>\n\tZ\u00e9 Cl\u00e1udio e Maria integravam o projeto de assentamento agroextrativista Praialta-Piranheira, criado na regi\u00e3o em 1997 e que trabalhava principalmente com produtores de castanha. L\u00edder da associa\u00e7\u00e3o de camponeses da regi\u00e3o, Z\u00e9 Cl\u00e1udio se tornou conhecido por denunciar a a\u00e7\u00e3o de madeireiros ilegais na Floresta Amaz\u00f4nica. Apesar de den\u00fancias feitas em p\u00fablico, no entanto, nenhum deles tinha prote\u00e7\u00e3o policial. Em Nova Ipixuna, sudeste do Par\u00e1, foram v\u00edtimas de uma emboscada. Os tr\u00eas acusados, presos preventivamente desde setembro de 2011, amea\u00e7avam o casal por causa da disputa pela posse de terra adquirida pelo r\u00e9u Jos\u00e9 Rodrigues, que havia comprado dois lotes na \u00e1rea do projeto extrativista.<br \/>\n\t&nbsp;<br \/>\n\tSegundo relato do jornalista Felipe Milanez, o julgamento foi marcado pelo tom religioso e men\u00e7\u00f5es frequentes \u00e0 B\u00edblia na tentativa de comover os jurados. Uma delas, inclusive, teria chegado a chorar diante do depoimento de Jos\u00e9 Rodrigues, inundado de l\u00e1grimas e cita\u00e7\u00f5es religiosas. A cena, supostamente encenada, motivou por parte da promotora a solicita\u00e7\u00e3o de exclus\u00e3o da jurada do processo, por falta de distanciamento necess\u00e1rio para julgar a quest\u00e3o. Milanez conta que o juiz teria respondido de forma amea\u00e7adora, dizendo que nesse caso ele iria suspender o julgamento e expedir o alvar\u00e1 de soltura aos r\u00e9us.<br \/>\n\t&nbsp;<br \/>\n\t<strong>Tens\u00e3o<\/strong><br \/>\n\tA impunidade e o consequente aumento da viol\u00eancia colocam em alerta os movimentos sociais no Par\u00e1. Segundo relat\u00f3rio da Comiss\u00e3o Pastoral da Terra (CPT), 38 agricultores est\u00e3o amea\u00e7adas de morte no sul e sudeste do estado. Ao todo existe cerca de 500 assentamentos no Estado, al\u00e9m das dezenas de acampamentos, que ainda aguardam pela reforma agr\u00e1ria e vivem sob tens\u00e3o pela disputa de terras com madeireiros e fazendeiros da regi\u00e3o.<br \/>\n\t&nbsp;<br \/>\n\tA sensa\u00e7\u00e3o de impunidade deve agravar ainda mais o espantoso cen\u00e1rio armado pelos setores conservadores do campo. Para o deputado Ivan Valente, na sequ\u00eancia da vit\u00f3ria na vota\u00e7\u00e3o do novo C\u00f3digo Florestal, a bancada ruralista tem se mostrado cada vez mais ousada e a sua pr\u00f3xima trincheira \u00e9 contra as normas trabalhistas que regulamentam a atividade no campo e pela redefini\u00e7\u00e3o do conceito de trabalho escravo.<br \/>\n\t&nbsp;<br \/>\n\t\u201cH\u00e1 toda uma configura\u00e7\u00e3o de incentivo \u00e0 impunidade e constitui\u00e7\u00e3o de um estado de aus\u00eancia de leis claras. Pelo contr\u00e1rio. Cada vez mais o setor ruralista se v\u00ea confiante o suficiente para, inclusive, acabar com o que ainda existe, como \u00e9 o caso da legisla\u00e7\u00e3o trabalhista no campo\u201d, afirma Valente. \u201cTudo isso gera uma situa\u00e7\u00e3o de impunidade, por um lado, e inseguran\u00e7a para sem terras, ind\u00edgenas e pequenos agricultores. Decis\u00f5es judiciais como a absolvi\u00e7\u00e3o do mandante do crime contra Z\u00e9 Cl\u00e1udio e Maria s\u00f3 demonstram como o Estado est\u00e1 articulado em defesa desse estado de coisa secular\u201d, completou.<br \/>\n\t&nbsp;<br \/>\n\tPara Valente, de imediato \u00e9 preciso garantir a seguran\u00e7a de La\u00edsa Sampaio e sua fam\u00edlia. \u201cAgora, est\u00e3o amea\u00e7ados pela decis\u00e3o da Justi\u00e7a. Esperamos que, depois dessa decis\u00e3o lament\u00e1vel, garantam a seguran\u00e7a deles.\u201d<\/div>\n<p>&nbsp;<\/p>\n","protected":false},"excerpt":{"rendered":"<p>Para o deputado Ivan Valente, presidente nacional do PSOL, na sequ\u00eancia da vit\u00f3ria na vota\u00e7\u00e3o do novo C\u00f3digo Florestal, a bancada ruralista tem se mostrado cada vez mais ousada e a sua pr\u00f3xima trincheira \u00e9 contra as normas trabalhistas que regulamentam a atividade no campo e pela redefini\u00e7\u00e3o do conceito de trabalho escravo &nbsp; Ap\u00f3s [&hellip;]<\/p>\n","protected":false},"author":2,"featured_media":0,"comment_status":"open","ping_status":"open","sticky":false,"template":"","format":"standard","meta":{"_acf_changed":false,"footnotes":""},"categories":[4766],"tags":[],"class_list":{"0":"post-1894","1":"post","2":"type-post","3":"status-publish","4":"format-standard","6":"category-arquivo"},"acf":[],"yoast_head":"<!-- This site is optimized with the Yoast SEO plugin v26.5 - https:\/\/yoast.com\/wordpress\/plugins\/seo\/ -->\n<title>Absolvi\u00e7\u00e3o de acusado de mandar matar casal de extrativistas exp\u00f5e impunidade no campo - PSOL 50<\/title>\n<meta name=\"robots\" content=\"index, follow, max-snippet:-1, max-image-preview:large, max-video-preview:-1\" \/>\n<link rel=\"canonical\" href=\"https:\/\/psol50.org.br\/absolvicao-de-acusado-de-mandar-matar-casal-de-extrativistas-expoe-impunidade-no-campo\/\" \/>\n<meta property=\"og:locale\" content=\"pt_BR\" \/>\n<meta property=\"og:type\" content=\"article\" \/>\n<meta property=\"og:title\" content=\"Absolvi\u00e7\u00e3o de acusado de mandar matar casal de extrativistas exp\u00f5e impunidade no campo - PSOL 50\" \/>\n<meta property=\"og:description\" content=\"Para o deputado Ivan Valente, presidente nacional do PSOL, na sequ\u00eancia da vit\u00f3ria na vota\u00e7\u00e3o do novo C\u00f3digo Florestal, a bancada ruralista tem se mostrado cada vez mais ousada e a sua pr\u00f3xima trincheira \u00e9 contra as normas trabalhistas que regulamentam a atividade no campo e pela redefini\u00e7\u00e3o do conceito de trabalho escravo &nbsp; Ap\u00f3s [&hellip;]\" \/>\n<meta property=\"og:url\" content=\"https:\/\/psol50.org.br\/absolvicao-de-acusado-de-mandar-matar-casal-de-extrativistas-expoe-impunidade-no-campo\/\" \/>\n<meta property=\"og:site_name\" content=\"PSOL 50\" \/>\n<meta property=\"article:publisher\" content=\"https:\/\/www.facebook.com\/psol50\" \/>\n<meta property=\"article:published_time\" content=\"2013-04-08T00:00:00+00:00\" \/>\n<meta property=\"og:image\" content=\"https:\/\/psol50.org.br\/inc\/uploads\/2018\/07\/capa.png\" \/>\n\t<meta property=\"og:image:width\" content=\"1350\" \/>\n\t<meta property=\"og:image:height\" content=\"900\" \/>\n\t<meta property=\"og:image:type\" content=\"image\/png\" \/>\n<meta name=\"author\" content=\"Comunica\u00e7\u00e3o PSOL\" \/>\n<meta name=\"twitter:card\" content=\"summary_large_image\" \/>\n<meta name=\"twitter:creator\" content=\"@psol50\" \/>\n<meta name=\"twitter:site\" content=\"@psol50\" \/>\n<meta name=\"twitter:label1\" content=\"Escrito por\" \/>\n\t<meta name=\"twitter:data1\" content=\"Comunica\u00e7\u00e3o PSOL\" \/>\n\t<meta name=\"twitter:label2\" content=\"Est. tempo de leitura\" \/>\n\t<meta name=\"twitter:data2\" content=\"5 minutos\" \/>\n<script type=\"application\/ld+json\" class=\"yoast-schema-graph\">{\"@context\":\"https:\/\/schema.org\",\"@graph\":[{\"@type\":\"Article\",\"@id\":\"https:\/\/psol50.org.br\/absolvicao-de-acusado-de-mandar-matar-casal-de-extrativistas-expoe-impunidade-no-campo\/#article\",\"isPartOf\":{\"@id\":\"https:\/\/psol50.org.br\/absolvicao-de-acusado-de-mandar-matar-casal-de-extrativistas-expoe-impunidade-no-campo\/\"},\"author\":{\"name\":\"Comunica\u00e7\u00e3o PSOL\",\"@id\":\"https:\/\/psol50.org.br\/#\/schema\/person\/475dfa57d0b815993c714c2e96491fcd\"},\"headline\":\"Absolvi\u00e7\u00e3o de acusado de mandar matar casal de extrativistas exp\u00f5e impunidade no campo\",\"datePublished\":\"2013-04-08T00:00:00+00:00\",\"mainEntityOfPage\":{\"@id\":\"https:\/\/psol50.org.br\/absolvicao-de-acusado-de-mandar-matar-casal-de-extrativistas-expoe-impunidade-no-campo\/\"},\"wordCount\":1077,\"commentCount\":0,\"publisher\":{\"@id\":\"https:\/\/psol50.org.br\/#organization\"},\"articleSection\":[\"Arquivo\"],\"inLanguage\":\"pt-BR\",\"potentialAction\":[{\"@type\":\"CommentAction\",\"name\":\"Comment\",\"target\":[\"https:\/\/psol50.org.br\/absolvicao-de-acusado-de-mandar-matar-casal-de-extrativistas-expoe-impunidade-no-campo\/#respond\"]}]},{\"@type\":\"WebPage\",\"@id\":\"https:\/\/psol50.org.br\/absolvicao-de-acusado-de-mandar-matar-casal-de-extrativistas-expoe-impunidade-no-campo\/\",\"url\":\"https:\/\/psol50.org.br\/absolvicao-de-acusado-de-mandar-matar-casal-de-extrativistas-expoe-impunidade-no-campo\/\",\"name\":\"Absolvi\u00e7\u00e3o de acusado de mandar matar casal de extrativistas exp\u00f5e impunidade no campo - PSOL 50\",\"isPartOf\":{\"@id\":\"https:\/\/psol50.org.br\/#website\"},\"datePublished\":\"2013-04-08T00:00:00+00:00\",\"breadcrumb\":{\"@id\":\"https:\/\/psol50.org.br\/absolvicao-de-acusado-de-mandar-matar-casal-de-extrativistas-expoe-impunidade-no-campo\/#breadcrumb\"},\"inLanguage\":\"pt-BR\",\"potentialAction\":[{\"@type\":\"ReadAction\",\"target\":[\"https:\/\/psol50.org.br\/absolvicao-de-acusado-de-mandar-matar-casal-de-extrativistas-expoe-impunidade-no-campo\/\"]}]},{\"@type\":\"BreadcrumbList\",\"@id\":\"https:\/\/psol50.org.br\/absolvicao-de-acusado-de-mandar-matar-casal-de-extrativistas-expoe-impunidade-no-campo\/#breadcrumb\",\"itemListElement\":[{\"@type\":\"ListItem\",\"position\":1,\"name\":\"In\u00edcio\",\"item\":\"https:\/\/psol50.org.br\/\"},{\"@type\":\"ListItem\",\"position\":2,\"name\":\"Absolvi\u00e7\u00e3o de acusado de mandar matar casal de extrativistas exp\u00f5e impunidade no campo\"}]},{\"@type\":\"WebSite\",\"@id\":\"https:\/\/psol50.org.br\/#website\",\"url\":\"https:\/\/psol50.org.br\/\",\"name\":\"PSOL 50\",\"description\":\"Site oficial do Partido Socialismo e Liberdade\",\"publisher\":{\"@id\":\"https:\/\/psol50.org.br\/#organization\"},\"alternateName\":\"PSOL50\",\"potentialAction\":[{\"@type\":\"SearchAction\",\"target\":{\"@type\":\"EntryPoint\",\"urlTemplate\":\"https:\/\/psol50.org.br\/?s={search_term_string}\"},\"query-input\":{\"@type\":\"PropertyValueSpecification\",\"valueRequired\":true,\"valueName\":\"search_term_string\"}}],\"inLanguage\":\"pt-BR\"},{\"@type\":\"Organization\",\"@id\":\"https:\/\/psol50.org.br\/#organization\",\"name\":\"PSOL 50\",\"alternateName\":\"PSOL 50\",\"url\":\"https:\/\/psol50.org.br\/\",\"logo\":{\"@type\":\"ImageObject\",\"inLanguage\":\"pt-BR\",\"@id\":\"https:\/\/psol50.org.br\/#\/schema\/logo\/image\/\",\"url\":\"https:\/\/psol50.org.br\/inc\/uploads\/2018\/07\/capa.png\",\"contentUrl\":\"https:\/\/psol50.org.br\/inc\/uploads\/2018\/07\/capa.png\",\"width\":1350,\"height\":900,\"caption\":\"PSOL 50\"},\"image\":{\"@id\":\"https:\/\/psol50.org.br\/#\/schema\/logo\/image\/\"},\"sameAs\":[\"https:\/\/www.facebook.com\/psol50\",\"https:\/\/x.com\/psol50\",\"https:\/\/www.instagram.com\/psol50\/\",\"https:\/\/www.youtube.com\/channel\/UC7SnJS5o1os7a6CaiNabzcg\"]},{\"@type\":\"Person\",\"@id\":\"https:\/\/psol50.org.br\/#\/schema\/person\/475dfa57d0b815993c714c2e96491fcd\",\"name\":\"Comunica\u00e7\u00e3o PSOL\",\"image\":{\"@type\":\"ImageObject\",\"inLanguage\":\"pt-BR\",\"@id\":\"https:\/\/psol50.org.br\/#\/schema\/person\/image\/\",\"url\":\"https:\/\/secure.gravatar.com\/avatar\/b34fc4f4e468a4e51785917065a3db57b841f5c95dba6ad8c73aaf8f66f8f9bf?s=96&d=mm&r=g\",\"contentUrl\":\"https:\/\/secure.gravatar.com\/avatar\/b34fc4f4e468a4e51785917065a3db57b841f5c95dba6ad8c73aaf8f66f8f9bf?s=96&d=mm&r=g\",\"caption\":\"Comunica\u00e7\u00e3o PSOL\"}}]}<\/script>\n<!-- \/ Yoast SEO plugin. -->","yoast_head_json":{"title":"Absolvi\u00e7\u00e3o de acusado de mandar matar casal de extrativistas exp\u00f5e impunidade no campo - PSOL 50","robots":{"index":"index","follow":"follow","max-snippet":"max-snippet:-1","max-image-preview":"max-image-preview:large","max-video-preview":"max-video-preview:-1"},"canonical":"https:\/\/psol50.org.br\/absolvicao-de-acusado-de-mandar-matar-casal-de-extrativistas-expoe-impunidade-no-campo\/","og_locale":"pt_BR","og_type":"article","og_title":"Absolvi\u00e7\u00e3o de acusado de mandar matar casal de extrativistas exp\u00f5e impunidade no campo - PSOL 50","og_description":"Para o deputado Ivan Valente, presidente nacional do PSOL, na sequ\u00eancia da vit\u00f3ria na vota\u00e7\u00e3o do novo C\u00f3digo Florestal, a bancada ruralista tem se mostrado cada vez mais ousada e a sua pr\u00f3xima trincheira \u00e9 contra as normas trabalhistas que regulamentam a atividade no campo e pela redefini\u00e7\u00e3o do conceito de trabalho escravo &nbsp; Ap\u00f3s [&hellip;]","og_url":"https:\/\/psol50.org.br\/absolvicao-de-acusado-de-mandar-matar-casal-de-extrativistas-expoe-impunidade-no-campo\/","og_site_name":"PSOL 50","article_publisher":"https:\/\/www.facebook.com\/psol50","article_published_time":"2013-04-08T00:00:00+00:00","og_image":[{"width":1350,"height":900,"url":"https:\/\/psol50.org.br\/inc\/uploads\/2018\/07\/capa.png","type":"image\/png"}],"author":"Comunica\u00e7\u00e3o PSOL","twitter_card":"summary_large_image","twitter_creator":"@psol50","twitter_site":"@psol50","twitter_misc":{"Escrito por":"Comunica\u00e7\u00e3o PSOL","Est. tempo de leitura":"5 minutos"},"schema":{"@context":"https:\/\/schema.org","@graph":[{"@type":"Article","@id":"https:\/\/psol50.org.br\/absolvicao-de-acusado-de-mandar-matar-casal-de-extrativistas-expoe-impunidade-no-campo\/#article","isPartOf":{"@id":"https:\/\/psol50.org.br\/absolvicao-de-acusado-de-mandar-matar-casal-de-extrativistas-expoe-impunidade-no-campo\/"},"author":{"name":"Comunica\u00e7\u00e3o PSOL","@id":"https:\/\/psol50.org.br\/#\/schema\/person\/475dfa57d0b815993c714c2e96491fcd"},"headline":"Absolvi\u00e7\u00e3o de acusado de mandar matar casal de extrativistas exp\u00f5e impunidade no campo","datePublished":"2013-04-08T00:00:00+00:00","mainEntityOfPage":{"@id":"https:\/\/psol50.org.br\/absolvicao-de-acusado-de-mandar-matar-casal-de-extrativistas-expoe-impunidade-no-campo\/"},"wordCount":1077,"commentCount":0,"publisher":{"@id":"https:\/\/psol50.org.br\/#organization"},"articleSection":["Arquivo"],"inLanguage":"pt-BR","potentialAction":[{"@type":"CommentAction","name":"Comment","target":["https:\/\/psol50.org.br\/absolvicao-de-acusado-de-mandar-matar-casal-de-extrativistas-expoe-impunidade-no-campo\/#respond"]}]},{"@type":"WebPage","@id":"https:\/\/psol50.org.br\/absolvicao-de-acusado-de-mandar-matar-casal-de-extrativistas-expoe-impunidade-no-campo\/","url":"https:\/\/psol50.org.br\/absolvicao-de-acusado-de-mandar-matar-casal-de-extrativistas-expoe-impunidade-no-campo\/","name":"Absolvi\u00e7\u00e3o de acusado de mandar matar casal de extrativistas exp\u00f5e impunidade no campo - PSOL 50","isPartOf":{"@id":"https:\/\/psol50.org.br\/#website"},"datePublished":"2013-04-08T00:00:00+00:00","breadcrumb":{"@id":"https:\/\/psol50.org.br\/absolvicao-de-acusado-de-mandar-matar-casal-de-extrativistas-expoe-impunidade-no-campo\/#breadcrumb"},"inLanguage":"pt-BR","potentialAction":[{"@type":"ReadAction","target":["https:\/\/psol50.org.br\/absolvicao-de-acusado-de-mandar-matar-casal-de-extrativistas-expoe-impunidade-no-campo\/"]}]},{"@type":"BreadcrumbList","@id":"https:\/\/psol50.org.br\/absolvicao-de-acusado-de-mandar-matar-casal-de-extrativistas-expoe-impunidade-no-campo\/#breadcrumb","itemListElement":[{"@type":"ListItem","position":1,"name":"In\u00edcio","item":"https:\/\/psol50.org.br\/"},{"@type":"ListItem","position":2,"name":"Absolvi\u00e7\u00e3o de acusado de mandar matar casal de extrativistas exp\u00f5e impunidade no campo"}]},{"@type":"WebSite","@id":"https:\/\/psol50.org.br\/#website","url":"https:\/\/psol50.org.br\/","name":"PSOL 50","description":"Site oficial do Partido Socialismo e Liberdade","publisher":{"@id":"https:\/\/psol50.org.br\/#organization"},"alternateName":"PSOL50","potentialAction":[{"@type":"SearchAction","target":{"@type":"EntryPoint","urlTemplate":"https:\/\/psol50.org.br\/?s={search_term_string}"},"query-input":{"@type":"PropertyValueSpecification","valueRequired":true,"valueName":"search_term_string"}}],"inLanguage":"pt-BR"},{"@type":"Organization","@id":"https:\/\/psol50.org.br\/#organization","name":"PSOL 50","alternateName":"PSOL 50","url":"https:\/\/psol50.org.br\/","logo":{"@type":"ImageObject","inLanguage":"pt-BR","@id":"https:\/\/psol50.org.br\/#\/schema\/logo\/image\/","url":"https:\/\/psol50.org.br\/inc\/uploads\/2018\/07\/capa.png","contentUrl":"https:\/\/psol50.org.br\/inc\/uploads\/2018\/07\/capa.png","width":1350,"height":900,"caption":"PSOL 50"},"image":{"@id":"https:\/\/psol50.org.br\/#\/schema\/logo\/image\/"},"sameAs":["https:\/\/www.facebook.com\/psol50","https:\/\/x.com\/psol50","https:\/\/www.instagram.com\/psol50\/","https:\/\/www.youtube.com\/channel\/UC7SnJS5o1os7a6CaiNabzcg"]},{"@type":"Person","@id":"https:\/\/psol50.org.br\/#\/schema\/person\/475dfa57d0b815993c714c2e96491fcd","name":"Comunica\u00e7\u00e3o PSOL","image":{"@type":"ImageObject","inLanguage":"pt-BR","@id":"https:\/\/psol50.org.br\/#\/schema\/person\/image\/","url":"https:\/\/secure.gravatar.com\/avatar\/b34fc4f4e468a4e51785917065a3db57b841f5c95dba6ad8c73aaf8f66f8f9bf?s=96&d=mm&r=g","contentUrl":"https:\/\/secure.gravatar.com\/avatar\/b34fc4f4e468a4e51785917065a3db57b841f5c95dba6ad8c73aaf8f66f8f9bf?s=96&d=mm&r=g","caption":"Comunica\u00e7\u00e3o PSOL"}}]}},"_links":{"self":[{"href":"https:\/\/psol50.org.br\/rest\/wp\/v2\/posts\/1894","targetHints":{"allow":["GET"]}}],"collection":[{"href":"https:\/\/psol50.org.br\/rest\/wp\/v2\/posts"}],"about":[{"href":"https:\/\/psol50.org.br\/rest\/wp\/v2\/types\/post"}],"author":[{"embeddable":true,"href":"https:\/\/psol50.org.br\/rest\/wp\/v2\/users\/2"}],"replies":[{"embeddable":true,"href":"https:\/\/psol50.org.br\/rest\/wp\/v2\/comments?post=1894"}],"version-history":[{"count":0,"href":"https:\/\/psol50.org.br\/rest\/wp\/v2\/posts\/1894\/revisions"}],"wp:attachment":[{"href":"https:\/\/psol50.org.br\/rest\/wp\/v2\/media?parent=1894"}],"wp:term":[{"taxonomy":"category","embeddable":true,"href":"https:\/\/psol50.org.br\/rest\/wp\/v2\/categories?post=1894"},{"taxonomy":"post_tag","embeddable":true,"href":"https:\/\/psol50.org.br\/rest\/wp\/v2\/tags?post=1894"}],"curies":[{"name":"wp","href":"https:\/\/api.w.org\/{rel}","templated":true}]}}