{"id":18959,"date":"2017-11-20T14:09:35","date_gmt":"2017-11-20T16:09:35","guid":{"rendered":"http:\/\/www.psol50.org.br\/?p=18959"},"modified":"2017-11-20T14:09:35","modified_gmt":"2017-11-20T16:09:35","slug":"a-culpa-e-sua-rollemberg-psol-rebate-declaracoes-do-gdf-sobre-desmaio-de-aluno","status":"publish","type":"post","link":"https:\/\/psol50.org.br\/a-culpa-e-sua-rollemberg-psol-rebate-declaracoes-do-gdf-sobre-desmaio-de-aluno\/","title":{"rendered":"A culpa \u00e9 sua, Rollemberg: PSOL rebate declara\u00e7\u00f5es do GDF sobre desmaio de aluno"},"content":{"rendered":"<p>O PSOL DF rebateu, nessa segunda-feira (20), as recentes declara\u00e7\u00f5es do Governo do Distrito Federal (GDF) sobre o estudante que desmaiou de fome em escola p\u00fablica.<\/p>\n<p>Em entrevista no fim de semana, o governador Rodrigo Rollemberg (PSB) tratou o absurdo caso como uma &#8220;quest\u00e3o pontual&#8221; da fam\u00edlia, tirando a responsabilidade de seu governo na gest\u00e3o das escolas.<\/p>\n<p>Para a dire\u00e7\u00e3o do PSOL, h\u00e1 apenas um culpado pelo caso: Rollemberg. Na nota divulgada, o partido critica, ainda, a pol\u00edtica de austeridade dos governos do DF e, tamb\u00e9m, o federal, sob o comando de Michel Temer.<\/p>\n<p>&#8220;A escola, v\u00edtima da pol\u00edtica de austeridade do governo distrital, fornece alimenta\u00e7\u00e3o abaixo das necessidades nutricionais das crian\u00e7as e seus professores est\u00e3o sendo arrochados e perdendo direitos&#8221;, afirma a dire\u00e7\u00e3o do PSOL no DF.<\/p>\n<p><strong>Leia a nota completa (<a href=\"https:\/\/www.facebook.com\/psoldf\/photos\/a.605440149532352.1073741829.591090770967290\/1516702951739396\/?type=3\" target=\"_blank\" rel=\"noopener\"><span style=\"color: #3366ff;\">tamb\u00e9m dispon\u00edvel no Facebook<\/span><\/a>)<\/strong><\/p>\n<p><strong>A CULPA \u00c9 DO GDF!<\/strong><br \/>\n<strong>PSOL-DF rebate declara\u00e7\u00f5es do GDF sobre desmaio de aluno<\/strong><\/p>\n<p>Semana passada uma crian\u00e7a desmaiou numa escola p\u00fablica do Distrito Federal. O garoto \u00e9 morador do Parano\u00e1 Parque, um empreendimento do Minha Casa, Minha Vida. Uma \u00e1rea sem a infraestrutura necess\u00e1ria e sem escola, dentre tantas localizadas na periferia da capital do pa\u00eds. Temos v\u00e1rias v\u00edtimas, mas somente um culpado pelo acontecido.<\/p>\n<p>A crian\u00e7a e sua fam\u00edlia s\u00e3o vitimas da pol\u00edtica de austeridade federal, que jogou milh\u00f5es no desemprego e aumentou o n\u00famero de brasileiros na linha da pobreza. Sem escola perto de casa, precisa percorrer 30 quil\u00f4metros todos os dias para exercer o seu direito constitucional.<\/p>\n<p>A escola, v\u00edtima da pol\u00edtica de austeridade do governo distrital, fornece alimenta\u00e7\u00e3o abaixo das necessidades nutricionais das crian\u00e7as e seus professores est\u00e3o sendo arrochados e perdendo direitos.<\/p>\n<p>A culpa \u00e9 do governo Rollemberg. Ao contr\u00e1rio do que tentou insinuar em nota o GDF. A fam\u00edlia, abandonada \u00e0 pr\u00f3pria sorte e vivendo da pequena ajuda de programas de renda m\u00ednima, certamente faz de tudo para manter vivos os seus filhos e mand\u00e1-los todos os dias para a escola. \u00c9 um absurdo jogar a responsabilidade para as principais v\u00edtimas de seguidas pol\u00edticas de arrocho e pela absurda falta de emprego e condi\u00e7\u00f5es de moradia.<\/p>\n<p>A culpa \u00e9 do governo, dos governos distrital e federal. Parceiros na pol\u00edtica de austeridade, que repassam para os mais pobres o \u00f4nus de uma crise provocada por eles. Suas medidas visam garantir o religioso pagamento dos encargos da d\u00edvida p\u00fablica, beneficiando menos de cinco mil fam\u00edlias ricas brasileiras, as quais n\u00e3o sabem o que s\u00e3o as dificuldades de milh\u00f5es de crian\u00e7as como a que desmaiou na escola do DF. S\u00e3o as mulheres e os negros e negras os mais atingidos pela pol\u00edtica de austeridade. A fam\u00edlia do menino que desmaiou \u00e9 exemplar dessa afirma\u00e7\u00e3o.<\/p>\n<p>O PSOL repudia a atitude do governo do DF, se solidariza com a luta dos moradores do Parano\u00e1 Parque pela constru\u00e7\u00e3o de uma escola na regi\u00e3o, por melhores condi\u00e7\u00f5es de moradia, apoia a luta dos desempregados contra as pol\u00edticas de austeridade, est\u00e1 junto com os servidores p\u00fablicos que enfrentam o governo e suas pol\u00edticas de retirada dos direitos.<\/p>\n<p>E mais, exigimos que o GDF, de forma transparente, explique para a sociedade o motivo de constantes redu\u00e7\u00f5es na qualidade do card\u00e1pio da alimenta\u00e7\u00e3o escolar, apresentando motivos e provid\u00eancias. E exigimos tamb\u00e9m que sejam garantidos os direitos dos moradores das regi\u00f5es perif\u00e9ricas, cidad\u00e3os brasilienses esquecidos pelo governo.<\/p>\n<p><strong>20 de novembro,<\/strong><br \/>\n<strong>Diret\u00f3rio do PSOL-DF<\/strong><\/p>\n","protected":false},"excerpt":{"rendered":"<p>O PSOL DF rebateu, nessa segunda-feira (20), as recentes declara\u00e7\u00f5es do Governo do Distrito Federal (GDF) sobre o estudante que desmaiou de fome em escola p\u00fablica. Em entrevista no fim de semana, o governador Rodrigo Rollemberg (PSB) tratou o absurdo caso como uma &#8220;quest\u00e3o pontual&#8221; da fam\u00edlia, tirando a responsabilidade de seu governo na gest\u00e3o [&hellip;]<\/p>\n","protected":false},"author":2,"featured_media":18960,"comment_status":"open","ping_status":"open","sticky":false,"template":"","format":"standard","meta":{"_acf_changed":false,"footnotes":""},"categories":[2208,6,14,72],"tags":[164,3798,3799,2219,2226],"class_list":{"0":"post-18959","1":"post","2":"type-post","3":"status-publish","4":"format-standard","5":"has-post-thumbnail","7":"category-educacao","8":"category-noticias","9":"category-partido","10":"category-resolucoes","11":"tag-educacao","12":"tag-governo-de-brasilia","13":"tag-governo-do-distrito-federal","14":"tag-psol-df","15":"tag-rodrigo-rollemberg"},"acf":[],"yoast_head":"<!-- This site is optimized with the Yoast SEO plugin v26.5 - https:\/\/yoast.com\/wordpress\/plugins\/seo\/ -->\n<title>A culpa \u00e9 sua, Rollemberg: PSOL rebate declara\u00e7\u00f5es do GDF sobre desmaio de aluno - PSOL 50<\/title>\n<meta name=\"robots\" content=\"index, follow, max-snippet:-1, max-image-preview:large, max-video-preview:-1\" \/>\n<link rel=\"canonical\" href=\"https:\/\/psol50.org.br\/a-culpa-e-sua-rollemberg-psol-rebate-declaracoes-do-gdf-sobre-desmaio-de-aluno\/\" \/>\n<meta property=\"og:locale\" content=\"pt_BR\" \/>\n<meta property=\"og:type\" content=\"article\" \/>\n<meta property=\"og:title\" content=\"A culpa \u00e9 sua, Rollemberg: PSOL rebate declara\u00e7\u00f5es do GDF sobre desmaio de aluno - PSOL 50\" \/>\n<meta property=\"og:description\" content=\"O PSOL DF rebateu, nessa segunda-feira (20), as recentes declara\u00e7\u00f5es do Governo do Distrito Federal (GDF) sobre o estudante que desmaiou de fome em escola p\u00fablica. Em entrevista no fim de semana, o governador Rodrigo Rollemberg (PSB) tratou o absurdo caso como uma &#8220;quest\u00e3o pontual&#8221; da fam\u00edlia, tirando a responsabilidade de seu governo na gest\u00e3o [&hellip;]\" \/>\n<meta property=\"og:url\" content=\"https:\/\/psol50.org.br\/a-culpa-e-sua-rollemberg-psol-rebate-declaracoes-do-gdf-sobre-desmaio-de-aluno\/\" \/>\n<meta property=\"og:site_name\" content=\"PSOL 50\" \/>\n<meta property=\"article:publisher\" content=\"https:\/\/www.facebook.com\/psol50\" \/>\n<meta property=\"article:published_time\" content=\"2017-11-20T16:09:35+00:00\" \/>\n<meta property=\"og:image\" content=\"https:\/\/psol50.org.br\/inc\/uploads\/2018\/07\/capa.png\" \/>\n\t<meta property=\"og:image:width\" content=\"1350\" \/>\n\t<meta property=\"og:image:height\" content=\"900\" \/>\n\t<meta property=\"og:image:type\" content=\"image\/png\" \/>\n<meta name=\"author\" content=\"Comunica\u00e7\u00e3o PSOL\" \/>\n<meta name=\"twitter:card\" content=\"summary_large_image\" \/>\n<meta name=\"twitter:creator\" content=\"@psol50\" \/>\n<meta name=\"twitter:site\" content=\"@psol50\" \/>\n<meta name=\"twitter:label1\" content=\"Escrito por\" \/>\n\t<meta name=\"twitter:data1\" content=\"Comunica\u00e7\u00e3o PSOL\" \/>\n\t<meta name=\"twitter:label2\" content=\"Est. tempo de leitura\" \/>\n\t<meta name=\"twitter:data2\" content=\"3 minutos\" \/>\n<script type=\"application\/ld+json\" class=\"yoast-schema-graph\">{\"@context\":\"https:\/\/schema.org\",\"@graph\":[{\"@type\":\"Article\",\"@id\":\"https:\/\/psol50.org.br\/a-culpa-e-sua-rollemberg-psol-rebate-declaracoes-do-gdf-sobre-desmaio-de-aluno\/#article\",\"isPartOf\":{\"@id\":\"https:\/\/psol50.org.br\/a-culpa-e-sua-rollemberg-psol-rebate-declaracoes-do-gdf-sobre-desmaio-de-aluno\/\"},\"author\":{\"name\":\"Comunica\u00e7\u00e3o PSOL\",\"@id\":\"https:\/\/psol50.org.br\/#\/schema\/person\/475dfa57d0b815993c714c2e96491fcd\"},\"headline\":\"A culpa \u00e9 sua, Rollemberg: PSOL rebate declara\u00e7\u00f5es do GDF sobre desmaio de aluno\",\"datePublished\":\"2017-11-20T16:09:35+00:00\",\"mainEntityOfPage\":{\"@id\":\"https:\/\/psol50.org.br\/a-culpa-e-sua-rollemberg-psol-rebate-declaracoes-do-gdf-sobre-desmaio-de-aluno\/\"},\"wordCount\":629,\"commentCount\":0,\"publisher\":{\"@id\":\"https:\/\/psol50.org.br\/#organization\"},\"image\":{\"@id\":\"https:\/\/psol50.org.br\/a-culpa-e-sua-rollemberg-psol-rebate-declaracoes-do-gdf-sobre-desmaio-de-aluno\/#primaryimage\"},\"thumbnailUrl\":\"\",\"keywords\":[\"Educa\u00e7\u00e3o\",\"Governo de Bras\u00edlia\",\"Governo do Distrito Federal\",\"PSOL-DF\",\"Rodrigo Rollemberg\"],\"articleSection\":[\"Educa\u00e7\u00e3o\",\"Not\u00edcias\",\"Partido\",\"Resolu\u00e7\u00f5es\"],\"inLanguage\":\"pt-BR\",\"potentialAction\":[{\"@type\":\"CommentAction\",\"name\":\"Comment\",\"target\":[\"https:\/\/psol50.org.br\/a-culpa-e-sua-rollemberg-psol-rebate-declaracoes-do-gdf-sobre-desmaio-de-aluno\/#respond\"]}]},{\"@type\":\"WebPage\",\"@id\":\"https:\/\/psol50.org.br\/a-culpa-e-sua-rollemberg-psol-rebate-declaracoes-do-gdf-sobre-desmaio-de-aluno\/\",\"url\":\"https:\/\/psol50.org.br\/a-culpa-e-sua-rollemberg-psol-rebate-declaracoes-do-gdf-sobre-desmaio-de-aluno\/\",\"name\":\"A culpa \u00e9 sua, Rollemberg: PSOL rebate declara\u00e7\u00f5es do GDF sobre desmaio de aluno - PSOL 50\",\"isPartOf\":{\"@id\":\"https:\/\/psol50.org.br\/#website\"},\"primaryImageOfPage\":{\"@id\":\"https:\/\/psol50.org.br\/a-culpa-e-sua-rollemberg-psol-rebate-declaracoes-do-gdf-sobre-desmaio-de-aluno\/#primaryimage\"},\"image\":{\"@id\":\"https:\/\/psol50.org.br\/a-culpa-e-sua-rollemberg-psol-rebate-declaracoes-do-gdf-sobre-desmaio-de-aluno\/#primaryimage\"},\"thumbnailUrl\":\"\",\"datePublished\":\"2017-11-20T16:09:35+00:00\",\"breadcrumb\":{\"@id\":\"https:\/\/psol50.org.br\/a-culpa-e-sua-rollemberg-psol-rebate-declaracoes-do-gdf-sobre-desmaio-de-aluno\/#breadcrumb\"},\"inLanguage\":\"pt-BR\",\"potentialAction\":[{\"@type\":\"ReadAction\",\"target\":[\"https:\/\/psol50.org.br\/a-culpa-e-sua-rollemberg-psol-rebate-declaracoes-do-gdf-sobre-desmaio-de-aluno\/\"]}]},{\"@type\":\"ImageObject\",\"inLanguage\":\"pt-BR\",\"@id\":\"https:\/\/psol50.org.br\/a-culpa-e-sua-rollemberg-psol-rebate-declaracoes-do-gdf-sobre-desmaio-de-aluno\/#primaryimage\",\"url\":\"\",\"contentUrl\":\"\"},{\"@type\":\"BreadcrumbList\",\"@id\":\"https:\/\/psol50.org.br\/a-culpa-e-sua-rollemberg-psol-rebate-declaracoes-do-gdf-sobre-desmaio-de-aluno\/#breadcrumb\",\"itemListElement\":[{\"@type\":\"ListItem\",\"position\":1,\"name\":\"In\u00edcio\",\"item\":\"https:\/\/psol50.org.br\/\"},{\"@type\":\"ListItem\",\"position\":2,\"name\":\"A culpa \u00e9 sua, Rollemberg: PSOL rebate declara\u00e7\u00f5es do GDF sobre desmaio de aluno\"}]},{\"@type\":\"WebSite\",\"@id\":\"https:\/\/psol50.org.br\/#website\",\"url\":\"https:\/\/psol50.org.br\/\",\"name\":\"PSOL 50\",\"description\":\"Site oficial do Partido Socialismo e Liberdade\",\"publisher\":{\"@id\":\"https:\/\/psol50.org.br\/#organization\"},\"alternateName\":\"PSOL50\",\"potentialAction\":[{\"@type\":\"SearchAction\",\"target\":{\"@type\":\"EntryPoint\",\"urlTemplate\":\"https:\/\/psol50.org.br\/?s={search_term_string}\"},\"query-input\":{\"@type\":\"PropertyValueSpecification\",\"valueRequired\":true,\"valueName\":\"search_term_string\"}}],\"inLanguage\":\"pt-BR\"},{\"@type\":\"Organization\",\"@id\":\"https:\/\/psol50.org.br\/#organization\",\"name\":\"PSOL 50\",\"alternateName\":\"PSOL 50\",\"url\":\"https:\/\/psol50.org.br\/\",\"logo\":{\"@type\":\"ImageObject\",\"inLanguage\":\"pt-BR\",\"@id\":\"https:\/\/psol50.org.br\/#\/schema\/logo\/image\/\",\"url\":\"https:\/\/psol50.org.br\/inc\/uploads\/2018\/07\/capa.png\",\"contentUrl\":\"https:\/\/psol50.org.br\/inc\/uploads\/2018\/07\/capa.png\",\"width\":1350,\"height\":900,\"caption\":\"PSOL 50\"},\"image\":{\"@id\":\"https:\/\/psol50.org.br\/#\/schema\/logo\/image\/\"},\"sameAs\":[\"https:\/\/www.facebook.com\/psol50\",\"https:\/\/x.com\/psol50\",\"https:\/\/www.instagram.com\/psol50\/\",\"https:\/\/www.youtube.com\/channel\/UC7SnJS5o1os7a6CaiNabzcg\"]},{\"@type\":\"Person\",\"@id\":\"https:\/\/psol50.org.br\/#\/schema\/person\/475dfa57d0b815993c714c2e96491fcd\",\"name\":\"Comunica\u00e7\u00e3o PSOL\",\"image\":{\"@type\":\"ImageObject\",\"inLanguage\":\"pt-BR\",\"@id\":\"https:\/\/psol50.org.br\/#\/schema\/person\/image\/\",\"url\":\"https:\/\/secure.gravatar.com\/avatar\/b34fc4f4e468a4e51785917065a3db57b841f5c95dba6ad8c73aaf8f66f8f9bf?s=96&d=mm&r=g\",\"contentUrl\":\"https:\/\/secure.gravatar.com\/avatar\/b34fc4f4e468a4e51785917065a3db57b841f5c95dba6ad8c73aaf8f66f8f9bf?s=96&d=mm&r=g\",\"caption\":\"Comunica\u00e7\u00e3o PSOL\"}}]}<\/script>\n<!-- \/ Yoast SEO plugin. -->","yoast_head_json":{"title":"A culpa \u00e9 sua, Rollemberg: PSOL rebate declara\u00e7\u00f5es do GDF sobre desmaio de aluno - PSOL 50","robots":{"index":"index","follow":"follow","max-snippet":"max-snippet:-1","max-image-preview":"max-image-preview:large","max-video-preview":"max-video-preview:-1"},"canonical":"https:\/\/psol50.org.br\/a-culpa-e-sua-rollemberg-psol-rebate-declaracoes-do-gdf-sobre-desmaio-de-aluno\/","og_locale":"pt_BR","og_type":"article","og_title":"A culpa \u00e9 sua, Rollemberg: PSOL rebate declara\u00e7\u00f5es do GDF sobre desmaio de aluno - PSOL 50","og_description":"O PSOL DF rebateu, nessa segunda-feira (20), as recentes declara\u00e7\u00f5es do Governo do Distrito Federal (GDF) sobre o estudante que desmaiou de fome em escola p\u00fablica. Em entrevista no fim de semana, o governador Rodrigo Rollemberg (PSB) tratou o absurdo caso como uma &#8220;quest\u00e3o pontual&#8221; da fam\u00edlia, tirando a responsabilidade de seu governo na gest\u00e3o [&hellip;]","og_url":"https:\/\/psol50.org.br\/a-culpa-e-sua-rollemberg-psol-rebate-declaracoes-do-gdf-sobre-desmaio-de-aluno\/","og_site_name":"PSOL 50","article_publisher":"https:\/\/www.facebook.com\/psol50","article_published_time":"2017-11-20T16:09:35+00:00","og_image":[{"width":1350,"height":900,"url":"https:\/\/psol50.org.br\/inc\/uploads\/2018\/07\/capa.png","type":"image\/png"}],"author":"Comunica\u00e7\u00e3o PSOL","twitter_card":"summary_large_image","twitter_creator":"@psol50","twitter_site":"@psol50","twitter_misc":{"Escrito por":"Comunica\u00e7\u00e3o PSOL","Est. tempo de leitura":"3 minutos"},"schema":{"@context":"https:\/\/schema.org","@graph":[{"@type":"Article","@id":"https:\/\/psol50.org.br\/a-culpa-e-sua-rollemberg-psol-rebate-declaracoes-do-gdf-sobre-desmaio-de-aluno\/#article","isPartOf":{"@id":"https:\/\/psol50.org.br\/a-culpa-e-sua-rollemberg-psol-rebate-declaracoes-do-gdf-sobre-desmaio-de-aluno\/"},"author":{"name":"Comunica\u00e7\u00e3o PSOL","@id":"https:\/\/psol50.org.br\/#\/schema\/person\/475dfa57d0b815993c714c2e96491fcd"},"headline":"A culpa \u00e9 sua, Rollemberg: PSOL rebate declara\u00e7\u00f5es do GDF sobre desmaio de aluno","datePublished":"2017-11-20T16:09:35+00:00","mainEntityOfPage":{"@id":"https:\/\/psol50.org.br\/a-culpa-e-sua-rollemberg-psol-rebate-declaracoes-do-gdf-sobre-desmaio-de-aluno\/"},"wordCount":629,"commentCount":0,"publisher":{"@id":"https:\/\/psol50.org.br\/#organization"},"image":{"@id":"https:\/\/psol50.org.br\/a-culpa-e-sua-rollemberg-psol-rebate-declaracoes-do-gdf-sobre-desmaio-de-aluno\/#primaryimage"},"thumbnailUrl":"","keywords":["Educa\u00e7\u00e3o","Governo de Bras\u00edlia","Governo do Distrito Federal","PSOL-DF","Rodrigo Rollemberg"],"articleSection":["Educa\u00e7\u00e3o","Not\u00edcias","Partido","Resolu\u00e7\u00f5es"],"inLanguage":"pt-BR","potentialAction":[{"@type":"CommentAction","name":"Comment","target":["https:\/\/psol50.org.br\/a-culpa-e-sua-rollemberg-psol-rebate-declaracoes-do-gdf-sobre-desmaio-de-aluno\/#respond"]}]},{"@type":"WebPage","@id":"https:\/\/psol50.org.br\/a-culpa-e-sua-rollemberg-psol-rebate-declaracoes-do-gdf-sobre-desmaio-de-aluno\/","url":"https:\/\/psol50.org.br\/a-culpa-e-sua-rollemberg-psol-rebate-declaracoes-do-gdf-sobre-desmaio-de-aluno\/","name":"A culpa \u00e9 sua, Rollemberg: PSOL rebate declara\u00e7\u00f5es do GDF sobre desmaio de aluno - PSOL 50","isPartOf":{"@id":"https:\/\/psol50.org.br\/#website"},"primaryImageOfPage":{"@id":"https:\/\/psol50.org.br\/a-culpa-e-sua-rollemberg-psol-rebate-declaracoes-do-gdf-sobre-desmaio-de-aluno\/#primaryimage"},"image":{"@id":"https:\/\/psol50.org.br\/a-culpa-e-sua-rollemberg-psol-rebate-declaracoes-do-gdf-sobre-desmaio-de-aluno\/#primaryimage"},"thumbnailUrl":"","datePublished":"2017-11-20T16:09:35+00:00","breadcrumb":{"@id":"https:\/\/psol50.org.br\/a-culpa-e-sua-rollemberg-psol-rebate-declaracoes-do-gdf-sobre-desmaio-de-aluno\/#breadcrumb"},"inLanguage":"pt-BR","potentialAction":[{"@type":"ReadAction","target":["https:\/\/psol50.org.br\/a-culpa-e-sua-rollemberg-psol-rebate-declaracoes-do-gdf-sobre-desmaio-de-aluno\/"]}]},{"@type":"ImageObject","inLanguage":"pt-BR","@id":"https:\/\/psol50.org.br\/a-culpa-e-sua-rollemberg-psol-rebate-declaracoes-do-gdf-sobre-desmaio-de-aluno\/#primaryimage","url":"","contentUrl":""},{"@type":"BreadcrumbList","@id":"https:\/\/psol50.org.br\/a-culpa-e-sua-rollemberg-psol-rebate-declaracoes-do-gdf-sobre-desmaio-de-aluno\/#breadcrumb","itemListElement":[{"@type":"ListItem","position":1,"name":"In\u00edcio","item":"https:\/\/psol50.org.br\/"},{"@type":"ListItem","position":2,"name":"A culpa \u00e9 sua, Rollemberg: PSOL rebate declara\u00e7\u00f5es do GDF sobre desmaio de aluno"}]},{"@type":"WebSite","@id":"https:\/\/psol50.org.br\/#website","url":"https:\/\/psol50.org.br\/","name":"PSOL 50","description":"Site oficial do Partido Socialismo e Liberdade","publisher":{"@id":"https:\/\/psol50.org.br\/#organization"},"alternateName":"PSOL50","potentialAction":[{"@type":"SearchAction","target":{"@type":"EntryPoint","urlTemplate":"https:\/\/psol50.org.br\/?s={search_term_string}"},"query-input":{"@type":"PropertyValueSpecification","valueRequired":true,"valueName":"search_term_string"}}],"inLanguage":"pt-BR"},{"@type":"Organization","@id":"https:\/\/psol50.org.br\/#organization","name":"PSOL 50","alternateName":"PSOL 50","url":"https:\/\/psol50.org.br\/","logo":{"@type":"ImageObject","inLanguage":"pt-BR","@id":"https:\/\/psol50.org.br\/#\/schema\/logo\/image\/","url":"https:\/\/psol50.org.br\/inc\/uploads\/2018\/07\/capa.png","contentUrl":"https:\/\/psol50.org.br\/inc\/uploads\/2018\/07\/capa.png","width":1350,"height":900,"caption":"PSOL 50"},"image":{"@id":"https:\/\/psol50.org.br\/#\/schema\/logo\/image\/"},"sameAs":["https:\/\/www.facebook.com\/psol50","https:\/\/x.com\/psol50","https:\/\/www.instagram.com\/psol50\/","https:\/\/www.youtube.com\/channel\/UC7SnJS5o1os7a6CaiNabzcg"]},{"@type":"Person","@id":"https:\/\/psol50.org.br\/#\/schema\/person\/475dfa57d0b815993c714c2e96491fcd","name":"Comunica\u00e7\u00e3o PSOL","image":{"@type":"ImageObject","inLanguage":"pt-BR","@id":"https:\/\/psol50.org.br\/#\/schema\/person\/image\/","url":"https:\/\/secure.gravatar.com\/avatar\/b34fc4f4e468a4e51785917065a3db57b841f5c95dba6ad8c73aaf8f66f8f9bf?s=96&d=mm&r=g","contentUrl":"https:\/\/secure.gravatar.com\/avatar\/b34fc4f4e468a4e51785917065a3db57b841f5c95dba6ad8c73aaf8f66f8f9bf?s=96&d=mm&r=g","caption":"Comunica\u00e7\u00e3o PSOL"}}]}},"_links":{"self":[{"href":"https:\/\/psol50.org.br\/rest\/wp\/v2\/posts\/18959","targetHints":{"allow":["GET"]}}],"collection":[{"href":"https:\/\/psol50.org.br\/rest\/wp\/v2\/posts"}],"about":[{"href":"https:\/\/psol50.org.br\/rest\/wp\/v2\/types\/post"}],"author":[{"embeddable":true,"href":"https:\/\/psol50.org.br\/rest\/wp\/v2\/users\/2"}],"replies":[{"embeddable":true,"href":"https:\/\/psol50.org.br\/rest\/wp\/v2\/comments?post=18959"}],"version-history":[{"count":0,"href":"https:\/\/psol50.org.br\/rest\/wp\/v2\/posts\/18959\/revisions"}],"wp:featuredmedia":[{"embeddable":true,"href":"https:\/\/psol50.org.br\/rest\/"}],"wp:attachment":[{"href":"https:\/\/psol50.org.br\/rest\/wp\/v2\/media?parent=18959"}],"wp:term":[{"taxonomy":"category","embeddable":true,"href":"https:\/\/psol50.org.br\/rest\/wp\/v2\/categories?post=18959"},{"taxonomy":"post_tag","embeddable":true,"href":"https:\/\/psol50.org.br\/rest\/wp\/v2\/tags?post=18959"}],"curies":[{"name":"wp","href":"https:\/\/api.w.org\/{rel}","templated":true}]}}