{"id":1899,"date":"2013-04-09T00:00:00","date_gmt":"2013-04-09T00:00:00","guid":{"rendered":"http:\/\/psol50.org.br\/arquivo\/2013\/04\/09\/jean-wyllys-discutira-situacao-da-comissao-de-direitos-humanos-em-reuniao-com-orgao-da-oea\/"},"modified":"2013-04-09T00:00:00","modified_gmt":"2013-04-09T00:00:00","slug":"jean-wyllys-discutira-situacao-da-comissao-de-direitos-humanos-em-reuniao-com-orgao-da-oea","status":"publish","type":"post","link":"https:\/\/psol50.org.br\/jean-wyllys-discutira-situacao-da-comissao-de-direitos-humanos-em-reuniao-com-orgao-da-oea\/","title":{"rendered":"Jean Wyllys discutir\u00e1 situa\u00e7\u00e3o da Comiss\u00e3o de Direitos Humanos em reuni\u00e3o com \u00f3rg\u00e3o da OEA"},"content":{"rendered":"<div style=\"text-align: justify;\">\n\tDurante sua estada em Washington, EUA, para participar das discuss\u00f5es a respeito do tratamento de doen\u00e7as raras, o deputado federal pelo PSOL do Rio de Janeiro Jean Wyllys se reunir\u00e1 com a Comiss\u00e3o Interamericana de Direitos Humanos, \u00f3rg\u00e3o da Organiza\u00e7\u00e3o dos Estados Americanos (OEA), para tratar da pol\u00eamica que cerca a Comiss\u00e3o de Direitos Humanos e Minorias da C\u00e2mara dos Deputados e a defesa dos direitos humanos. O deputado tamb\u00e9m vai falar das amea\u00e7as \u00e0 seguran\u00e7a e \u00e0 vida decorrentes de sua oposi\u00e7\u00e3o \u00e0 elei\u00e7\u00e3o do deputado Pastor Marco Feliciano \u00e0 presid\u00eancia da comiss\u00e3o.<br \/>\n\t&nbsp;<br \/>\n\tA visita de Wyllys a Washington ocorre entre os dias 9 e 12 de abril, como parte do Orphan Drug Congress, que discute com fabricantes de medicamentos, pol\u00edticos e representantes de ag\u00eancias regulat\u00f3rias de todo o mundo a fabrica\u00e7\u00e3o e o acesso aos medicamentos \u00f3rf\u00e3os, assim chamados por serem espec\u00edficos para tratamento de doen\u00e7as raras, portanto, fabricados em baix\u00edssima escala.<\/div>\n<p>&nbsp;<\/p>\n","protected":false},"excerpt":{"rendered":"<p>Durante sua estada em Washington, EUA, para participar das discuss\u00f5es a respeito do tratamento de doen\u00e7as raras, o deputado federal pelo PSOL do Rio de Janeiro Jean Wyllys se reunir\u00e1 com a Comiss\u00e3o Interamericana de Direitos Humanos, \u00f3rg\u00e3o da Organiza\u00e7\u00e3o dos Estados Americanos (OEA), para tratar da pol\u00eamica que cerca a Comiss\u00e3o de Direitos Humanos [&hellip;]<\/p>\n","protected":false},"author":2,"featured_media":0,"comment_status":"open","ping_status":"open","sticky":false,"template":"","format":"standard","meta":{"_acf_changed":false,"footnotes":""},"categories":[10,4766],"tags":[],"class_list":{"0":"post-1899","1":"post","2":"type-post","3":"status-publish","4":"format-standard","6":"category-acao-parlamentares","7":"category-arquivo"},"acf":[],"yoast_head":"<!-- This site is optimized with the Yoast SEO plugin v26.5 - https:\/\/yoast.com\/wordpress\/plugins\/seo\/ -->\n<title>Jean Wyllys discutir\u00e1 situa\u00e7\u00e3o da Comiss\u00e3o de Direitos Humanos em reuni\u00e3o com \u00f3rg\u00e3o da OEA - PSOL 50<\/title>\n<meta name=\"robots\" content=\"index, follow, max-snippet:-1, max-image-preview:large, max-video-preview:-1\" \/>\n<link rel=\"canonical\" href=\"https:\/\/psol50.org.br\/jean-wyllys-discutira-situacao-da-comissao-de-direitos-humanos-em-reuniao-com-orgao-da-oea\/\" \/>\n<meta property=\"og:locale\" content=\"pt_BR\" \/>\n<meta property=\"og:type\" content=\"article\" \/>\n<meta property=\"og:title\" content=\"Jean Wyllys discutir\u00e1 situa\u00e7\u00e3o da Comiss\u00e3o de Direitos Humanos em reuni\u00e3o com \u00f3rg\u00e3o da OEA - PSOL 50\" \/>\n<meta property=\"og:description\" content=\"Durante sua estada em Washington, EUA, para participar das discuss\u00f5es a respeito do tratamento de doen\u00e7as raras, o deputado federal pelo PSOL do Rio de Janeiro Jean Wyllys se reunir\u00e1 com a Comiss\u00e3o Interamericana de Direitos Humanos, \u00f3rg\u00e3o da Organiza\u00e7\u00e3o dos Estados Americanos (OEA), para tratar da pol\u00eamica que cerca a Comiss\u00e3o de Direitos Humanos [&hellip;]\" \/>\n<meta property=\"og:url\" content=\"https:\/\/psol50.org.br\/jean-wyllys-discutira-situacao-da-comissao-de-direitos-humanos-em-reuniao-com-orgao-da-oea\/\" \/>\n<meta property=\"og:site_name\" content=\"PSOL 50\" \/>\n<meta property=\"article:publisher\" content=\"https:\/\/www.facebook.com\/psol50\" \/>\n<meta property=\"article:published_time\" content=\"2013-04-09T00:00:00+00:00\" \/>\n<meta property=\"og:image\" content=\"https:\/\/psol50.org.br\/inc\/uploads\/2018\/07\/capa.png\" \/>\n\t<meta property=\"og:image:width\" content=\"1350\" \/>\n\t<meta property=\"og:image:height\" content=\"900\" \/>\n\t<meta property=\"og:image:type\" content=\"image\/png\" \/>\n<meta name=\"author\" content=\"Comunica\u00e7\u00e3o PSOL\" \/>\n<meta name=\"twitter:card\" content=\"summary_large_image\" \/>\n<meta name=\"twitter:creator\" content=\"@psol50\" \/>\n<meta name=\"twitter:site\" content=\"@psol50\" \/>\n<meta name=\"twitter:label1\" content=\"Escrito por\" \/>\n\t<meta name=\"twitter:data1\" content=\"Comunica\u00e7\u00e3o PSOL\" \/>\n\t<meta name=\"twitter:label2\" content=\"Est. tempo de leitura\" \/>\n\t<meta name=\"twitter:data2\" content=\"1 minuto\" \/>\n<script type=\"application\/ld+json\" class=\"yoast-schema-graph\">{\"@context\":\"https:\/\/schema.org\",\"@graph\":[{\"@type\":\"Article\",\"@id\":\"https:\/\/psol50.org.br\/jean-wyllys-discutira-situacao-da-comissao-de-direitos-humanos-em-reuniao-com-orgao-da-oea\/#article\",\"isPartOf\":{\"@id\":\"https:\/\/psol50.org.br\/jean-wyllys-discutira-situacao-da-comissao-de-direitos-humanos-em-reuniao-com-orgao-da-oea\/\"},\"author\":{\"name\":\"Comunica\u00e7\u00e3o PSOL\",\"@id\":\"https:\/\/psol50.org.br\/#\/schema\/person\/475dfa57d0b815993c714c2e96491fcd\"},\"headline\":\"Jean Wyllys discutir\u00e1 situa\u00e7\u00e3o da Comiss\u00e3o de Direitos Humanos em reuni\u00e3o com \u00f3rg\u00e3o da OEA\",\"datePublished\":\"2013-04-09T00:00:00+00:00\",\"mainEntityOfPage\":{\"@id\":\"https:\/\/psol50.org.br\/jean-wyllys-discutira-situacao-da-comissao-de-direitos-humanos-em-reuniao-com-orgao-da-oea\/\"},\"wordCount\":192,\"commentCount\":0,\"publisher\":{\"@id\":\"https:\/\/psol50.org.br\/#organization\"},\"articleSection\":[\"A\u00e7\u00e3o Parlamentar\",\"Arquivo\"],\"inLanguage\":\"pt-BR\",\"potentialAction\":[{\"@type\":\"CommentAction\",\"name\":\"Comment\",\"target\":[\"https:\/\/psol50.org.br\/jean-wyllys-discutira-situacao-da-comissao-de-direitos-humanos-em-reuniao-com-orgao-da-oea\/#respond\"]}]},{\"@type\":\"WebPage\",\"@id\":\"https:\/\/psol50.org.br\/jean-wyllys-discutira-situacao-da-comissao-de-direitos-humanos-em-reuniao-com-orgao-da-oea\/\",\"url\":\"https:\/\/psol50.org.br\/jean-wyllys-discutira-situacao-da-comissao-de-direitos-humanos-em-reuniao-com-orgao-da-oea\/\",\"name\":\"Jean Wyllys discutir\u00e1 situa\u00e7\u00e3o da Comiss\u00e3o de Direitos Humanos em reuni\u00e3o com \u00f3rg\u00e3o da OEA - PSOL 50\",\"isPartOf\":{\"@id\":\"https:\/\/psol50.org.br\/#website\"},\"datePublished\":\"2013-04-09T00:00:00+00:00\",\"breadcrumb\":{\"@id\":\"https:\/\/psol50.org.br\/jean-wyllys-discutira-situacao-da-comissao-de-direitos-humanos-em-reuniao-com-orgao-da-oea\/#breadcrumb\"},\"inLanguage\":\"pt-BR\",\"potentialAction\":[{\"@type\":\"ReadAction\",\"target\":[\"https:\/\/psol50.org.br\/jean-wyllys-discutira-situacao-da-comissao-de-direitos-humanos-em-reuniao-com-orgao-da-oea\/\"]}]},{\"@type\":\"BreadcrumbList\",\"@id\":\"https:\/\/psol50.org.br\/jean-wyllys-discutira-situacao-da-comissao-de-direitos-humanos-em-reuniao-com-orgao-da-oea\/#breadcrumb\",\"itemListElement\":[{\"@type\":\"ListItem\",\"position\":1,\"name\":\"In\u00edcio\",\"item\":\"https:\/\/psol50.org.br\/\"},{\"@type\":\"ListItem\",\"position\":2,\"name\":\"Jean Wyllys discutir\u00e1 situa\u00e7\u00e3o da Comiss\u00e3o de Direitos Humanos em reuni\u00e3o com \u00f3rg\u00e3o da OEA\"}]},{\"@type\":\"WebSite\",\"@id\":\"https:\/\/psol50.org.br\/#website\",\"url\":\"https:\/\/psol50.org.br\/\",\"name\":\"PSOL 50\",\"description\":\"Site oficial do Partido Socialismo e Liberdade\",\"publisher\":{\"@id\":\"https:\/\/psol50.org.br\/#organization\"},\"alternateName\":\"PSOL50\",\"potentialAction\":[{\"@type\":\"SearchAction\",\"target\":{\"@type\":\"EntryPoint\",\"urlTemplate\":\"https:\/\/psol50.org.br\/?s={search_term_string}\"},\"query-input\":{\"@type\":\"PropertyValueSpecification\",\"valueRequired\":true,\"valueName\":\"search_term_string\"}}],\"inLanguage\":\"pt-BR\"},{\"@type\":\"Organization\",\"@id\":\"https:\/\/psol50.org.br\/#organization\",\"name\":\"PSOL 50\",\"alternateName\":\"PSOL 50\",\"url\":\"https:\/\/psol50.org.br\/\",\"logo\":{\"@type\":\"ImageObject\",\"inLanguage\":\"pt-BR\",\"@id\":\"https:\/\/psol50.org.br\/#\/schema\/logo\/image\/\",\"url\":\"https:\/\/psol50.org.br\/inc\/uploads\/2018\/07\/capa.png\",\"contentUrl\":\"https:\/\/psol50.org.br\/inc\/uploads\/2018\/07\/capa.png\",\"width\":1350,\"height\":900,\"caption\":\"PSOL 50\"},\"image\":{\"@id\":\"https:\/\/psol50.org.br\/#\/schema\/logo\/image\/\"},\"sameAs\":[\"https:\/\/www.facebook.com\/psol50\",\"https:\/\/x.com\/psol50\",\"https:\/\/www.instagram.com\/psol50\/\",\"https:\/\/www.youtube.com\/channel\/UC7SnJS5o1os7a6CaiNabzcg\"]},{\"@type\":\"Person\",\"@id\":\"https:\/\/psol50.org.br\/#\/schema\/person\/475dfa57d0b815993c714c2e96491fcd\",\"name\":\"Comunica\u00e7\u00e3o PSOL\",\"image\":{\"@type\":\"ImageObject\",\"inLanguage\":\"pt-BR\",\"@id\":\"https:\/\/psol50.org.br\/#\/schema\/person\/image\/\",\"url\":\"https:\/\/secure.gravatar.com\/avatar\/b34fc4f4e468a4e51785917065a3db57b841f5c95dba6ad8c73aaf8f66f8f9bf?s=96&d=mm&r=g\",\"contentUrl\":\"https:\/\/secure.gravatar.com\/avatar\/b34fc4f4e468a4e51785917065a3db57b841f5c95dba6ad8c73aaf8f66f8f9bf?s=96&d=mm&r=g\",\"caption\":\"Comunica\u00e7\u00e3o PSOL\"}}]}<\/script>\n<!-- \/ Yoast SEO plugin. -->","yoast_head_json":{"title":"Jean Wyllys discutir\u00e1 situa\u00e7\u00e3o da Comiss\u00e3o de Direitos Humanos em reuni\u00e3o com \u00f3rg\u00e3o da OEA - PSOL 50","robots":{"index":"index","follow":"follow","max-snippet":"max-snippet:-1","max-image-preview":"max-image-preview:large","max-video-preview":"max-video-preview:-1"},"canonical":"https:\/\/psol50.org.br\/jean-wyllys-discutira-situacao-da-comissao-de-direitos-humanos-em-reuniao-com-orgao-da-oea\/","og_locale":"pt_BR","og_type":"article","og_title":"Jean Wyllys discutir\u00e1 situa\u00e7\u00e3o da Comiss\u00e3o de Direitos Humanos em reuni\u00e3o com \u00f3rg\u00e3o da OEA - PSOL 50","og_description":"Durante sua estada em Washington, EUA, para participar das discuss\u00f5es a respeito do tratamento de doen\u00e7as raras, o deputado federal pelo PSOL do Rio de Janeiro Jean Wyllys se reunir\u00e1 com a Comiss\u00e3o Interamericana de Direitos Humanos, \u00f3rg\u00e3o da Organiza\u00e7\u00e3o dos Estados Americanos (OEA), para tratar da pol\u00eamica que cerca a Comiss\u00e3o de Direitos Humanos [&hellip;]","og_url":"https:\/\/psol50.org.br\/jean-wyllys-discutira-situacao-da-comissao-de-direitos-humanos-em-reuniao-com-orgao-da-oea\/","og_site_name":"PSOL 50","article_publisher":"https:\/\/www.facebook.com\/psol50","article_published_time":"2013-04-09T00:00:00+00:00","og_image":[{"width":1350,"height":900,"url":"https:\/\/psol50.org.br\/inc\/uploads\/2018\/07\/capa.png","type":"image\/png"}],"author":"Comunica\u00e7\u00e3o PSOL","twitter_card":"summary_large_image","twitter_creator":"@psol50","twitter_site":"@psol50","twitter_misc":{"Escrito por":"Comunica\u00e7\u00e3o PSOL","Est. tempo de leitura":"1 minuto"},"schema":{"@context":"https:\/\/schema.org","@graph":[{"@type":"Article","@id":"https:\/\/psol50.org.br\/jean-wyllys-discutira-situacao-da-comissao-de-direitos-humanos-em-reuniao-com-orgao-da-oea\/#article","isPartOf":{"@id":"https:\/\/psol50.org.br\/jean-wyllys-discutira-situacao-da-comissao-de-direitos-humanos-em-reuniao-com-orgao-da-oea\/"},"author":{"name":"Comunica\u00e7\u00e3o PSOL","@id":"https:\/\/psol50.org.br\/#\/schema\/person\/475dfa57d0b815993c714c2e96491fcd"},"headline":"Jean Wyllys discutir\u00e1 situa\u00e7\u00e3o da Comiss\u00e3o de Direitos Humanos em reuni\u00e3o com \u00f3rg\u00e3o da OEA","datePublished":"2013-04-09T00:00:00+00:00","mainEntityOfPage":{"@id":"https:\/\/psol50.org.br\/jean-wyllys-discutira-situacao-da-comissao-de-direitos-humanos-em-reuniao-com-orgao-da-oea\/"},"wordCount":192,"commentCount":0,"publisher":{"@id":"https:\/\/psol50.org.br\/#organization"},"articleSection":["A\u00e7\u00e3o Parlamentar","Arquivo"],"inLanguage":"pt-BR","potentialAction":[{"@type":"CommentAction","name":"Comment","target":["https:\/\/psol50.org.br\/jean-wyllys-discutira-situacao-da-comissao-de-direitos-humanos-em-reuniao-com-orgao-da-oea\/#respond"]}]},{"@type":"WebPage","@id":"https:\/\/psol50.org.br\/jean-wyllys-discutira-situacao-da-comissao-de-direitos-humanos-em-reuniao-com-orgao-da-oea\/","url":"https:\/\/psol50.org.br\/jean-wyllys-discutira-situacao-da-comissao-de-direitos-humanos-em-reuniao-com-orgao-da-oea\/","name":"Jean Wyllys discutir\u00e1 situa\u00e7\u00e3o da Comiss\u00e3o de Direitos Humanos em reuni\u00e3o com \u00f3rg\u00e3o da OEA - PSOL 50","isPartOf":{"@id":"https:\/\/psol50.org.br\/#website"},"datePublished":"2013-04-09T00:00:00+00:00","breadcrumb":{"@id":"https:\/\/psol50.org.br\/jean-wyllys-discutira-situacao-da-comissao-de-direitos-humanos-em-reuniao-com-orgao-da-oea\/#breadcrumb"},"inLanguage":"pt-BR","potentialAction":[{"@type":"ReadAction","target":["https:\/\/psol50.org.br\/jean-wyllys-discutira-situacao-da-comissao-de-direitos-humanos-em-reuniao-com-orgao-da-oea\/"]}]},{"@type":"BreadcrumbList","@id":"https:\/\/psol50.org.br\/jean-wyllys-discutira-situacao-da-comissao-de-direitos-humanos-em-reuniao-com-orgao-da-oea\/#breadcrumb","itemListElement":[{"@type":"ListItem","position":1,"name":"In\u00edcio","item":"https:\/\/psol50.org.br\/"},{"@type":"ListItem","position":2,"name":"Jean Wyllys discutir\u00e1 situa\u00e7\u00e3o da Comiss\u00e3o de Direitos Humanos em reuni\u00e3o com \u00f3rg\u00e3o da OEA"}]},{"@type":"WebSite","@id":"https:\/\/psol50.org.br\/#website","url":"https:\/\/psol50.org.br\/","name":"PSOL 50","description":"Site oficial do Partido Socialismo e Liberdade","publisher":{"@id":"https:\/\/psol50.org.br\/#organization"},"alternateName":"PSOL50","potentialAction":[{"@type":"SearchAction","target":{"@type":"EntryPoint","urlTemplate":"https:\/\/psol50.org.br\/?s={search_term_string}"},"query-input":{"@type":"PropertyValueSpecification","valueRequired":true,"valueName":"search_term_string"}}],"inLanguage":"pt-BR"},{"@type":"Organization","@id":"https:\/\/psol50.org.br\/#organization","name":"PSOL 50","alternateName":"PSOL 50","url":"https:\/\/psol50.org.br\/","logo":{"@type":"ImageObject","inLanguage":"pt-BR","@id":"https:\/\/psol50.org.br\/#\/schema\/logo\/image\/","url":"https:\/\/psol50.org.br\/inc\/uploads\/2018\/07\/capa.png","contentUrl":"https:\/\/psol50.org.br\/inc\/uploads\/2018\/07\/capa.png","width":1350,"height":900,"caption":"PSOL 50"},"image":{"@id":"https:\/\/psol50.org.br\/#\/schema\/logo\/image\/"},"sameAs":["https:\/\/www.facebook.com\/psol50","https:\/\/x.com\/psol50","https:\/\/www.instagram.com\/psol50\/","https:\/\/www.youtube.com\/channel\/UC7SnJS5o1os7a6CaiNabzcg"]},{"@type":"Person","@id":"https:\/\/psol50.org.br\/#\/schema\/person\/475dfa57d0b815993c714c2e96491fcd","name":"Comunica\u00e7\u00e3o PSOL","image":{"@type":"ImageObject","inLanguage":"pt-BR","@id":"https:\/\/psol50.org.br\/#\/schema\/person\/image\/","url":"https:\/\/secure.gravatar.com\/avatar\/b34fc4f4e468a4e51785917065a3db57b841f5c95dba6ad8c73aaf8f66f8f9bf?s=96&d=mm&r=g","contentUrl":"https:\/\/secure.gravatar.com\/avatar\/b34fc4f4e468a4e51785917065a3db57b841f5c95dba6ad8c73aaf8f66f8f9bf?s=96&d=mm&r=g","caption":"Comunica\u00e7\u00e3o PSOL"}}]}},"_links":{"self":[{"href":"https:\/\/psol50.org.br\/rest\/wp\/v2\/posts\/1899","targetHints":{"allow":["GET"]}}],"collection":[{"href":"https:\/\/psol50.org.br\/rest\/wp\/v2\/posts"}],"about":[{"href":"https:\/\/psol50.org.br\/rest\/wp\/v2\/types\/post"}],"author":[{"embeddable":true,"href":"https:\/\/psol50.org.br\/rest\/wp\/v2\/users\/2"}],"replies":[{"embeddable":true,"href":"https:\/\/psol50.org.br\/rest\/wp\/v2\/comments?post=1899"}],"version-history":[{"count":0,"href":"https:\/\/psol50.org.br\/rest\/wp\/v2\/posts\/1899\/revisions"}],"wp:attachment":[{"href":"https:\/\/psol50.org.br\/rest\/wp\/v2\/media?parent=1899"}],"wp:term":[{"taxonomy":"category","embeddable":true,"href":"https:\/\/psol50.org.br\/rest\/wp\/v2\/categories?post=1899"},{"taxonomy":"post_tag","embeddable":true,"href":"https:\/\/psol50.org.br\/rest\/wp\/v2\/tags?post=1899"}],"curies":[{"name":"wp","href":"https:\/\/api.w.org\/{rel}","templated":true}]}}