{"id":1905,"date":"2013-04-11T00:00:00","date_gmt":"2013-04-11T00:00:00","guid":{"rendered":"http:\/\/psol50.org.br\/arquivo\/2013\/04\/11\/julgamento-da-chacina-de-unai-sera-em-belo-horizonte-segundo-determinacao-do-stj\/"},"modified":"2013-04-11T00:00:00","modified_gmt":"2013-04-11T00:00:00","slug":"julgamento-da-chacina-de-unai-sera-em-belo-horizonte-segundo-determinacao-do-stj","status":"publish","type":"post","link":"https:\/\/psol50.org.br\/julgamento-da-chacina-de-unai-sera-em-belo-horizonte-segundo-determinacao-do-stj\/","title":{"rendered":"Julgamento da Chacina de Una\u00ed ser\u00e1 em Belo Horizonte, segundo determina\u00e7\u00e3o do STJ"},"content":{"rendered":"<div style=\"text-align: justify;\">\n\t<em>STJ cassou decis\u00e3o da ju\u00edza Raquel Vasconcelos Alves de Lima, que havia determinado transfer\u00eancia do julgamento para reduto eleitoral da fam\u00edlia M\u00e2nica<\/em><br \/>\n\t&nbsp;<br \/>\n\tA Chacina de Una\u00ed, como ficou conhecido o assassinato de tr\u00eas auditores e um motorista do Minist\u00e9rio do Trabalho e Emprego durante a\u00e7\u00e3o de fiscaliza\u00e7\u00e3o em 28 de janeiro de 2004, ser\u00e1 julgada em Belo Horizonte. Nesta quarta-feira (10), o Superior Tribunal de Justi\u00e7a (STJ) julgou procedente reclama\u00e7\u00e3o do Minist\u00e9rio P\u00fablico Federal questionando a decis\u00e3o da ju\u00edza substituta da 9\u00aa Vara da Justi\u00e7a Federal Raquel Vasconcelos Alves de Lima de<a href=\"http:\/\/reporterbrasil.org.br\/2013\/01\/juiza-transfere-processo-da-chacina-de-unai-para-cidade-onde-crime-ocorreu\/\" target=\"_blank\" rel=\"noopener\"> transferir em janeiro o caso para a Vara Federal de Una\u00ed, <\/a>criada em 2010. O ministro relator do STJ Jorge Mussi considerou que a decis\u00e3o da ju\u00edza foi contra decis\u00f5es anteriores que haviam confirmado o julgamento do caso na capital. O relator destaca que a cria\u00e7\u00e3o de nova vara com jurisdi\u00e7\u00e3o sobre o munic\u00edpio onde se deu a infra\u00e7\u00e3o penal n\u00e3o implica em incompet\u00eancia do ju\u00edzo em que se iniciou a a\u00e7\u00e3o penal.<br \/>\n\t&nbsp;<br \/>\n\tA tentativa de transferir o julgamento foi criticada na \u00e9poca como uma manobra para retardar o processo e influenciar no resultado. Una\u00ed \u00e9 a cidade em que&nbsp;Ant\u00e9rio M\u00e2nica, apontado pelo inqu\u00e9rito da Pol\u00edcia Federal (PF) como um dos respons\u00e1veis pela crime, foi eleito prefeito com 76% dos votos e reeleito em 2008. Quando a ju\u00edza determinou a mudan\u00e7a de local, a presidenta do Sindicato Nacional dos Auditores Fiscais (Sinait), Ros\u00e2ngela Rassy afirmou \u00e0 <strong>Rep\u00f3rter Brasil<\/strong> que os r\u00e9us t\u00eam interesse na mudan\u00e7a porque \u201c\u00e9 uma cidade pequena, em que um dos principais acusados era prefeito e ele domina a cidade\u201d. Para ela, realizar um j\u00fari popular nesse contexto \u00e9 \u201cdesfavor\u00e1vel\u201d.<br \/>\n\t&nbsp;<br \/>\n\tA ministra da Secretaria Especial de Direitos Humanos, Maria do Ros\u00e1rio, tamb\u00e9m defendeu na ocasi\u00e3o, em entrevista \u00e0 R\u00e1dio Nacional, da Empresa Brasil de Comunica\u00e7\u00e3o (EBC), a import\u00e2ncia de o julgamento ser realizado em Belo Horizonte. \u201cEm Una\u00ed h\u00e1 um poder pol\u00edtico estruturado que acreditamos ter a inten\u00e7\u00e3o de operar press\u00f5es pela n\u00e3o condena\u00e7\u00e3o dos r\u00e9us indiciados pela Pol\u00edcia Federal como respons\u00e1veis por essa matan\u00e7a\u201d, afirmou.<br \/>\n\t&nbsp;<br \/>\n\tO crime aconteceu h\u00e1 mais de nove anos e ainda n\u00e3o foi julgado. Antes de anunciar a mudan\u00e7a para Una\u00ed, a ju\u00edza havia garantido ao corregedor-geral da Justi\u00e7a, Jefferson Kravchychyn, que marcaria <a href=\"http:\/\/www.cnj.jus.br\/noticias\/cnj\/23025-julgamento-da-chacina-de-unai-sera-marcado\" target=\"_blank\" rel=\"noopener\">a data do julgamento em um m\u00eas<\/a>. Em vez disso, declarou-se incompetente para julgar o caso e determinou a transfer\u00eancia de tribunal, decis\u00e3o cassada pelo STJ nesta quarta-feira (10). Em fun\u00e7\u00e3o de sua demora, o caso tem sido apontado como exemplo de impunidade no Brasil e passou a ser acompanhado pela Corregedoria Nacional de Justi\u00e7a, ap\u00f3s of\u00edcio enviado pela subprocuradora-geral da Rep\u00fablica e coordenadora da C\u00e2mara Criminal do Minist\u00e9rio P\u00fablico Federal, Raquel Dodge,&nbsp; ao Conselho Nacional de Justi\u00e7a (CNJ).<br \/>\n\t&nbsp;<br \/>\n\t<strong>A Chacina de Una\u00ed<\/strong><br \/>\n\tNa manh\u00e3 de 28 de janeiro de 2004, Erast\u00f3tenes de Almeida Gon\u00e7alves, Nelson Jos\u00e9 da Silva e Jo\u00e3o Batista Soares Lages, auditores fiscais do MTE, e o motorista A\u00edlton Pereira de Oliveira foram assassinados em meio a uma fiscaliza\u00e7\u00e3o no noroeste de Minas Gerais, na regi\u00e3o de Una\u00ed. Quando estavam a caminho de Bonfin\u00f3polis, tr\u00eas homens pararam o carro e desceram para pedir informa\u00e7\u00f5es aos fiscais, quando anunciaram um assalto. Sem perceber que era uma emboscada, os fiscais e o motorista foram assassinados com tiros a queima-roupa depois de entregar alguns de seus pertences. Foi a primeira vez em que fiscais do Minist\u00e9rio do Trabalho e Emprego foram mortos em servi\u00e7o.<br \/>\n\t&nbsp;<br \/>\n\tNelson Jos\u00e9 da Silva, um dos fiscais, era bastante conhecido na regi\u00e3o, onde j\u00e1 havia aplicado cerca de R$ 2 milh\u00f5es em multas por infra\u00e7\u00f5es encontradas na fazenda dos irm\u00e3os Norberto e Ant\u00e9rio M\u00e2nica. Os M\u00e2nica possuem uma das maiores produ\u00e7\u00f5es de feij\u00e3o do mundo e sua fazenda havia sido inspecionada pelo menos sete vezes entre 1995 e 2004 resultando em 30 autos de infra\u00e7\u00e3o relativos a irregularidades, como manter trabalhadores em condi\u00e7\u00f5es degradantes na propriedade.<br \/>\n\t&nbsp;<br \/>\n\tAs informa\u00e7\u00f5es s\u00e3o resultado de investiga\u00e7\u00e3o da PF conclu\u00edda seis meses depois, no segundo semestre de 2004. Com elas, a PF e o Minist\u00e9rio P\u00fablico do Trabalho ofereceram \u00e0 Justi\u00e7a a den\u00fancia que aponta os irm\u00e3os M\u00e2nica como mandantes dos assassinatos. Eles teriam contratado Francisco \u00c9lder Pinheiro que, por sua vez, entregou o servi\u00e7o aos pistoleiros Erinaldo de Vasconcelos Silva, Rog\u00e9rio Alan Rocha Rios e William Gomes de Miranda. Al\u00e9m desses, outros tr\u00eas homens tamb\u00e9m foram denunciados por atuar como intermedi\u00e1rios do crime: Humberto Ribeiro dos Santos, Hugo Alves Pimenta e Alberto de Castro.<br \/>\n\t&nbsp;<br \/>\n\tTodos os nove r\u00e9us foram presos preventivamente \u00e0 \u00e9poca, mas s\u00f3 os tr\u00eas pistoleiros permanecem presos \u00e0 espera do julgamento. Francisco tamb\u00e9m esteve preso at\u00e9 o ano passado, mas teve um Acidente Vascular Cerebral (AVC) em novembro de 2012 e faleceu no \u00faltimo dia 7 de janeiro. Humberto, um dos intermedi\u00e1rios indiciado por forma\u00e7\u00e3o de quadrilha e favorecimento pessoal, foi solto em 2009 a pedido do Minist\u00e9rio P\u00fablico Federal (MPF) j\u00e1 que esses crimes haviam prescrito.<br \/>\n\t&nbsp;<br \/>\n\tJ\u00e1 Ant\u00e9rio M\u00e2nica teve seu processo desmembrado ao ter sido eleito e reeleito prefeito de Una\u00ed em 2004 e 2008, o que lhe garantiu foro privilegiado. A pedido do MPF, ele ser\u00e1 julgado somente depois dos demais. Ao site <strong>Rep\u00f3rter Brasil<\/strong> ele <a href=\"http:\/\/reporterbrasil.org.br\/2007\/01\/quero-ser-julgado-logo-sustenta-anterio-manica\/\" title=\"\u201cQuero ser julgado logo\u201d, sustenta Ant\u00e9rio M\u00e2nica - Rep\u00f3rter Brasil\">declarou em 2007 aguardar \u201cansioso\u201d pelo julgamento<\/a>.<br \/>\n\t&nbsp;<\/div>\n<p>&nbsp;<\/p>\n","protected":false},"excerpt":{"rendered":"<p>STJ cassou decis\u00e3o da ju\u00edza Raquel Vasconcelos Alves de Lima, que havia determinado transfer\u00eancia do julgamento para reduto eleitoral da fam\u00edlia M\u00e2nica &nbsp; A Chacina de Una\u00ed, como ficou conhecido o assassinato de tr\u00eas auditores e um motorista do Minist\u00e9rio do Trabalho e Emprego durante a\u00e7\u00e3o de fiscaliza\u00e7\u00e3o em 28 de janeiro de 2004, ser\u00e1 [&hellip;]<\/p>\n","protected":false},"author":2,"featured_media":0,"comment_status":"open","ping_status":"open","sticky":false,"template":"","format":"standard","meta":{"_acf_changed":false,"footnotes":""},"categories":[4766],"tags":[],"class_list":{"0":"post-1905","1":"post","2":"type-post","3":"status-publish","4":"format-standard","6":"category-arquivo"},"acf":[],"yoast_head":"<!-- This site is optimized with the Yoast SEO plugin v26.5 - https:\/\/yoast.com\/wordpress\/plugins\/seo\/ -->\n<title>Julgamento da Chacina de Una\u00ed ser\u00e1 em Belo Horizonte, segundo determina\u00e7\u00e3o do STJ - PSOL 50<\/title>\n<meta name=\"robots\" content=\"index, follow, max-snippet:-1, max-image-preview:large, max-video-preview:-1\" \/>\n<link rel=\"canonical\" href=\"https:\/\/psol50.org.br\/julgamento-da-chacina-de-unai-sera-em-belo-horizonte-segundo-determinacao-do-stj\/\" \/>\n<meta property=\"og:locale\" content=\"pt_BR\" \/>\n<meta property=\"og:type\" content=\"article\" \/>\n<meta property=\"og:title\" content=\"Julgamento da Chacina de Una\u00ed ser\u00e1 em Belo Horizonte, segundo determina\u00e7\u00e3o do STJ - PSOL 50\" \/>\n<meta property=\"og:description\" content=\"STJ cassou decis\u00e3o da ju\u00edza Raquel Vasconcelos Alves de Lima, que havia determinado transfer\u00eancia do julgamento para reduto eleitoral da fam\u00edlia M\u00e2nica &nbsp; A Chacina de Una\u00ed, como ficou conhecido o assassinato de tr\u00eas auditores e um motorista do Minist\u00e9rio do Trabalho e Emprego durante a\u00e7\u00e3o de fiscaliza\u00e7\u00e3o em 28 de janeiro de 2004, ser\u00e1 [&hellip;]\" \/>\n<meta property=\"og:url\" content=\"https:\/\/psol50.org.br\/julgamento-da-chacina-de-unai-sera-em-belo-horizonte-segundo-determinacao-do-stj\/\" \/>\n<meta property=\"og:site_name\" content=\"PSOL 50\" \/>\n<meta property=\"article:publisher\" content=\"https:\/\/www.facebook.com\/psol50\" \/>\n<meta property=\"article:published_time\" content=\"2013-04-11T00:00:00+00:00\" \/>\n<meta property=\"og:image\" content=\"https:\/\/psol50.org.br\/inc\/uploads\/2018\/07\/capa.png\" \/>\n\t<meta property=\"og:image:width\" content=\"1350\" \/>\n\t<meta property=\"og:image:height\" content=\"900\" \/>\n\t<meta property=\"og:image:type\" content=\"image\/png\" \/>\n<meta name=\"author\" content=\"Comunica\u00e7\u00e3o PSOL\" \/>\n<meta name=\"twitter:card\" content=\"summary_large_image\" \/>\n<meta name=\"twitter:creator\" content=\"@psol50\" \/>\n<meta name=\"twitter:site\" content=\"@psol50\" \/>\n<meta name=\"twitter:label1\" content=\"Escrito por\" \/>\n\t<meta name=\"twitter:data1\" content=\"Comunica\u00e7\u00e3o PSOL\" \/>\n\t<meta name=\"twitter:label2\" content=\"Est. tempo de leitura\" \/>\n\t<meta name=\"twitter:data2\" content=\"5 minutos\" \/>\n<script type=\"application\/ld+json\" class=\"yoast-schema-graph\">{\"@context\":\"https:\/\/schema.org\",\"@graph\":[{\"@type\":\"Article\",\"@id\":\"https:\/\/psol50.org.br\/julgamento-da-chacina-de-unai-sera-em-belo-horizonte-segundo-determinacao-do-stj\/#article\",\"isPartOf\":{\"@id\":\"https:\/\/psol50.org.br\/julgamento-da-chacina-de-unai-sera-em-belo-horizonte-segundo-determinacao-do-stj\/\"},\"author\":{\"name\":\"Comunica\u00e7\u00e3o PSOL\",\"@id\":\"https:\/\/psol50.org.br\/#\/schema\/person\/475dfa57d0b815993c714c2e96491fcd\"},\"headline\":\"Julgamento da Chacina de Una\u00ed ser\u00e1 em Belo Horizonte, segundo determina\u00e7\u00e3o do STJ\",\"datePublished\":\"2013-04-11T00:00:00+00:00\",\"mainEntityOfPage\":{\"@id\":\"https:\/\/psol50.org.br\/julgamento-da-chacina-de-unai-sera-em-belo-horizonte-segundo-determinacao-do-stj\/\"},\"wordCount\":981,\"commentCount\":0,\"publisher\":{\"@id\":\"https:\/\/psol50.org.br\/#organization\"},\"articleSection\":[\"Arquivo\"],\"inLanguage\":\"pt-BR\",\"potentialAction\":[{\"@type\":\"CommentAction\",\"name\":\"Comment\",\"target\":[\"https:\/\/psol50.org.br\/julgamento-da-chacina-de-unai-sera-em-belo-horizonte-segundo-determinacao-do-stj\/#respond\"]}]},{\"@type\":\"WebPage\",\"@id\":\"https:\/\/psol50.org.br\/julgamento-da-chacina-de-unai-sera-em-belo-horizonte-segundo-determinacao-do-stj\/\",\"url\":\"https:\/\/psol50.org.br\/julgamento-da-chacina-de-unai-sera-em-belo-horizonte-segundo-determinacao-do-stj\/\",\"name\":\"Julgamento da Chacina de Una\u00ed ser\u00e1 em Belo Horizonte, segundo determina\u00e7\u00e3o do STJ - PSOL 50\",\"isPartOf\":{\"@id\":\"https:\/\/psol50.org.br\/#website\"},\"datePublished\":\"2013-04-11T00:00:00+00:00\",\"breadcrumb\":{\"@id\":\"https:\/\/psol50.org.br\/julgamento-da-chacina-de-unai-sera-em-belo-horizonte-segundo-determinacao-do-stj\/#breadcrumb\"},\"inLanguage\":\"pt-BR\",\"potentialAction\":[{\"@type\":\"ReadAction\",\"target\":[\"https:\/\/psol50.org.br\/julgamento-da-chacina-de-unai-sera-em-belo-horizonte-segundo-determinacao-do-stj\/\"]}]},{\"@type\":\"BreadcrumbList\",\"@id\":\"https:\/\/psol50.org.br\/julgamento-da-chacina-de-unai-sera-em-belo-horizonte-segundo-determinacao-do-stj\/#breadcrumb\",\"itemListElement\":[{\"@type\":\"ListItem\",\"position\":1,\"name\":\"In\u00edcio\",\"item\":\"https:\/\/psol50.org.br\/\"},{\"@type\":\"ListItem\",\"position\":2,\"name\":\"Julgamento da Chacina de Una\u00ed ser\u00e1 em Belo Horizonte, segundo determina\u00e7\u00e3o do STJ\"}]},{\"@type\":\"WebSite\",\"@id\":\"https:\/\/psol50.org.br\/#website\",\"url\":\"https:\/\/psol50.org.br\/\",\"name\":\"PSOL 50\",\"description\":\"Site oficial do Partido Socialismo e Liberdade\",\"publisher\":{\"@id\":\"https:\/\/psol50.org.br\/#organization\"},\"alternateName\":\"PSOL50\",\"potentialAction\":[{\"@type\":\"SearchAction\",\"target\":{\"@type\":\"EntryPoint\",\"urlTemplate\":\"https:\/\/psol50.org.br\/?s={search_term_string}\"},\"query-input\":{\"@type\":\"PropertyValueSpecification\",\"valueRequired\":true,\"valueName\":\"search_term_string\"}}],\"inLanguage\":\"pt-BR\"},{\"@type\":\"Organization\",\"@id\":\"https:\/\/psol50.org.br\/#organization\",\"name\":\"PSOL 50\",\"alternateName\":\"PSOL 50\",\"url\":\"https:\/\/psol50.org.br\/\",\"logo\":{\"@type\":\"ImageObject\",\"inLanguage\":\"pt-BR\",\"@id\":\"https:\/\/psol50.org.br\/#\/schema\/logo\/image\/\",\"url\":\"https:\/\/psol50.org.br\/inc\/uploads\/2018\/07\/capa.png\",\"contentUrl\":\"https:\/\/psol50.org.br\/inc\/uploads\/2018\/07\/capa.png\",\"width\":1350,\"height\":900,\"caption\":\"PSOL 50\"},\"image\":{\"@id\":\"https:\/\/psol50.org.br\/#\/schema\/logo\/image\/\"},\"sameAs\":[\"https:\/\/www.facebook.com\/psol50\",\"https:\/\/x.com\/psol50\",\"https:\/\/www.instagram.com\/psol50\/\",\"https:\/\/www.youtube.com\/channel\/UC7SnJS5o1os7a6CaiNabzcg\"]},{\"@type\":\"Person\",\"@id\":\"https:\/\/psol50.org.br\/#\/schema\/person\/475dfa57d0b815993c714c2e96491fcd\",\"name\":\"Comunica\u00e7\u00e3o PSOL\",\"image\":{\"@type\":\"ImageObject\",\"inLanguage\":\"pt-BR\",\"@id\":\"https:\/\/psol50.org.br\/#\/schema\/person\/image\/\",\"url\":\"https:\/\/secure.gravatar.com\/avatar\/b34fc4f4e468a4e51785917065a3db57b841f5c95dba6ad8c73aaf8f66f8f9bf?s=96&d=mm&r=g\",\"contentUrl\":\"https:\/\/secure.gravatar.com\/avatar\/b34fc4f4e468a4e51785917065a3db57b841f5c95dba6ad8c73aaf8f66f8f9bf?s=96&d=mm&r=g\",\"caption\":\"Comunica\u00e7\u00e3o PSOL\"}}]}<\/script>\n<!-- \/ Yoast SEO plugin. -->","yoast_head_json":{"title":"Julgamento da Chacina de Una\u00ed ser\u00e1 em Belo Horizonte, segundo determina\u00e7\u00e3o do STJ - PSOL 50","robots":{"index":"index","follow":"follow","max-snippet":"max-snippet:-1","max-image-preview":"max-image-preview:large","max-video-preview":"max-video-preview:-1"},"canonical":"https:\/\/psol50.org.br\/julgamento-da-chacina-de-unai-sera-em-belo-horizonte-segundo-determinacao-do-stj\/","og_locale":"pt_BR","og_type":"article","og_title":"Julgamento da Chacina de Una\u00ed ser\u00e1 em Belo Horizonte, segundo determina\u00e7\u00e3o do STJ - PSOL 50","og_description":"STJ cassou decis\u00e3o da ju\u00edza Raquel Vasconcelos Alves de Lima, que havia determinado transfer\u00eancia do julgamento para reduto eleitoral da fam\u00edlia M\u00e2nica &nbsp; A Chacina de Una\u00ed, como ficou conhecido o assassinato de tr\u00eas auditores e um motorista do Minist\u00e9rio do Trabalho e Emprego durante a\u00e7\u00e3o de fiscaliza\u00e7\u00e3o em 28 de janeiro de 2004, ser\u00e1 [&hellip;]","og_url":"https:\/\/psol50.org.br\/julgamento-da-chacina-de-unai-sera-em-belo-horizonte-segundo-determinacao-do-stj\/","og_site_name":"PSOL 50","article_publisher":"https:\/\/www.facebook.com\/psol50","article_published_time":"2013-04-11T00:00:00+00:00","og_image":[{"width":1350,"height":900,"url":"https:\/\/psol50.org.br\/inc\/uploads\/2018\/07\/capa.png","type":"image\/png"}],"author":"Comunica\u00e7\u00e3o PSOL","twitter_card":"summary_large_image","twitter_creator":"@psol50","twitter_site":"@psol50","twitter_misc":{"Escrito por":"Comunica\u00e7\u00e3o PSOL","Est. tempo de leitura":"5 minutos"},"schema":{"@context":"https:\/\/schema.org","@graph":[{"@type":"Article","@id":"https:\/\/psol50.org.br\/julgamento-da-chacina-de-unai-sera-em-belo-horizonte-segundo-determinacao-do-stj\/#article","isPartOf":{"@id":"https:\/\/psol50.org.br\/julgamento-da-chacina-de-unai-sera-em-belo-horizonte-segundo-determinacao-do-stj\/"},"author":{"name":"Comunica\u00e7\u00e3o PSOL","@id":"https:\/\/psol50.org.br\/#\/schema\/person\/475dfa57d0b815993c714c2e96491fcd"},"headline":"Julgamento da Chacina de Una\u00ed ser\u00e1 em Belo Horizonte, segundo determina\u00e7\u00e3o do STJ","datePublished":"2013-04-11T00:00:00+00:00","mainEntityOfPage":{"@id":"https:\/\/psol50.org.br\/julgamento-da-chacina-de-unai-sera-em-belo-horizonte-segundo-determinacao-do-stj\/"},"wordCount":981,"commentCount":0,"publisher":{"@id":"https:\/\/psol50.org.br\/#organization"},"articleSection":["Arquivo"],"inLanguage":"pt-BR","potentialAction":[{"@type":"CommentAction","name":"Comment","target":["https:\/\/psol50.org.br\/julgamento-da-chacina-de-unai-sera-em-belo-horizonte-segundo-determinacao-do-stj\/#respond"]}]},{"@type":"WebPage","@id":"https:\/\/psol50.org.br\/julgamento-da-chacina-de-unai-sera-em-belo-horizonte-segundo-determinacao-do-stj\/","url":"https:\/\/psol50.org.br\/julgamento-da-chacina-de-unai-sera-em-belo-horizonte-segundo-determinacao-do-stj\/","name":"Julgamento da Chacina de Una\u00ed ser\u00e1 em Belo Horizonte, segundo determina\u00e7\u00e3o do STJ - PSOL 50","isPartOf":{"@id":"https:\/\/psol50.org.br\/#website"},"datePublished":"2013-04-11T00:00:00+00:00","breadcrumb":{"@id":"https:\/\/psol50.org.br\/julgamento-da-chacina-de-unai-sera-em-belo-horizonte-segundo-determinacao-do-stj\/#breadcrumb"},"inLanguage":"pt-BR","potentialAction":[{"@type":"ReadAction","target":["https:\/\/psol50.org.br\/julgamento-da-chacina-de-unai-sera-em-belo-horizonte-segundo-determinacao-do-stj\/"]}]},{"@type":"BreadcrumbList","@id":"https:\/\/psol50.org.br\/julgamento-da-chacina-de-unai-sera-em-belo-horizonte-segundo-determinacao-do-stj\/#breadcrumb","itemListElement":[{"@type":"ListItem","position":1,"name":"In\u00edcio","item":"https:\/\/psol50.org.br\/"},{"@type":"ListItem","position":2,"name":"Julgamento da Chacina de Una\u00ed ser\u00e1 em Belo Horizonte, segundo determina\u00e7\u00e3o do STJ"}]},{"@type":"WebSite","@id":"https:\/\/psol50.org.br\/#website","url":"https:\/\/psol50.org.br\/","name":"PSOL 50","description":"Site oficial do Partido Socialismo e Liberdade","publisher":{"@id":"https:\/\/psol50.org.br\/#organization"},"alternateName":"PSOL50","potentialAction":[{"@type":"SearchAction","target":{"@type":"EntryPoint","urlTemplate":"https:\/\/psol50.org.br\/?s={search_term_string}"},"query-input":{"@type":"PropertyValueSpecification","valueRequired":true,"valueName":"search_term_string"}}],"inLanguage":"pt-BR"},{"@type":"Organization","@id":"https:\/\/psol50.org.br\/#organization","name":"PSOL 50","alternateName":"PSOL 50","url":"https:\/\/psol50.org.br\/","logo":{"@type":"ImageObject","inLanguage":"pt-BR","@id":"https:\/\/psol50.org.br\/#\/schema\/logo\/image\/","url":"https:\/\/psol50.org.br\/inc\/uploads\/2018\/07\/capa.png","contentUrl":"https:\/\/psol50.org.br\/inc\/uploads\/2018\/07\/capa.png","width":1350,"height":900,"caption":"PSOL 50"},"image":{"@id":"https:\/\/psol50.org.br\/#\/schema\/logo\/image\/"},"sameAs":["https:\/\/www.facebook.com\/psol50","https:\/\/x.com\/psol50","https:\/\/www.instagram.com\/psol50\/","https:\/\/www.youtube.com\/channel\/UC7SnJS5o1os7a6CaiNabzcg"]},{"@type":"Person","@id":"https:\/\/psol50.org.br\/#\/schema\/person\/475dfa57d0b815993c714c2e96491fcd","name":"Comunica\u00e7\u00e3o PSOL","image":{"@type":"ImageObject","inLanguage":"pt-BR","@id":"https:\/\/psol50.org.br\/#\/schema\/person\/image\/","url":"https:\/\/secure.gravatar.com\/avatar\/b34fc4f4e468a4e51785917065a3db57b841f5c95dba6ad8c73aaf8f66f8f9bf?s=96&d=mm&r=g","contentUrl":"https:\/\/secure.gravatar.com\/avatar\/b34fc4f4e468a4e51785917065a3db57b841f5c95dba6ad8c73aaf8f66f8f9bf?s=96&d=mm&r=g","caption":"Comunica\u00e7\u00e3o PSOL"}}]}},"_links":{"self":[{"href":"https:\/\/psol50.org.br\/rest\/wp\/v2\/posts\/1905","targetHints":{"allow":["GET"]}}],"collection":[{"href":"https:\/\/psol50.org.br\/rest\/wp\/v2\/posts"}],"about":[{"href":"https:\/\/psol50.org.br\/rest\/wp\/v2\/types\/post"}],"author":[{"embeddable":true,"href":"https:\/\/psol50.org.br\/rest\/wp\/v2\/users\/2"}],"replies":[{"embeddable":true,"href":"https:\/\/psol50.org.br\/rest\/wp\/v2\/comments?post=1905"}],"version-history":[{"count":0,"href":"https:\/\/psol50.org.br\/rest\/wp\/v2\/posts\/1905\/revisions"}],"wp:attachment":[{"href":"https:\/\/psol50.org.br\/rest\/wp\/v2\/media?parent=1905"}],"wp:term":[{"taxonomy":"category","embeddable":true,"href":"https:\/\/psol50.org.br\/rest\/wp\/v2\/categories?post=1905"},{"taxonomy":"post_tag","embeddable":true,"href":"https:\/\/psol50.org.br\/rest\/wp\/v2\/tags?post=1905"}],"curies":[{"name":"wp","href":"https:\/\/api.w.org\/{rel}","templated":true}]}}