{"id":19051,"date":"2017-11-23T11:29:46","date_gmt":"2017-11-23T13:29:46","guid":{"rendered":"http:\/\/www.psol50.org.br\/?p=19051"},"modified":"2017-11-23T11:29:46","modified_gmt":"2017-11-23T13:29:46","slug":"reforma-da-previdencia-temer-recua-mais-uma-vez-mas-mantem-retrocessos","status":"publish","type":"post","link":"https:\/\/psol50.org.br\/reforma-da-previdencia-temer-recua-mais-uma-vez-mas-mantem-retrocessos\/","title":{"rendered":"Reforma da Previd\u00eancia: Temer recua mais uma vez, mas mant\u00e9m retrocessos"},"content":{"rendered":"<p>De um lado, as press\u00f5es realizadas ao longo do ano por entidades sindicais e movimento sociais, e do outro, a preocupa\u00e7\u00e3o de parlamentares da pr\u00f3pria base de apoio do governo impediram, at\u00e9 agora, que o presidente Michel Temer conseguisse votar a prioridade de seu ajuste fiscal: e reforma da Previd\u00eancia (PEC 287\/2016). Ciente de que n\u00e3o ter\u00e1 os 308 votos necess\u00e1rios para aprovar, em dois turnos, a proposta que altera as regras da aposentadoria de trabalhadores do setor privado e do servi\u00e7o p\u00fablico, o n\u00facleo duro do Pal\u00e1cio do Planalto resolveu recuar, mais uma vez, para tentar garantir novos apoios.<\/p>\n<p>Em jantar na noite desta quarta-feira (22), no Pal\u00e1cio do Planalto, que contou com as presen\u00e7as de Temer, do presidente da C\u00e2mara dos Deputados, Rodrigo Maia (DEM-RJ); do deputado Arthur Maia (PPS-BA), relator da proposta na comiss\u00e3o especial; dos ministro da Fazenda, Henrique Meirelles, e do Planejamento, Dyogo Oliveira; de governadores e parlamentares da base aliada do governo, foi apresentado um novo texto, diferente do que est\u00e1 em tramita\u00e7\u00e3o na C\u00e2mara. O objetivo do governo \u00e9 claro: tentar convencer os parlamentares indecisos, de partidos como PSB, PTB e PP, e preocupados com as elei\u00e7\u00f5es de 2018.<\/p>\n<p>A nova proposta, apresentada por Arthur Maia, basicamente mant\u00e9m a regra mais dura para os servidores p\u00fablicos, com o\u00a0tempo m\u00ednimo de contribui\u00e7\u00e3o em 25 anos, como est\u00e1 na proposta original. A altera\u00e7\u00e3o, portanto, foi em rela\u00e7\u00e3o ao tempo m\u00ednimo de contribui\u00e7\u00e3o dos trabalhadores do setor privado, que ficar\u00e1 como a regra atual, de 15 anos.<\/p>\n<p>Pela nova proposta, os servidores do Regime Pr\u00f3prio de Previd\u00eancia Social (RPPS), a partir do m\u00ednimo de 25 anos de contribui\u00e7\u00e3o, ao se aposentar, come\u00e7am a receber 70%. J\u00e1 os trabalhadores abrangidos pelo Regime Geral da Previd\u00eancia Social (RGPS), com 15 anos se aposentam com 60% da renda m\u00e9dia de contribui\u00e7\u00e3o. Ou seja, se por um lado o governo diminuiu o tempo m\u00ednimo para o empregado abrangido pela CLT (Consolida\u00e7\u00e3o das Leis Trabalhistas), por outro ele diminuiu, tamb\u00e9m, o percentual a que ter\u00e1 direito ao se aposentar a partir dos 15 anos. Isso for\u00e7ar\u00e1 os trabalhadores a contribuir muito mais tempo do que os 15 anos para poderem receber um sal\u00e1rio melhor na aposentadoria.<\/p>\n<p>Embora tenha alterado o tempo m\u00ednimo, o governo manteve, para os setores p\u00fablico e privado, um dos pontos mais perversos da reforma da Previd\u00eancia: os 40 anos de contribui\u00e7\u00e3o para que o trabalhador possa se aposentar com os 100% da m\u00e9dia a que tem direito, a chamada integralidade.\u00a0Al\u00e9m disso, o novo texto mant\u00e9m a idade m\u00ednima de aposentadoria de 65, para homens, e de 62, para mulheres, patamar ainda alto para as trabalhadoras, considerando a dupla jornada e o alto \u00edndice de informalidade entre elas.<\/p>\n<p>De acordo com a proposta apresentada no jantar no Pal\u00e1cio da Alvorada, os atuais benef\u00edcios dos trabalhadores rurais ser\u00e3o mantidos. Dessa forma, os homens continuar\u00e3o se aposentando aos 60 anos de idade e as mulheres aos 55 anos, com 15 anos de contribui\u00e7\u00e3o. O percentual de contribui\u00e7\u00e3o tamb\u00e9m permanece sobre a comercializa\u00e7\u00e3o de sua produ\u00e7\u00e3o.<\/p>\n<p><strong>For\u00e7a da press\u00e3o<\/strong><br \/>\nEssa \u00e9 a segunda vez que o governo promove altera\u00e7\u00f5es na reforma da Previd\u00eancia, na tentativa de conseguir votar ainda este ano. \u00c9 preciso considerar que mais esse recuo \u00e9 resultado da luta unificada, que contou com duas greves gerais e uma s\u00e9rie de dias de mobiliza\u00e7\u00f5es, em Bras\u00edlia e em outras capitais, e das press\u00f5es no Congresso Nacional.<\/p>\n<p>Se os parlamentares da pr\u00f3pria base de apoio de Temer est\u00e3o receosos em votar uma proposta que altera completamente a l\u00f3gica da prote\u00e7\u00e3o social do trabalhador, de olho nas elei\u00e7\u00f5es do ano que vem, isso \u00e9 fruto das mobiliza\u00e7\u00f5es, que mostraram para eles que o povo n\u00e3o vai aceitar tamanho retrocesso em seu direito.<\/p>\n<p>No entanto, embora o novo texto traga mudan\u00e7as pontuais, ele continua mantendo o eixo central do ajuste fiscal de Temer, uma vez que continuar\u00e1 obrigando os trabalhadores a contribuir 40 anos para ter o valor integral do benef\u00edcio. \u00c9 preciso perguntar para Temer e sua equipe econ\u00f4mica quem vai se aposentar com apenas 15 anos de contribui\u00e7\u00e3o, no caso do trabalhador abrangido pela CLT, ou com 25 anos, no caso do servidor p\u00fablico, se o benef\u00edcio a receber ser\u00e1 apenas 60% e 70% da m\u00e9dia, respectivamente.<\/p>\n<p>Nesse sentido, a luta para derrotar o Pal\u00e1cio do Planalto nessa proposta continua necess\u00e1ria e urgente. A press\u00e3o popular mostrou que \u00e9 poss\u00edvel avan\u00e7ar, mas \u00e9 importante n\u00e3o se acomodar com mais esse recuo do governo. Temer j\u00e1 demonstrou que a sua inten\u00e7\u00e3o \u00e9 aprovar, ainda que de forma fatiada, o central da reforma da Previd\u00eancia. Atento a isso, o PSOL convoca a sua milit\u00e2ncia para intensificar a press\u00e3o nas ruas, nas universidades, nos locais de trabalho, nas redes e no Parlamento.<\/p>\n<p>&nbsp;<\/p>\n","protected":false},"excerpt":{"rendered":"<p>De um lado, as press\u00f5es realizadas ao longo do ano por entidades sindicais e movimento sociais, e do outro, a preocupa\u00e7\u00e3o de parlamentares da pr\u00f3pria base de apoio do governo impediram, at\u00e9 agora, que o presidente Michel Temer conseguisse votar a prioridade de seu ajuste fiscal: e reforma da Previd\u00eancia (PEC 287\/2016). Ciente de que [&hellip;]<\/p>\n","protected":false},"author":2,"featured_media":19050,"comment_status":"open","ping_status":"open","sticky":false,"template":"","format":"standard","meta":{"_acf_changed":false,"footnotes":""},"categories":[1882,6],"tags":[1432,1735,3370,1748,2831,22,3060,39,256,3820,222],"class_list":{"0":"post-19051","1":"post","2":"type-post","3":"status-publish","4":"format-standard","5":"has-post-thumbnail","7":"category-brasil","8":"category-noticias","9":"tag-ajuste-fiscal","10":"tag-aposentadoria","11":"tag-base-aliada","12":"tag-michel-temer","13":"tag-pec-2872016","14":"tag-psol","15":"tag-recuo","16":"tag-reforma-da-previdencia","17":"tag-servidores-publicos","18":"tag-tempo-de-contribuicao","19":"tag-trabalhadores"},"acf":[],"yoast_head":"<!-- This site is optimized with the Yoast SEO plugin v26.5 - https:\/\/yoast.com\/wordpress\/plugins\/seo\/ -->\n<title>Reforma da Previd\u00eancia: Temer recua mais uma vez, mas mant\u00e9m retrocessos - PSOL 50<\/title>\n<meta name=\"robots\" content=\"index, follow, max-snippet:-1, max-image-preview:large, max-video-preview:-1\" \/>\n<link rel=\"canonical\" href=\"https:\/\/psol50.org.br\/reforma-da-previdencia-temer-recua-mais-uma-vez-mas-mantem-retrocessos\/\" \/>\n<meta property=\"og:locale\" content=\"pt_BR\" \/>\n<meta property=\"og:type\" content=\"article\" \/>\n<meta property=\"og:title\" content=\"Reforma da Previd\u00eancia: Temer recua mais uma vez, mas mant\u00e9m retrocessos - PSOL 50\" \/>\n<meta property=\"og:description\" content=\"De um lado, as press\u00f5es realizadas ao longo do ano por entidades sindicais e movimento sociais, e do outro, a preocupa\u00e7\u00e3o de parlamentares da pr\u00f3pria base de apoio do governo impediram, at\u00e9 agora, que o presidente Michel Temer conseguisse votar a prioridade de seu ajuste fiscal: e reforma da Previd\u00eancia (PEC 287\/2016). Ciente de que [&hellip;]\" \/>\n<meta property=\"og:url\" content=\"https:\/\/psol50.org.br\/reforma-da-previdencia-temer-recua-mais-uma-vez-mas-mantem-retrocessos\/\" \/>\n<meta property=\"og:site_name\" content=\"PSOL 50\" \/>\n<meta property=\"article:publisher\" content=\"https:\/\/www.facebook.com\/psol50\" \/>\n<meta property=\"article:published_time\" content=\"2017-11-23T13:29:46+00:00\" \/>\n<meta property=\"og:image\" content=\"https:\/\/psol50.org.br\/inc\/uploads\/2018\/07\/capa.png\" \/>\n\t<meta property=\"og:image:width\" content=\"1350\" \/>\n\t<meta property=\"og:image:height\" content=\"900\" \/>\n\t<meta property=\"og:image:type\" content=\"image\/png\" \/>\n<meta name=\"author\" content=\"Comunica\u00e7\u00e3o PSOL\" \/>\n<meta name=\"twitter:card\" content=\"summary_large_image\" \/>\n<meta name=\"twitter:creator\" content=\"@psol50\" \/>\n<meta name=\"twitter:site\" content=\"@psol50\" \/>\n<meta name=\"twitter:label1\" content=\"Escrito por\" \/>\n\t<meta name=\"twitter:data1\" content=\"Comunica\u00e7\u00e3o PSOL\" \/>\n\t<meta name=\"twitter:label2\" content=\"Est. tempo de leitura\" \/>\n\t<meta name=\"twitter:data2\" content=\"4 minutos\" \/>\n<script type=\"application\/ld+json\" class=\"yoast-schema-graph\">{\"@context\":\"https:\/\/schema.org\",\"@graph\":[{\"@type\":\"Article\",\"@id\":\"https:\/\/psol50.org.br\/reforma-da-previdencia-temer-recua-mais-uma-vez-mas-mantem-retrocessos\/#article\",\"isPartOf\":{\"@id\":\"https:\/\/psol50.org.br\/reforma-da-previdencia-temer-recua-mais-uma-vez-mas-mantem-retrocessos\/\"},\"author\":{\"name\":\"Comunica\u00e7\u00e3o PSOL\",\"@id\":\"https:\/\/psol50.org.br\/#\/schema\/person\/475dfa57d0b815993c714c2e96491fcd\"},\"headline\":\"Reforma da Previd\u00eancia: Temer recua mais uma vez, mas mant\u00e9m retrocessos\",\"datePublished\":\"2017-11-23T13:29:46+00:00\",\"mainEntityOfPage\":{\"@id\":\"https:\/\/psol50.org.br\/reforma-da-previdencia-temer-recua-mais-uma-vez-mas-mantem-retrocessos\/\"},\"wordCount\":859,\"commentCount\":0,\"publisher\":{\"@id\":\"https:\/\/psol50.org.br\/#organization\"},\"image\":{\"@id\":\"https:\/\/psol50.org.br\/reforma-da-previdencia-temer-recua-mais-uma-vez-mas-mantem-retrocessos\/#primaryimage\"},\"thumbnailUrl\":\"\",\"keywords\":[\"Ajuste Fiscal\",\"aposentadoria\",\"base aliada\",\"Michel Temer\",\"PEC 287\/2016\",\"PSOL\",\"recuo\",\"reforma da previd\u00eancia\",\"servidores p\u00fablicos\",\"tempo de contribui\u00e7\u00e3o\",\"trabalhadores\"],\"articleSection\":[\"Brasil\",\"Not\u00edcias\"],\"inLanguage\":\"pt-BR\",\"potentialAction\":[{\"@type\":\"CommentAction\",\"name\":\"Comment\",\"target\":[\"https:\/\/psol50.org.br\/reforma-da-previdencia-temer-recua-mais-uma-vez-mas-mantem-retrocessos\/#respond\"]}]},{\"@type\":\"WebPage\",\"@id\":\"https:\/\/psol50.org.br\/reforma-da-previdencia-temer-recua-mais-uma-vez-mas-mantem-retrocessos\/\",\"url\":\"https:\/\/psol50.org.br\/reforma-da-previdencia-temer-recua-mais-uma-vez-mas-mantem-retrocessos\/\",\"name\":\"Reforma da Previd\u00eancia: Temer recua mais uma vez, mas mant\u00e9m retrocessos - PSOL 50\",\"isPartOf\":{\"@id\":\"https:\/\/psol50.org.br\/#website\"},\"primaryImageOfPage\":{\"@id\":\"https:\/\/psol50.org.br\/reforma-da-previdencia-temer-recua-mais-uma-vez-mas-mantem-retrocessos\/#primaryimage\"},\"image\":{\"@id\":\"https:\/\/psol50.org.br\/reforma-da-previdencia-temer-recua-mais-uma-vez-mas-mantem-retrocessos\/#primaryimage\"},\"thumbnailUrl\":\"\",\"datePublished\":\"2017-11-23T13:29:46+00:00\",\"breadcrumb\":{\"@id\":\"https:\/\/psol50.org.br\/reforma-da-previdencia-temer-recua-mais-uma-vez-mas-mantem-retrocessos\/#breadcrumb\"},\"inLanguage\":\"pt-BR\",\"potentialAction\":[{\"@type\":\"ReadAction\",\"target\":[\"https:\/\/psol50.org.br\/reforma-da-previdencia-temer-recua-mais-uma-vez-mas-mantem-retrocessos\/\"]}]},{\"@type\":\"ImageObject\",\"inLanguage\":\"pt-BR\",\"@id\":\"https:\/\/psol50.org.br\/reforma-da-previdencia-temer-recua-mais-uma-vez-mas-mantem-retrocessos\/#primaryimage\",\"url\":\"\",\"contentUrl\":\"\"},{\"@type\":\"BreadcrumbList\",\"@id\":\"https:\/\/psol50.org.br\/reforma-da-previdencia-temer-recua-mais-uma-vez-mas-mantem-retrocessos\/#breadcrumb\",\"itemListElement\":[{\"@type\":\"ListItem\",\"position\":1,\"name\":\"In\u00edcio\",\"item\":\"https:\/\/psol50.org.br\/\"},{\"@type\":\"ListItem\",\"position\":2,\"name\":\"Reforma da Previd\u00eancia: Temer recua mais uma vez, mas mant\u00e9m retrocessos\"}]},{\"@type\":\"WebSite\",\"@id\":\"https:\/\/psol50.org.br\/#website\",\"url\":\"https:\/\/psol50.org.br\/\",\"name\":\"PSOL 50\",\"description\":\"Site oficial do Partido Socialismo e Liberdade\",\"publisher\":{\"@id\":\"https:\/\/psol50.org.br\/#organization\"},\"alternateName\":\"PSOL50\",\"potentialAction\":[{\"@type\":\"SearchAction\",\"target\":{\"@type\":\"EntryPoint\",\"urlTemplate\":\"https:\/\/psol50.org.br\/?s={search_term_string}\"},\"query-input\":{\"@type\":\"PropertyValueSpecification\",\"valueRequired\":true,\"valueName\":\"search_term_string\"}}],\"inLanguage\":\"pt-BR\"},{\"@type\":\"Organization\",\"@id\":\"https:\/\/psol50.org.br\/#organization\",\"name\":\"PSOL 50\",\"alternateName\":\"PSOL 50\",\"url\":\"https:\/\/psol50.org.br\/\",\"logo\":{\"@type\":\"ImageObject\",\"inLanguage\":\"pt-BR\",\"@id\":\"https:\/\/psol50.org.br\/#\/schema\/logo\/image\/\",\"url\":\"https:\/\/psol50.org.br\/inc\/uploads\/2018\/07\/capa.png\",\"contentUrl\":\"https:\/\/psol50.org.br\/inc\/uploads\/2018\/07\/capa.png\",\"width\":1350,\"height\":900,\"caption\":\"PSOL 50\"},\"image\":{\"@id\":\"https:\/\/psol50.org.br\/#\/schema\/logo\/image\/\"},\"sameAs\":[\"https:\/\/www.facebook.com\/psol50\",\"https:\/\/x.com\/psol50\",\"https:\/\/www.instagram.com\/psol50\/\",\"https:\/\/www.youtube.com\/channel\/UC7SnJS5o1os7a6CaiNabzcg\"]},{\"@type\":\"Person\",\"@id\":\"https:\/\/psol50.org.br\/#\/schema\/person\/475dfa57d0b815993c714c2e96491fcd\",\"name\":\"Comunica\u00e7\u00e3o PSOL\",\"image\":{\"@type\":\"ImageObject\",\"inLanguage\":\"pt-BR\",\"@id\":\"https:\/\/psol50.org.br\/#\/schema\/person\/image\/\",\"url\":\"https:\/\/secure.gravatar.com\/avatar\/b34fc4f4e468a4e51785917065a3db57b841f5c95dba6ad8c73aaf8f66f8f9bf?s=96&d=mm&r=g\",\"contentUrl\":\"https:\/\/secure.gravatar.com\/avatar\/b34fc4f4e468a4e51785917065a3db57b841f5c95dba6ad8c73aaf8f66f8f9bf?s=96&d=mm&r=g\",\"caption\":\"Comunica\u00e7\u00e3o PSOL\"}}]}<\/script>\n<!-- \/ Yoast SEO plugin. -->","yoast_head_json":{"title":"Reforma da Previd\u00eancia: Temer recua mais uma vez, mas mant\u00e9m retrocessos - PSOL 50","robots":{"index":"index","follow":"follow","max-snippet":"max-snippet:-1","max-image-preview":"max-image-preview:large","max-video-preview":"max-video-preview:-1"},"canonical":"https:\/\/psol50.org.br\/reforma-da-previdencia-temer-recua-mais-uma-vez-mas-mantem-retrocessos\/","og_locale":"pt_BR","og_type":"article","og_title":"Reforma da Previd\u00eancia: Temer recua mais uma vez, mas mant\u00e9m retrocessos - PSOL 50","og_description":"De um lado, as press\u00f5es realizadas ao longo do ano por entidades sindicais e movimento sociais, e do outro, a preocupa\u00e7\u00e3o de parlamentares da pr\u00f3pria base de apoio do governo impediram, at\u00e9 agora, que o presidente Michel Temer conseguisse votar a prioridade de seu ajuste fiscal: e reforma da Previd\u00eancia (PEC 287\/2016). Ciente de que [&hellip;]","og_url":"https:\/\/psol50.org.br\/reforma-da-previdencia-temer-recua-mais-uma-vez-mas-mantem-retrocessos\/","og_site_name":"PSOL 50","article_publisher":"https:\/\/www.facebook.com\/psol50","article_published_time":"2017-11-23T13:29:46+00:00","og_image":[{"width":1350,"height":900,"url":"https:\/\/psol50.org.br\/inc\/uploads\/2018\/07\/capa.png","type":"image\/png"}],"author":"Comunica\u00e7\u00e3o PSOL","twitter_card":"summary_large_image","twitter_creator":"@psol50","twitter_site":"@psol50","twitter_misc":{"Escrito por":"Comunica\u00e7\u00e3o PSOL","Est. tempo de leitura":"4 minutos"},"schema":{"@context":"https:\/\/schema.org","@graph":[{"@type":"Article","@id":"https:\/\/psol50.org.br\/reforma-da-previdencia-temer-recua-mais-uma-vez-mas-mantem-retrocessos\/#article","isPartOf":{"@id":"https:\/\/psol50.org.br\/reforma-da-previdencia-temer-recua-mais-uma-vez-mas-mantem-retrocessos\/"},"author":{"name":"Comunica\u00e7\u00e3o PSOL","@id":"https:\/\/psol50.org.br\/#\/schema\/person\/475dfa57d0b815993c714c2e96491fcd"},"headline":"Reforma da Previd\u00eancia: Temer recua mais uma vez, mas mant\u00e9m retrocessos","datePublished":"2017-11-23T13:29:46+00:00","mainEntityOfPage":{"@id":"https:\/\/psol50.org.br\/reforma-da-previdencia-temer-recua-mais-uma-vez-mas-mantem-retrocessos\/"},"wordCount":859,"commentCount":0,"publisher":{"@id":"https:\/\/psol50.org.br\/#organization"},"image":{"@id":"https:\/\/psol50.org.br\/reforma-da-previdencia-temer-recua-mais-uma-vez-mas-mantem-retrocessos\/#primaryimage"},"thumbnailUrl":"","keywords":["Ajuste Fiscal","aposentadoria","base aliada","Michel Temer","PEC 287\/2016","PSOL","recuo","reforma da previd\u00eancia","servidores p\u00fablicos","tempo de contribui\u00e7\u00e3o","trabalhadores"],"articleSection":["Brasil","Not\u00edcias"],"inLanguage":"pt-BR","potentialAction":[{"@type":"CommentAction","name":"Comment","target":["https:\/\/psol50.org.br\/reforma-da-previdencia-temer-recua-mais-uma-vez-mas-mantem-retrocessos\/#respond"]}]},{"@type":"WebPage","@id":"https:\/\/psol50.org.br\/reforma-da-previdencia-temer-recua-mais-uma-vez-mas-mantem-retrocessos\/","url":"https:\/\/psol50.org.br\/reforma-da-previdencia-temer-recua-mais-uma-vez-mas-mantem-retrocessos\/","name":"Reforma da Previd\u00eancia: Temer recua mais uma vez, mas mant\u00e9m retrocessos - PSOL 50","isPartOf":{"@id":"https:\/\/psol50.org.br\/#website"},"primaryImageOfPage":{"@id":"https:\/\/psol50.org.br\/reforma-da-previdencia-temer-recua-mais-uma-vez-mas-mantem-retrocessos\/#primaryimage"},"image":{"@id":"https:\/\/psol50.org.br\/reforma-da-previdencia-temer-recua-mais-uma-vez-mas-mantem-retrocessos\/#primaryimage"},"thumbnailUrl":"","datePublished":"2017-11-23T13:29:46+00:00","breadcrumb":{"@id":"https:\/\/psol50.org.br\/reforma-da-previdencia-temer-recua-mais-uma-vez-mas-mantem-retrocessos\/#breadcrumb"},"inLanguage":"pt-BR","potentialAction":[{"@type":"ReadAction","target":["https:\/\/psol50.org.br\/reforma-da-previdencia-temer-recua-mais-uma-vez-mas-mantem-retrocessos\/"]}]},{"@type":"ImageObject","inLanguage":"pt-BR","@id":"https:\/\/psol50.org.br\/reforma-da-previdencia-temer-recua-mais-uma-vez-mas-mantem-retrocessos\/#primaryimage","url":"","contentUrl":""},{"@type":"BreadcrumbList","@id":"https:\/\/psol50.org.br\/reforma-da-previdencia-temer-recua-mais-uma-vez-mas-mantem-retrocessos\/#breadcrumb","itemListElement":[{"@type":"ListItem","position":1,"name":"In\u00edcio","item":"https:\/\/psol50.org.br\/"},{"@type":"ListItem","position":2,"name":"Reforma da Previd\u00eancia: Temer recua mais uma vez, mas mant\u00e9m retrocessos"}]},{"@type":"WebSite","@id":"https:\/\/psol50.org.br\/#website","url":"https:\/\/psol50.org.br\/","name":"PSOL 50","description":"Site oficial do Partido Socialismo e Liberdade","publisher":{"@id":"https:\/\/psol50.org.br\/#organization"},"alternateName":"PSOL50","potentialAction":[{"@type":"SearchAction","target":{"@type":"EntryPoint","urlTemplate":"https:\/\/psol50.org.br\/?s={search_term_string}"},"query-input":{"@type":"PropertyValueSpecification","valueRequired":true,"valueName":"search_term_string"}}],"inLanguage":"pt-BR"},{"@type":"Organization","@id":"https:\/\/psol50.org.br\/#organization","name":"PSOL 50","alternateName":"PSOL 50","url":"https:\/\/psol50.org.br\/","logo":{"@type":"ImageObject","inLanguage":"pt-BR","@id":"https:\/\/psol50.org.br\/#\/schema\/logo\/image\/","url":"https:\/\/psol50.org.br\/inc\/uploads\/2018\/07\/capa.png","contentUrl":"https:\/\/psol50.org.br\/inc\/uploads\/2018\/07\/capa.png","width":1350,"height":900,"caption":"PSOL 50"},"image":{"@id":"https:\/\/psol50.org.br\/#\/schema\/logo\/image\/"},"sameAs":["https:\/\/www.facebook.com\/psol50","https:\/\/x.com\/psol50","https:\/\/www.instagram.com\/psol50\/","https:\/\/www.youtube.com\/channel\/UC7SnJS5o1os7a6CaiNabzcg"]},{"@type":"Person","@id":"https:\/\/psol50.org.br\/#\/schema\/person\/475dfa57d0b815993c714c2e96491fcd","name":"Comunica\u00e7\u00e3o PSOL","image":{"@type":"ImageObject","inLanguage":"pt-BR","@id":"https:\/\/psol50.org.br\/#\/schema\/person\/image\/","url":"https:\/\/secure.gravatar.com\/avatar\/b34fc4f4e468a4e51785917065a3db57b841f5c95dba6ad8c73aaf8f66f8f9bf?s=96&d=mm&r=g","contentUrl":"https:\/\/secure.gravatar.com\/avatar\/b34fc4f4e468a4e51785917065a3db57b841f5c95dba6ad8c73aaf8f66f8f9bf?s=96&d=mm&r=g","caption":"Comunica\u00e7\u00e3o PSOL"}}]}},"_links":{"self":[{"href":"https:\/\/psol50.org.br\/rest\/wp\/v2\/posts\/19051","targetHints":{"allow":["GET"]}}],"collection":[{"href":"https:\/\/psol50.org.br\/rest\/wp\/v2\/posts"}],"about":[{"href":"https:\/\/psol50.org.br\/rest\/wp\/v2\/types\/post"}],"author":[{"embeddable":true,"href":"https:\/\/psol50.org.br\/rest\/wp\/v2\/users\/2"}],"replies":[{"embeddable":true,"href":"https:\/\/psol50.org.br\/rest\/wp\/v2\/comments?post=19051"}],"version-history":[{"count":0,"href":"https:\/\/psol50.org.br\/rest\/wp\/v2\/posts\/19051\/revisions"}],"wp:featuredmedia":[{"embeddable":true,"href":"https:\/\/psol50.org.br\/rest\/"}],"wp:attachment":[{"href":"https:\/\/psol50.org.br\/rest\/wp\/v2\/media?parent=19051"}],"wp:term":[{"taxonomy":"category","embeddable":true,"href":"https:\/\/psol50.org.br\/rest\/wp\/v2\/categories?post=19051"},{"taxonomy":"post_tag","embeddable":true,"href":"https:\/\/psol50.org.br\/rest\/wp\/v2\/tags?post=19051"}],"curies":[{"name":"wp","href":"https:\/\/api.w.org\/{rel}","templated":true}]}}