{"id":19084,"date":"2017-11-24T10:53:25","date_gmt":"2017-11-24T12:53:25","guid":{"rendered":"http:\/\/www.psol50.org.br\/?p=19084"},"modified":"2017-11-24T10:53:25","modified_gmt":"2017-11-24T12:53:25","slug":"contra-os-ataques-de-temer-servidores-realizam-marcha-em-brasilia-no-dia-28","status":"publish","type":"post","link":"https:\/\/psol50.org.br\/contra-os-ataques-de-temer-servidores-realizam-marcha-em-brasilia-no-dia-28\/","title":{"rendered":"Contra os ataques de Temer, servidores realizam marcha em Bras\u00edlia no dia 28"},"content":{"rendered":"<p>Milhares de servidores p\u00fablicos federais, de v\u00e1rias categorias, se reunir\u00e3o em Bras\u00edlia na pr\u00f3xima ter\u00e7a-feira (28\/11), em uma jornada de lutas contra as propostas do governo de Michel Temer que atingem diretamente o funcionalismo p\u00fablico.<\/p>\n<p>Convocado pelo Fonasefe (F\u00f3rum Nacional de Entidades dos Servidores Federais), a caravana unificada ter\u00e1 como eixos centrais a revoga\u00e7\u00e3o da Emenda Constitucional que instituiu o teto de gastos p\u00fablicos (EC n\u00ba 95\/2016, oriunda da PEC 241), a revoga\u00e7\u00e3o da reforma trabalhista (Lei 13.467\/2017) e a rejei\u00e7\u00e3o da reforma da Previd\u00eancia e da Medida Provis\u00f3ria n 805, que aumenta o \u00edndice de contribui\u00e7\u00e3o previdenci\u00e1ria dos servidores.<\/p>\n<p>As entidades que comp\u00f5em o F\u00f3rum esperam lotar a Esplanada dos Minist\u00e9rios. A concentra\u00e7\u00e3o est\u00e1 marcada para \u00e0s 9h, na Pra\u00e7a dos Tr\u00eas Poderes. De l\u00e1, os manifestantes devem sair em caminhada, concentrando os atos em frente ao Congresso Nacional e ao Minist\u00e9rio do Planejamento, Or\u00e7amento e Gest\u00e3o.<\/p>\n<p>O presidente nacional do PSOL e professor da Faculdade de Educa\u00e7\u00e3o da Universidade de Bras\u00edlia (UnB), Luiz Ara\u00fajo, destaca a import\u00e2ncia desse dia de luta em Bras\u00edlia, considerando as medidas impostas pelo governo, cujo alvo \u00e9 o funcionalismo p\u00fablico. O dirigente ressalta o novo texto da reforma da Previd\u00eancia, que mant\u00e9m medidas mais duras para os servidores.<\/p>\n<p>&#8220;A nova estrat\u00e9gia do governo para tentar aprovar a nefasta reforma da Previd\u00eancia e numa linha de falar que vai acabar com privil\u00e9gios. Como se os servidores p\u00fablicos, professores, t\u00e9cnicos administrativos, que sal\u00e1rios aqu\u00e9m da sua import\u00e2ncia na sociedade, fossem privilegiados. Privilegiada \u00e9 essa quadrilha, que rouba o nosso pa\u00eds e que agora est\u00e1 tentando tirar os nossos direitos&#8221;, ressalta.<\/p>\n<p>Ara\u00fajo convoca a milit\u00e2ncia do PSOL, que atua no servi\u00e7o p\u00fablico, a participar da caravana em Bras\u00edlia, como parte da agenda unificada de lutas. &#8220;O dia 28 \u00e9 muito importante porque soma, unifica e d\u00e1 for\u00e7a para a necessidade de ter uma paralisa\u00e7\u00e3o nacional, puxada pelas centrais sindicais e apoiada pelos partidos. O PSOL certamente estar\u00e1 apoiando, para dar um basta nesse governo e barrar a reforma da Previd\u00eancia e a Medida Provis\u00f3ria, que aumenta a al\u00edquota da contribui\u00e7\u00e3o previdenci\u00e1ria a ainda adia o reajuste salarial de diversas categorias. Todo apoio \u00e0 essa marcha. O PSOL estar\u00e1 junto com todos aqueles que lutam contra a retirada de direitos.<\/p>\n<p><img loading=\"lazy\" decoding=\"async\" class=\"size-medium wp-image-19085 aligncenter\" src=\"http:\/\/www.psol50.org.br\/inc\/uploads\/2017\/11\/caranava-dia28-servidores-386x600.jpg\" alt=\"\" width=\"386\" height=\"600\" \/><\/p>\n","protected":false},"excerpt":{"rendered":"<p>Milhares de servidores p\u00fablicos federais, de v\u00e1rias categorias, se reunir\u00e3o em Bras\u00edlia na pr\u00f3xima ter\u00e7a-feira (28\/11), em uma jornada de lutas contra as propostas do governo de Michel Temer que atingem diretamente o funcionalismo p\u00fablico. Convocado pelo Fonasefe (F\u00f3rum Nacional de Entidades dos Servidores Federais), a caravana unificada ter\u00e1 como eixos centrais a revoga\u00e7\u00e3o da [&hellip;]<\/p>\n","protected":false},"author":2,"featured_media":19086,"comment_status":"open","ping_status":"open","sticky":false,"template":"","format":"standard","meta":{"_acf_changed":false,"footnotes":""},"categories":[1882,1104,6],"tags":[3827,616,3828,406,3451,1801,22,39,256,350],"class_list":{"0":"post-19084","1":"post","2":"type-post","3":"status-publish","4":"format-standard","5":"has-post-thumbnail","7":"category-brasil","8":"category-movimento","9":"category-noticias","10":"tag-28-de-novembro","11":"tag-brasilia","12":"tag-caravana","13":"tag-direitos","14":"tag-fonasefe","15":"tag-luiz-araujo","16":"tag-psol","17":"tag-reforma-da-previdencia","18":"tag-servidores-publicos","19":"tag-teto-de-gastos"},"acf":[],"yoast_head":"<!-- This site is optimized with the Yoast SEO plugin v26.5 - https:\/\/yoast.com\/wordpress\/plugins\/seo\/ -->\n<title>Contra os ataques de Temer, servidores realizam marcha em Bras\u00edlia no dia 28 - PSOL 50<\/title>\n<meta name=\"robots\" content=\"index, follow, max-snippet:-1, max-image-preview:large, max-video-preview:-1\" \/>\n<link rel=\"canonical\" href=\"https:\/\/psol50.org.br\/contra-os-ataques-de-temer-servidores-realizam-marcha-em-brasilia-no-dia-28\/\" \/>\n<meta property=\"og:locale\" content=\"pt_BR\" \/>\n<meta property=\"og:type\" content=\"article\" \/>\n<meta property=\"og:title\" content=\"Contra os ataques de Temer, servidores realizam marcha em Bras\u00edlia no dia 28 - PSOL 50\" \/>\n<meta property=\"og:description\" content=\"Milhares de servidores p\u00fablicos federais, de v\u00e1rias categorias, se reunir\u00e3o em Bras\u00edlia na pr\u00f3xima ter\u00e7a-feira (28\/11), em uma jornada de lutas contra as propostas do governo de Michel Temer que atingem diretamente o funcionalismo p\u00fablico. Convocado pelo Fonasefe (F\u00f3rum Nacional de Entidades dos Servidores Federais), a caravana unificada ter\u00e1 como eixos centrais a revoga\u00e7\u00e3o da [&hellip;]\" \/>\n<meta property=\"og:url\" content=\"https:\/\/psol50.org.br\/contra-os-ataques-de-temer-servidores-realizam-marcha-em-brasilia-no-dia-28\/\" \/>\n<meta property=\"og:site_name\" content=\"PSOL 50\" \/>\n<meta property=\"article:publisher\" content=\"https:\/\/www.facebook.com\/psol50\" \/>\n<meta property=\"article:published_time\" content=\"2017-11-24T12:53:25+00:00\" \/>\n<meta property=\"og:image\" content=\"https:\/\/psol50.org.br\/inc\/uploads\/2018\/07\/capa.png\" \/>\n\t<meta property=\"og:image:width\" content=\"1350\" \/>\n\t<meta property=\"og:image:height\" content=\"900\" \/>\n\t<meta property=\"og:image:type\" content=\"image\/png\" \/>\n<meta name=\"author\" content=\"Comunica\u00e7\u00e3o PSOL\" \/>\n<meta name=\"twitter:card\" content=\"summary_large_image\" \/>\n<meta name=\"twitter:creator\" content=\"@psol50\" \/>\n<meta name=\"twitter:site\" content=\"@psol50\" \/>\n<meta name=\"twitter:label1\" content=\"Escrito por\" \/>\n\t<meta name=\"twitter:data1\" content=\"Comunica\u00e7\u00e3o PSOL\" \/>\n\t<meta name=\"twitter:label2\" content=\"Est. tempo de leitura\" \/>\n\t<meta name=\"twitter:data2\" content=\"2 minutos\" \/>\n<script type=\"application\/ld+json\" class=\"yoast-schema-graph\">{\"@context\":\"https:\/\/schema.org\",\"@graph\":[{\"@type\":\"Article\",\"@id\":\"https:\/\/psol50.org.br\/contra-os-ataques-de-temer-servidores-realizam-marcha-em-brasilia-no-dia-28\/#article\",\"isPartOf\":{\"@id\":\"https:\/\/psol50.org.br\/contra-os-ataques-de-temer-servidores-realizam-marcha-em-brasilia-no-dia-28\/\"},\"author\":{\"name\":\"Comunica\u00e7\u00e3o PSOL\",\"@id\":\"https:\/\/psol50.org.br\/#\/schema\/person\/475dfa57d0b815993c714c2e96491fcd\"},\"headline\":\"Contra os ataques de Temer, servidores realizam marcha em Bras\u00edlia no dia 28\",\"datePublished\":\"2017-11-24T12:53:25+00:00\",\"mainEntityOfPage\":{\"@id\":\"https:\/\/psol50.org.br\/contra-os-ataques-de-temer-servidores-realizam-marcha-em-brasilia-no-dia-28\/\"},\"wordCount\":430,\"commentCount\":0,\"publisher\":{\"@id\":\"https:\/\/psol50.org.br\/#organization\"},\"image\":{\"@id\":\"https:\/\/psol50.org.br\/contra-os-ataques-de-temer-servidores-realizam-marcha-em-brasilia-no-dia-28\/#primaryimage\"},\"thumbnailUrl\":\"\",\"keywords\":[\"28 de novembro\",\"Bras\u00edlia\",\"caravana\",\"direitos\",\"Fonasefe\",\"Luiz Ara\u00fajo\",\"PSOL\",\"reforma da previd\u00eancia\",\"servidores p\u00fablicos\",\"Teto de gastos\"],\"articleSection\":[\"Brasil\",\"Movimento\",\"Not\u00edcias\"],\"inLanguage\":\"pt-BR\",\"potentialAction\":[{\"@type\":\"CommentAction\",\"name\":\"Comment\",\"target\":[\"https:\/\/psol50.org.br\/contra-os-ataques-de-temer-servidores-realizam-marcha-em-brasilia-no-dia-28\/#respond\"]}]},{\"@type\":\"WebPage\",\"@id\":\"https:\/\/psol50.org.br\/contra-os-ataques-de-temer-servidores-realizam-marcha-em-brasilia-no-dia-28\/\",\"url\":\"https:\/\/psol50.org.br\/contra-os-ataques-de-temer-servidores-realizam-marcha-em-brasilia-no-dia-28\/\",\"name\":\"Contra os ataques de Temer, servidores realizam marcha em Bras\u00edlia no dia 28 - PSOL 50\",\"isPartOf\":{\"@id\":\"https:\/\/psol50.org.br\/#website\"},\"primaryImageOfPage\":{\"@id\":\"https:\/\/psol50.org.br\/contra-os-ataques-de-temer-servidores-realizam-marcha-em-brasilia-no-dia-28\/#primaryimage\"},\"image\":{\"@id\":\"https:\/\/psol50.org.br\/contra-os-ataques-de-temer-servidores-realizam-marcha-em-brasilia-no-dia-28\/#primaryimage\"},\"thumbnailUrl\":\"\",\"datePublished\":\"2017-11-24T12:53:25+00:00\",\"breadcrumb\":{\"@id\":\"https:\/\/psol50.org.br\/contra-os-ataques-de-temer-servidores-realizam-marcha-em-brasilia-no-dia-28\/#breadcrumb\"},\"inLanguage\":\"pt-BR\",\"potentialAction\":[{\"@type\":\"ReadAction\",\"target\":[\"https:\/\/psol50.org.br\/contra-os-ataques-de-temer-servidores-realizam-marcha-em-brasilia-no-dia-28\/\"]}]},{\"@type\":\"ImageObject\",\"inLanguage\":\"pt-BR\",\"@id\":\"https:\/\/psol50.org.br\/contra-os-ataques-de-temer-servidores-realizam-marcha-em-brasilia-no-dia-28\/#primaryimage\",\"url\":\"\",\"contentUrl\":\"\"},{\"@type\":\"BreadcrumbList\",\"@id\":\"https:\/\/psol50.org.br\/contra-os-ataques-de-temer-servidores-realizam-marcha-em-brasilia-no-dia-28\/#breadcrumb\",\"itemListElement\":[{\"@type\":\"ListItem\",\"position\":1,\"name\":\"In\u00edcio\",\"item\":\"https:\/\/psol50.org.br\/\"},{\"@type\":\"ListItem\",\"position\":2,\"name\":\"Contra os ataques de Temer, servidores realizam marcha em Bras\u00edlia no dia 28\"}]},{\"@type\":\"WebSite\",\"@id\":\"https:\/\/psol50.org.br\/#website\",\"url\":\"https:\/\/psol50.org.br\/\",\"name\":\"PSOL 50\",\"description\":\"Site oficial do Partido Socialismo e Liberdade\",\"publisher\":{\"@id\":\"https:\/\/psol50.org.br\/#organization\"},\"alternateName\":\"PSOL50\",\"potentialAction\":[{\"@type\":\"SearchAction\",\"target\":{\"@type\":\"EntryPoint\",\"urlTemplate\":\"https:\/\/psol50.org.br\/?s={search_term_string}\"},\"query-input\":{\"@type\":\"PropertyValueSpecification\",\"valueRequired\":true,\"valueName\":\"search_term_string\"}}],\"inLanguage\":\"pt-BR\"},{\"@type\":\"Organization\",\"@id\":\"https:\/\/psol50.org.br\/#organization\",\"name\":\"PSOL 50\",\"alternateName\":\"PSOL 50\",\"url\":\"https:\/\/psol50.org.br\/\",\"logo\":{\"@type\":\"ImageObject\",\"inLanguage\":\"pt-BR\",\"@id\":\"https:\/\/psol50.org.br\/#\/schema\/logo\/image\/\",\"url\":\"https:\/\/psol50.org.br\/inc\/uploads\/2018\/07\/capa.png\",\"contentUrl\":\"https:\/\/psol50.org.br\/inc\/uploads\/2018\/07\/capa.png\",\"width\":1350,\"height\":900,\"caption\":\"PSOL 50\"},\"image\":{\"@id\":\"https:\/\/psol50.org.br\/#\/schema\/logo\/image\/\"},\"sameAs\":[\"https:\/\/www.facebook.com\/psol50\",\"https:\/\/x.com\/psol50\",\"https:\/\/www.instagram.com\/psol50\/\",\"https:\/\/www.youtube.com\/channel\/UC7SnJS5o1os7a6CaiNabzcg\"]},{\"@type\":\"Person\",\"@id\":\"https:\/\/psol50.org.br\/#\/schema\/person\/475dfa57d0b815993c714c2e96491fcd\",\"name\":\"Comunica\u00e7\u00e3o PSOL\",\"image\":{\"@type\":\"ImageObject\",\"inLanguage\":\"pt-BR\",\"@id\":\"https:\/\/psol50.org.br\/#\/schema\/person\/image\/\",\"url\":\"https:\/\/secure.gravatar.com\/avatar\/b34fc4f4e468a4e51785917065a3db57b841f5c95dba6ad8c73aaf8f66f8f9bf?s=96&d=mm&r=g\",\"contentUrl\":\"https:\/\/secure.gravatar.com\/avatar\/b34fc4f4e468a4e51785917065a3db57b841f5c95dba6ad8c73aaf8f66f8f9bf?s=96&d=mm&r=g\",\"caption\":\"Comunica\u00e7\u00e3o PSOL\"}}]}<\/script>\n<!-- \/ Yoast SEO plugin. -->","yoast_head_json":{"title":"Contra os ataques de Temer, servidores realizam marcha em Bras\u00edlia no dia 28 - PSOL 50","robots":{"index":"index","follow":"follow","max-snippet":"max-snippet:-1","max-image-preview":"max-image-preview:large","max-video-preview":"max-video-preview:-1"},"canonical":"https:\/\/psol50.org.br\/contra-os-ataques-de-temer-servidores-realizam-marcha-em-brasilia-no-dia-28\/","og_locale":"pt_BR","og_type":"article","og_title":"Contra os ataques de Temer, servidores realizam marcha em Bras\u00edlia no dia 28 - PSOL 50","og_description":"Milhares de servidores p\u00fablicos federais, de v\u00e1rias categorias, se reunir\u00e3o em Bras\u00edlia na pr\u00f3xima ter\u00e7a-feira (28\/11), em uma jornada de lutas contra as propostas do governo de Michel Temer que atingem diretamente o funcionalismo p\u00fablico. Convocado pelo Fonasefe (F\u00f3rum Nacional de Entidades dos Servidores Federais), a caravana unificada ter\u00e1 como eixos centrais a revoga\u00e7\u00e3o da [&hellip;]","og_url":"https:\/\/psol50.org.br\/contra-os-ataques-de-temer-servidores-realizam-marcha-em-brasilia-no-dia-28\/","og_site_name":"PSOL 50","article_publisher":"https:\/\/www.facebook.com\/psol50","article_published_time":"2017-11-24T12:53:25+00:00","og_image":[{"width":1350,"height":900,"url":"https:\/\/psol50.org.br\/inc\/uploads\/2018\/07\/capa.png","type":"image\/png"}],"author":"Comunica\u00e7\u00e3o PSOL","twitter_card":"summary_large_image","twitter_creator":"@psol50","twitter_site":"@psol50","twitter_misc":{"Escrito por":"Comunica\u00e7\u00e3o PSOL","Est. tempo de leitura":"2 minutos"},"schema":{"@context":"https:\/\/schema.org","@graph":[{"@type":"Article","@id":"https:\/\/psol50.org.br\/contra-os-ataques-de-temer-servidores-realizam-marcha-em-brasilia-no-dia-28\/#article","isPartOf":{"@id":"https:\/\/psol50.org.br\/contra-os-ataques-de-temer-servidores-realizam-marcha-em-brasilia-no-dia-28\/"},"author":{"name":"Comunica\u00e7\u00e3o PSOL","@id":"https:\/\/psol50.org.br\/#\/schema\/person\/475dfa57d0b815993c714c2e96491fcd"},"headline":"Contra os ataques de Temer, servidores realizam marcha em Bras\u00edlia no dia 28","datePublished":"2017-11-24T12:53:25+00:00","mainEntityOfPage":{"@id":"https:\/\/psol50.org.br\/contra-os-ataques-de-temer-servidores-realizam-marcha-em-brasilia-no-dia-28\/"},"wordCount":430,"commentCount":0,"publisher":{"@id":"https:\/\/psol50.org.br\/#organization"},"image":{"@id":"https:\/\/psol50.org.br\/contra-os-ataques-de-temer-servidores-realizam-marcha-em-brasilia-no-dia-28\/#primaryimage"},"thumbnailUrl":"","keywords":["28 de novembro","Bras\u00edlia","caravana","direitos","Fonasefe","Luiz Ara\u00fajo","PSOL","reforma da previd\u00eancia","servidores p\u00fablicos","Teto de gastos"],"articleSection":["Brasil","Movimento","Not\u00edcias"],"inLanguage":"pt-BR","potentialAction":[{"@type":"CommentAction","name":"Comment","target":["https:\/\/psol50.org.br\/contra-os-ataques-de-temer-servidores-realizam-marcha-em-brasilia-no-dia-28\/#respond"]}]},{"@type":"WebPage","@id":"https:\/\/psol50.org.br\/contra-os-ataques-de-temer-servidores-realizam-marcha-em-brasilia-no-dia-28\/","url":"https:\/\/psol50.org.br\/contra-os-ataques-de-temer-servidores-realizam-marcha-em-brasilia-no-dia-28\/","name":"Contra os ataques de Temer, servidores realizam marcha em Bras\u00edlia no dia 28 - PSOL 50","isPartOf":{"@id":"https:\/\/psol50.org.br\/#website"},"primaryImageOfPage":{"@id":"https:\/\/psol50.org.br\/contra-os-ataques-de-temer-servidores-realizam-marcha-em-brasilia-no-dia-28\/#primaryimage"},"image":{"@id":"https:\/\/psol50.org.br\/contra-os-ataques-de-temer-servidores-realizam-marcha-em-brasilia-no-dia-28\/#primaryimage"},"thumbnailUrl":"","datePublished":"2017-11-24T12:53:25+00:00","breadcrumb":{"@id":"https:\/\/psol50.org.br\/contra-os-ataques-de-temer-servidores-realizam-marcha-em-brasilia-no-dia-28\/#breadcrumb"},"inLanguage":"pt-BR","potentialAction":[{"@type":"ReadAction","target":["https:\/\/psol50.org.br\/contra-os-ataques-de-temer-servidores-realizam-marcha-em-brasilia-no-dia-28\/"]}]},{"@type":"ImageObject","inLanguage":"pt-BR","@id":"https:\/\/psol50.org.br\/contra-os-ataques-de-temer-servidores-realizam-marcha-em-brasilia-no-dia-28\/#primaryimage","url":"","contentUrl":""},{"@type":"BreadcrumbList","@id":"https:\/\/psol50.org.br\/contra-os-ataques-de-temer-servidores-realizam-marcha-em-brasilia-no-dia-28\/#breadcrumb","itemListElement":[{"@type":"ListItem","position":1,"name":"In\u00edcio","item":"https:\/\/psol50.org.br\/"},{"@type":"ListItem","position":2,"name":"Contra os ataques de Temer, servidores realizam marcha em Bras\u00edlia no dia 28"}]},{"@type":"WebSite","@id":"https:\/\/psol50.org.br\/#website","url":"https:\/\/psol50.org.br\/","name":"PSOL 50","description":"Site oficial do Partido Socialismo e Liberdade","publisher":{"@id":"https:\/\/psol50.org.br\/#organization"},"alternateName":"PSOL50","potentialAction":[{"@type":"SearchAction","target":{"@type":"EntryPoint","urlTemplate":"https:\/\/psol50.org.br\/?s={search_term_string}"},"query-input":{"@type":"PropertyValueSpecification","valueRequired":true,"valueName":"search_term_string"}}],"inLanguage":"pt-BR"},{"@type":"Organization","@id":"https:\/\/psol50.org.br\/#organization","name":"PSOL 50","alternateName":"PSOL 50","url":"https:\/\/psol50.org.br\/","logo":{"@type":"ImageObject","inLanguage":"pt-BR","@id":"https:\/\/psol50.org.br\/#\/schema\/logo\/image\/","url":"https:\/\/psol50.org.br\/inc\/uploads\/2018\/07\/capa.png","contentUrl":"https:\/\/psol50.org.br\/inc\/uploads\/2018\/07\/capa.png","width":1350,"height":900,"caption":"PSOL 50"},"image":{"@id":"https:\/\/psol50.org.br\/#\/schema\/logo\/image\/"},"sameAs":["https:\/\/www.facebook.com\/psol50","https:\/\/x.com\/psol50","https:\/\/www.instagram.com\/psol50\/","https:\/\/www.youtube.com\/channel\/UC7SnJS5o1os7a6CaiNabzcg"]},{"@type":"Person","@id":"https:\/\/psol50.org.br\/#\/schema\/person\/475dfa57d0b815993c714c2e96491fcd","name":"Comunica\u00e7\u00e3o PSOL","image":{"@type":"ImageObject","inLanguage":"pt-BR","@id":"https:\/\/psol50.org.br\/#\/schema\/person\/image\/","url":"https:\/\/secure.gravatar.com\/avatar\/b34fc4f4e468a4e51785917065a3db57b841f5c95dba6ad8c73aaf8f66f8f9bf?s=96&d=mm&r=g","contentUrl":"https:\/\/secure.gravatar.com\/avatar\/b34fc4f4e468a4e51785917065a3db57b841f5c95dba6ad8c73aaf8f66f8f9bf?s=96&d=mm&r=g","caption":"Comunica\u00e7\u00e3o PSOL"}}]}},"_links":{"self":[{"href":"https:\/\/psol50.org.br\/rest\/wp\/v2\/posts\/19084","targetHints":{"allow":["GET"]}}],"collection":[{"href":"https:\/\/psol50.org.br\/rest\/wp\/v2\/posts"}],"about":[{"href":"https:\/\/psol50.org.br\/rest\/wp\/v2\/types\/post"}],"author":[{"embeddable":true,"href":"https:\/\/psol50.org.br\/rest\/wp\/v2\/users\/2"}],"replies":[{"embeddable":true,"href":"https:\/\/psol50.org.br\/rest\/wp\/v2\/comments?post=19084"}],"version-history":[{"count":0,"href":"https:\/\/psol50.org.br\/rest\/wp\/v2\/posts\/19084\/revisions"}],"wp:featuredmedia":[{"embeddable":true,"href":"https:\/\/psol50.org.br\/rest\/"}],"wp:attachment":[{"href":"https:\/\/psol50.org.br\/rest\/wp\/v2\/media?parent=19084"}],"wp:term":[{"taxonomy":"category","embeddable":true,"href":"https:\/\/psol50.org.br\/rest\/wp\/v2\/categories?post=19084"},{"taxonomy":"post_tag","embeddable":true,"href":"https:\/\/psol50.org.br\/rest\/wp\/v2\/tags?post=19084"}],"curies":[{"name":"wp","href":"https:\/\/api.w.org\/{rel}","templated":true}]}}