{"id":1919,"date":"2013-04-16T00:00:00","date_gmt":"2013-04-16T00:00:00","guid":{"rendered":"http:\/\/psol50.org.br\/arquivo\/2013\/04\/16\/conflitos-agrarios-e-impunidade-no-campo-serao-debatidos-em-audiencia-publica-no-senado-nesta-quarta-feira-17\/"},"modified":"2013-04-16T00:00:00","modified_gmt":"2013-04-16T00:00:00","slug":"conflitos-agrarios-e-impunidade-no-campo-serao-debatidos-em-audiencia-publica-no-senado-nesta-quarta-feira-17","status":"publish","type":"post","link":"https:\/\/psol50.org.br\/conflitos-agrarios-e-impunidade-no-campo-serao-debatidos-em-audiencia-publica-no-senado-nesta-quarta-feira-17\/","title":{"rendered":"Conflitos agr\u00e1rios e impunidade no campo ser\u00e3o debatidos em audi\u00eancia p\u00fablica no Senado nesta quarta-feira (17)"},"content":{"rendered":"<div style=\"text-align: justify;\">\n\tPor iniciativa do senador Randolfe Rodrigues (PSOL-AP), o Senado Federal promove nesta quarta-feira (17) audi\u00eancia p\u00fablica para marcar os 17 anos do Massacre de Eldorado dos Caraj\u00e1s e debater outros temas relacionados aos conflitos agr\u00e1rios e \u00e0 impunidade no campo. Na pr\u00f3pria quarta-feira j\u00e1 se completam 17 anos do crime que resultou na morte de 21 trabalhadores rurais sem terra, no Estado do Par\u00e1. Os assassinos eram da pr\u00f3pria Pol\u00edcia Militar paraense, que agiram sob as ordens do, \u00e0 \u00e9poca, governador Almir Gabriel.<br \/>\n\t&nbsp;<br \/>\n\tA audi\u00eancia ser\u00e1 \u00e0s 8h, na sala da Comiss\u00e3o de Direitos Humanos no Senado (sala 2 da Ala Nilo Coelho) e contar\u00e1 com a presen\u00e7a de deputados federais e da senadora Ana Rita (PT-ES), que tamb\u00e9m assinou o requerimento para a realiza\u00e7\u00e3o da audi\u00eancia p\u00fablica.<br \/>\n\t&nbsp;<br \/>\n\tPara Randolfe a impunidade no campo tem um aspecto claro. A aus\u00eancia de pol\u00edticas s\u00e9rias e amplas de Reforma Agr\u00e1ria. \u201cO Estado prioriza o latif\u00fandio e desta forma estimula a viol\u00eancia\u201d, ressalta Randolfe.<br \/>\n\t&nbsp;<br \/>\n\tAlexandre Concei\u00e7\u00e3o, integrante da coordena\u00e7\u00e3o nacional do MST, ilustra como a viol\u00eancia e a impunidade no campo s\u00e3o consequ\u00eancias diretas da concentra\u00e7\u00e3o fundi\u00e1ria no Brasil.<br \/>\n\t&nbsp;<br \/>\n\t\u201cDe 1985 a 2011, h\u00e1 o registro de 1.616 pessoas assassinadas, em 1.220 casos. A Justi\u00e7a tamb\u00e9m \u00e9 morosa no processo de aquisi\u00e7\u00e3o de terras para a reforma agr\u00e1ria. O Poder Judici\u00e1rio protege o direito da propriedade acima da necessidade de cumprimento da fun\u00e7\u00e3o social. Atualmente, 193 \u00e1reas se encontram com processos judiciais que impedem aquisi\u00e7\u00e3o pelo Incra. S\u00e3o mais de 986 mil hectares de terras, em todo o Pa\u00eds, que dependem da Justi\u00e7a para a sua libera\u00e7\u00e3o para a Reforma Agr\u00e1ria\u201d, enfatiza Alexandre.<br \/>\n\t&nbsp;<br \/>\n\tPara o debate, nesta quarta-feira (17), foram convidados Alberto Erc\u00edlio Brock, presidente da Confedera\u00e7\u00e3o Nacional dos Trabalhadores na Agricultura (Contag); Alexandre Concei\u00e7\u00e3o, diretor da Coordena\u00e7\u00e3o Nacional do Movimento dos Trabalhadores Rurais Sem Terra (MST); Ant\u00f4nio Canuto, secret\u00e1rio da Coordena\u00e7\u00e3o Nacional da Comiss\u00e3o Pastoral da Terra (CPT); Antonio Escriv\u00e3o Filho, coordenador-executivo da Organiza\u00e7\u00e3o de Direitos Humanos Terra de Direitos; M\u00e1rio Guedes, presidente do Instituto Nacional de Coloniza\u00e7\u00e3o e Reforma Agr\u00e1ria (Incra); e Elis\u00e2ngela dos Santos Ara\u00fajo, coordenadora-geral da Federa\u00e7\u00e3o dos Trabalhadores na Agricultura Familiar (Fetraf).<br \/>\n\t&nbsp;<br \/>\n\t<strong>Sete Julgamentos em 2013<\/strong><br \/>\n\tO ano de 2013 ser\u00e1 marcado por sete julgamentos de crimes contra direitos humanos. O primeiro deles que encerrou no dia 5 de mar\u00e7o, julgou os acusados do assassinato do casal de extrativistas paraenses, Jos\u00e9 Claudio e Maria do Esp\u00edrito Santo, no ano de 2011, em Nova Ipixuna\/PA. <a href=\"http:\/\/terradedireitos.org.br\/biblioteca\/noticias\/condenacao-dos-pistoleiros-e-absolvicao-do-mandante-um-padrao-de-impunidade-na-justica-brasileira\/\" target=\"_blank\" rel=\"noopener\">O resultado n\u00e3o foi o esperado. Mais uma vez, foram condenados os executores e absolvido o mandante.<\/a><br \/>\n\t&nbsp;<br \/>\n\tOs outros julgamentos referem-se aos casos da Chacina de Felisburgo (MG), Chacina de Una\u00ed (MG), Chacina da Fazenda Princesa (PA), assassinato de Dezinho (PA), assassinato de Manoel Mattos (PB) e assassinato de Sebasti\u00e3o Camargo Filho (PR).&nbsp; Todos esses decorrentes de conflitos fundi\u00e1rios, sendo que os \u00faltimos quatro, foram encaminhados para o sistema interamericano de direitos humanos.<\/div>\n<p>&nbsp;<br \/>\n&nbsp;<\/p>\n","protected":false},"excerpt":{"rendered":"<p>Por iniciativa do senador Randolfe Rodrigues (PSOL-AP), o Senado Federal promove nesta quarta-feira (17) audi\u00eancia p\u00fablica para marcar os 17 anos do Massacre de Eldorado dos Caraj\u00e1s e debater outros temas relacionados aos conflitos agr\u00e1rios e \u00e0 impunidade no campo. Na pr\u00f3pria quarta-feira j\u00e1 se completam 17 anos do crime que resultou na morte de [&hellip;]<\/p>\n","protected":false},"author":2,"featured_media":0,"comment_status":"open","ping_status":"open","sticky":false,"template":"","format":"standard","meta":{"_acf_changed":false,"footnotes":""},"categories":[4766],"tags":[],"class_list":{"0":"post-1919","1":"post","2":"type-post","3":"status-publish","4":"format-standard","6":"category-arquivo"},"acf":[],"yoast_head":"<!-- This site is optimized with the Yoast SEO plugin v26.5 - https:\/\/yoast.com\/wordpress\/plugins\/seo\/ -->\n<title>Conflitos agr\u00e1rios e impunidade no campo ser\u00e3o debatidos em audi\u00eancia p\u00fablica no Senado nesta quarta-feira (17) - PSOL 50<\/title>\n<meta name=\"robots\" content=\"index, follow, max-snippet:-1, max-image-preview:large, max-video-preview:-1\" \/>\n<link rel=\"canonical\" href=\"https:\/\/psol50.org.br\/conflitos-agrarios-e-impunidade-no-campo-serao-debatidos-em-audiencia-publica-no-senado-nesta-quarta-feira-17\/\" \/>\n<meta property=\"og:locale\" content=\"pt_BR\" \/>\n<meta property=\"og:type\" content=\"article\" \/>\n<meta property=\"og:title\" content=\"Conflitos agr\u00e1rios e impunidade no campo ser\u00e3o debatidos em audi\u00eancia p\u00fablica no Senado nesta quarta-feira (17) - PSOL 50\" \/>\n<meta property=\"og:description\" content=\"Por iniciativa do senador Randolfe Rodrigues (PSOL-AP), o Senado Federal promove nesta quarta-feira (17) audi\u00eancia p\u00fablica para marcar os 17 anos do Massacre de Eldorado dos Caraj\u00e1s e debater outros temas relacionados aos conflitos agr\u00e1rios e \u00e0 impunidade no campo. Na pr\u00f3pria quarta-feira j\u00e1 se completam 17 anos do crime que resultou na morte de [&hellip;]\" \/>\n<meta property=\"og:url\" content=\"https:\/\/psol50.org.br\/conflitos-agrarios-e-impunidade-no-campo-serao-debatidos-em-audiencia-publica-no-senado-nesta-quarta-feira-17\/\" \/>\n<meta property=\"og:site_name\" content=\"PSOL 50\" \/>\n<meta property=\"article:publisher\" content=\"https:\/\/www.facebook.com\/psol50\" \/>\n<meta property=\"article:published_time\" content=\"2013-04-16T00:00:00+00:00\" \/>\n<meta property=\"og:image\" content=\"https:\/\/psol50.org.br\/inc\/uploads\/2018\/07\/capa.png\" \/>\n\t<meta property=\"og:image:width\" content=\"1350\" \/>\n\t<meta property=\"og:image:height\" content=\"900\" \/>\n\t<meta property=\"og:image:type\" content=\"image\/png\" \/>\n<meta name=\"author\" content=\"Comunica\u00e7\u00e3o PSOL\" \/>\n<meta name=\"twitter:card\" content=\"summary_large_image\" \/>\n<meta name=\"twitter:creator\" content=\"@psol50\" \/>\n<meta name=\"twitter:site\" content=\"@psol50\" \/>\n<meta name=\"twitter:label1\" content=\"Escrito por\" \/>\n\t<meta name=\"twitter:data1\" content=\"Comunica\u00e7\u00e3o PSOL\" \/>\n\t<meta name=\"twitter:label2\" content=\"Est. tempo de leitura\" \/>\n\t<meta name=\"twitter:data2\" content=\"3 minutos\" \/>\n<script type=\"application\/ld+json\" class=\"yoast-schema-graph\">{\"@context\":\"https:\/\/schema.org\",\"@graph\":[{\"@type\":\"Article\",\"@id\":\"https:\/\/psol50.org.br\/conflitos-agrarios-e-impunidade-no-campo-serao-debatidos-em-audiencia-publica-no-senado-nesta-quarta-feira-17\/#article\",\"isPartOf\":{\"@id\":\"https:\/\/psol50.org.br\/conflitos-agrarios-e-impunidade-no-campo-serao-debatidos-em-audiencia-publica-no-senado-nesta-quarta-feira-17\/\"},\"author\":{\"name\":\"Comunica\u00e7\u00e3o PSOL\",\"@id\":\"https:\/\/psol50.org.br\/#\/schema\/person\/475dfa57d0b815993c714c2e96491fcd\"},\"headline\":\"Conflitos agr\u00e1rios e impunidade no campo ser\u00e3o debatidos em audi\u00eancia p\u00fablica no Senado nesta quarta-feira (17)\",\"datePublished\":\"2013-04-16T00:00:00+00:00\",\"mainEntityOfPage\":{\"@id\":\"https:\/\/psol50.org.br\/conflitos-agrarios-e-impunidade-no-campo-serao-debatidos-em-audiencia-publica-no-senado-nesta-quarta-feira-17\/\"},\"wordCount\":550,\"commentCount\":0,\"publisher\":{\"@id\":\"https:\/\/psol50.org.br\/#organization\"},\"articleSection\":[\"Arquivo\"],\"inLanguage\":\"pt-BR\",\"potentialAction\":[{\"@type\":\"CommentAction\",\"name\":\"Comment\",\"target\":[\"https:\/\/psol50.org.br\/conflitos-agrarios-e-impunidade-no-campo-serao-debatidos-em-audiencia-publica-no-senado-nesta-quarta-feira-17\/#respond\"]}]},{\"@type\":\"WebPage\",\"@id\":\"https:\/\/psol50.org.br\/conflitos-agrarios-e-impunidade-no-campo-serao-debatidos-em-audiencia-publica-no-senado-nesta-quarta-feira-17\/\",\"url\":\"https:\/\/psol50.org.br\/conflitos-agrarios-e-impunidade-no-campo-serao-debatidos-em-audiencia-publica-no-senado-nesta-quarta-feira-17\/\",\"name\":\"Conflitos agr\u00e1rios e impunidade no campo ser\u00e3o debatidos em audi\u00eancia p\u00fablica no Senado nesta quarta-feira (17) - PSOL 50\",\"isPartOf\":{\"@id\":\"https:\/\/psol50.org.br\/#website\"},\"datePublished\":\"2013-04-16T00:00:00+00:00\",\"breadcrumb\":{\"@id\":\"https:\/\/psol50.org.br\/conflitos-agrarios-e-impunidade-no-campo-serao-debatidos-em-audiencia-publica-no-senado-nesta-quarta-feira-17\/#breadcrumb\"},\"inLanguage\":\"pt-BR\",\"potentialAction\":[{\"@type\":\"ReadAction\",\"target\":[\"https:\/\/psol50.org.br\/conflitos-agrarios-e-impunidade-no-campo-serao-debatidos-em-audiencia-publica-no-senado-nesta-quarta-feira-17\/\"]}]},{\"@type\":\"BreadcrumbList\",\"@id\":\"https:\/\/psol50.org.br\/conflitos-agrarios-e-impunidade-no-campo-serao-debatidos-em-audiencia-publica-no-senado-nesta-quarta-feira-17\/#breadcrumb\",\"itemListElement\":[{\"@type\":\"ListItem\",\"position\":1,\"name\":\"In\u00edcio\",\"item\":\"https:\/\/psol50.org.br\/\"},{\"@type\":\"ListItem\",\"position\":2,\"name\":\"Conflitos agr\u00e1rios e impunidade no campo ser\u00e3o debatidos em audi\u00eancia p\u00fablica no Senado nesta quarta-feira (17)\"}]},{\"@type\":\"WebSite\",\"@id\":\"https:\/\/psol50.org.br\/#website\",\"url\":\"https:\/\/psol50.org.br\/\",\"name\":\"PSOL 50\",\"description\":\"Site oficial do Partido Socialismo e Liberdade\",\"publisher\":{\"@id\":\"https:\/\/psol50.org.br\/#organization\"},\"alternateName\":\"PSOL50\",\"potentialAction\":[{\"@type\":\"SearchAction\",\"target\":{\"@type\":\"EntryPoint\",\"urlTemplate\":\"https:\/\/psol50.org.br\/?s={search_term_string}\"},\"query-input\":{\"@type\":\"PropertyValueSpecification\",\"valueRequired\":true,\"valueName\":\"search_term_string\"}}],\"inLanguage\":\"pt-BR\"},{\"@type\":\"Organization\",\"@id\":\"https:\/\/psol50.org.br\/#organization\",\"name\":\"PSOL 50\",\"alternateName\":\"PSOL 50\",\"url\":\"https:\/\/psol50.org.br\/\",\"logo\":{\"@type\":\"ImageObject\",\"inLanguage\":\"pt-BR\",\"@id\":\"https:\/\/psol50.org.br\/#\/schema\/logo\/image\/\",\"url\":\"https:\/\/psol50.org.br\/inc\/uploads\/2018\/07\/capa.png\",\"contentUrl\":\"https:\/\/psol50.org.br\/inc\/uploads\/2018\/07\/capa.png\",\"width\":1350,\"height\":900,\"caption\":\"PSOL 50\"},\"image\":{\"@id\":\"https:\/\/psol50.org.br\/#\/schema\/logo\/image\/\"},\"sameAs\":[\"https:\/\/www.facebook.com\/psol50\",\"https:\/\/x.com\/psol50\",\"https:\/\/www.instagram.com\/psol50\/\",\"https:\/\/www.youtube.com\/channel\/UC7SnJS5o1os7a6CaiNabzcg\"]},{\"@type\":\"Person\",\"@id\":\"https:\/\/psol50.org.br\/#\/schema\/person\/475dfa57d0b815993c714c2e96491fcd\",\"name\":\"Comunica\u00e7\u00e3o PSOL\",\"image\":{\"@type\":\"ImageObject\",\"inLanguage\":\"pt-BR\",\"@id\":\"https:\/\/psol50.org.br\/#\/schema\/person\/image\/\",\"url\":\"https:\/\/secure.gravatar.com\/avatar\/b34fc4f4e468a4e51785917065a3db57b841f5c95dba6ad8c73aaf8f66f8f9bf?s=96&d=mm&r=g\",\"contentUrl\":\"https:\/\/secure.gravatar.com\/avatar\/b34fc4f4e468a4e51785917065a3db57b841f5c95dba6ad8c73aaf8f66f8f9bf?s=96&d=mm&r=g\",\"caption\":\"Comunica\u00e7\u00e3o PSOL\"}}]}<\/script>\n<!-- \/ Yoast SEO plugin. -->","yoast_head_json":{"title":"Conflitos agr\u00e1rios e impunidade no campo ser\u00e3o debatidos em audi\u00eancia p\u00fablica no Senado nesta quarta-feira (17) - PSOL 50","robots":{"index":"index","follow":"follow","max-snippet":"max-snippet:-1","max-image-preview":"max-image-preview:large","max-video-preview":"max-video-preview:-1"},"canonical":"https:\/\/psol50.org.br\/conflitos-agrarios-e-impunidade-no-campo-serao-debatidos-em-audiencia-publica-no-senado-nesta-quarta-feira-17\/","og_locale":"pt_BR","og_type":"article","og_title":"Conflitos agr\u00e1rios e impunidade no campo ser\u00e3o debatidos em audi\u00eancia p\u00fablica no Senado nesta quarta-feira (17) - PSOL 50","og_description":"Por iniciativa do senador Randolfe Rodrigues (PSOL-AP), o Senado Federal promove nesta quarta-feira (17) audi\u00eancia p\u00fablica para marcar os 17 anos do Massacre de Eldorado dos Caraj\u00e1s e debater outros temas relacionados aos conflitos agr\u00e1rios e \u00e0 impunidade no campo. Na pr\u00f3pria quarta-feira j\u00e1 se completam 17 anos do crime que resultou na morte de [&hellip;]","og_url":"https:\/\/psol50.org.br\/conflitos-agrarios-e-impunidade-no-campo-serao-debatidos-em-audiencia-publica-no-senado-nesta-quarta-feira-17\/","og_site_name":"PSOL 50","article_publisher":"https:\/\/www.facebook.com\/psol50","article_published_time":"2013-04-16T00:00:00+00:00","og_image":[{"width":1350,"height":900,"url":"https:\/\/psol50.org.br\/inc\/uploads\/2018\/07\/capa.png","type":"image\/png"}],"author":"Comunica\u00e7\u00e3o PSOL","twitter_card":"summary_large_image","twitter_creator":"@psol50","twitter_site":"@psol50","twitter_misc":{"Escrito por":"Comunica\u00e7\u00e3o PSOL","Est. tempo de leitura":"3 minutos"},"schema":{"@context":"https:\/\/schema.org","@graph":[{"@type":"Article","@id":"https:\/\/psol50.org.br\/conflitos-agrarios-e-impunidade-no-campo-serao-debatidos-em-audiencia-publica-no-senado-nesta-quarta-feira-17\/#article","isPartOf":{"@id":"https:\/\/psol50.org.br\/conflitos-agrarios-e-impunidade-no-campo-serao-debatidos-em-audiencia-publica-no-senado-nesta-quarta-feira-17\/"},"author":{"name":"Comunica\u00e7\u00e3o PSOL","@id":"https:\/\/psol50.org.br\/#\/schema\/person\/475dfa57d0b815993c714c2e96491fcd"},"headline":"Conflitos agr\u00e1rios e impunidade no campo ser\u00e3o debatidos em audi\u00eancia p\u00fablica no Senado nesta quarta-feira (17)","datePublished":"2013-04-16T00:00:00+00:00","mainEntityOfPage":{"@id":"https:\/\/psol50.org.br\/conflitos-agrarios-e-impunidade-no-campo-serao-debatidos-em-audiencia-publica-no-senado-nesta-quarta-feira-17\/"},"wordCount":550,"commentCount":0,"publisher":{"@id":"https:\/\/psol50.org.br\/#organization"},"articleSection":["Arquivo"],"inLanguage":"pt-BR","potentialAction":[{"@type":"CommentAction","name":"Comment","target":["https:\/\/psol50.org.br\/conflitos-agrarios-e-impunidade-no-campo-serao-debatidos-em-audiencia-publica-no-senado-nesta-quarta-feira-17\/#respond"]}]},{"@type":"WebPage","@id":"https:\/\/psol50.org.br\/conflitos-agrarios-e-impunidade-no-campo-serao-debatidos-em-audiencia-publica-no-senado-nesta-quarta-feira-17\/","url":"https:\/\/psol50.org.br\/conflitos-agrarios-e-impunidade-no-campo-serao-debatidos-em-audiencia-publica-no-senado-nesta-quarta-feira-17\/","name":"Conflitos agr\u00e1rios e impunidade no campo ser\u00e3o debatidos em audi\u00eancia p\u00fablica no Senado nesta quarta-feira (17) - PSOL 50","isPartOf":{"@id":"https:\/\/psol50.org.br\/#website"},"datePublished":"2013-04-16T00:00:00+00:00","breadcrumb":{"@id":"https:\/\/psol50.org.br\/conflitos-agrarios-e-impunidade-no-campo-serao-debatidos-em-audiencia-publica-no-senado-nesta-quarta-feira-17\/#breadcrumb"},"inLanguage":"pt-BR","potentialAction":[{"@type":"ReadAction","target":["https:\/\/psol50.org.br\/conflitos-agrarios-e-impunidade-no-campo-serao-debatidos-em-audiencia-publica-no-senado-nesta-quarta-feira-17\/"]}]},{"@type":"BreadcrumbList","@id":"https:\/\/psol50.org.br\/conflitos-agrarios-e-impunidade-no-campo-serao-debatidos-em-audiencia-publica-no-senado-nesta-quarta-feira-17\/#breadcrumb","itemListElement":[{"@type":"ListItem","position":1,"name":"In\u00edcio","item":"https:\/\/psol50.org.br\/"},{"@type":"ListItem","position":2,"name":"Conflitos agr\u00e1rios e impunidade no campo ser\u00e3o debatidos em audi\u00eancia p\u00fablica no Senado nesta quarta-feira (17)"}]},{"@type":"WebSite","@id":"https:\/\/psol50.org.br\/#website","url":"https:\/\/psol50.org.br\/","name":"PSOL 50","description":"Site oficial do Partido Socialismo e Liberdade","publisher":{"@id":"https:\/\/psol50.org.br\/#organization"},"alternateName":"PSOL50","potentialAction":[{"@type":"SearchAction","target":{"@type":"EntryPoint","urlTemplate":"https:\/\/psol50.org.br\/?s={search_term_string}"},"query-input":{"@type":"PropertyValueSpecification","valueRequired":true,"valueName":"search_term_string"}}],"inLanguage":"pt-BR"},{"@type":"Organization","@id":"https:\/\/psol50.org.br\/#organization","name":"PSOL 50","alternateName":"PSOL 50","url":"https:\/\/psol50.org.br\/","logo":{"@type":"ImageObject","inLanguage":"pt-BR","@id":"https:\/\/psol50.org.br\/#\/schema\/logo\/image\/","url":"https:\/\/psol50.org.br\/inc\/uploads\/2018\/07\/capa.png","contentUrl":"https:\/\/psol50.org.br\/inc\/uploads\/2018\/07\/capa.png","width":1350,"height":900,"caption":"PSOL 50"},"image":{"@id":"https:\/\/psol50.org.br\/#\/schema\/logo\/image\/"},"sameAs":["https:\/\/www.facebook.com\/psol50","https:\/\/x.com\/psol50","https:\/\/www.instagram.com\/psol50\/","https:\/\/www.youtube.com\/channel\/UC7SnJS5o1os7a6CaiNabzcg"]},{"@type":"Person","@id":"https:\/\/psol50.org.br\/#\/schema\/person\/475dfa57d0b815993c714c2e96491fcd","name":"Comunica\u00e7\u00e3o PSOL","image":{"@type":"ImageObject","inLanguage":"pt-BR","@id":"https:\/\/psol50.org.br\/#\/schema\/person\/image\/","url":"https:\/\/secure.gravatar.com\/avatar\/b34fc4f4e468a4e51785917065a3db57b841f5c95dba6ad8c73aaf8f66f8f9bf?s=96&d=mm&r=g","contentUrl":"https:\/\/secure.gravatar.com\/avatar\/b34fc4f4e468a4e51785917065a3db57b841f5c95dba6ad8c73aaf8f66f8f9bf?s=96&d=mm&r=g","caption":"Comunica\u00e7\u00e3o PSOL"}}]}},"_links":{"self":[{"href":"https:\/\/psol50.org.br\/rest\/wp\/v2\/posts\/1919","targetHints":{"allow":["GET"]}}],"collection":[{"href":"https:\/\/psol50.org.br\/rest\/wp\/v2\/posts"}],"about":[{"href":"https:\/\/psol50.org.br\/rest\/wp\/v2\/types\/post"}],"author":[{"embeddable":true,"href":"https:\/\/psol50.org.br\/rest\/wp\/v2\/users\/2"}],"replies":[{"embeddable":true,"href":"https:\/\/psol50.org.br\/rest\/wp\/v2\/comments?post=1919"}],"version-history":[{"count":0,"href":"https:\/\/psol50.org.br\/rest\/wp\/v2\/posts\/1919\/revisions"}],"wp:attachment":[{"href":"https:\/\/psol50.org.br\/rest\/wp\/v2\/media?parent=1919"}],"wp:term":[{"taxonomy":"category","embeddable":true,"href":"https:\/\/psol50.org.br\/rest\/wp\/v2\/categories?post=1919"},{"taxonomy":"post_tag","embeddable":true,"href":"https:\/\/psol50.org.br\/rest\/wp\/v2\/tags?post=1919"}],"curies":[{"name":"wp","href":"https:\/\/api.w.org\/{rel}","templated":true}]}}