{"id":19197,"date":"2017-12-02T20:51:04","date_gmt":"2017-12-02T22:51:04","guid":{"rendered":"http:\/\/www.psol50.org.br\/?p=19197"},"modified":"2017-12-02T20:51:04","modified_gmt":"2017-12-02T22:51:04","slug":"6o-congresso-resolucao-de-conjuntura-internacional-ressalta-apoio-a-luta-dos-povos","status":"publish","type":"post","link":"https:\/\/psol50.org.br\/6o-congresso-resolucao-de-conjuntura-internacional-ressalta-apoio-a-luta-dos-povos\/","title":{"rendered":"6\u00ba Congresso: Resolu\u00e7\u00e3o de conjuntura internacional ressalta apoio \u00e0 luta dos povos"},"content":{"rendered":"<p>&nbsp;<\/p>\n<p>A primeira resolu\u00e7\u00e3o aprovada pelos delegados do 6\u00ba Congresso Nacional do PSOL aponta a an\u00e1lise do partido sobre a conjuntura internacional. Defendida pelos militantes Gilberto Maringoni e Bruno Bimbi, o texto destaca o amplo apoio do partido \u00e0 luta dos povos, frente ao acirrado processo de acumula\u00e7\u00e3o capitalista que amea\u00e7a a vida em escala global. A an\u00e1lise do texto passa pela situa\u00e7\u00e3o dos povos da Am\u00e9rica Latina, da Europa, \u00c1frica e \u00c1sia, onde os v\u00e1rios conflitos t\u00eam colocado em risco a sobreviv\u00eancia de suas popula\u00e7\u00f5es.<\/p>\n<p>A resolu\u00e7\u00e3o tamb\u00e9m d\u00e1 conta do contexto brasileiro, em rela\u00e7\u00e3o aos demais pa\u00edses da Am\u00e9rica Latina e da pol\u00edtica de massacre, praticada pelos Estados Unidos. &#8220;No nosso continente, a pol\u00edtica externa praticada pelo governo golpista de Temer, alinhou-se completamente \u00e0s diretrizes do imperialismo americano, que busca reconquistar o espa\u00e7o perdido na regi\u00e3o. Neste sentido, toma parte destacada no operativo de cerco e aniquilamento do Governo Maduro, na Venezuela, a promo\u00e7\u00e3o de exerc\u00edcios militares conjuntos com as for\u00e7as armadas dos EUA, Col\u00f4mbia e Peru, na Amaz\u00f4nia e o silencia diante das agress\u00f5es do governo de Trump contra Cuba&#8221;.<\/p>\n<p>Considerando os desafios para a esquerda revolucion\u00e1ria, a resolu\u00e7\u00e3o aprovada aponta, ainda, os espa\u00e7os que podem ser ocupados pelo conjunto dos lutadores que defendem um novo modelo de sociedade.\u00a0 &#8220;Se abrem possibilidades de radicaliza\u00e7\u00e3o, que a um s\u00f3 tempo favorecem o fortalecimento da demagogia ultradireitista mas tamb\u00e9m de propostas de esquerda com uma clara orienta\u00e7\u00e3o anticapitalista. No centen\u00e1rio da gloriosa Revolu\u00e7\u00e3o de Outubro e no 50\u00ba anivers\u00e1rio da passagem para imortalidade de Ernesto Che Guevara, o PSOL reafirma sua solidariedade \u00e0 luta dos trabalhadores e povos oprimidos do mundo inteiro e seu compromisso de seguir lutando por um mundo de \u00a0justi\u00e7a, paz e igualdade: o mundo socialista&#8221;.<\/p>\n<p><a href=\"http:\/\/www.psol50.org.br\/inc\/uploads\/2017\/12\/Resolu\u00e7\u00e3o-Conjuntura-internacional.pdf\" target=\"_blank\" rel=\"noopener\"><strong><span style=\"color: #000080;\">Confira, aqui, o texto completo<\/span><\/strong><\/a>.<\/p>\n<p>&nbsp;<\/p>\n","protected":false},"excerpt":{"rendered":"<p>&nbsp; A primeira resolu\u00e7\u00e3o aprovada pelos delegados do 6\u00ba Congresso Nacional do PSOL aponta a an\u00e1lise do partido sobre a conjuntura internacional. Defendida pelos militantes Gilberto Maringoni e Bruno Bimbi, o texto destaca o amplo apoio do partido \u00e0 luta dos povos, frente ao acirrado processo de acumula\u00e7\u00e3o capitalista que amea\u00e7a a vida em escala [&hellip;]<\/p>\n","protected":false},"author":2,"featured_media":19199,"comment_status":"open","ping_status":"open","sticky":false,"template":"","format":"standard","meta":{"_acf_changed":false,"footnotes":""},"categories":[1882,6,14],"tags":[3826,2156,3839,3838,16,2894,1405,1315],"class_list":{"0":"post-19197","1":"post","2":"type-post","3":"status-publish","4":"format-standard","5":"has-post-thumbnail","7":"category-brasil","8":"category-noticias","9":"category-partido","10":"tag-6o-congresso-do-psol","11":"tag-6o-congresso-nacional-do-psol","12":"tag-ameria-latina","13":"tag-conjuntura-internacional","14":"tag-eua","15":"tag-luta","16":"tag-povos","17":"tag-resolucao"},"acf":[],"yoast_head":"<!-- This site is optimized with the Yoast SEO plugin v26.5 - https:\/\/yoast.com\/wordpress\/plugins\/seo\/ -->\n<title>6\u00ba Congresso: Resolu\u00e7\u00e3o de conjuntura internacional ressalta apoio \u00e0 luta dos povos - PSOL 50<\/title>\n<meta name=\"robots\" content=\"index, follow, max-snippet:-1, max-image-preview:large, max-video-preview:-1\" \/>\n<link rel=\"canonical\" href=\"https:\/\/psol50.org.br\/6o-congresso-resolucao-de-conjuntura-internacional-ressalta-apoio-a-luta-dos-povos\/\" \/>\n<meta property=\"og:locale\" content=\"pt_BR\" \/>\n<meta property=\"og:type\" content=\"article\" \/>\n<meta property=\"og:title\" content=\"6\u00ba Congresso: Resolu\u00e7\u00e3o de conjuntura internacional ressalta apoio \u00e0 luta dos povos - PSOL 50\" \/>\n<meta property=\"og:description\" content=\"&nbsp; A primeira resolu\u00e7\u00e3o aprovada pelos delegados do 6\u00ba Congresso Nacional do PSOL aponta a an\u00e1lise do partido sobre a conjuntura internacional. Defendida pelos militantes Gilberto Maringoni e Bruno Bimbi, o texto destaca o amplo apoio do partido \u00e0 luta dos povos, frente ao acirrado processo de acumula\u00e7\u00e3o capitalista que amea\u00e7a a vida em escala [&hellip;]\" \/>\n<meta property=\"og:url\" content=\"https:\/\/psol50.org.br\/6o-congresso-resolucao-de-conjuntura-internacional-ressalta-apoio-a-luta-dos-povos\/\" \/>\n<meta property=\"og:site_name\" content=\"PSOL 50\" \/>\n<meta property=\"article:publisher\" content=\"https:\/\/www.facebook.com\/psol50\" \/>\n<meta property=\"article:published_time\" content=\"2017-12-02T22:51:04+00:00\" \/>\n<meta property=\"og:image\" content=\"https:\/\/psol50.org.br\/inc\/uploads\/2018\/07\/capa.png\" \/>\n\t<meta property=\"og:image:width\" content=\"1350\" \/>\n\t<meta property=\"og:image:height\" content=\"900\" \/>\n\t<meta property=\"og:image:type\" content=\"image\/png\" \/>\n<meta name=\"author\" content=\"Comunica\u00e7\u00e3o PSOL\" \/>\n<meta name=\"twitter:card\" content=\"summary_large_image\" \/>\n<meta name=\"twitter:creator\" content=\"@psol50\" \/>\n<meta name=\"twitter:site\" content=\"@psol50\" \/>\n<meta name=\"twitter:label1\" content=\"Escrito por\" \/>\n\t<meta name=\"twitter:data1\" content=\"Comunica\u00e7\u00e3o PSOL\" \/>\n\t<meta name=\"twitter:label2\" content=\"Est. tempo de leitura\" \/>\n\t<meta name=\"twitter:data2\" content=\"2 minutos\" \/>\n<script type=\"application\/ld+json\" class=\"yoast-schema-graph\">{\"@context\":\"https:\/\/schema.org\",\"@graph\":[{\"@type\":\"Article\",\"@id\":\"https:\/\/psol50.org.br\/6o-congresso-resolucao-de-conjuntura-internacional-ressalta-apoio-a-luta-dos-povos\/#article\",\"isPartOf\":{\"@id\":\"https:\/\/psol50.org.br\/6o-congresso-resolucao-de-conjuntura-internacional-ressalta-apoio-a-luta-dos-povos\/\"},\"author\":{\"name\":\"Comunica\u00e7\u00e3o PSOL\",\"@id\":\"https:\/\/psol50.org.br\/#\/schema\/person\/475dfa57d0b815993c714c2e96491fcd\"},\"headline\":\"6\u00ba Congresso: Resolu\u00e7\u00e3o de conjuntura internacional ressalta apoio \u00e0 luta dos povos\",\"datePublished\":\"2017-12-02T22:51:04+00:00\",\"mainEntityOfPage\":{\"@id\":\"https:\/\/psol50.org.br\/6o-congresso-resolucao-de-conjuntura-internacional-ressalta-apoio-a-luta-dos-povos\/\"},\"wordCount\":339,\"commentCount\":0,\"publisher\":{\"@id\":\"https:\/\/psol50.org.br\/#organization\"},\"image\":{\"@id\":\"https:\/\/psol50.org.br\/6o-congresso-resolucao-de-conjuntura-internacional-ressalta-apoio-a-luta-dos-povos\/#primaryimage\"},\"thumbnailUrl\":\"\",\"keywords\":[\"6\u00ba Congresso do PSOL\",\"6\u00ba Congresso Nacional do PSOL\",\"Am\u00e9ria Latina\",\"Conjuntura Internacional\",\"EUA\",\"luta\",\"povos\",\"resolu\u00e7\u00e3o\"],\"articleSection\":[\"Brasil\",\"Not\u00edcias\",\"Partido\"],\"inLanguage\":\"pt-BR\",\"potentialAction\":[{\"@type\":\"CommentAction\",\"name\":\"Comment\",\"target\":[\"https:\/\/psol50.org.br\/6o-congresso-resolucao-de-conjuntura-internacional-ressalta-apoio-a-luta-dos-povos\/#respond\"]}]},{\"@type\":\"WebPage\",\"@id\":\"https:\/\/psol50.org.br\/6o-congresso-resolucao-de-conjuntura-internacional-ressalta-apoio-a-luta-dos-povos\/\",\"url\":\"https:\/\/psol50.org.br\/6o-congresso-resolucao-de-conjuntura-internacional-ressalta-apoio-a-luta-dos-povos\/\",\"name\":\"6\u00ba Congresso: Resolu\u00e7\u00e3o de conjuntura internacional ressalta apoio \u00e0 luta dos povos - PSOL 50\",\"isPartOf\":{\"@id\":\"https:\/\/psol50.org.br\/#website\"},\"primaryImageOfPage\":{\"@id\":\"https:\/\/psol50.org.br\/6o-congresso-resolucao-de-conjuntura-internacional-ressalta-apoio-a-luta-dos-povos\/#primaryimage\"},\"image\":{\"@id\":\"https:\/\/psol50.org.br\/6o-congresso-resolucao-de-conjuntura-internacional-ressalta-apoio-a-luta-dos-povos\/#primaryimage\"},\"thumbnailUrl\":\"\",\"datePublished\":\"2017-12-02T22:51:04+00:00\",\"breadcrumb\":{\"@id\":\"https:\/\/psol50.org.br\/6o-congresso-resolucao-de-conjuntura-internacional-ressalta-apoio-a-luta-dos-povos\/#breadcrumb\"},\"inLanguage\":\"pt-BR\",\"potentialAction\":[{\"@type\":\"ReadAction\",\"target\":[\"https:\/\/psol50.org.br\/6o-congresso-resolucao-de-conjuntura-internacional-ressalta-apoio-a-luta-dos-povos\/\"]}]},{\"@type\":\"ImageObject\",\"inLanguage\":\"pt-BR\",\"@id\":\"https:\/\/psol50.org.br\/6o-congresso-resolucao-de-conjuntura-internacional-ressalta-apoio-a-luta-dos-povos\/#primaryimage\",\"url\":\"\",\"contentUrl\":\"\"},{\"@type\":\"BreadcrumbList\",\"@id\":\"https:\/\/psol50.org.br\/6o-congresso-resolucao-de-conjuntura-internacional-ressalta-apoio-a-luta-dos-povos\/#breadcrumb\",\"itemListElement\":[{\"@type\":\"ListItem\",\"position\":1,\"name\":\"In\u00edcio\",\"item\":\"https:\/\/psol50.org.br\/\"},{\"@type\":\"ListItem\",\"position\":2,\"name\":\"6\u00ba Congresso: Resolu\u00e7\u00e3o de conjuntura internacional ressalta apoio \u00e0 luta dos povos\"}]},{\"@type\":\"WebSite\",\"@id\":\"https:\/\/psol50.org.br\/#website\",\"url\":\"https:\/\/psol50.org.br\/\",\"name\":\"PSOL 50\",\"description\":\"Site oficial do Partido Socialismo e Liberdade\",\"publisher\":{\"@id\":\"https:\/\/psol50.org.br\/#organization\"},\"alternateName\":\"PSOL50\",\"potentialAction\":[{\"@type\":\"SearchAction\",\"target\":{\"@type\":\"EntryPoint\",\"urlTemplate\":\"https:\/\/psol50.org.br\/?s={search_term_string}\"},\"query-input\":{\"@type\":\"PropertyValueSpecification\",\"valueRequired\":true,\"valueName\":\"search_term_string\"}}],\"inLanguage\":\"pt-BR\"},{\"@type\":\"Organization\",\"@id\":\"https:\/\/psol50.org.br\/#organization\",\"name\":\"PSOL 50\",\"alternateName\":\"PSOL 50\",\"url\":\"https:\/\/psol50.org.br\/\",\"logo\":{\"@type\":\"ImageObject\",\"inLanguage\":\"pt-BR\",\"@id\":\"https:\/\/psol50.org.br\/#\/schema\/logo\/image\/\",\"url\":\"https:\/\/psol50.org.br\/inc\/uploads\/2018\/07\/capa.png\",\"contentUrl\":\"https:\/\/psol50.org.br\/inc\/uploads\/2018\/07\/capa.png\",\"width\":1350,\"height\":900,\"caption\":\"PSOL 50\"},\"image\":{\"@id\":\"https:\/\/psol50.org.br\/#\/schema\/logo\/image\/\"},\"sameAs\":[\"https:\/\/www.facebook.com\/psol50\",\"https:\/\/x.com\/psol50\",\"https:\/\/www.instagram.com\/psol50\/\",\"https:\/\/www.youtube.com\/channel\/UC7SnJS5o1os7a6CaiNabzcg\"]},{\"@type\":\"Person\",\"@id\":\"https:\/\/psol50.org.br\/#\/schema\/person\/475dfa57d0b815993c714c2e96491fcd\",\"name\":\"Comunica\u00e7\u00e3o PSOL\",\"image\":{\"@type\":\"ImageObject\",\"inLanguage\":\"pt-BR\",\"@id\":\"https:\/\/psol50.org.br\/#\/schema\/person\/image\/\",\"url\":\"https:\/\/secure.gravatar.com\/avatar\/b34fc4f4e468a4e51785917065a3db57b841f5c95dba6ad8c73aaf8f66f8f9bf?s=96&d=mm&r=g\",\"contentUrl\":\"https:\/\/secure.gravatar.com\/avatar\/b34fc4f4e468a4e51785917065a3db57b841f5c95dba6ad8c73aaf8f66f8f9bf?s=96&d=mm&r=g\",\"caption\":\"Comunica\u00e7\u00e3o PSOL\"}}]}<\/script>\n<!-- \/ Yoast SEO plugin. -->","yoast_head_json":{"title":"6\u00ba Congresso: Resolu\u00e7\u00e3o de conjuntura internacional ressalta apoio \u00e0 luta dos povos - PSOL 50","robots":{"index":"index","follow":"follow","max-snippet":"max-snippet:-1","max-image-preview":"max-image-preview:large","max-video-preview":"max-video-preview:-1"},"canonical":"https:\/\/psol50.org.br\/6o-congresso-resolucao-de-conjuntura-internacional-ressalta-apoio-a-luta-dos-povos\/","og_locale":"pt_BR","og_type":"article","og_title":"6\u00ba Congresso: Resolu\u00e7\u00e3o de conjuntura internacional ressalta apoio \u00e0 luta dos povos - PSOL 50","og_description":"&nbsp; A primeira resolu\u00e7\u00e3o aprovada pelos delegados do 6\u00ba Congresso Nacional do PSOL aponta a an\u00e1lise do partido sobre a conjuntura internacional. Defendida pelos militantes Gilberto Maringoni e Bruno Bimbi, o texto destaca o amplo apoio do partido \u00e0 luta dos povos, frente ao acirrado processo de acumula\u00e7\u00e3o capitalista que amea\u00e7a a vida em escala [&hellip;]","og_url":"https:\/\/psol50.org.br\/6o-congresso-resolucao-de-conjuntura-internacional-ressalta-apoio-a-luta-dos-povos\/","og_site_name":"PSOL 50","article_publisher":"https:\/\/www.facebook.com\/psol50","article_published_time":"2017-12-02T22:51:04+00:00","og_image":[{"width":1350,"height":900,"url":"https:\/\/psol50.org.br\/inc\/uploads\/2018\/07\/capa.png","type":"image\/png"}],"author":"Comunica\u00e7\u00e3o PSOL","twitter_card":"summary_large_image","twitter_creator":"@psol50","twitter_site":"@psol50","twitter_misc":{"Escrito por":"Comunica\u00e7\u00e3o PSOL","Est. tempo de leitura":"2 minutos"},"schema":{"@context":"https:\/\/schema.org","@graph":[{"@type":"Article","@id":"https:\/\/psol50.org.br\/6o-congresso-resolucao-de-conjuntura-internacional-ressalta-apoio-a-luta-dos-povos\/#article","isPartOf":{"@id":"https:\/\/psol50.org.br\/6o-congresso-resolucao-de-conjuntura-internacional-ressalta-apoio-a-luta-dos-povos\/"},"author":{"name":"Comunica\u00e7\u00e3o PSOL","@id":"https:\/\/psol50.org.br\/#\/schema\/person\/475dfa57d0b815993c714c2e96491fcd"},"headline":"6\u00ba Congresso: Resolu\u00e7\u00e3o de conjuntura internacional ressalta apoio \u00e0 luta dos povos","datePublished":"2017-12-02T22:51:04+00:00","mainEntityOfPage":{"@id":"https:\/\/psol50.org.br\/6o-congresso-resolucao-de-conjuntura-internacional-ressalta-apoio-a-luta-dos-povos\/"},"wordCount":339,"commentCount":0,"publisher":{"@id":"https:\/\/psol50.org.br\/#organization"},"image":{"@id":"https:\/\/psol50.org.br\/6o-congresso-resolucao-de-conjuntura-internacional-ressalta-apoio-a-luta-dos-povos\/#primaryimage"},"thumbnailUrl":"","keywords":["6\u00ba Congresso do PSOL","6\u00ba Congresso Nacional do PSOL","Am\u00e9ria Latina","Conjuntura Internacional","EUA","luta","povos","resolu\u00e7\u00e3o"],"articleSection":["Brasil","Not\u00edcias","Partido"],"inLanguage":"pt-BR","potentialAction":[{"@type":"CommentAction","name":"Comment","target":["https:\/\/psol50.org.br\/6o-congresso-resolucao-de-conjuntura-internacional-ressalta-apoio-a-luta-dos-povos\/#respond"]}]},{"@type":"WebPage","@id":"https:\/\/psol50.org.br\/6o-congresso-resolucao-de-conjuntura-internacional-ressalta-apoio-a-luta-dos-povos\/","url":"https:\/\/psol50.org.br\/6o-congresso-resolucao-de-conjuntura-internacional-ressalta-apoio-a-luta-dos-povos\/","name":"6\u00ba Congresso: Resolu\u00e7\u00e3o de conjuntura internacional ressalta apoio \u00e0 luta dos povos - PSOL 50","isPartOf":{"@id":"https:\/\/psol50.org.br\/#website"},"primaryImageOfPage":{"@id":"https:\/\/psol50.org.br\/6o-congresso-resolucao-de-conjuntura-internacional-ressalta-apoio-a-luta-dos-povos\/#primaryimage"},"image":{"@id":"https:\/\/psol50.org.br\/6o-congresso-resolucao-de-conjuntura-internacional-ressalta-apoio-a-luta-dos-povos\/#primaryimage"},"thumbnailUrl":"","datePublished":"2017-12-02T22:51:04+00:00","breadcrumb":{"@id":"https:\/\/psol50.org.br\/6o-congresso-resolucao-de-conjuntura-internacional-ressalta-apoio-a-luta-dos-povos\/#breadcrumb"},"inLanguage":"pt-BR","potentialAction":[{"@type":"ReadAction","target":["https:\/\/psol50.org.br\/6o-congresso-resolucao-de-conjuntura-internacional-ressalta-apoio-a-luta-dos-povos\/"]}]},{"@type":"ImageObject","inLanguage":"pt-BR","@id":"https:\/\/psol50.org.br\/6o-congresso-resolucao-de-conjuntura-internacional-ressalta-apoio-a-luta-dos-povos\/#primaryimage","url":"","contentUrl":""},{"@type":"BreadcrumbList","@id":"https:\/\/psol50.org.br\/6o-congresso-resolucao-de-conjuntura-internacional-ressalta-apoio-a-luta-dos-povos\/#breadcrumb","itemListElement":[{"@type":"ListItem","position":1,"name":"In\u00edcio","item":"https:\/\/psol50.org.br\/"},{"@type":"ListItem","position":2,"name":"6\u00ba Congresso: Resolu\u00e7\u00e3o de conjuntura internacional ressalta apoio \u00e0 luta dos povos"}]},{"@type":"WebSite","@id":"https:\/\/psol50.org.br\/#website","url":"https:\/\/psol50.org.br\/","name":"PSOL 50","description":"Site oficial do Partido Socialismo e Liberdade","publisher":{"@id":"https:\/\/psol50.org.br\/#organization"},"alternateName":"PSOL50","potentialAction":[{"@type":"SearchAction","target":{"@type":"EntryPoint","urlTemplate":"https:\/\/psol50.org.br\/?s={search_term_string}"},"query-input":{"@type":"PropertyValueSpecification","valueRequired":true,"valueName":"search_term_string"}}],"inLanguage":"pt-BR"},{"@type":"Organization","@id":"https:\/\/psol50.org.br\/#organization","name":"PSOL 50","alternateName":"PSOL 50","url":"https:\/\/psol50.org.br\/","logo":{"@type":"ImageObject","inLanguage":"pt-BR","@id":"https:\/\/psol50.org.br\/#\/schema\/logo\/image\/","url":"https:\/\/psol50.org.br\/inc\/uploads\/2018\/07\/capa.png","contentUrl":"https:\/\/psol50.org.br\/inc\/uploads\/2018\/07\/capa.png","width":1350,"height":900,"caption":"PSOL 50"},"image":{"@id":"https:\/\/psol50.org.br\/#\/schema\/logo\/image\/"},"sameAs":["https:\/\/www.facebook.com\/psol50","https:\/\/x.com\/psol50","https:\/\/www.instagram.com\/psol50\/","https:\/\/www.youtube.com\/channel\/UC7SnJS5o1os7a6CaiNabzcg"]},{"@type":"Person","@id":"https:\/\/psol50.org.br\/#\/schema\/person\/475dfa57d0b815993c714c2e96491fcd","name":"Comunica\u00e7\u00e3o PSOL","image":{"@type":"ImageObject","inLanguage":"pt-BR","@id":"https:\/\/psol50.org.br\/#\/schema\/person\/image\/","url":"https:\/\/secure.gravatar.com\/avatar\/b34fc4f4e468a4e51785917065a3db57b841f5c95dba6ad8c73aaf8f66f8f9bf?s=96&d=mm&r=g","contentUrl":"https:\/\/secure.gravatar.com\/avatar\/b34fc4f4e468a4e51785917065a3db57b841f5c95dba6ad8c73aaf8f66f8f9bf?s=96&d=mm&r=g","caption":"Comunica\u00e7\u00e3o PSOL"}}]}},"_links":{"self":[{"href":"https:\/\/psol50.org.br\/rest\/wp\/v2\/posts\/19197","targetHints":{"allow":["GET"]}}],"collection":[{"href":"https:\/\/psol50.org.br\/rest\/wp\/v2\/posts"}],"about":[{"href":"https:\/\/psol50.org.br\/rest\/wp\/v2\/types\/post"}],"author":[{"embeddable":true,"href":"https:\/\/psol50.org.br\/rest\/wp\/v2\/users\/2"}],"replies":[{"embeddable":true,"href":"https:\/\/psol50.org.br\/rest\/wp\/v2\/comments?post=19197"}],"version-history":[{"count":0,"href":"https:\/\/psol50.org.br\/rest\/wp\/v2\/posts\/19197\/revisions"}],"wp:featuredmedia":[{"embeddable":true,"href":"https:\/\/psol50.org.br\/rest\/"}],"wp:attachment":[{"href":"https:\/\/psol50.org.br\/rest\/wp\/v2\/media?parent=19197"}],"wp:term":[{"taxonomy":"category","embeddable":true,"href":"https:\/\/psol50.org.br\/rest\/wp\/v2\/categories?post=19197"},{"taxonomy":"post_tag","embeddable":true,"href":"https:\/\/psol50.org.br\/rest\/wp\/v2\/tags?post=19197"}],"curies":[{"name":"wp","href":"https:\/\/api.w.org\/{rel}","templated":true}]}}