{"id":1921,"date":"2013-04-17T00:00:00","date_gmt":"2013-04-17T00:00:00","guid":{"rendered":"http:\/\/psol50.org.br\/arquivo\/2013\/04\/17\/psol-se-insurge-contra-afronta-aos-direitos-de-manifestacao-dos-povos-da-floresta-e-contesta-decreto-de-dilma-sobre-forca-nacional\/"},"modified":"2013-04-17T00:00:00","modified_gmt":"2013-04-17T00:00:00","slug":"psol-se-insurge-contra-afronta-aos-direitos-de-manifestacao-dos-povos-da-floresta-e-contesta-decreto-de-dilma-sobre-forca-nacional","status":"publish","type":"post","link":"https:\/\/psol50.org.br\/psol-se-insurge-contra-afronta-aos-direitos-de-manifestacao-dos-povos-da-floresta-e-contesta-decreto-de-dilma-sobre-forca-nacional\/","title":{"rendered":"PSOL se insurge contra afronta aos direitos de manifesta\u00e7\u00e3o dos povos da floresta e contesta decreto de Dilma sobre For\u00e7a Nacional"},"content":{"rendered":"<div style=\"text-align: justify;\">\n\tUma medida institu\u00edda, por meio de Decreto, pela presidenta Dilma Rousseff no m\u00eas de mar\u00e7o, est\u00e1 sendo contestada pelo PSOL no Congresso Nacional e no Judici\u00e1rio. Trata-se do Decreto n\u00ba 7957, em vigor desde o dia 12 de mar\u00e7o, que dentre outras modifica\u00e7\u00f5es, alterou o decreto de cria\u00e7\u00e3o da For\u00e7a Nacional de Seguran\u00e7a P\u00fablica. Com a altera\u00e7\u00e3o, o Executivo passou a contar com sua pr\u00f3pria for\u00e7a policial, a ser enviada e \u201caplicada\u201d em qualquer regi\u00e3o do pa\u00eds de acordo com sua vontade.<br \/>\n\t&nbsp;<br \/>\n\tO partido protocolou na C\u00e2mara, por meio do deputado Ivan Valente (PSOL-SP), e no Senado, pelo senador Randolfe Rodrigues (PSOL-AP), um Projeto de Decreto Legislativo (PDL) visando sustar o decreto presidencial.&nbsp; Ainda neste m\u00eas, o PSOL tamb\u00e9m ingressar\u00e1 com uma A\u00e7\u00e3o Direta de Inconstitucionalidade (ADI) junto ao Supremo Tribunal Federal (STF). Na C\u00e2mara o Projeto de Decreto tramita com o n\u00famero 829\/2013 e no Senado com o n\u00famero <strong>86\/2013.<\/strong><br \/>\n\t&nbsp;<br \/>\n\tPara o PSOL, a medida \u00e9 uma afronta \u00e0 Constitui\u00e7\u00e3o, pois permite ao governo federal enviar a For\u00e7a Nacional de Seguran\u00e7a P\u00fablica para qualquer parte do territ\u00f3rio nacional sem a aquiesc\u00eancia do ente federado, respons\u00e1vel pelo policiamento ostensivo e manuten\u00e7\u00e3o da ordem p\u00fablica.<br \/>\n\t&nbsp;<br \/>\n\tA Constitui\u00e7\u00e3o Federal determina que a responsabilidade por \u201cpol\u00edcia ostensiva e a preserva\u00e7\u00e3o da ordem p\u00fablica\u201d \u00e9 das pol\u00edcias militares dos estados, subordinadas aos respectivos governadores (art. 144, \u00a7\u00a7 4\u00ba e 5\u00ba). \u00c0 Uni\u00e3o restam duas possibilidades: interven\u00e7\u00e3o federal no estado (art. 34), ou decreto de estado de defesa (art.136), ambas situa\u00e7\u00f5es excepcional\u00edssimas de garantia da seguran\u00e7a e integridade nacionais, em que ser\u00e3o acionadas as For\u00e7as Armadas (Ex\u00e9rcito, Marinha e Aeron\u00e1utica).<br \/>\n\t&nbsp;<br \/>\n\tAl\u00e9m disso, o decreto tem um alvo claro, que \u00e9 o de impedir as manifesta\u00e7\u00f5es dos povos da floresta, contra a constru\u00e7\u00e3o de hidrel\u00e9tricas em suas regi\u00f5es. Al\u00e9m de intimidar os protestos de trabalhadores, v\u00edtimas de superexplora\u00e7\u00e3o por parte dos cons\u00f3rcios construtores dessas obras.<br \/>\n\t&nbsp;<br \/>\n\tValendo-se dessa mudan\u00e7a inconstitucional, o ministro das Minas e Energia, Edison Lob\u00e3o, requisitou, em mar\u00e7o deste ano, o apoio da For\u00e7a Nacional para garantir, pela for\u00e7a, o trabalho de 80 t\u00e9cnicos contratados pela Eletronorte que atuam nos projetos de barramento do Rio Tapaj\u00f3s, no Par\u00e1. No discurso, o governo federal afirma que a interven\u00e7\u00e3o visa garantir a seguran\u00e7a das obras de infraestrutura energ\u00e9tica, em andamento no estado.<br \/>\n\t&nbsp;<br \/>\n\tOs manifestantes t\u00eam protestado frequentemente nesses canteiros de obras, pela falta de informa\u00e7\u00f5es sobre os reais impactos dos empreendimentos para as comunidades desalojadas, e que vivem pr\u00f3ximas dessas obras.<br \/>\n\t&nbsp;<br \/>\n\tO artigo original do decreto tinha a seguinte reda\u00e7\u00e3o:&nbsp; \u201cArt. 4\u00ba A For\u00e7a Nacional de Seguran\u00e7a P\u00fablica poder\u00e1 ser empregada em qualquer parte do territ\u00f3rio nacional, mediante solicita\u00e7\u00e3o expressa do respectivo Governador de Estado ou do Distrito Federal\u201d.<br \/>\n\t&nbsp;<br \/>\n\tAp\u00f3s a altera\u00e7\u00e3o, passou a vigorar desta forma: \u201cArt. 4\u00ba A For\u00e7a Nacional de Seguran\u00e7a P\u00fablica poder\u00e1 ser empregada em qualquer parte do territ\u00f3rio nacional, mediante solicita\u00e7\u00e3o expressa do respectivo Governador de Estado, do Distrito Federal ou de Ministro de Estado\u201d.<\/div>\n<p>&nbsp;<br \/>\n&nbsp;<br \/>\n&nbsp;<br \/>\n&nbsp;<\/p>\n","protected":false},"excerpt":{"rendered":"<p>Uma medida institu\u00edda, por meio de Decreto, pela presidenta Dilma Rousseff no m\u00eas de mar\u00e7o, est\u00e1 sendo contestada pelo PSOL no Congresso Nacional e no Judici\u00e1rio. Trata-se do Decreto n\u00ba 7957, em vigor desde o dia 12 de mar\u00e7o, que dentre outras modifica\u00e7\u00f5es, alterou o decreto de cria\u00e7\u00e3o da For\u00e7a Nacional de Seguran\u00e7a P\u00fablica. Com [&hellip;]<\/p>\n","protected":false},"author":2,"featured_media":0,"comment_status":"open","ping_status":"open","sticky":false,"template":"","format":"standard","meta":{"_acf_changed":false,"footnotes":""},"categories":[4766],"tags":[22],"class_list":{"0":"post-1921","1":"post","2":"type-post","3":"status-publish","4":"format-standard","6":"category-arquivo","7":"tag-psol"},"acf":[],"yoast_head":"<!-- This site is optimized with the Yoast SEO plugin v26.5 - https:\/\/yoast.com\/wordpress\/plugins\/seo\/ -->\n<title>PSOL se insurge contra afronta aos direitos de manifesta\u00e7\u00e3o dos povos da floresta e contesta decreto de Dilma sobre For\u00e7a Nacional - PSOL 50<\/title>\n<meta name=\"robots\" content=\"index, follow, max-snippet:-1, max-image-preview:large, max-video-preview:-1\" \/>\n<link rel=\"canonical\" href=\"https:\/\/psol50.org.br\/psol-se-insurge-contra-afronta-aos-direitos-de-manifestacao-dos-povos-da-floresta-e-contesta-decreto-de-dilma-sobre-forca-nacional\/\" \/>\n<meta property=\"og:locale\" content=\"pt_BR\" \/>\n<meta property=\"og:type\" content=\"article\" \/>\n<meta property=\"og:title\" content=\"PSOL se insurge contra afronta aos direitos de manifesta\u00e7\u00e3o dos povos da floresta e contesta decreto de Dilma sobre For\u00e7a Nacional - PSOL 50\" \/>\n<meta property=\"og:description\" content=\"Uma medida institu\u00edda, por meio de Decreto, pela presidenta Dilma Rousseff no m\u00eas de mar\u00e7o, est\u00e1 sendo contestada pelo PSOL no Congresso Nacional e no Judici\u00e1rio. Trata-se do Decreto n\u00ba 7957, em vigor desde o dia 12 de mar\u00e7o, que dentre outras modifica\u00e7\u00f5es, alterou o decreto de cria\u00e7\u00e3o da For\u00e7a Nacional de Seguran\u00e7a P\u00fablica. Com [&hellip;]\" \/>\n<meta property=\"og:url\" content=\"https:\/\/psol50.org.br\/psol-se-insurge-contra-afronta-aos-direitos-de-manifestacao-dos-povos-da-floresta-e-contesta-decreto-de-dilma-sobre-forca-nacional\/\" \/>\n<meta property=\"og:site_name\" content=\"PSOL 50\" \/>\n<meta property=\"article:publisher\" content=\"https:\/\/www.facebook.com\/psol50\" \/>\n<meta property=\"article:published_time\" content=\"2013-04-17T00:00:00+00:00\" \/>\n<meta property=\"og:image\" content=\"https:\/\/psol50.org.br\/inc\/uploads\/2018\/07\/capa.png\" \/>\n\t<meta property=\"og:image:width\" content=\"1350\" \/>\n\t<meta property=\"og:image:height\" content=\"900\" \/>\n\t<meta property=\"og:image:type\" content=\"image\/png\" \/>\n<meta name=\"author\" content=\"Comunica\u00e7\u00e3o PSOL\" \/>\n<meta name=\"twitter:card\" content=\"summary_large_image\" \/>\n<meta name=\"twitter:creator\" content=\"@psol50\" \/>\n<meta name=\"twitter:site\" content=\"@psol50\" \/>\n<meta name=\"twitter:label1\" content=\"Escrito por\" \/>\n\t<meta name=\"twitter:data1\" content=\"Comunica\u00e7\u00e3o PSOL\" \/>\n\t<meta name=\"twitter:label2\" content=\"Est. tempo de leitura\" \/>\n\t<meta name=\"twitter:data2\" content=\"3 minutos\" \/>\n<script type=\"application\/ld+json\" class=\"yoast-schema-graph\">{\"@context\":\"https:\/\/schema.org\",\"@graph\":[{\"@type\":\"Article\",\"@id\":\"https:\/\/psol50.org.br\/psol-se-insurge-contra-afronta-aos-direitos-de-manifestacao-dos-povos-da-floresta-e-contesta-decreto-de-dilma-sobre-forca-nacional\/#article\",\"isPartOf\":{\"@id\":\"https:\/\/psol50.org.br\/psol-se-insurge-contra-afronta-aos-direitos-de-manifestacao-dos-povos-da-floresta-e-contesta-decreto-de-dilma-sobre-forca-nacional\/\"},\"author\":{\"name\":\"Comunica\u00e7\u00e3o PSOL\",\"@id\":\"https:\/\/psol50.org.br\/#\/schema\/person\/475dfa57d0b815993c714c2e96491fcd\"},\"headline\":\"PSOL se insurge contra afronta aos direitos de manifesta\u00e7\u00e3o dos povos da floresta e contesta decreto de Dilma sobre For\u00e7a Nacional\",\"datePublished\":\"2013-04-17T00:00:00+00:00\",\"mainEntityOfPage\":{\"@id\":\"https:\/\/psol50.org.br\/psol-se-insurge-contra-afronta-aos-direitos-de-manifestacao-dos-povos-da-floresta-e-contesta-decreto-de-dilma-sobre-forca-nacional\/\"},\"wordCount\":584,\"commentCount\":0,\"publisher\":{\"@id\":\"https:\/\/psol50.org.br\/#organization\"},\"keywords\":[\"PSOL\"],\"articleSection\":[\"Arquivo\"],\"inLanguage\":\"pt-BR\",\"potentialAction\":[{\"@type\":\"CommentAction\",\"name\":\"Comment\",\"target\":[\"https:\/\/psol50.org.br\/psol-se-insurge-contra-afronta-aos-direitos-de-manifestacao-dos-povos-da-floresta-e-contesta-decreto-de-dilma-sobre-forca-nacional\/#respond\"]}]},{\"@type\":\"WebPage\",\"@id\":\"https:\/\/psol50.org.br\/psol-se-insurge-contra-afronta-aos-direitos-de-manifestacao-dos-povos-da-floresta-e-contesta-decreto-de-dilma-sobre-forca-nacional\/\",\"url\":\"https:\/\/psol50.org.br\/psol-se-insurge-contra-afronta-aos-direitos-de-manifestacao-dos-povos-da-floresta-e-contesta-decreto-de-dilma-sobre-forca-nacional\/\",\"name\":\"PSOL se insurge contra afronta aos direitos de manifesta\u00e7\u00e3o dos povos da floresta e contesta decreto de Dilma sobre For\u00e7a Nacional - PSOL 50\",\"isPartOf\":{\"@id\":\"https:\/\/psol50.org.br\/#website\"},\"datePublished\":\"2013-04-17T00:00:00+00:00\",\"breadcrumb\":{\"@id\":\"https:\/\/psol50.org.br\/psol-se-insurge-contra-afronta-aos-direitos-de-manifestacao-dos-povos-da-floresta-e-contesta-decreto-de-dilma-sobre-forca-nacional\/#breadcrumb\"},\"inLanguage\":\"pt-BR\",\"potentialAction\":[{\"@type\":\"ReadAction\",\"target\":[\"https:\/\/psol50.org.br\/psol-se-insurge-contra-afronta-aos-direitos-de-manifestacao-dos-povos-da-floresta-e-contesta-decreto-de-dilma-sobre-forca-nacional\/\"]}]},{\"@type\":\"BreadcrumbList\",\"@id\":\"https:\/\/psol50.org.br\/psol-se-insurge-contra-afronta-aos-direitos-de-manifestacao-dos-povos-da-floresta-e-contesta-decreto-de-dilma-sobre-forca-nacional\/#breadcrumb\",\"itemListElement\":[{\"@type\":\"ListItem\",\"position\":1,\"name\":\"In\u00edcio\",\"item\":\"https:\/\/psol50.org.br\/\"},{\"@type\":\"ListItem\",\"position\":2,\"name\":\"PSOL se insurge contra afronta aos direitos de manifesta\u00e7\u00e3o dos povos da floresta e contesta decreto de Dilma sobre For\u00e7a Nacional\"}]},{\"@type\":\"WebSite\",\"@id\":\"https:\/\/psol50.org.br\/#website\",\"url\":\"https:\/\/psol50.org.br\/\",\"name\":\"PSOL 50\",\"description\":\"Site oficial do Partido Socialismo e Liberdade\",\"publisher\":{\"@id\":\"https:\/\/psol50.org.br\/#organization\"},\"alternateName\":\"PSOL50\",\"potentialAction\":[{\"@type\":\"SearchAction\",\"target\":{\"@type\":\"EntryPoint\",\"urlTemplate\":\"https:\/\/psol50.org.br\/?s={search_term_string}\"},\"query-input\":{\"@type\":\"PropertyValueSpecification\",\"valueRequired\":true,\"valueName\":\"search_term_string\"}}],\"inLanguage\":\"pt-BR\"},{\"@type\":\"Organization\",\"@id\":\"https:\/\/psol50.org.br\/#organization\",\"name\":\"PSOL 50\",\"alternateName\":\"PSOL 50\",\"url\":\"https:\/\/psol50.org.br\/\",\"logo\":{\"@type\":\"ImageObject\",\"inLanguage\":\"pt-BR\",\"@id\":\"https:\/\/psol50.org.br\/#\/schema\/logo\/image\/\",\"url\":\"https:\/\/psol50.org.br\/inc\/uploads\/2018\/07\/capa.png\",\"contentUrl\":\"https:\/\/psol50.org.br\/inc\/uploads\/2018\/07\/capa.png\",\"width\":1350,\"height\":900,\"caption\":\"PSOL 50\"},\"image\":{\"@id\":\"https:\/\/psol50.org.br\/#\/schema\/logo\/image\/\"},\"sameAs\":[\"https:\/\/www.facebook.com\/psol50\",\"https:\/\/x.com\/psol50\",\"https:\/\/www.instagram.com\/psol50\/\",\"https:\/\/www.youtube.com\/channel\/UC7SnJS5o1os7a6CaiNabzcg\"]},{\"@type\":\"Person\",\"@id\":\"https:\/\/psol50.org.br\/#\/schema\/person\/475dfa57d0b815993c714c2e96491fcd\",\"name\":\"Comunica\u00e7\u00e3o PSOL\",\"image\":{\"@type\":\"ImageObject\",\"inLanguage\":\"pt-BR\",\"@id\":\"https:\/\/psol50.org.br\/#\/schema\/person\/image\/\",\"url\":\"https:\/\/secure.gravatar.com\/avatar\/b34fc4f4e468a4e51785917065a3db57b841f5c95dba6ad8c73aaf8f66f8f9bf?s=96&d=mm&r=g\",\"contentUrl\":\"https:\/\/secure.gravatar.com\/avatar\/b34fc4f4e468a4e51785917065a3db57b841f5c95dba6ad8c73aaf8f66f8f9bf?s=96&d=mm&r=g\",\"caption\":\"Comunica\u00e7\u00e3o PSOL\"}}]}<\/script>\n<!-- \/ Yoast SEO plugin. -->","yoast_head_json":{"title":"PSOL se insurge contra afronta aos direitos de manifesta\u00e7\u00e3o dos povos da floresta e contesta decreto de Dilma sobre For\u00e7a Nacional - PSOL 50","robots":{"index":"index","follow":"follow","max-snippet":"max-snippet:-1","max-image-preview":"max-image-preview:large","max-video-preview":"max-video-preview:-1"},"canonical":"https:\/\/psol50.org.br\/psol-se-insurge-contra-afronta-aos-direitos-de-manifestacao-dos-povos-da-floresta-e-contesta-decreto-de-dilma-sobre-forca-nacional\/","og_locale":"pt_BR","og_type":"article","og_title":"PSOL se insurge contra afronta aos direitos de manifesta\u00e7\u00e3o dos povos da floresta e contesta decreto de Dilma sobre For\u00e7a Nacional - PSOL 50","og_description":"Uma medida institu\u00edda, por meio de Decreto, pela presidenta Dilma Rousseff no m\u00eas de mar\u00e7o, est\u00e1 sendo contestada pelo PSOL no Congresso Nacional e no Judici\u00e1rio. Trata-se do Decreto n\u00ba 7957, em vigor desde o dia 12 de mar\u00e7o, que dentre outras modifica\u00e7\u00f5es, alterou o decreto de cria\u00e7\u00e3o da For\u00e7a Nacional de Seguran\u00e7a P\u00fablica. Com [&hellip;]","og_url":"https:\/\/psol50.org.br\/psol-se-insurge-contra-afronta-aos-direitos-de-manifestacao-dos-povos-da-floresta-e-contesta-decreto-de-dilma-sobre-forca-nacional\/","og_site_name":"PSOL 50","article_publisher":"https:\/\/www.facebook.com\/psol50","article_published_time":"2013-04-17T00:00:00+00:00","og_image":[{"width":1350,"height":900,"url":"https:\/\/psol50.org.br\/inc\/uploads\/2018\/07\/capa.png","type":"image\/png"}],"author":"Comunica\u00e7\u00e3o PSOL","twitter_card":"summary_large_image","twitter_creator":"@psol50","twitter_site":"@psol50","twitter_misc":{"Escrito por":"Comunica\u00e7\u00e3o PSOL","Est. tempo de leitura":"3 minutos"},"schema":{"@context":"https:\/\/schema.org","@graph":[{"@type":"Article","@id":"https:\/\/psol50.org.br\/psol-se-insurge-contra-afronta-aos-direitos-de-manifestacao-dos-povos-da-floresta-e-contesta-decreto-de-dilma-sobre-forca-nacional\/#article","isPartOf":{"@id":"https:\/\/psol50.org.br\/psol-se-insurge-contra-afronta-aos-direitos-de-manifestacao-dos-povos-da-floresta-e-contesta-decreto-de-dilma-sobre-forca-nacional\/"},"author":{"name":"Comunica\u00e7\u00e3o PSOL","@id":"https:\/\/psol50.org.br\/#\/schema\/person\/475dfa57d0b815993c714c2e96491fcd"},"headline":"PSOL se insurge contra afronta aos direitos de manifesta\u00e7\u00e3o dos povos da floresta e contesta decreto de Dilma sobre For\u00e7a Nacional","datePublished":"2013-04-17T00:00:00+00:00","mainEntityOfPage":{"@id":"https:\/\/psol50.org.br\/psol-se-insurge-contra-afronta-aos-direitos-de-manifestacao-dos-povos-da-floresta-e-contesta-decreto-de-dilma-sobre-forca-nacional\/"},"wordCount":584,"commentCount":0,"publisher":{"@id":"https:\/\/psol50.org.br\/#organization"},"keywords":["PSOL"],"articleSection":["Arquivo"],"inLanguage":"pt-BR","potentialAction":[{"@type":"CommentAction","name":"Comment","target":["https:\/\/psol50.org.br\/psol-se-insurge-contra-afronta-aos-direitos-de-manifestacao-dos-povos-da-floresta-e-contesta-decreto-de-dilma-sobre-forca-nacional\/#respond"]}]},{"@type":"WebPage","@id":"https:\/\/psol50.org.br\/psol-se-insurge-contra-afronta-aos-direitos-de-manifestacao-dos-povos-da-floresta-e-contesta-decreto-de-dilma-sobre-forca-nacional\/","url":"https:\/\/psol50.org.br\/psol-se-insurge-contra-afronta-aos-direitos-de-manifestacao-dos-povos-da-floresta-e-contesta-decreto-de-dilma-sobre-forca-nacional\/","name":"PSOL se insurge contra afronta aos direitos de manifesta\u00e7\u00e3o dos povos da floresta e contesta decreto de Dilma sobre For\u00e7a Nacional - PSOL 50","isPartOf":{"@id":"https:\/\/psol50.org.br\/#website"},"datePublished":"2013-04-17T00:00:00+00:00","breadcrumb":{"@id":"https:\/\/psol50.org.br\/psol-se-insurge-contra-afronta-aos-direitos-de-manifestacao-dos-povos-da-floresta-e-contesta-decreto-de-dilma-sobre-forca-nacional\/#breadcrumb"},"inLanguage":"pt-BR","potentialAction":[{"@type":"ReadAction","target":["https:\/\/psol50.org.br\/psol-se-insurge-contra-afronta-aos-direitos-de-manifestacao-dos-povos-da-floresta-e-contesta-decreto-de-dilma-sobre-forca-nacional\/"]}]},{"@type":"BreadcrumbList","@id":"https:\/\/psol50.org.br\/psol-se-insurge-contra-afronta-aos-direitos-de-manifestacao-dos-povos-da-floresta-e-contesta-decreto-de-dilma-sobre-forca-nacional\/#breadcrumb","itemListElement":[{"@type":"ListItem","position":1,"name":"In\u00edcio","item":"https:\/\/psol50.org.br\/"},{"@type":"ListItem","position":2,"name":"PSOL se insurge contra afronta aos direitos de manifesta\u00e7\u00e3o dos povos da floresta e contesta decreto de Dilma sobre For\u00e7a Nacional"}]},{"@type":"WebSite","@id":"https:\/\/psol50.org.br\/#website","url":"https:\/\/psol50.org.br\/","name":"PSOL 50","description":"Site oficial do Partido Socialismo e Liberdade","publisher":{"@id":"https:\/\/psol50.org.br\/#organization"},"alternateName":"PSOL50","potentialAction":[{"@type":"SearchAction","target":{"@type":"EntryPoint","urlTemplate":"https:\/\/psol50.org.br\/?s={search_term_string}"},"query-input":{"@type":"PropertyValueSpecification","valueRequired":true,"valueName":"search_term_string"}}],"inLanguage":"pt-BR"},{"@type":"Organization","@id":"https:\/\/psol50.org.br\/#organization","name":"PSOL 50","alternateName":"PSOL 50","url":"https:\/\/psol50.org.br\/","logo":{"@type":"ImageObject","inLanguage":"pt-BR","@id":"https:\/\/psol50.org.br\/#\/schema\/logo\/image\/","url":"https:\/\/psol50.org.br\/inc\/uploads\/2018\/07\/capa.png","contentUrl":"https:\/\/psol50.org.br\/inc\/uploads\/2018\/07\/capa.png","width":1350,"height":900,"caption":"PSOL 50"},"image":{"@id":"https:\/\/psol50.org.br\/#\/schema\/logo\/image\/"},"sameAs":["https:\/\/www.facebook.com\/psol50","https:\/\/x.com\/psol50","https:\/\/www.instagram.com\/psol50\/","https:\/\/www.youtube.com\/channel\/UC7SnJS5o1os7a6CaiNabzcg"]},{"@type":"Person","@id":"https:\/\/psol50.org.br\/#\/schema\/person\/475dfa57d0b815993c714c2e96491fcd","name":"Comunica\u00e7\u00e3o PSOL","image":{"@type":"ImageObject","inLanguage":"pt-BR","@id":"https:\/\/psol50.org.br\/#\/schema\/person\/image\/","url":"https:\/\/secure.gravatar.com\/avatar\/b34fc4f4e468a4e51785917065a3db57b841f5c95dba6ad8c73aaf8f66f8f9bf?s=96&d=mm&r=g","contentUrl":"https:\/\/secure.gravatar.com\/avatar\/b34fc4f4e468a4e51785917065a3db57b841f5c95dba6ad8c73aaf8f66f8f9bf?s=96&d=mm&r=g","caption":"Comunica\u00e7\u00e3o PSOL"}}]}},"_links":{"self":[{"href":"https:\/\/psol50.org.br\/rest\/wp\/v2\/posts\/1921","targetHints":{"allow":["GET"]}}],"collection":[{"href":"https:\/\/psol50.org.br\/rest\/wp\/v2\/posts"}],"about":[{"href":"https:\/\/psol50.org.br\/rest\/wp\/v2\/types\/post"}],"author":[{"embeddable":true,"href":"https:\/\/psol50.org.br\/rest\/wp\/v2\/users\/2"}],"replies":[{"embeddable":true,"href":"https:\/\/psol50.org.br\/rest\/wp\/v2\/comments?post=1921"}],"version-history":[{"count":0,"href":"https:\/\/psol50.org.br\/rest\/wp\/v2\/posts\/1921\/revisions"}],"wp:attachment":[{"href":"https:\/\/psol50.org.br\/rest\/wp\/v2\/media?parent=1921"}],"wp:term":[{"taxonomy":"category","embeddable":true,"href":"https:\/\/psol50.org.br\/rest\/wp\/v2\/categories?post=1921"},{"taxonomy":"post_tag","embeddable":true,"href":"https:\/\/psol50.org.br\/rest\/wp\/v2\/tags?post=1921"}],"curies":[{"name":"wp","href":"https:\/\/api.w.org\/{rel}","templated":true}]}}