{"id":19223,"date":"2017-12-05T11:28:19","date_gmt":"2017-12-05T13:28:19","guid":{"rendered":"http:\/\/www.psol50.org.br\/?p=19223"},"modified":"2017-12-05T11:28:19","modified_gmt":"2017-12-05T13:28:19","slug":"6o-congresso-reafirma-candidatura-propria-em-2018-como-alternativa-socialista-popular-e-radical","status":"publish","type":"post","link":"https:\/\/psol50.org.br\/6o-congresso-reafirma-candidatura-propria-em-2018-como-alternativa-socialista-popular-e-radical\/","title":{"rendered":"6\u00ba Congresso reafirma candidatura pr\u00f3pria em 2018, como alternativa socialista, popular e radical"},"content":{"rendered":"<p>O 6\u00ba Congresso Nacional do PSOL, realizado nos dias 2 e 3 de dezembro, em Luzi\u00e2nia\/GO, aprovou resolu\u00e7\u00e3o que reafirma a participa\u00e7\u00e3o do partido, com candidatura pr\u00f3pria, nas elei\u00e7\u00f5es presidenciais de 2018.\u00a0Construir uma alternativa socialista, popular e radical em 2018 \u00e9 o tema central do texto, defendido por Gustavo Pessoa, Isabel Lessa e Juliano Medeiros, eleito presidente nacional ao final do congresso.<\/p>\n<p>De acordo com a resolu\u00e7\u00e3o aprovada, a candidatura pr\u00f3pria do\u00a0PSOL tem o desafio de ampliar o debate de reorganiza\u00e7\u00e3o da esquerda, tendo como lastro program\u00e1tico o processo democr\u00e1tico e participativo constru\u00eddo pela plataforma Vamos, al\u00e9m do ac\u00famulo program\u00e1tico do partido. A mesma candidatura tamb\u00e9m precisa\u00a0ter como principal compromisso a revoga\u00e7\u00e3o das medidas antipopulares do governo de Michel Temer, como a reforma trabalhista e a lei da terceiriza\u00e7\u00e3o.<\/p>\n<p>&#8220;O PSOL construir\u00e1 uma candidatura que represente uma amplia\u00e7\u00e3o para al\u00e9m de suas fileiras partid\u00e1rias e expresse o ac\u00famulo das lutas dos movimentos sociais combativos, da Frente Povo Sem Medo, das lutas no parlamento contra o golpe institucional e em defesa de um novo campo pol\u00edtico na esquerda que expresse a nega\u00e7\u00e3o da concilia\u00e7\u00e3o de classes como estrat\u00e9gia pol\u00edtica&#8221;, afirma a resolu\u00e7\u00e3o.<\/p>\n<p>O nome que representar\u00e1 o partido na disputa eleitoral ser\u00e1 definido em\u00a0Confer\u00eancia Eleitoral, no primeiro trimestre de 2018, composta por 126 delegados e delegadas. Pela resolu\u00e7\u00e3o, as pr\u00e9-candidaturas internas dever\u00e3o se inscrever em at\u00e9 dez dias antes da referida confer\u00eancia, atrav\u00e9s de procedimento a ser definido pela Executiva Nacional.<\/p>\n<p>&#8220;Para a defini\u00e7\u00e3o do conjunto dos nossos candidatos e candidatas majorit\u00e1rios e proporcionais, orientamos os Diret\u00f3rios Estaduais a abrirem um amplo debate que combine a presen\u00e7a em todas as regi\u00f5es com a diversidade da nossa milit\u00e2ncia e a necessidade de ampliar o leque de representa\u00e7\u00e3o e presen\u00e7a pol\u00edtica e organizativa do partido&#8221;, ressalta, em rela\u00e7\u00e3o \u00e0s demais candidaturas em 2018.<\/p>\n<p><a href=\"http:\/\/www.psol50.org.br\/inc\/uploads\/2017\/12\/Resolu\u00e7\u00e3o-elei\u00e7\u00f5es-2018.pdf\" target=\"_blank\" rel=\"noopener\"><strong>Confira, aqui, a integra da resolu\u00e7\u00e3o aprovada<\/strong><\/a>.<\/p>\n","protected":false},"excerpt":{"rendered":"<p>O 6\u00ba Congresso Nacional do PSOL, realizado nos dias 2 e 3 de dezembro, em Luzi\u00e2nia\/GO, aprovou resolu\u00e7\u00e3o que reafirma a participa\u00e7\u00e3o do partido, com candidatura pr\u00f3pria, nas elei\u00e7\u00f5es presidenciais de 2018.\u00a0Construir uma alternativa socialista, popular e radical em 2018 \u00e9 o tema central do texto, defendido por Gustavo Pessoa, Isabel Lessa e Juliano Medeiros, [&hellip;]<\/p>\n","protected":false},"author":2,"featured_media":19225,"comment_status":"open","ping_status":"open","sticky":false,"template":"","format":"standard","meta":{"_acf_changed":false,"footnotes":""},"categories":[1882,2165,6,14,72],"tags":[2156,3190,3843,2166,1604,712,2310,22,3844,1315,3845],"class_list":{"0":"post-19223","1":"post","2":"type-post","3":"status-publish","4":"format-standard","5":"has-post-thumbnail","7":"category-brasil","8":"category-eleicoes-2018","9":"category-noticias","10":"category-partido","11":"category-resolucoes","12":"tag-6o-congresso-nacional-do-psol","13":"tag-alternativa","14":"tag-candidatura-propria","15":"tag-conferencia-eleitoral","16":"tag-eleicoes-2018","17":"tag-popular","18":"tag-presidencia-da-republica","19":"tag-psol","20":"tag-radical","21":"tag-resolucao","22":"tag-socialista"},"acf":[],"yoast_head":"<!-- This site is optimized with the Yoast SEO plugin v26.5 - https:\/\/yoast.com\/wordpress\/plugins\/seo\/ -->\n<title>6\u00ba Congresso reafirma candidatura pr\u00f3pria em 2018, como alternativa socialista, popular e radical - PSOL 50<\/title>\n<meta name=\"robots\" content=\"index, follow, max-snippet:-1, max-image-preview:large, max-video-preview:-1\" \/>\n<link rel=\"canonical\" href=\"https:\/\/psol50.org.br\/6o-congresso-reafirma-candidatura-propria-em-2018-como-alternativa-socialista-popular-e-radical\/\" \/>\n<meta property=\"og:locale\" content=\"pt_BR\" \/>\n<meta property=\"og:type\" content=\"article\" \/>\n<meta property=\"og:title\" content=\"6\u00ba Congresso reafirma candidatura pr\u00f3pria em 2018, como alternativa socialista, popular e radical - PSOL 50\" \/>\n<meta property=\"og:description\" content=\"O 6\u00ba Congresso Nacional do PSOL, realizado nos dias 2 e 3 de dezembro, em Luzi\u00e2nia\/GO, aprovou resolu\u00e7\u00e3o que reafirma a participa\u00e7\u00e3o do partido, com candidatura pr\u00f3pria, nas elei\u00e7\u00f5es presidenciais de 2018.\u00a0Construir uma alternativa socialista, popular e radical em 2018 \u00e9 o tema central do texto, defendido por Gustavo Pessoa, Isabel Lessa e Juliano Medeiros, [&hellip;]\" \/>\n<meta property=\"og:url\" content=\"https:\/\/psol50.org.br\/6o-congresso-reafirma-candidatura-propria-em-2018-como-alternativa-socialista-popular-e-radical\/\" \/>\n<meta property=\"og:site_name\" content=\"PSOL 50\" \/>\n<meta property=\"article:publisher\" content=\"https:\/\/www.facebook.com\/psol50\" \/>\n<meta property=\"article:published_time\" content=\"2017-12-05T13:28:19+00:00\" \/>\n<meta property=\"og:image\" content=\"https:\/\/psol50.org.br\/inc\/uploads\/2018\/07\/capa.png\" \/>\n\t<meta property=\"og:image:width\" content=\"1350\" \/>\n\t<meta property=\"og:image:height\" content=\"900\" \/>\n\t<meta property=\"og:image:type\" content=\"image\/png\" \/>\n<meta name=\"author\" content=\"Comunica\u00e7\u00e3o PSOL\" \/>\n<meta name=\"twitter:card\" content=\"summary_large_image\" \/>\n<meta name=\"twitter:creator\" content=\"@psol50\" \/>\n<meta name=\"twitter:site\" content=\"@psol50\" \/>\n<meta name=\"twitter:label1\" content=\"Escrito por\" \/>\n\t<meta name=\"twitter:data1\" content=\"Comunica\u00e7\u00e3o PSOL\" \/>\n\t<meta name=\"twitter:label2\" content=\"Est. tempo de leitura\" \/>\n\t<meta name=\"twitter:data2\" content=\"2 minutos\" \/>\n<script type=\"application\/ld+json\" class=\"yoast-schema-graph\">{\"@context\":\"https:\/\/schema.org\",\"@graph\":[{\"@type\":\"Article\",\"@id\":\"https:\/\/psol50.org.br\/6o-congresso-reafirma-candidatura-propria-em-2018-como-alternativa-socialista-popular-e-radical\/#article\",\"isPartOf\":{\"@id\":\"https:\/\/psol50.org.br\/6o-congresso-reafirma-candidatura-propria-em-2018-como-alternativa-socialista-popular-e-radical\/\"},\"author\":{\"name\":\"Comunica\u00e7\u00e3o PSOL\",\"@id\":\"https:\/\/psol50.org.br\/#\/schema\/person\/475dfa57d0b815993c714c2e96491fcd\"},\"headline\":\"6\u00ba Congresso reafirma candidatura pr\u00f3pria em 2018, como alternativa socialista, popular e radical\",\"datePublished\":\"2017-12-05T13:28:19+00:00\",\"mainEntityOfPage\":{\"@id\":\"https:\/\/psol50.org.br\/6o-congresso-reafirma-candidatura-propria-em-2018-como-alternativa-socialista-popular-e-radical\/\"},\"wordCount\":359,\"commentCount\":0,\"publisher\":{\"@id\":\"https:\/\/psol50.org.br\/#organization\"},\"image\":{\"@id\":\"https:\/\/psol50.org.br\/6o-congresso-reafirma-candidatura-propria-em-2018-como-alternativa-socialista-popular-e-radical\/#primaryimage\"},\"thumbnailUrl\":\"\",\"keywords\":[\"6\u00ba Congresso Nacional do PSOL\",\"alternativa\",\"candidatura pr\u00f3pria\",\"confer\u00eancia eleitoral\",\"Elei\u00e7\u00f5es 2018\",\"popular\",\"Presid\u00eancia da Rep\u00fablica\",\"PSOL\",\"radical\",\"resolu\u00e7\u00e3o\",\"socialista\"],\"articleSection\":[\"Brasil\",\"Elei\u00e7\u00f5es 2018\",\"Not\u00edcias\",\"Partido\",\"Resolu\u00e7\u00f5es\"],\"inLanguage\":\"pt-BR\",\"potentialAction\":[{\"@type\":\"CommentAction\",\"name\":\"Comment\",\"target\":[\"https:\/\/psol50.org.br\/6o-congresso-reafirma-candidatura-propria-em-2018-como-alternativa-socialista-popular-e-radical\/#respond\"]}]},{\"@type\":\"WebPage\",\"@id\":\"https:\/\/psol50.org.br\/6o-congresso-reafirma-candidatura-propria-em-2018-como-alternativa-socialista-popular-e-radical\/\",\"url\":\"https:\/\/psol50.org.br\/6o-congresso-reafirma-candidatura-propria-em-2018-como-alternativa-socialista-popular-e-radical\/\",\"name\":\"6\u00ba Congresso reafirma candidatura pr\u00f3pria em 2018, como alternativa socialista, popular e radical - PSOL 50\",\"isPartOf\":{\"@id\":\"https:\/\/psol50.org.br\/#website\"},\"primaryImageOfPage\":{\"@id\":\"https:\/\/psol50.org.br\/6o-congresso-reafirma-candidatura-propria-em-2018-como-alternativa-socialista-popular-e-radical\/#primaryimage\"},\"image\":{\"@id\":\"https:\/\/psol50.org.br\/6o-congresso-reafirma-candidatura-propria-em-2018-como-alternativa-socialista-popular-e-radical\/#primaryimage\"},\"thumbnailUrl\":\"\",\"datePublished\":\"2017-12-05T13:28:19+00:00\",\"breadcrumb\":{\"@id\":\"https:\/\/psol50.org.br\/6o-congresso-reafirma-candidatura-propria-em-2018-como-alternativa-socialista-popular-e-radical\/#breadcrumb\"},\"inLanguage\":\"pt-BR\",\"potentialAction\":[{\"@type\":\"ReadAction\",\"target\":[\"https:\/\/psol50.org.br\/6o-congresso-reafirma-candidatura-propria-em-2018-como-alternativa-socialista-popular-e-radical\/\"]}]},{\"@type\":\"ImageObject\",\"inLanguage\":\"pt-BR\",\"@id\":\"https:\/\/psol50.org.br\/6o-congresso-reafirma-candidatura-propria-em-2018-como-alternativa-socialista-popular-e-radical\/#primaryimage\",\"url\":\"\",\"contentUrl\":\"\"},{\"@type\":\"BreadcrumbList\",\"@id\":\"https:\/\/psol50.org.br\/6o-congresso-reafirma-candidatura-propria-em-2018-como-alternativa-socialista-popular-e-radical\/#breadcrumb\",\"itemListElement\":[{\"@type\":\"ListItem\",\"position\":1,\"name\":\"In\u00edcio\",\"item\":\"https:\/\/psol50.org.br\/\"},{\"@type\":\"ListItem\",\"position\":2,\"name\":\"6\u00ba Congresso reafirma candidatura pr\u00f3pria em 2018, como alternativa socialista, popular e radical\"}]},{\"@type\":\"WebSite\",\"@id\":\"https:\/\/psol50.org.br\/#website\",\"url\":\"https:\/\/psol50.org.br\/\",\"name\":\"PSOL 50\",\"description\":\"Site oficial do Partido Socialismo e Liberdade\",\"publisher\":{\"@id\":\"https:\/\/psol50.org.br\/#organization\"},\"alternateName\":\"PSOL50\",\"potentialAction\":[{\"@type\":\"SearchAction\",\"target\":{\"@type\":\"EntryPoint\",\"urlTemplate\":\"https:\/\/psol50.org.br\/?s={search_term_string}\"},\"query-input\":{\"@type\":\"PropertyValueSpecification\",\"valueRequired\":true,\"valueName\":\"search_term_string\"}}],\"inLanguage\":\"pt-BR\"},{\"@type\":\"Organization\",\"@id\":\"https:\/\/psol50.org.br\/#organization\",\"name\":\"PSOL 50\",\"alternateName\":\"PSOL 50\",\"url\":\"https:\/\/psol50.org.br\/\",\"logo\":{\"@type\":\"ImageObject\",\"inLanguage\":\"pt-BR\",\"@id\":\"https:\/\/psol50.org.br\/#\/schema\/logo\/image\/\",\"url\":\"https:\/\/psol50.org.br\/inc\/uploads\/2018\/07\/capa.png\",\"contentUrl\":\"https:\/\/psol50.org.br\/inc\/uploads\/2018\/07\/capa.png\",\"width\":1350,\"height\":900,\"caption\":\"PSOL 50\"},\"image\":{\"@id\":\"https:\/\/psol50.org.br\/#\/schema\/logo\/image\/\"},\"sameAs\":[\"https:\/\/www.facebook.com\/psol50\",\"https:\/\/x.com\/psol50\",\"https:\/\/www.instagram.com\/psol50\/\",\"https:\/\/www.youtube.com\/channel\/UC7SnJS5o1os7a6CaiNabzcg\"]},{\"@type\":\"Person\",\"@id\":\"https:\/\/psol50.org.br\/#\/schema\/person\/475dfa57d0b815993c714c2e96491fcd\",\"name\":\"Comunica\u00e7\u00e3o PSOL\",\"image\":{\"@type\":\"ImageObject\",\"inLanguage\":\"pt-BR\",\"@id\":\"https:\/\/psol50.org.br\/#\/schema\/person\/image\/\",\"url\":\"https:\/\/secure.gravatar.com\/avatar\/b34fc4f4e468a4e51785917065a3db57b841f5c95dba6ad8c73aaf8f66f8f9bf?s=96&d=mm&r=g\",\"contentUrl\":\"https:\/\/secure.gravatar.com\/avatar\/b34fc4f4e468a4e51785917065a3db57b841f5c95dba6ad8c73aaf8f66f8f9bf?s=96&d=mm&r=g\",\"caption\":\"Comunica\u00e7\u00e3o PSOL\"}}]}<\/script>\n<!-- \/ Yoast SEO plugin. -->","yoast_head_json":{"title":"6\u00ba Congresso reafirma candidatura pr\u00f3pria em 2018, como alternativa socialista, popular e radical - PSOL 50","robots":{"index":"index","follow":"follow","max-snippet":"max-snippet:-1","max-image-preview":"max-image-preview:large","max-video-preview":"max-video-preview:-1"},"canonical":"https:\/\/psol50.org.br\/6o-congresso-reafirma-candidatura-propria-em-2018-como-alternativa-socialista-popular-e-radical\/","og_locale":"pt_BR","og_type":"article","og_title":"6\u00ba Congresso reafirma candidatura pr\u00f3pria em 2018, como alternativa socialista, popular e radical - PSOL 50","og_description":"O 6\u00ba Congresso Nacional do PSOL, realizado nos dias 2 e 3 de dezembro, em Luzi\u00e2nia\/GO, aprovou resolu\u00e7\u00e3o que reafirma a participa\u00e7\u00e3o do partido, com candidatura pr\u00f3pria, nas elei\u00e7\u00f5es presidenciais de 2018.\u00a0Construir uma alternativa socialista, popular e radical em 2018 \u00e9 o tema central do texto, defendido por Gustavo Pessoa, Isabel Lessa e Juliano Medeiros, [&hellip;]","og_url":"https:\/\/psol50.org.br\/6o-congresso-reafirma-candidatura-propria-em-2018-como-alternativa-socialista-popular-e-radical\/","og_site_name":"PSOL 50","article_publisher":"https:\/\/www.facebook.com\/psol50","article_published_time":"2017-12-05T13:28:19+00:00","og_image":[{"width":1350,"height":900,"url":"https:\/\/psol50.org.br\/inc\/uploads\/2018\/07\/capa.png","type":"image\/png"}],"author":"Comunica\u00e7\u00e3o PSOL","twitter_card":"summary_large_image","twitter_creator":"@psol50","twitter_site":"@psol50","twitter_misc":{"Escrito por":"Comunica\u00e7\u00e3o PSOL","Est. tempo de leitura":"2 minutos"},"schema":{"@context":"https:\/\/schema.org","@graph":[{"@type":"Article","@id":"https:\/\/psol50.org.br\/6o-congresso-reafirma-candidatura-propria-em-2018-como-alternativa-socialista-popular-e-radical\/#article","isPartOf":{"@id":"https:\/\/psol50.org.br\/6o-congresso-reafirma-candidatura-propria-em-2018-como-alternativa-socialista-popular-e-radical\/"},"author":{"name":"Comunica\u00e7\u00e3o PSOL","@id":"https:\/\/psol50.org.br\/#\/schema\/person\/475dfa57d0b815993c714c2e96491fcd"},"headline":"6\u00ba Congresso reafirma candidatura pr\u00f3pria em 2018, como alternativa socialista, popular e radical","datePublished":"2017-12-05T13:28:19+00:00","mainEntityOfPage":{"@id":"https:\/\/psol50.org.br\/6o-congresso-reafirma-candidatura-propria-em-2018-como-alternativa-socialista-popular-e-radical\/"},"wordCount":359,"commentCount":0,"publisher":{"@id":"https:\/\/psol50.org.br\/#organization"},"image":{"@id":"https:\/\/psol50.org.br\/6o-congresso-reafirma-candidatura-propria-em-2018-como-alternativa-socialista-popular-e-radical\/#primaryimage"},"thumbnailUrl":"","keywords":["6\u00ba Congresso Nacional do PSOL","alternativa","candidatura pr\u00f3pria","confer\u00eancia eleitoral","Elei\u00e7\u00f5es 2018","popular","Presid\u00eancia da Rep\u00fablica","PSOL","radical","resolu\u00e7\u00e3o","socialista"],"articleSection":["Brasil","Elei\u00e7\u00f5es 2018","Not\u00edcias","Partido","Resolu\u00e7\u00f5es"],"inLanguage":"pt-BR","potentialAction":[{"@type":"CommentAction","name":"Comment","target":["https:\/\/psol50.org.br\/6o-congresso-reafirma-candidatura-propria-em-2018-como-alternativa-socialista-popular-e-radical\/#respond"]}]},{"@type":"WebPage","@id":"https:\/\/psol50.org.br\/6o-congresso-reafirma-candidatura-propria-em-2018-como-alternativa-socialista-popular-e-radical\/","url":"https:\/\/psol50.org.br\/6o-congresso-reafirma-candidatura-propria-em-2018-como-alternativa-socialista-popular-e-radical\/","name":"6\u00ba Congresso reafirma candidatura pr\u00f3pria em 2018, como alternativa socialista, popular e radical - PSOL 50","isPartOf":{"@id":"https:\/\/psol50.org.br\/#website"},"primaryImageOfPage":{"@id":"https:\/\/psol50.org.br\/6o-congresso-reafirma-candidatura-propria-em-2018-como-alternativa-socialista-popular-e-radical\/#primaryimage"},"image":{"@id":"https:\/\/psol50.org.br\/6o-congresso-reafirma-candidatura-propria-em-2018-como-alternativa-socialista-popular-e-radical\/#primaryimage"},"thumbnailUrl":"","datePublished":"2017-12-05T13:28:19+00:00","breadcrumb":{"@id":"https:\/\/psol50.org.br\/6o-congresso-reafirma-candidatura-propria-em-2018-como-alternativa-socialista-popular-e-radical\/#breadcrumb"},"inLanguage":"pt-BR","potentialAction":[{"@type":"ReadAction","target":["https:\/\/psol50.org.br\/6o-congresso-reafirma-candidatura-propria-em-2018-como-alternativa-socialista-popular-e-radical\/"]}]},{"@type":"ImageObject","inLanguage":"pt-BR","@id":"https:\/\/psol50.org.br\/6o-congresso-reafirma-candidatura-propria-em-2018-como-alternativa-socialista-popular-e-radical\/#primaryimage","url":"","contentUrl":""},{"@type":"BreadcrumbList","@id":"https:\/\/psol50.org.br\/6o-congresso-reafirma-candidatura-propria-em-2018-como-alternativa-socialista-popular-e-radical\/#breadcrumb","itemListElement":[{"@type":"ListItem","position":1,"name":"In\u00edcio","item":"https:\/\/psol50.org.br\/"},{"@type":"ListItem","position":2,"name":"6\u00ba Congresso reafirma candidatura pr\u00f3pria em 2018, como alternativa socialista, popular e radical"}]},{"@type":"WebSite","@id":"https:\/\/psol50.org.br\/#website","url":"https:\/\/psol50.org.br\/","name":"PSOL 50","description":"Site oficial do Partido Socialismo e Liberdade","publisher":{"@id":"https:\/\/psol50.org.br\/#organization"},"alternateName":"PSOL50","potentialAction":[{"@type":"SearchAction","target":{"@type":"EntryPoint","urlTemplate":"https:\/\/psol50.org.br\/?s={search_term_string}"},"query-input":{"@type":"PropertyValueSpecification","valueRequired":true,"valueName":"search_term_string"}}],"inLanguage":"pt-BR"},{"@type":"Organization","@id":"https:\/\/psol50.org.br\/#organization","name":"PSOL 50","alternateName":"PSOL 50","url":"https:\/\/psol50.org.br\/","logo":{"@type":"ImageObject","inLanguage":"pt-BR","@id":"https:\/\/psol50.org.br\/#\/schema\/logo\/image\/","url":"https:\/\/psol50.org.br\/inc\/uploads\/2018\/07\/capa.png","contentUrl":"https:\/\/psol50.org.br\/inc\/uploads\/2018\/07\/capa.png","width":1350,"height":900,"caption":"PSOL 50"},"image":{"@id":"https:\/\/psol50.org.br\/#\/schema\/logo\/image\/"},"sameAs":["https:\/\/www.facebook.com\/psol50","https:\/\/x.com\/psol50","https:\/\/www.instagram.com\/psol50\/","https:\/\/www.youtube.com\/channel\/UC7SnJS5o1os7a6CaiNabzcg"]},{"@type":"Person","@id":"https:\/\/psol50.org.br\/#\/schema\/person\/475dfa57d0b815993c714c2e96491fcd","name":"Comunica\u00e7\u00e3o PSOL","image":{"@type":"ImageObject","inLanguage":"pt-BR","@id":"https:\/\/psol50.org.br\/#\/schema\/person\/image\/","url":"https:\/\/secure.gravatar.com\/avatar\/b34fc4f4e468a4e51785917065a3db57b841f5c95dba6ad8c73aaf8f66f8f9bf?s=96&d=mm&r=g","contentUrl":"https:\/\/secure.gravatar.com\/avatar\/b34fc4f4e468a4e51785917065a3db57b841f5c95dba6ad8c73aaf8f66f8f9bf?s=96&d=mm&r=g","caption":"Comunica\u00e7\u00e3o PSOL"}}]}},"_links":{"self":[{"href":"https:\/\/psol50.org.br\/rest\/wp\/v2\/posts\/19223","targetHints":{"allow":["GET"]}}],"collection":[{"href":"https:\/\/psol50.org.br\/rest\/wp\/v2\/posts"}],"about":[{"href":"https:\/\/psol50.org.br\/rest\/wp\/v2\/types\/post"}],"author":[{"embeddable":true,"href":"https:\/\/psol50.org.br\/rest\/wp\/v2\/users\/2"}],"replies":[{"embeddable":true,"href":"https:\/\/psol50.org.br\/rest\/wp\/v2\/comments?post=19223"}],"version-history":[{"count":0,"href":"https:\/\/psol50.org.br\/rest\/wp\/v2\/posts\/19223\/revisions"}],"wp:featuredmedia":[{"embeddable":true,"href":"https:\/\/psol50.org.br\/rest\/"}],"wp:attachment":[{"href":"https:\/\/psol50.org.br\/rest\/wp\/v2\/media?parent=19223"}],"wp:term":[{"taxonomy":"category","embeddable":true,"href":"https:\/\/psol50.org.br\/rest\/wp\/v2\/categories?post=19223"},{"taxonomy":"post_tag","embeddable":true,"href":"https:\/\/psol50.org.br\/rest\/wp\/v2\/tags?post=19223"}],"curies":[{"name":"wp","href":"https:\/\/api.w.org\/{rel}","templated":true}]}}