{"id":19243,"date":"2017-12-06T11:48:59","date_gmt":"2017-12-06T13:48:59","guid":{"rendered":"http:\/\/www.psol50.org.br\/?p=19243"},"modified":"2017-12-06T11:48:59","modified_gmt":"2017-12-06T13:48:59","slug":"temer-esvazia-discriminacao-de-genero-na-base-curricular-e-transfere-tema-para-ensino-religioso","status":"publish","type":"post","link":"https:\/\/psol50.org.br\/temer-esvazia-discriminacao-de-genero-na-base-curricular-e-transfere-tema-para-ensino-religioso\/","title":{"rendered":"Temer esvazia discrimina\u00e7\u00e3o de g\u00eanero na base curricular e transfere tema para ensino religioso"},"content":{"rendered":"<p>O governo de Michel Temer continua com o seu prop\u00f3sito de dar voz ao conservadorismo, que cada vez tem mais espa\u00e7o na pol\u00edtica brasileira. Depois de anunciar a retirada dos termos &#8220;identidade de g\u00eanero&#8221; e &#8220;orienta\u00e7\u00e3o sexual&#8221;, em abril deste ano, da Base Nacional Comum Curricular, agora o Minist\u00e9rio da Educa\u00e7\u00e3o, comandado pelo Democrata Mendon\u00e7a Filho, altera, na nova vers\u00e3o do documento que define as diretrizes para a educa\u00e7\u00e3o b\u00e1sica, as men\u00e7\u00f5es ao combate\u00a0\u00e0 discrimina\u00e7\u00e3o de g\u00eanero.<\/p>\n<p>Com as mudan\u00e7as, o MEC transferiu o tema para\u00a0a parte que fala do ensino religioso nas escolas. Com isso, professores da disciplina debater\u00e3o as concep\u00e7\u00f5es de &#8220;g\u00eanero e sexualidade&#8221; conforme as tradi\u00e7\u00f5es religiosas.<\/p>\n<p>O novo documento foi enviado ao Conselho Nacional de Educa\u00e7\u00e3o (CNE) no \u00faltimo dia 29 de novembro, mas o MEC ainda n\u00e3o divulgou a sua vers\u00e3o final, que est\u00e1 sendo debatidas pelos conselheiros. No momento, est\u00e1 em debate apenas a parte que fala da educa\u00e7\u00e3o infantil e do ensino fundamental. O governo parou as discuss\u00f5es sobre o ensino m\u00e9dio.<\/p>\n<p>O PSOL, <a href=\"http:\/\/www.psol50.org.br\/governo-temer-apresenta-base-curricular-sem-identidade-de-genero-e-orientacao-sexual\/\" target=\"_blank\" rel=\"noopener\"><span style=\"color: #0000ff;\"><strong>que j\u00e1 havia denunciado as mudan\u00e7as realizadas em abril deste ano<\/strong><\/span><\/a>, considera um absurdo o deslocamento do tema para a disciplina de ensino religioso, uma vez que o debate em sala de aula ser\u00e1 pautada pela matriz religiosa de cada professor ou estabelecimento de ensino. A iniciativa abre um espa\u00e7o perigoso para o avan\u00e7o da ideia do Escola Sem Partido, defendida pela bancada fundamentalista no Congresso Nacional, e por grupos conservadores, que querem silenciar o direito a abordar, nas escolas, temas importantes para o respeito aos direitos humanos.<\/p>\n<p>Para o presidente nacional do PSOL em exerc\u00edcio, Luiz Ara\u00fajo, a decis\u00e3o do MEC \u00e9 um retrocesso ao ano de 1891. &#8220;Desde a Constitui\u00e7\u00e3o Republicana que n\u00f3s separamos a Igreja do Estado. \u00c9 um retrocesso, porque vai constranger as religi\u00f5es minorit\u00e1rias, vai ferir o direito \u00e0 liberdade religiosa e misturar a religi\u00e3o com o Estado, como \u00e9ramos na \u00e9poca do Imp\u00e9rio. \u00c9 um retrocesso porque significa impor um determinado conceito de sociedade, de mundo a uma escola que deveria ser laica&#8221;, afirma.<\/p>\n<p>Ara\u00fajo, que \u00e9 professor da Faculdade de Educa\u00e7\u00e3o da Universidade de Bras\u00edlia (UnB), avalia que a retirada de qualquer refer\u00eancia \u00e0 g\u00eanero na base curricular \u00e9 parte do avan\u00e7o conservador que domina a conjuntura, mas \u00e9 um processo que vem de antes. &#8220;Desde o debate do PNE (Plano Nacional de Educa\u00e7\u00e3o) h\u00e1 uma &#8216;ca\u00e7a \u00e0s bruxas&#8217; para retirar qualquer refer\u00eancia a um tema que \u00e9 transversal na escola. A escola forma valores e dentre esses valores ela discute como os seres humanos v\u00e3o se comportar conforme os padr\u00f5es da sociedade em que vivemos. H\u00e1 tentativas de impor uma vis\u00e3o conservadora em rela\u00e7\u00e3o \u00e0 g\u00eanero, uma tentativa de retirar da escola a sua maior propriedade, que \u00e9 representar toda a diversidade que existe na pr\u00f3pria sociedade em que est\u00e1 inserida. \u00c9 um completo absurdo&#8221;.<\/p>\n","protected":false},"excerpt":{"rendered":"<p>O governo de Michel Temer continua com o seu prop\u00f3sito de dar voz ao conservadorismo, que cada vez tem mais espa\u00e7o na pol\u00edtica brasileira. Depois de anunciar a retirada dos termos &#8220;identidade de g\u00eanero&#8221; e &#8220;orienta\u00e7\u00e3o sexual&#8221;, em abril deste ano, da Base Nacional Comum Curricular, agora o Minist\u00e9rio da Educa\u00e7\u00e3o, comandado pelo Democrata Mendon\u00e7a [&hellip;]<\/p>\n","protected":false},"author":2,"featured_media":19246,"comment_status":"open","ping_status":"open","sticky":false,"template":"","format":"standard","meta":{"_acf_changed":false,"footnotes":""},"categories":[1882,2208,6],"tags":[3061,3848,3598,3062,1748,1105],"class_list":{"0":"post-19243","1":"post","2":"type-post","3":"status-publish","4":"format-standard","5":"has-post-thumbnail","7":"category-brasil","8":"category-educacao","9":"category-noticias","10":"tag-base-nacional-comum-curricular","11":"tag-discriminacao-de-genero","12":"tag-ensino-religioso","13":"tag-mendonca-filho","14":"tag-michel-temer","15":"tag-ministerio-da-educacao"},"acf":[],"yoast_head":"<!-- This site is optimized with the Yoast SEO plugin v26.5 - https:\/\/yoast.com\/wordpress\/plugins\/seo\/ -->\n<title>Temer esvazia discrimina\u00e7\u00e3o de g\u00eanero na base curricular e transfere tema para ensino religioso - PSOL 50<\/title>\n<meta name=\"robots\" content=\"index, follow, max-snippet:-1, max-image-preview:large, max-video-preview:-1\" \/>\n<link rel=\"canonical\" href=\"https:\/\/psol50.org.br\/temer-esvazia-discriminacao-de-genero-na-base-curricular-e-transfere-tema-para-ensino-religioso\/\" \/>\n<meta property=\"og:locale\" content=\"pt_BR\" \/>\n<meta property=\"og:type\" content=\"article\" \/>\n<meta property=\"og:title\" content=\"Temer esvazia discrimina\u00e7\u00e3o de g\u00eanero na base curricular e transfere tema para ensino religioso - PSOL 50\" \/>\n<meta property=\"og:description\" content=\"O governo de Michel Temer continua com o seu prop\u00f3sito de dar voz ao conservadorismo, que cada vez tem mais espa\u00e7o na pol\u00edtica brasileira. Depois de anunciar a retirada dos termos &#8220;identidade de g\u00eanero&#8221; e &#8220;orienta\u00e7\u00e3o sexual&#8221;, em abril deste ano, da Base Nacional Comum Curricular, agora o Minist\u00e9rio da Educa\u00e7\u00e3o, comandado pelo Democrata Mendon\u00e7a [&hellip;]\" \/>\n<meta property=\"og:url\" content=\"https:\/\/psol50.org.br\/temer-esvazia-discriminacao-de-genero-na-base-curricular-e-transfere-tema-para-ensino-religioso\/\" \/>\n<meta property=\"og:site_name\" content=\"PSOL 50\" \/>\n<meta property=\"article:publisher\" content=\"https:\/\/www.facebook.com\/psol50\" \/>\n<meta property=\"article:published_time\" content=\"2017-12-06T13:48:59+00:00\" \/>\n<meta property=\"og:image\" content=\"https:\/\/psol50.org.br\/inc\/uploads\/2018\/07\/capa.png\" \/>\n\t<meta property=\"og:image:width\" content=\"1350\" \/>\n\t<meta property=\"og:image:height\" content=\"900\" \/>\n\t<meta property=\"og:image:type\" content=\"image\/png\" \/>\n<meta name=\"author\" content=\"Comunica\u00e7\u00e3o PSOL\" \/>\n<meta name=\"twitter:card\" content=\"summary_large_image\" \/>\n<meta name=\"twitter:creator\" content=\"@psol50\" \/>\n<meta name=\"twitter:site\" content=\"@psol50\" \/>\n<meta name=\"twitter:label1\" content=\"Escrito por\" \/>\n\t<meta name=\"twitter:data1\" content=\"Comunica\u00e7\u00e3o PSOL\" \/>\n\t<meta name=\"twitter:label2\" content=\"Est. tempo de leitura\" \/>\n\t<meta name=\"twitter:data2\" content=\"3 minutos\" \/>\n<script type=\"application\/ld+json\" class=\"yoast-schema-graph\">{\"@context\":\"https:\/\/schema.org\",\"@graph\":[{\"@type\":\"Article\",\"@id\":\"https:\/\/psol50.org.br\/temer-esvazia-discriminacao-de-genero-na-base-curricular-e-transfere-tema-para-ensino-religioso\/#article\",\"isPartOf\":{\"@id\":\"https:\/\/psol50.org.br\/temer-esvazia-discriminacao-de-genero-na-base-curricular-e-transfere-tema-para-ensino-religioso\/\"},\"author\":{\"name\":\"Comunica\u00e7\u00e3o PSOL\",\"@id\":\"https:\/\/psol50.org.br\/#\/schema\/person\/475dfa57d0b815993c714c2e96491fcd\"},\"headline\":\"Temer esvazia discrimina\u00e7\u00e3o de g\u00eanero na base curricular e transfere tema para ensino religioso\",\"datePublished\":\"2017-12-06T13:48:59+00:00\",\"mainEntityOfPage\":{\"@id\":\"https:\/\/psol50.org.br\/temer-esvazia-discriminacao-de-genero-na-base-curricular-e-transfere-tema-para-ensino-religioso\/\"},\"wordCount\":529,\"commentCount\":0,\"publisher\":{\"@id\":\"https:\/\/psol50.org.br\/#organization\"},\"image\":{\"@id\":\"https:\/\/psol50.org.br\/temer-esvazia-discriminacao-de-genero-na-base-curricular-e-transfere-tema-para-ensino-religioso\/#primaryimage\"},\"thumbnailUrl\":\"\",\"keywords\":[\"Base Nacional Comum Curricular\",\"discrimina\u00e7\u00e3o de g\u00eanero\",\"ensino religioso\",\"Mendon\u00e7a Filho\",\"Michel Temer\",\"Minist\u00e9rio da Educa\u00e7\u00e3o\"],\"articleSection\":[\"Brasil\",\"Educa\u00e7\u00e3o\",\"Not\u00edcias\"],\"inLanguage\":\"pt-BR\",\"potentialAction\":[{\"@type\":\"CommentAction\",\"name\":\"Comment\",\"target\":[\"https:\/\/psol50.org.br\/temer-esvazia-discriminacao-de-genero-na-base-curricular-e-transfere-tema-para-ensino-religioso\/#respond\"]}]},{\"@type\":\"WebPage\",\"@id\":\"https:\/\/psol50.org.br\/temer-esvazia-discriminacao-de-genero-na-base-curricular-e-transfere-tema-para-ensino-religioso\/\",\"url\":\"https:\/\/psol50.org.br\/temer-esvazia-discriminacao-de-genero-na-base-curricular-e-transfere-tema-para-ensino-religioso\/\",\"name\":\"Temer esvazia discrimina\u00e7\u00e3o de g\u00eanero na base curricular e transfere tema para ensino religioso - PSOL 50\",\"isPartOf\":{\"@id\":\"https:\/\/psol50.org.br\/#website\"},\"primaryImageOfPage\":{\"@id\":\"https:\/\/psol50.org.br\/temer-esvazia-discriminacao-de-genero-na-base-curricular-e-transfere-tema-para-ensino-religioso\/#primaryimage\"},\"image\":{\"@id\":\"https:\/\/psol50.org.br\/temer-esvazia-discriminacao-de-genero-na-base-curricular-e-transfere-tema-para-ensino-religioso\/#primaryimage\"},\"thumbnailUrl\":\"\",\"datePublished\":\"2017-12-06T13:48:59+00:00\",\"breadcrumb\":{\"@id\":\"https:\/\/psol50.org.br\/temer-esvazia-discriminacao-de-genero-na-base-curricular-e-transfere-tema-para-ensino-religioso\/#breadcrumb\"},\"inLanguage\":\"pt-BR\",\"potentialAction\":[{\"@type\":\"ReadAction\",\"target\":[\"https:\/\/psol50.org.br\/temer-esvazia-discriminacao-de-genero-na-base-curricular-e-transfere-tema-para-ensino-religioso\/\"]}]},{\"@type\":\"ImageObject\",\"inLanguage\":\"pt-BR\",\"@id\":\"https:\/\/psol50.org.br\/temer-esvazia-discriminacao-de-genero-na-base-curricular-e-transfere-tema-para-ensino-religioso\/#primaryimage\",\"url\":\"\",\"contentUrl\":\"\"},{\"@type\":\"BreadcrumbList\",\"@id\":\"https:\/\/psol50.org.br\/temer-esvazia-discriminacao-de-genero-na-base-curricular-e-transfere-tema-para-ensino-religioso\/#breadcrumb\",\"itemListElement\":[{\"@type\":\"ListItem\",\"position\":1,\"name\":\"In\u00edcio\",\"item\":\"https:\/\/psol50.org.br\/\"},{\"@type\":\"ListItem\",\"position\":2,\"name\":\"Temer esvazia discrimina\u00e7\u00e3o de g\u00eanero na base curricular e transfere tema para ensino religioso\"}]},{\"@type\":\"WebSite\",\"@id\":\"https:\/\/psol50.org.br\/#website\",\"url\":\"https:\/\/psol50.org.br\/\",\"name\":\"PSOL 50\",\"description\":\"Site oficial do Partido Socialismo e Liberdade\",\"publisher\":{\"@id\":\"https:\/\/psol50.org.br\/#organization\"},\"alternateName\":\"PSOL50\",\"potentialAction\":[{\"@type\":\"SearchAction\",\"target\":{\"@type\":\"EntryPoint\",\"urlTemplate\":\"https:\/\/psol50.org.br\/?s={search_term_string}\"},\"query-input\":{\"@type\":\"PropertyValueSpecification\",\"valueRequired\":true,\"valueName\":\"search_term_string\"}}],\"inLanguage\":\"pt-BR\"},{\"@type\":\"Organization\",\"@id\":\"https:\/\/psol50.org.br\/#organization\",\"name\":\"PSOL 50\",\"alternateName\":\"PSOL 50\",\"url\":\"https:\/\/psol50.org.br\/\",\"logo\":{\"@type\":\"ImageObject\",\"inLanguage\":\"pt-BR\",\"@id\":\"https:\/\/psol50.org.br\/#\/schema\/logo\/image\/\",\"url\":\"https:\/\/psol50.org.br\/inc\/uploads\/2018\/07\/capa.png\",\"contentUrl\":\"https:\/\/psol50.org.br\/inc\/uploads\/2018\/07\/capa.png\",\"width\":1350,\"height\":900,\"caption\":\"PSOL 50\"},\"image\":{\"@id\":\"https:\/\/psol50.org.br\/#\/schema\/logo\/image\/\"},\"sameAs\":[\"https:\/\/www.facebook.com\/psol50\",\"https:\/\/x.com\/psol50\",\"https:\/\/www.instagram.com\/psol50\/\",\"https:\/\/www.youtube.com\/channel\/UC7SnJS5o1os7a6CaiNabzcg\"]},{\"@type\":\"Person\",\"@id\":\"https:\/\/psol50.org.br\/#\/schema\/person\/475dfa57d0b815993c714c2e96491fcd\",\"name\":\"Comunica\u00e7\u00e3o PSOL\",\"image\":{\"@type\":\"ImageObject\",\"inLanguage\":\"pt-BR\",\"@id\":\"https:\/\/psol50.org.br\/#\/schema\/person\/image\/\",\"url\":\"https:\/\/secure.gravatar.com\/avatar\/b34fc4f4e468a4e51785917065a3db57b841f5c95dba6ad8c73aaf8f66f8f9bf?s=96&d=mm&r=g\",\"contentUrl\":\"https:\/\/secure.gravatar.com\/avatar\/b34fc4f4e468a4e51785917065a3db57b841f5c95dba6ad8c73aaf8f66f8f9bf?s=96&d=mm&r=g\",\"caption\":\"Comunica\u00e7\u00e3o PSOL\"}}]}<\/script>\n<!-- \/ Yoast SEO plugin. -->","yoast_head_json":{"title":"Temer esvazia discrimina\u00e7\u00e3o de g\u00eanero na base curricular e transfere tema para ensino religioso - PSOL 50","robots":{"index":"index","follow":"follow","max-snippet":"max-snippet:-1","max-image-preview":"max-image-preview:large","max-video-preview":"max-video-preview:-1"},"canonical":"https:\/\/psol50.org.br\/temer-esvazia-discriminacao-de-genero-na-base-curricular-e-transfere-tema-para-ensino-religioso\/","og_locale":"pt_BR","og_type":"article","og_title":"Temer esvazia discrimina\u00e7\u00e3o de g\u00eanero na base curricular e transfere tema para ensino religioso - PSOL 50","og_description":"O governo de Michel Temer continua com o seu prop\u00f3sito de dar voz ao conservadorismo, que cada vez tem mais espa\u00e7o na pol\u00edtica brasileira. Depois de anunciar a retirada dos termos &#8220;identidade de g\u00eanero&#8221; e &#8220;orienta\u00e7\u00e3o sexual&#8221;, em abril deste ano, da Base Nacional Comum Curricular, agora o Minist\u00e9rio da Educa\u00e7\u00e3o, comandado pelo Democrata Mendon\u00e7a [&hellip;]","og_url":"https:\/\/psol50.org.br\/temer-esvazia-discriminacao-de-genero-na-base-curricular-e-transfere-tema-para-ensino-religioso\/","og_site_name":"PSOL 50","article_publisher":"https:\/\/www.facebook.com\/psol50","article_published_time":"2017-12-06T13:48:59+00:00","og_image":[{"width":1350,"height":900,"url":"https:\/\/psol50.org.br\/inc\/uploads\/2018\/07\/capa.png","type":"image\/png"}],"author":"Comunica\u00e7\u00e3o PSOL","twitter_card":"summary_large_image","twitter_creator":"@psol50","twitter_site":"@psol50","twitter_misc":{"Escrito por":"Comunica\u00e7\u00e3o PSOL","Est. tempo de leitura":"3 minutos"},"schema":{"@context":"https:\/\/schema.org","@graph":[{"@type":"Article","@id":"https:\/\/psol50.org.br\/temer-esvazia-discriminacao-de-genero-na-base-curricular-e-transfere-tema-para-ensino-religioso\/#article","isPartOf":{"@id":"https:\/\/psol50.org.br\/temer-esvazia-discriminacao-de-genero-na-base-curricular-e-transfere-tema-para-ensino-religioso\/"},"author":{"name":"Comunica\u00e7\u00e3o PSOL","@id":"https:\/\/psol50.org.br\/#\/schema\/person\/475dfa57d0b815993c714c2e96491fcd"},"headline":"Temer esvazia discrimina\u00e7\u00e3o de g\u00eanero na base curricular e transfere tema para ensino religioso","datePublished":"2017-12-06T13:48:59+00:00","mainEntityOfPage":{"@id":"https:\/\/psol50.org.br\/temer-esvazia-discriminacao-de-genero-na-base-curricular-e-transfere-tema-para-ensino-religioso\/"},"wordCount":529,"commentCount":0,"publisher":{"@id":"https:\/\/psol50.org.br\/#organization"},"image":{"@id":"https:\/\/psol50.org.br\/temer-esvazia-discriminacao-de-genero-na-base-curricular-e-transfere-tema-para-ensino-religioso\/#primaryimage"},"thumbnailUrl":"","keywords":["Base Nacional Comum Curricular","discrimina\u00e7\u00e3o de g\u00eanero","ensino religioso","Mendon\u00e7a Filho","Michel Temer","Minist\u00e9rio da Educa\u00e7\u00e3o"],"articleSection":["Brasil","Educa\u00e7\u00e3o","Not\u00edcias"],"inLanguage":"pt-BR","potentialAction":[{"@type":"CommentAction","name":"Comment","target":["https:\/\/psol50.org.br\/temer-esvazia-discriminacao-de-genero-na-base-curricular-e-transfere-tema-para-ensino-religioso\/#respond"]}]},{"@type":"WebPage","@id":"https:\/\/psol50.org.br\/temer-esvazia-discriminacao-de-genero-na-base-curricular-e-transfere-tema-para-ensino-religioso\/","url":"https:\/\/psol50.org.br\/temer-esvazia-discriminacao-de-genero-na-base-curricular-e-transfere-tema-para-ensino-religioso\/","name":"Temer esvazia discrimina\u00e7\u00e3o de g\u00eanero na base curricular e transfere tema para ensino religioso - PSOL 50","isPartOf":{"@id":"https:\/\/psol50.org.br\/#website"},"primaryImageOfPage":{"@id":"https:\/\/psol50.org.br\/temer-esvazia-discriminacao-de-genero-na-base-curricular-e-transfere-tema-para-ensino-religioso\/#primaryimage"},"image":{"@id":"https:\/\/psol50.org.br\/temer-esvazia-discriminacao-de-genero-na-base-curricular-e-transfere-tema-para-ensino-religioso\/#primaryimage"},"thumbnailUrl":"","datePublished":"2017-12-06T13:48:59+00:00","breadcrumb":{"@id":"https:\/\/psol50.org.br\/temer-esvazia-discriminacao-de-genero-na-base-curricular-e-transfere-tema-para-ensino-religioso\/#breadcrumb"},"inLanguage":"pt-BR","potentialAction":[{"@type":"ReadAction","target":["https:\/\/psol50.org.br\/temer-esvazia-discriminacao-de-genero-na-base-curricular-e-transfere-tema-para-ensino-religioso\/"]}]},{"@type":"ImageObject","inLanguage":"pt-BR","@id":"https:\/\/psol50.org.br\/temer-esvazia-discriminacao-de-genero-na-base-curricular-e-transfere-tema-para-ensino-religioso\/#primaryimage","url":"","contentUrl":""},{"@type":"BreadcrumbList","@id":"https:\/\/psol50.org.br\/temer-esvazia-discriminacao-de-genero-na-base-curricular-e-transfere-tema-para-ensino-religioso\/#breadcrumb","itemListElement":[{"@type":"ListItem","position":1,"name":"In\u00edcio","item":"https:\/\/psol50.org.br\/"},{"@type":"ListItem","position":2,"name":"Temer esvazia discrimina\u00e7\u00e3o de g\u00eanero na base curricular e transfere tema para ensino religioso"}]},{"@type":"WebSite","@id":"https:\/\/psol50.org.br\/#website","url":"https:\/\/psol50.org.br\/","name":"PSOL 50","description":"Site oficial do Partido Socialismo e Liberdade","publisher":{"@id":"https:\/\/psol50.org.br\/#organization"},"alternateName":"PSOL50","potentialAction":[{"@type":"SearchAction","target":{"@type":"EntryPoint","urlTemplate":"https:\/\/psol50.org.br\/?s={search_term_string}"},"query-input":{"@type":"PropertyValueSpecification","valueRequired":true,"valueName":"search_term_string"}}],"inLanguage":"pt-BR"},{"@type":"Organization","@id":"https:\/\/psol50.org.br\/#organization","name":"PSOL 50","alternateName":"PSOL 50","url":"https:\/\/psol50.org.br\/","logo":{"@type":"ImageObject","inLanguage":"pt-BR","@id":"https:\/\/psol50.org.br\/#\/schema\/logo\/image\/","url":"https:\/\/psol50.org.br\/inc\/uploads\/2018\/07\/capa.png","contentUrl":"https:\/\/psol50.org.br\/inc\/uploads\/2018\/07\/capa.png","width":1350,"height":900,"caption":"PSOL 50"},"image":{"@id":"https:\/\/psol50.org.br\/#\/schema\/logo\/image\/"},"sameAs":["https:\/\/www.facebook.com\/psol50","https:\/\/x.com\/psol50","https:\/\/www.instagram.com\/psol50\/","https:\/\/www.youtube.com\/channel\/UC7SnJS5o1os7a6CaiNabzcg"]},{"@type":"Person","@id":"https:\/\/psol50.org.br\/#\/schema\/person\/475dfa57d0b815993c714c2e96491fcd","name":"Comunica\u00e7\u00e3o PSOL","image":{"@type":"ImageObject","inLanguage":"pt-BR","@id":"https:\/\/psol50.org.br\/#\/schema\/person\/image\/","url":"https:\/\/secure.gravatar.com\/avatar\/b34fc4f4e468a4e51785917065a3db57b841f5c95dba6ad8c73aaf8f66f8f9bf?s=96&d=mm&r=g","contentUrl":"https:\/\/secure.gravatar.com\/avatar\/b34fc4f4e468a4e51785917065a3db57b841f5c95dba6ad8c73aaf8f66f8f9bf?s=96&d=mm&r=g","caption":"Comunica\u00e7\u00e3o PSOL"}}]}},"_links":{"self":[{"href":"https:\/\/psol50.org.br\/rest\/wp\/v2\/posts\/19243","targetHints":{"allow":["GET"]}}],"collection":[{"href":"https:\/\/psol50.org.br\/rest\/wp\/v2\/posts"}],"about":[{"href":"https:\/\/psol50.org.br\/rest\/wp\/v2\/types\/post"}],"author":[{"embeddable":true,"href":"https:\/\/psol50.org.br\/rest\/wp\/v2\/users\/2"}],"replies":[{"embeddable":true,"href":"https:\/\/psol50.org.br\/rest\/wp\/v2\/comments?post=19243"}],"version-history":[{"count":0,"href":"https:\/\/psol50.org.br\/rest\/wp\/v2\/posts\/19243\/revisions"}],"wp:featuredmedia":[{"embeddable":true,"href":"https:\/\/psol50.org.br\/rest\/"}],"wp:attachment":[{"href":"https:\/\/psol50.org.br\/rest\/wp\/v2\/media?parent=19243"}],"wp:term":[{"taxonomy":"category","embeddable":true,"href":"https:\/\/psol50.org.br\/rest\/wp\/v2\/categories?post=19243"},{"taxonomy":"post_tag","embeddable":true,"href":"https:\/\/psol50.org.br\/rest\/wp\/v2\/tags?post=19243"}],"curies":[{"name":"wp","href":"https:\/\/api.w.org\/{rel}","templated":true}]}}