{"id":19251,"date":"2017-12-07T11:51:00","date_gmt":"2017-12-07T13:51:00","guid":{"rendered":"http:\/\/www.psol50.org.br\/?p=19251"},"modified":"2017-12-07T11:51:00","modified_gmt":"2017-12-07T13:51:00","slug":"psol-e-rede-protocolam-pedido-de-cassacao-do-mandato-de-lucio-vieira-lima-na-camara","status":"publish","type":"post","link":"https:\/\/psol50.org.br\/psol-e-rede-protocolam-pedido-de-cassacao-do-mandato-de-lucio-vieira-lima-na-camara\/","title":{"rendered":"PSOL e Rede protocolam pedido de cassa\u00e7\u00e3o do mandato de L\u00facio Vieira Lima na C\u00e2mara"},"content":{"rendered":"<p>O PSOL e a Rede entraram na manh\u00e3 desta quinta-feira (7) com uma representa\u00e7\u00e3o no Conselho de \u00c9tica da C\u00e2mara dos Deputados contra o deputado L\u00facio Vieira Lima (PMDB\/BA), irm\u00e3o de Geddel, pedindo a cassa\u00e7\u00e3o de seu mandato.<\/p>\n<p>O deputado \u00e9 acusado de lavagem de dinheiro e associa\u00e7\u00e3o criminosa no caso do bunker recheado de dinheiro encontrado na Bahia, seu estado, onde foram encontrados R$51 milh\u00f5es em esp\u00e9cie. Al\u00e9m disso, Vieira Lima \u00e9 membro da alta c\u00fapula do PMDB e do governo. O PSOL acredita que, caso investigado a fundo, o caso pode ajudar a desnudar diversos outros casos relacionados a Temer.<\/p>\n<p>J\u00e1 h\u00e1 um pedido de recolhimento noturno, uso de tornozeleira eletr\u00f4nica e indeniza\u00e7\u00e3o do mesmo valor \u00e0 Uni\u00e3o, feito pelo Minist\u00e9rio P\u00fablico Federal (MPF), que o Supremo analisa.<\/p>\n<p>No mesmo caso, a Procuradoria-Geral da Rep\u00fablica (PGR) quer que se instaure inqu\u00e9rito para apurar se a fam\u00edlia de L\u00facio e Geddel utilizava de secret\u00e1rios parlamentares do gabinete do deputado para desviar recursos. A suspeita \u00e9 de que esses assessores n\u00e3o exerciam de fato fun\u00e7\u00e3o parlamentar, e sim trabalhavam nos esquemas da fam\u00edlia.<\/p>\n<p><a href=\"http:\/\/www.psol50.org.br\/inc\/uploads\/2017\/12\/rep.luciovieiralima.pdf\" target=\"_blank\" rel=\"noopener\"><strong><span style=\"color: #3366ff;\">Acesse o pedido na \u00edntegra clicando aqui.<\/span><\/strong><\/a><\/p>\n<p>PSOL e Rede concederam entrevista coletiva nesta manh\u00e3 para falar sobre o caso. Assista:<\/p>\n<p><a href=\"https:\/\/www.facebook.com\/psol50oficial\/videos\/800012310160405\/?notif_id=1512502845754927&#038;notif_t=live_video_explicit&#038;ref=notif\">https:\/\/www.facebook.com\/psol50oficial\/videos\/800012310160405\/?notif_id=1512502845754927&amp;notif_t=live_video_explicit&amp;ref=notif<\/a><\/p>\n","protected":false},"excerpt":{"rendered":"<p>O PSOL e a Rede entraram na manh\u00e3 desta quinta-feira (7) com uma representa\u00e7\u00e3o no Conselho de \u00c9tica da C\u00e2mara dos Deputados contra o deputado L\u00facio Vieira Lima (PMDB\/BA), irm\u00e3o de Geddel, pedindo a cassa\u00e7\u00e3o de seu mandato. O deputado \u00e9 acusado de lavagem de dinheiro e associa\u00e7\u00e3o criminosa no caso do bunker recheado de [&hellip;]<\/p>\n","protected":false},"author":2,"featured_media":19252,"comment_status":"open","ping_status":"open","sticky":false,"template":"","format":"standard","meta":{"_acf_changed":false,"footnotes":""},"categories":[10,1882,6],"tags":[593,58,3849,2152,417,924],"class_list":{"0":"post-19251","1":"post","2":"type-post","3":"status-publish","4":"format-standard","5":"has-post-thumbnail","7":"category-acao-parlamentares","8":"category-brasil","9":"category-noticias","10":"tag-conselho-de-etica","11":"tag-corrupcao","12":"tag-lucio-vieira-lima","13":"tag-pmdb","14":"tag-psol-na-camara","15":"tag-rede"},"acf":[],"yoast_head":"<!-- This site is optimized with the Yoast SEO plugin v26.5 - https:\/\/yoast.com\/wordpress\/plugins\/seo\/ -->\n<title>PSOL e Rede protocolam pedido de cassa\u00e7\u00e3o do mandato de L\u00facio Vieira Lima na C\u00e2mara - PSOL 50<\/title>\n<meta name=\"robots\" content=\"index, follow, max-snippet:-1, max-image-preview:large, max-video-preview:-1\" \/>\n<link rel=\"canonical\" href=\"https:\/\/psol50.org.br\/psol-e-rede-protocolam-pedido-de-cassacao-do-mandato-de-lucio-vieira-lima-na-camara\/\" \/>\n<meta property=\"og:locale\" content=\"pt_BR\" \/>\n<meta property=\"og:type\" content=\"article\" \/>\n<meta property=\"og:title\" content=\"PSOL e Rede protocolam pedido de cassa\u00e7\u00e3o do mandato de L\u00facio Vieira Lima na C\u00e2mara - PSOL 50\" \/>\n<meta property=\"og:description\" content=\"O PSOL e a Rede entraram na manh\u00e3 desta quinta-feira (7) com uma representa\u00e7\u00e3o no Conselho de \u00c9tica da C\u00e2mara dos Deputados contra o deputado L\u00facio Vieira Lima (PMDB\/BA), irm\u00e3o de Geddel, pedindo a cassa\u00e7\u00e3o de seu mandato. O deputado \u00e9 acusado de lavagem de dinheiro e associa\u00e7\u00e3o criminosa no caso do bunker recheado de [&hellip;]\" \/>\n<meta property=\"og:url\" content=\"https:\/\/psol50.org.br\/psol-e-rede-protocolam-pedido-de-cassacao-do-mandato-de-lucio-vieira-lima-na-camara\/\" \/>\n<meta property=\"og:site_name\" content=\"PSOL 50\" \/>\n<meta property=\"article:publisher\" content=\"https:\/\/www.facebook.com\/psol50\" \/>\n<meta property=\"article:published_time\" content=\"2017-12-07T13:51:00+00:00\" \/>\n<meta property=\"og:image\" content=\"https:\/\/psol50.org.br\/inc\/uploads\/2018\/07\/capa.png\" \/>\n\t<meta property=\"og:image:width\" content=\"1350\" \/>\n\t<meta property=\"og:image:height\" content=\"900\" \/>\n\t<meta property=\"og:image:type\" content=\"image\/png\" \/>\n<meta name=\"author\" content=\"Comunica\u00e7\u00e3o PSOL\" \/>\n<meta name=\"twitter:card\" content=\"summary_large_image\" \/>\n<meta name=\"twitter:creator\" content=\"@psol50\" \/>\n<meta name=\"twitter:site\" content=\"@psol50\" \/>\n<meta name=\"twitter:label1\" content=\"Escrito por\" \/>\n\t<meta name=\"twitter:data1\" content=\"Comunica\u00e7\u00e3o PSOL\" \/>\n\t<meta name=\"twitter:label2\" content=\"Est. tempo de leitura\" \/>\n\t<meta name=\"twitter:data2\" content=\"1 minuto\" \/>\n<script type=\"application\/ld+json\" class=\"yoast-schema-graph\">{\"@context\":\"https:\/\/schema.org\",\"@graph\":[{\"@type\":\"Article\",\"@id\":\"https:\/\/psol50.org.br\/psol-e-rede-protocolam-pedido-de-cassacao-do-mandato-de-lucio-vieira-lima-na-camara\/#article\",\"isPartOf\":{\"@id\":\"https:\/\/psol50.org.br\/psol-e-rede-protocolam-pedido-de-cassacao-do-mandato-de-lucio-vieira-lima-na-camara\/\"},\"author\":{\"name\":\"Comunica\u00e7\u00e3o PSOL\",\"@id\":\"https:\/\/psol50.org.br\/#\/schema\/person\/475dfa57d0b815993c714c2e96491fcd\"},\"headline\":\"PSOL e Rede protocolam pedido de cassa\u00e7\u00e3o do mandato de L\u00facio Vieira Lima na C\u00e2mara\",\"datePublished\":\"2017-12-07T13:51:00+00:00\",\"mainEntityOfPage\":{\"@id\":\"https:\/\/psol50.org.br\/psol-e-rede-protocolam-pedido-de-cassacao-do-mandato-de-lucio-vieira-lima-na-camara\/\"},\"wordCount\":259,\"commentCount\":0,\"publisher\":{\"@id\":\"https:\/\/psol50.org.br\/#organization\"},\"image\":{\"@id\":\"https:\/\/psol50.org.br\/psol-e-rede-protocolam-pedido-de-cassacao-do-mandato-de-lucio-vieira-lima-na-camara\/#primaryimage\"},\"thumbnailUrl\":\"\",\"keywords\":[\"conselho de \u00e9tica\",\"corrup\u00e7\u00e3o\",\"Lucio Vieira Lima\",\"PMDB\",\"PSOL na C\u00e2mara\",\"Rede\"],\"articleSection\":[\"A\u00e7\u00e3o Parlamentar\",\"Brasil\",\"Not\u00edcias\"],\"inLanguage\":\"pt-BR\",\"potentialAction\":[{\"@type\":\"CommentAction\",\"name\":\"Comment\",\"target\":[\"https:\/\/psol50.org.br\/psol-e-rede-protocolam-pedido-de-cassacao-do-mandato-de-lucio-vieira-lima-na-camara\/#respond\"]}]},{\"@type\":\"WebPage\",\"@id\":\"https:\/\/psol50.org.br\/psol-e-rede-protocolam-pedido-de-cassacao-do-mandato-de-lucio-vieira-lima-na-camara\/\",\"url\":\"https:\/\/psol50.org.br\/psol-e-rede-protocolam-pedido-de-cassacao-do-mandato-de-lucio-vieira-lima-na-camara\/\",\"name\":\"PSOL e Rede protocolam pedido de cassa\u00e7\u00e3o do mandato de L\u00facio Vieira Lima na C\u00e2mara - PSOL 50\",\"isPartOf\":{\"@id\":\"https:\/\/psol50.org.br\/#website\"},\"primaryImageOfPage\":{\"@id\":\"https:\/\/psol50.org.br\/psol-e-rede-protocolam-pedido-de-cassacao-do-mandato-de-lucio-vieira-lima-na-camara\/#primaryimage\"},\"image\":{\"@id\":\"https:\/\/psol50.org.br\/psol-e-rede-protocolam-pedido-de-cassacao-do-mandato-de-lucio-vieira-lima-na-camara\/#primaryimage\"},\"thumbnailUrl\":\"\",\"datePublished\":\"2017-12-07T13:51:00+00:00\",\"breadcrumb\":{\"@id\":\"https:\/\/psol50.org.br\/psol-e-rede-protocolam-pedido-de-cassacao-do-mandato-de-lucio-vieira-lima-na-camara\/#breadcrumb\"},\"inLanguage\":\"pt-BR\",\"potentialAction\":[{\"@type\":\"ReadAction\",\"target\":[\"https:\/\/psol50.org.br\/psol-e-rede-protocolam-pedido-de-cassacao-do-mandato-de-lucio-vieira-lima-na-camara\/\"]}]},{\"@type\":\"ImageObject\",\"inLanguage\":\"pt-BR\",\"@id\":\"https:\/\/psol50.org.br\/psol-e-rede-protocolam-pedido-de-cassacao-do-mandato-de-lucio-vieira-lima-na-camara\/#primaryimage\",\"url\":\"\",\"contentUrl\":\"\"},{\"@type\":\"BreadcrumbList\",\"@id\":\"https:\/\/psol50.org.br\/psol-e-rede-protocolam-pedido-de-cassacao-do-mandato-de-lucio-vieira-lima-na-camara\/#breadcrumb\",\"itemListElement\":[{\"@type\":\"ListItem\",\"position\":1,\"name\":\"In\u00edcio\",\"item\":\"https:\/\/psol50.org.br\/\"},{\"@type\":\"ListItem\",\"position\":2,\"name\":\"PSOL e Rede protocolam pedido de cassa\u00e7\u00e3o do mandato de L\u00facio Vieira Lima na C\u00e2mara\"}]},{\"@type\":\"WebSite\",\"@id\":\"https:\/\/psol50.org.br\/#website\",\"url\":\"https:\/\/psol50.org.br\/\",\"name\":\"PSOL 50\",\"description\":\"Site oficial do Partido Socialismo e Liberdade\",\"publisher\":{\"@id\":\"https:\/\/psol50.org.br\/#organization\"},\"alternateName\":\"PSOL50\",\"potentialAction\":[{\"@type\":\"SearchAction\",\"target\":{\"@type\":\"EntryPoint\",\"urlTemplate\":\"https:\/\/psol50.org.br\/?s={search_term_string}\"},\"query-input\":{\"@type\":\"PropertyValueSpecification\",\"valueRequired\":true,\"valueName\":\"search_term_string\"}}],\"inLanguage\":\"pt-BR\"},{\"@type\":\"Organization\",\"@id\":\"https:\/\/psol50.org.br\/#organization\",\"name\":\"PSOL 50\",\"alternateName\":\"PSOL 50\",\"url\":\"https:\/\/psol50.org.br\/\",\"logo\":{\"@type\":\"ImageObject\",\"inLanguage\":\"pt-BR\",\"@id\":\"https:\/\/psol50.org.br\/#\/schema\/logo\/image\/\",\"url\":\"https:\/\/psol50.org.br\/inc\/uploads\/2018\/07\/capa.png\",\"contentUrl\":\"https:\/\/psol50.org.br\/inc\/uploads\/2018\/07\/capa.png\",\"width\":1350,\"height\":900,\"caption\":\"PSOL 50\"},\"image\":{\"@id\":\"https:\/\/psol50.org.br\/#\/schema\/logo\/image\/\"},\"sameAs\":[\"https:\/\/www.facebook.com\/psol50\",\"https:\/\/x.com\/psol50\",\"https:\/\/www.instagram.com\/psol50\/\",\"https:\/\/www.youtube.com\/channel\/UC7SnJS5o1os7a6CaiNabzcg\"]},{\"@type\":\"Person\",\"@id\":\"https:\/\/psol50.org.br\/#\/schema\/person\/475dfa57d0b815993c714c2e96491fcd\",\"name\":\"Comunica\u00e7\u00e3o PSOL\",\"image\":{\"@type\":\"ImageObject\",\"inLanguage\":\"pt-BR\",\"@id\":\"https:\/\/psol50.org.br\/#\/schema\/person\/image\/\",\"url\":\"https:\/\/secure.gravatar.com\/avatar\/b34fc4f4e468a4e51785917065a3db57b841f5c95dba6ad8c73aaf8f66f8f9bf?s=96&d=mm&r=g\",\"contentUrl\":\"https:\/\/secure.gravatar.com\/avatar\/b34fc4f4e468a4e51785917065a3db57b841f5c95dba6ad8c73aaf8f66f8f9bf?s=96&d=mm&r=g\",\"caption\":\"Comunica\u00e7\u00e3o PSOL\"}}]}<\/script>\n<!-- \/ Yoast SEO plugin. -->","yoast_head_json":{"title":"PSOL e Rede protocolam pedido de cassa\u00e7\u00e3o do mandato de L\u00facio Vieira Lima na C\u00e2mara - PSOL 50","robots":{"index":"index","follow":"follow","max-snippet":"max-snippet:-1","max-image-preview":"max-image-preview:large","max-video-preview":"max-video-preview:-1"},"canonical":"https:\/\/psol50.org.br\/psol-e-rede-protocolam-pedido-de-cassacao-do-mandato-de-lucio-vieira-lima-na-camara\/","og_locale":"pt_BR","og_type":"article","og_title":"PSOL e Rede protocolam pedido de cassa\u00e7\u00e3o do mandato de L\u00facio Vieira Lima na C\u00e2mara - PSOL 50","og_description":"O PSOL e a Rede entraram na manh\u00e3 desta quinta-feira (7) com uma representa\u00e7\u00e3o no Conselho de \u00c9tica da C\u00e2mara dos Deputados contra o deputado L\u00facio Vieira Lima (PMDB\/BA), irm\u00e3o de Geddel, pedindo a cassa\u00e7\u00e3o de seu mandato. O deputado \u00e9 acusado de lavagem de dinheiro e associa\u00e7\u00e3o criminosa no caso do bunker recheado de [&hellip;]","og_url":"https:\/\/psol50.org.br\/psol-e-rede-protocolam-pedido-de-cassacao-do-mandato-de-lucio-vieira-lima-na-camara\/","og_site_name":"PSOL 50","article_publisher":"https:\/\/www.facebook.com\/psol50","article_published_time":"2017-12-07T13:51:00+00:00","og_image":[{"width":1350,"height":900,"url":"https:\/\/psol50.org.br\/inc\/uploads\/2018\/07\/capa.png","type":"image\/png"}],"author":"Comunica\u00e7\u00e3o PSOL","twitter_card":"summary_large_image","twitter_creator":"@psol50","twitter_site":"@psol50","twitter_misc":{"Escrito por":"Comunica\u00e7\u00e3o PSOL","Est. tempo de leitura":"1 minuto"},"schema":{"@context":"https:\/\/schema.org","@graph":[{"@type":"Article","@id":"https:\/\/psol50.org.br\/psol-e-rede-protocolam-pedido-de-cassacao-do-mandato-de-lucio-vieira-lima-na-camara\/#article","isPartOf":{"@id":"https:\/\/psol50.org.br\/psol-e-rede-protocolam-pedido-de-cassacao-do-mandato-de-lucio-vieira-lima-na-camara\/"},"author":{"name":"Comunica\u00e7\u00e3o PSOL","@id":"https:\/\/psol50.org.br\/#\/schema\/person\/475dfa57d0b815993c714c2e96491fcd"},"headline":"PSOL e Rede protocolam pedido de cassa\u00e7\u00e3o do mandato de L\u00facio Vieira Lima na C\u00e2mara","datePublished":"2017-12-07T13:51:00+00:00","mainEntityOfPage":{"@id":"https:\/\/psol50.org.br\/psol-e-rede-protocolam-pedido-de-cassacao-do-mandato-de-lucio-vieira-lima-na-camara\/"},"wordCount":259,"commentCount":0,"publisher":{"@id":"https:\/\/psol50.org.br\/#organization"},"image":{"@id":"https:\/\/psol50.org.br\/psol-e-rede-protocolam-pedido-de-cassacao-do-mandato-de-lucio-vieira-lima-na-camara\/#primaryimage"},"thumbnailUrl":"","keywords":["conselho de \u00e9tica","corrup\u00e7\u00e3o","Lucio Vieira Lima","PMDB","PSOL na C\u00e2mara","Rede"],"articleSection":["A\u00e7\u00e3o Parlamentar","Brasil","Not\u00edcias"],"inLanguage":"pt-BR","potentialAction":[{"@type":"CommentAction","name":"Comment","target":["https:\/\/psol50.org.br\/psol-e-rede-protocolam-pedido-de-cassacao-do-mandato-de-lucio-vieira-lima-na-camara\/#respond"]}]},{"@type":"WebPage","@id":"https:\/\/psol50.org.br\/psol-e-rede-protocolam-pedido-de-cassacao-do-mandato-de-lucio-vieira-lima-na-camara\/","url":"https:\/\/psol50.org.br\/psol-e-rede-protocolam-pedido-de-cassacao-do-mandato-de-lucio-vieira-lima-na-camara\/","name":"PSOL e Rede protocolam pedido de cassa\u00e7\u00e3o do mandato de L\u00facio Vieira Lima na C\u00e2mara - PSOL 50","isPartOf":{"@id":"https:\/\/psol50.org.br\/#website"},"primaryImageOfPage":{"@id":"https:\/\/psol50.org.br\/psol-e-rede-protocolam-pedido-de-cassacao-do-mandato-de-lucio-vieira-lima-na-camara\/#primaryimage"},"image":{"@id":"https:\/\/psol50.org.br\/psol-e-rede-protocolam-pedido-de-cassacao-do-mandato-de-lucio-vieira-lima-na-camara\/#primaryimage"},"thumbnailUrl":"","datePublished":"2017-12-07T13:51:00+00:00","breadcrumb":{"@id":"https:\/\/psol50.org.br\/psol-e-rede-protocolam-pedido-de-cassacao-do-mandato-de-lucio-vieira-lima-na-camara\/#breadcrumb"},"inLanguage":"pt-BR","potentialAction":[{"@type":"ReadAction","target":["https:\/\/psol50.org.br\/psol-e-rede-protocolam-pedido-de-cassacao-do-mandato-de-lucio-vieira-lima-na-camara\/"]}]},{"@type":"ImageObject","inLanguage":"pt-BR","@id":"https:\/\/psol50.org.br\/psol-e-rede-protocolam-pedido-de-cassacao-do-mandato-de-lucio-vieira-lima-na-camara\/#primaryimage","url":"","contentUrl":""},{"@type":"BreadcrumbList","@id":"https:\/\/psol50.org.br\/psol-e-rede-protocolam-pedido-de-cassacao-do-mandato-de-lucio-vieira-lima-na-camara\/#breadcrumb","itemListElement":[{"@type":"ListItem","position":1,"name":"In\u00edcio","item":"https:\/\/psol50.org.br\/"},{"@type":"ListItem","position":2,"name":"PSOL e Rede protocolam pedido de cassa\u00e7\u00e3o do mandato de L\u00facio Vieira Lima na C\u00e2mara"}]},{"@type":"WebSite","@id":"https:\/\/psol50.org.br\/#website","url":"https:\/\/psol50.org.br\/","name":"PSOL 50","description":"Site oficial do Partido Socialismo e Liberdade","publisher":{"@id":"https:\/\/psol50.org.br\/#organization"},"alternateName":"PSOL50","potentialAction":[{"@type":"SearchAction","target":{"@type":"EntryPoint","urlTemplate":"https:\/\/psol50.org.br\/?s={search_term_string}"},"query-input":{"@type":"PropertyValueSpecification","valueRequired":true,"valueName":"search_term_string"}}],"inLanguage":"pt-BR"},{"@type":"Organization","@id":"https:\/\/psol50.org.br\/#organization","name":"PSOL 50","alternateName":"PSOL 50","url":"https:\/\/psol50.org.br\/","logo":{"@type":"ImageObject","inLanguage":"pt-BR","@id":"https:\/\/psol50.org.br\/#\/schema\/logo\/image\/","url":"https:\/\/psol50.org.br\/inc\/uploads\/2018\/07\/capa.png","contentUrl":"https:\/\/psol50.org.br\/inc\/uploads\/2018\/07\/capa.png","width":1350,"height":900,"caption":"PSOL 50"},"image":{"@id":"https:\/\/psol50.org.br\/#\/schema\/logo\/image\/"},"sameAs":["https:\/\/www.facebook.com\/psol50","https:\/\/x.com\/psol50","https:\/\/www.instagram.com\/psol50\/","https:\/\/www.youtube.com\/channel\/UC7SnJS5o1os7a6CaiNabzcg"]},{"@type":"Person","@id":"https:\/\/psol50.org.br\/#\/schema\/person\/475dfa57d0b815993c714c2e96491fcd","name":"Comunica\u00e7\u00e3o PSOL","image":{"@type":"ImageObject","inLanguage":"pt-BR","@id":"https:\/\/psol50.org.br\/#\/schema\/person\/image\/","url":"https:\/\/secure.gravatar.com\/avatar\/b34fc4f4e468a4e51785917065a3db57b841f5c95dba6ad8c73aaf8f66f8f9bf?s=96&d=mm&r=g","contentUrl":"https:\/\/secure.gravatar.com\/avatar\/b34fc4f4e468a4e51785917065a3db57b841f5c95dba6ad8c73aaf8f66f8f9bf?s=96&d=mm&r=g","caption":"Comunica\u00e7\u00e3o PSOL"}}]}},"_links":{"self":[{"href":"https:\/\/psol50.org.br\/rest\/wp\/v2\/posts\/19251","targetHints":{"allow":["GET"]}}],"collection":[{"href":"https:\/\/psol50.org.br\/rest\/wp\/v2\/posts"}],"about":[{"href":"https:\/\/psol50.org.br\/rest\/wp\/v2\/types\/post"}],"author":[{"embeddable":true,"href":"https:\/\/psol50.org.br\/rest\/wp\/v2\/users\/2"}],"replies":[{"embeddable":true,"href":"https:\/\/psol50.org.br\/rest\/wp\/v2\/comments?post=19251"}],"version-history":[{"count":0,"href":"https:\/\/psol50.org.br\/rest\/wp\/v2\/posts\/19251\/revisions"}],"wp:featuredmedia":[{"embeddable":true,"href":"https:\/\/psol50.org.br\/rest\/"}],"wp:attachment":[{"href":"https:\/\/psol50.org.br\/rest\/wp\/v2\/media?parent=19251"}],"wp:term":[{"taxonomy":"category","embeddable":true,"href":"https:\/\/psol50.org.br\/rest\/wp\/v2\/categories?post=19251"},{"taxonomy":"post_tag","embeddable":true,"href":"https:\/\/psol50.org.br\/rest\/wp\/v2\/tags?post=19251"}],"curies":[{"name":"wp","href":"https:\/\/api.w.org\/{rel}","templated":true}]}}