{"id":19265,"date":"2017-12-09T10:59:03","date_gmt":"2017-12-09T12:59:03","guid":{"rendered":"http:\/\/www.psol50.org.br\/?p=19265"},"modified":"2017-12-09T10:59:03","modified_gmt":"2017-12-09T12:59:03","slug":"em-entrevista-luiz-araujo-analisa-seus-quatro-anos-como-presidente-do-psol","status":"publish","type":"post","link":"https:\/\/psol50.org.br\/em-entrevista-luiz-araujo-analisa-seus-quatro-anos-como-presidente-do-psol\/","title":{"rendered":"Em entrevista, Luiz Ara\u00fajo analisa seus quatro anos como presidente do PSOL"},"content":{"rendered":"<p>Luiz Ara\u00fajo \u00e9 o presidente nacional do PSOL at\u00e9 o fim deste ano, quando ser\u00e1 substitu\u00eddo por Juliano Medeiros, eleito em nosso 6\u00ba Congresso nacional. Professor da Faculdade de Educa\u00e7\u00e3o da Universidade de Bras\u00edlia e grande refer\u00eancia do debate sobre financiamento da educa\u00e7\u00e3o p\u00fablica brasileira, ele esteve presidente entre o fim de 2013 e 2017 &#8211; e como membro da Executiva Nacional por 11 anos.<\/p>\n<p>Em suas duas gest\u00f5es \u00e0 frente do partido, Luiz coordenou uma campanha \u00e0 Presid\u00eancia da Rep\u00fablica, em 2014, uma municipal, em 2016, ajudou na condu\u00e7\u00e3o do partido durante o golpe parlamentar dado no Brasil e as lutas de resist\u00eancia que se seguiram.<\/p>\n<p>Nessa entrevista, dividida em tr\u00eas partes, ele avalia esses anos como presidente e aponta perspectivas para o futuro. Assista:<\/p>\n<p><strong>Qual o seu balan\u00e7o dos quatro anos em que esteve como presidente do PSOL?<\/strong><\/p>\n<p><iframe loading=\"lazy\" title=\"Luiz Ara\u00fajo faz balan\u00e7o de seus 4 anos como presidente do PSOL\" width=\"696\" height=\"392\" src=\"https:\/\/www.youtube.com\/embed\/MCSRtbU9pqU?feature=oembed\" frameborder=\"0\" allow=\"accelerometer; autoplay; clipboard-write; encrypted-media; gyroscope; picture-in-picture\" allowfullscreen><\/iframe><\/p>\n<hr \/>\n<p><strong>O 6\u00ba Congresso Nacional do PSOL foi um momento importante do partido, pois h\u00e1 muitas lutas e desafios na conjuntura. Qual a sua avalia\u00e7\u00e3o sobre os seus resultados?<\/strong><\/p>\n<p><iframe loading=\"lazy\" title=\"Luiz Ara\u00fajo avalia resultados do 6\u00ba Congresso Nacional do PSOL\" width=\"696\" height=\"392\" src=\"https:\/\/www.youtube.com\/embed\/1RvVZ5p_xRs?feature=oembed\" frameborder=\"0\" allow=\"accelerometer; autoplay; clipboard-write; encrypted-media; gyroscope; picture-in-picture\" allowfullscreen><\/iframe><\/p>\n<hr \/>\n<p><strong>Nesses quatro anos, o PSOL aprovou definitivamente as cotas de 50% de mulheres e 30% de negros e negras nas dire\u00e7\u00f5es, incorporou diversos novos setores pol\u00edticos e ampliou sua influ\u00eancia. Como voc\u00ea entende o novo momento do partido?<\/strong><\/p>\n<p><iframe loading=\"lazy\" title=\"Luiz Ara\u00fajo analisa mudan\u00e7as no PSOL e crescimento do partido\" width=\"696\" height=\"392\" src=\"https:\/\/www.youtube.com\/embed\/AOzYvPK2Udo?feature=oembed\" frameborder=\"0\" allow=\"accelerometer; autoplay; clipboard-write; encrypted-media; gyroscope; picture-in-picture\" allowfullscreen><\/iframe><\/p>\n<p><strong>\u00a0<\/strong><\/p>\n","protected":false},"excerpt":{"rendered":"<p>Luiz Ara\u00fajo \u00e9 o presidente nacional do PSOL at\u00e9 o fim deste ano, quando ser\u00e1 substitu\u00eddo por Juliano Medeiros, eleito em nosso 6\u00ba Congresso nacional. Professor da Faculdade de Educa\u00e7\u00e3o da Universidade de Bras\u00edlia e grande refer\u00eancia do debate sobre financiamento da educa\u00e7\u00e3o p\u00fablica brasileira, ele esteve presidente entre o fim de 2013 e 2017 [&hellip;]<\/p>\n","protected":false},"author":2,"featured_media":19266,"comment_status":"open","ping_status":"open","sticky":false,"template":"","format":"standard","meta":{"_acf_changed":false,"footnotes":""},"categories":[1882,6,14],"tags":[2156,639,1801],"class_list":{"0":"post-19265","1":"post","2":"type-post","3":"status-publish","4":"format-standard","5":"has-post-thumbnail","7":"category-brasil","8":"category-noticias","9":"category-partido","10":"tag-6o-congresso-nacional-do-psol","11":"tag-entrevista","12":"tag-luiz-araujo"},"acf":[],"yoast_head":"<!-- This site is optimized with the Yoast SEO plugin v26.5 - https:\/\/yoast.com\/wordpress\/plugins\/seo\/ -->\n<title>Em entrevista, Luiz Ara\u00fajo analisa seus quatro anos como presidente do PSOL - PSOL 50<\/title>\n<meta name=\"robots\" content=\"index, follow, max-snippet:-1, max-image-preview:large, max-video-preview:-1\" \/>\n<link rel=\"canonical\" href=\"https:\/\/psol50.org.br\/em-entrevista-luiz-araujo-analisa-seus-quatro-anos-como-presidente-do-psol\/\" \/>\n<meta property=\"og:locale\" content=\"pt_BR\" \/>\n<meta property=\"og:type\" content=\"article\" \/>\n<meta property=\"og:title\" content=\"Em entrevista, Luiz Ara\u00fajo analisa seus quatro anos como presidente do PSOL - PSOL 50\" \/>\n<meta property=\"og:description\" content=\"Luiz Ara\u00fajo \u00e9 o presidente nacional do PSOL at\u00e9 o fim deste ano, quando ser\u00e1 substitu\u00eddo por Juliano Medeiros, eleito em nosso 6\u00ba Congresso nacional. Professor da Faculdade de Educa\u00e7\u00e3o da Universidade de Bras\u00edlia e grande refer\u00eancia do debate sobre financiamento da educa\u00e7\u00e3o p\u00fablica brasileira, ele esteve presidente entre o fim de 2013 e 2017 [&hellip;]\" \/>\n<meta property=\"og:url\" content=\"https:\/\/psol50.org.br\/em-entrevista-luiz-araujo-analisa-seus-quatro-anos-como-presidente-do-psol\/\" \/>\n<meta property=\"og:site_name\" content=\"PSOL 50\" \/>\n<meta property=\"article:publisher\" content=\"https:\/\/www.facebook.com\/psol50\" \/>\n<meta property=\"article:published_time\" content=\"2017-12-09T12:59:03+00:00\" \/>\n<meta property=\"og:image\" content=\"https:\/\/psol50.org.br\/inc\/uploads\/2018\/07\/capa.png\" \/>\n\t<meta property=\"og:image:width\" content=\"1350\" \/>\n\t<meta property=\"og:image:height\" content=\"900\" \/>\n\t<meta property=\"og:image:type\" content=\"image\/png\" \/>\n<meta name=\"author\" content=\"Comunica\u00e7\u00e3o PSOL\" \/>\n<meta name=\"twitter:card\" content=\"summary_large_image\" \/>\n<meta name=\"twitter:creator\" content=\"@psol50\" \/>\n<meta name=\"twitter:site\" content=\"@psol50\" \/>\n<meta name=\"twitter:label1\" content=\"Escrito por\" \/>\n\t<meta name=\"twitter:data1\" content=\"Comunica\u00e7\u00e3o PSOL\" \/>\n\t<meta name=\"twitter:label2\" content=\"Est. tempo de leitura\" \/>\n\t<meta name=\"twitter:data2\" content=\"1 minuto\" \/>\n<script type=\"application\/ld+json\" class=\"yoast-schema-graph\">{\"@context\":\"https:\/\/schema.org\",\"@graph\":[{\"@type\":\"Article\",\"@id\":\"https:\/\/psol50.org.br\/em-entrevista-luiz-araujo-analisa-seus-quatro-anos-como-presidente-do-psol\/#article\",\"isPartOf\":{\"@id\":\"https:\/\/psol50.org.br\/em-entrevista-luiz-araujo-analisa-seus-quatro-anos-como-presidente-do-psol\/\"},\"author\":{\"name\":\"Comunica\u00e7\u00e3o PSOL\",\"@id\":\"https:\/\/psol50.org.br\/#\/schema\/person\/475dfa57d0b815993c714c2e96491fcd\"},\"headline\":\"Em entrevista, Luiz Ara\u00fajo analisa seus quatro anos como presidente do PSOL\",\"datePublished\":\"2017-12-09T12:59:03+00:00\",\"mainEntityOfPage\":{\"@id\":\"https:\/\/psol50.org.br\/em-entrevista-luiz-araujo-analisa-seus-quatro-anos-como-presidente-do-psol\/\"},\"wordCount\":247,\"commentCount\":0,\"publisher\":{\"@id\":\"https:\/\/psol50.org.br\/#organization\"},\"image\":{\"@id\":\"https:\/\/psol50.org.br\/em-entrevista-luiz-araujo-analisa-seus-quatro-anos-como-presidente-do-psol\/#primaryimage\"},\"thumbnailUrl\":\"\",\"keywords\":[\"6\u00ba Congresso Nacional do PSOL\",\"Entrevista\",\"Luiz Ara\u00fajo\"],\"articleSection\":[\"Brasil\",\"Not\u00edcias\",\"Partido\"],\"inLanguage\":\"pt-BR\",\"potentialAction\":[{\"@type\":\"CommentAction\",\"name\":\"Comment\",\"target\":[\"https:\/\/psol50.org.br\/em-entrevista-luiz-araujo-analisa-seus-quatro-anos-como-presidente-do-psol\/#respond\"]}]},{\"@type\":\"WebPage\",\"@id\":\"https:\/\/psol50.org.br\/em-entrevista-luiz-araujo-analisa-seus-quatro-anos-como-presidente-do-psol\/\",\"url\":\"https:\/\/psol50.org.br\/em-entrevista-luiz-araujo-analisa-seus-quatro-anos-como-presidente-do-psol\/\",\"name\":\"Em entrevista, Luiz Ara\u00fajo analisa seus quatro anos como presidente do PSOL - PSOL 50\",\"isPartOf\":{\"@id\":\"https:\/\/psol50.org.br\/#website\"},\"primaryImageOfPage\":{\"@id\":\"https:\/\/psol50.org.br\/em-entrevista-luiz-araujo-analisa-seus-quatro-anos-como-presidente-do-psol\/#primaryimage\"},\"image\":{\"@id\":\"https:\/\/psol50.org.br\/em-entrevista-luiz-araujo-analisa-seus-quatro-anos-como-presidente-do-psol\/#primaryimage\"},\"thumbnailUrl\":\"\",\"datePublished\":\"2017-12-09T12:59:03+00:00\",\"breadcrumb\":{\"@id\":\"https:\/\/psol50.org.br\/em-entrevista-luiz-araujo-analisa-seus-quatro-anos-como-presidente-do-psol\/#breadcrumb\"},\"inLanguage\":\"pt-BR\",\"potentialAction\":[{\"@type\":\"ReadAction\",\"target\":[\"https:\/\/psol50.org.br\/em-entrevista-luiz-araujo-analisa-seus-quatro-anos-como-presidente-do-psol\/\"]}]},{\"@type\":\"ImageObject\",\"inLanguage\":\"pt-BR\",\"@id\":\"https:\/\/psol50.org.br\/em-entrevista-luiz-araujo-analisa-seus-quatro-anos-como-presidente-do-psol\/#primaryimage\",\"url\":\"\",\"contentUrl\":\"\"},{\"@type\":\"BreadcrumbList\",\"@id\":\"https:\/\/psol50.org.br\/em-entrevista-luiz-araujo-analisa-seus-quatro-anos-como-presidente-do-psol\/#breadcrumb\",\"itemListElement\":[{\"@type\":\"ListItem\",\"position\":1,\"name\":\"In\u00edcio\",\"item\":\"https:\/\/psol50.org.br\/\"},{\"@type\":\"ListItem\",\"position\":2,\"name\":\"Em entrevista, Luiz Ara\u00fajo analisa seus quatro anos como presidente do PSOL\"}]},{\"@type\":\"WebSite\",\"@id\":\"https:\/\/psol50.org.br\/#website\",\"url\":\"https:\/\/psol50.org.br\/\",\"name\":\"PSOL 50\",\"description\":\"Site oficial do Partido Socialismo e Liberdade\",\"publisher\":{\"@id\":\"https:\/\/psol50.org.br\/#organization\"},\"alternateName\":\"PSOL50\",\"potentialAction\":[{\"@type\":\"SearchAction\",\"target\":{\"@type\":\"EntryPoint\",\"urlTemplate\":\"https:\/\/psol50.org.br\/?s={search_term_string}\"},\"query-input\":{\"@type\":\"PropertyValueSpecification\",\"valueRequired\":true,\"valueName\":\"search_term_string\"}}],\"inLanguage\":\"pt-BR\"},{\"@type\":\"Organization\",\"@id\":\"https:\/\/psol50.org.br\/#organization\",\"name\":\"PSOL 50\",\"alternateName\":\"PSOL 50\",\"url\":\"https:\/\/psol50.org.br\/\",\"logo\":{\"@type\":\"ImageObject\",\"inLanguage\":\"pt-BR\",\"@id\":\"https:\/\/psol50.org.br\/#\/schema\/logo\/image\/\",\"url\":\"https:\/\/psol50.org.br\/inc\/uploads\/2018\/07\/capa.png\",\"contentUrl\":\"https:\/\/psol50.org.br\/inc\/uploads\/2018\/07\/capa.png\",\"width\":1350,\"height\":900,\"caption\":\"PSOL 50\"},\"image\":{\"@id\":\"https:\/\/psol50.org.br\/#\/schema\/logo\/image\/\"},\"sameAs\":[\"https:\/\/www.facebook.com\/psol50\",\"https:\/\/x.com\/psol50\",\"https:\/\/www.instagram.com\/psol50\/\",\"https:\/\/www.youtube.com\/channel\/UC7SnJS5o1os7a6CaiNabzcg\"]},{\"@type\":\"Person\",\"@id\":\"https:\/\/psol50.org.br\/#\/schema\/person\/475dfa57d0b815993c714c2e96491fcd\",\"name\":\"Comunica\u00e7\u00e3o PSOL\",\"image\":{\"@type\":\"ImageObject\",\"inLanguage\":\"pt-BR\",\"@id\":\"https:\/\/psol50.org.br\/#\/schema\/person\/image\/\",\"url\":\"https:\/\/secure.gravatar.com\/avatar\/b34fc4f4e468a4e51785917065a3db57b841f5c95dba6ad8c73aaf8f66f8f9bf?s=96&d=mm&r=g\",\"contentUrl\":\"https:\/\/secure.gravatar.com\/avatar\/b34fc4f4e468a4e51785917065a3db57b841f5c95dba6ad8c73aaf8f66f8f9bf?s=96&d=mm&r=g\",\"caption\":\"Comunica\u00e7\u00e3o PSOL\"}}]}<\/script>\n<!-- \/ Yoast SEO plugin. -->","yoast_head_json":{"title":"Em entrevista, Luiz Ara\u00fajo analisa seus quatro anos como presidente do PSOL - PSOL 50","robots":{"index":"index","follow":"follow","max-snippet":"max-snippet:-1","max-image-preview":"max-image-preview:large","max-video-preview":"max-video-preview:-1"},"canonical":"https:\/\/psol50.org.br\/em-entrevista-luiz-araujo-analisa-seus-quatro-anos-como-presidente-do-psol\/","og_locale":"pt_BR","og_type":"article","og_title":"Em entrevista, Luiz Ara\u00fajo analisa seus quatro anos como presidente do PSOL - PSOL 50","og_description":"Luiz Ara\u00fajo \u00e9 o presidente nacional do PSOL at\u00e9 o fim deste ano, quando ser\u00e1 substitu\u00eddo por Juliano Medeiros, eleito em nosso 6\u00ba Congresso nacional. Professor da Faculdade de Educa\u00e7\u00e3o da Universidade de Bras\u00edlia e grande refer\u00eancia do debate sobre financiamento da educa\u00e7\u00e3o p\u00fablica brasileira, ele esteve presidente entre o fim de 2013 e 2017 [&hellip;]","og_url":"https:\/\/psol50.org.br\/em-entrevista-luiz-araujo-analisa-seus-quatro-anos-como-presidente-do-psol\/","og_site_name":"PSOL 50","article_publisher":"https:\/\/www.facebook.com\/psol50","article_published_time":"2017-12-09T12:59:03+00:00","og_image":[{"width":1350,"height":900,"url":"https:\/\/psol50.org.br\/inc\/uploads\/2018\/07\/capa.png","type":"image\/png"}],"author":"Comunica\u00e7\u00e3o PSOL","twitter_card":"summary_large_image","twitter_creator":"@psol50","twitter_site":"@psol50","twitter_misc":{"Escrito por":"Comunica\u00e7\u00e3o PSOL","Est. tempo de leitura":"1 minuto"},"schema":{"@context":"https:\/\/schema.org","@graph":[{"@type":"Article","@id":"https:\/\/psol50.org.br\/em-entrevista-luiz-araujo-analisa-seus-quatro-anos-como-presidente-do-psol\/#article","isPartOf":{"@id":"https:\/\/psol50.org.br\/em-entrevista-luiz-araujo-analisa-seus-quatro-anos-como-presidente-do-psol\/"},"author":{"name":"Comunica\u00e7\u00e3o PSOL","@id":"https:\/\/psol50.org.br\/#\/schema\/person\/475dfa57d0b815993c714c2e96491fcd"},"headline":"Em entrevista, Luiz Ara\u00fajo analisa seus quatro anos como presidente do PSOL","datePublished":"2017-12-09T12:59:03+00:00","mainEntityOfPage":{"@id":"https:\/\/psol50.org.br\/em-entrevista-luiz-araujo-analisa-seus-quatro-anos-como-presidente-do-psol\/"},"wordCount":247,"commentCount":0,"publisher":{"@id":"https:\/\/psol50.org.br\/#organization"},"image":{"@id":"https:\/\/psol50.org.br\/em-entrevista-luiz-araujo-analisa-seus-quatro-anos-como-presidente-do-psol\/#primaryimage"},"thumbnailUrl":"","keywords":["6\u00ba Congresso Nacional do PSOL","Entrevista","Luiz Ara\u00fajo"],"articleSection":["Brasil","Not\u00edcias","Partido"],"inLanguage":"pt-BR","potentialAction":[{"@type":"CommentAction","name":"Comment","target":["https:\/\/psol50.org.br\/em-entrevista-luiz-araujo-analisa-seus-quatro-anos-como-presidente-do-psol\/#respond"]}]},{"@type":"WebPage","@id":"https:\/\/psol50.org.br\/em-entrevista-luiz-araujo-analisa-seus-quatro-anos-como-presidente-do-psol\/","url":"https:\/\/psol50.org.br\/em-entrevista-luiz-araujo-analisa-seus-quatro-anos-como-presidente-do-psol\/","name":"Em entrevista, Luiz Ara\u00fajo analisa seus quatro anos como presidente do PSOL - PSOL 50","isPartOf":{"@id":"https:\/\/psol50.org.br\/#website"},"primaryImageOfPage":{"@id":"https:\/\/psol50.org.br\/em-entrevista-luiz-araujo-analisa-seus-quatro-anos-como-presidente-do-psol\/#primaryimage"},"image":{"@id":"https:\/\/psol50.org.br\/em-entrevista-luiz-araujo-analisa-seus-quatro-anos-como-presidente-do-psol\/#primaryimage"},"thumbnailUrl":"","datePublished":"2017-12-09T12:59:03+00:00","breadcrumb":{"@id":"https:\/\/psol50.org.br\/em-entrevista-luiz-araujo-analisa-seus-quatro-anos-como-presidente-do-psol\/#breadcrumb"},"inLanguage":"pt-BR","potentialAction":[{"@type":"ReadAction","target":["https:\/\/psol50.org.br\/em-entrevista-luiz-araujo-analisa-seus-quatro-anos-como-presidente-do-psol\/"]}]},{"@type":"ImageObject","inLanguage":"pt-BR","@id":"https:\/\/psol50.org.br\/em-entrevista-luiz-araujo-analisa-seus-quatro-anos-como-presidente-do-psol\/#primaryimage","url":"","contentUrl":""},{"@type":"BreadcrumbList","@id":"https:\/\/psol50.org.br\/em-entrevista-luiz-araujo-analisa-seus-quatro-anos-como-presidente-do-psol\/#breadcrumb","itemListElement":[{"@type":"ListItem","position":1,"name":"In\u00edcio","item":"https:\/\/psol50.org.br\/"},{"@type":"ListItem","position":2,"name":"Em entrevista, Luiz Ara\u00fajo analisa seus quatro anos como presidente do PSOL"}]},{"@type":"WebSite","@id":"https:\/\/psol50.org.br\/#website","url":"https:\/\/psol50.org.br\/","name":"PSOL 50","description":"Site oficial do Partido Socialismo e Liberdade","publisher":{"@id":"https:\/\/psol50.org.br\/#organization"},"alternateName":"PSOL50","potentialAction":[{"@type":"SearchAction","target":{"@type":"EntryPoint","urlTemplate":"https:\/\/psol50.org.br\/?s={search_term_string}"},"query-input":{"@type":"PropertyValueSpecification","valueRequired":true,"valueName":"search_term_string"}}],"inLanguage":"pt-BR"},{"@type":"Organization","@id":"https:\/\/psol50.org.br\/#organization","name":"PSOL 50","alternateName":"PSOL 50","url":"https:\/\/psol50.org.br\/","logo":{"@type":"ImageObject","inLanguage":"pt-BR","@id":"https:\/\/psol50.org.br\/#\/schema\/logo\/image\/","url":"https:\/\/psol50.org.br\/inc\/uploads\/2018\/07\/capa.png","contentUrl":"https:\/\/psol50.org.br\/inc\/uploads\/2018\/07\/capa.png","width":1350,"height":900,"caption":"PSOL 50"},"image":{"@id":"https:\/\/psol50.org.br\/#\/schema\/logo\/image\/"},"sameAs":["https:\/\/www.facebook.com\/psol50","https:\/\/x.com\/psol50","https:\/\/www.instagram.com\/psol50\/","https:\/\/www.youtube.com\/channel\/UC7SnJS5o1os7a6CaiNabzcg"]},{"@type":"Person","@id":"https:\/\/psol50.org.br\/#\/schema\/person\/475dfa57d0b815993c714c2e96491fcd","name":"Comunica\u00e7\u00e3o PSOL","image":{"@type":"ImageObject","inLanguage":"pt-BR","@id":"https:\/\/psol50.org.br\/#\/schema\/person\/image\/","url":"https:\/\/secure.gravatar.com\/avatar\/b34fc4f4e468a4e51785917065a3db57b841f5c95dba6ad8c73aaf8f66f8f9bf?s=96&d=mm&r=g","contentUrl":"https:\/\/secure.gravatar.com\/avatar\/b34fc4f4e468a4e51785917065a3db57b841f5c95dba6ad8c73aaf8f66f8f9bf?s=96&d=mm&r=g","caption":"Comunica\u00e7\u00e3o PSOL"}}]}},"_links":{"self":[{"href":"https:\/\/psol50.org.br\/rest\/wp\/v2\/posts\/19265","targetHints":{"allow":["GET"]}}],"collection":[{"href":"https:\/\/psol50.org.br\/rest\/wp\/v2\/posts"}],"about":[{"href":"https:\/\/psol50.org.br\/rest\/wp\/v2\/types\/post"}],"author":[{"embeddable":true,"href":"https:\/\/psol50.org.br\/rest\/wp\/v2\/users\/2"}],"replies":[{"embeddable":true,"href":"https:\/\/psol50.org.br\/rest\/wp\/v2\/comments?post=19265"}],"version-history":[{"count":0,"href":"https:\/\/psol50.org.br\/rest\/wp\/v2\/posts\/19265\/revisions"}],"wp:featuredmedia":[{"embeddable":true,"href":"https:\/\/psol50.org.br\/rest\/"}],"wp:attachment":[{"href":"https:\/\/psol50.org.br\/rest\/wp\/v2\/media?parent=19265"}],"wp:term":[{"taxonomy":"category","embeddable":true,"href":"https:\/\/psol50.org.br\/rest\/wp\/v2\/categories?post=19265"},{"taxonomy":"post_tag","embeddable":true,"href":"https:\/\/psol50.org.br\/rest\/wp\/v2\/tags?post=19265"}],"curies":[{"name":"wp","href":"https:\/\/api.w.org\/{rel}","templated":true}]}}