{"id":19268,"date":"2017-12-11T11:49:00","date_gmt":"2017-12-11T13:49:00","guid":{"rendered":"http:\/\/www.psol50.org.br\/?p=19268"},"modified":"2017-12-11T11:49:00","modified_gmt":"2017-12-11T13:49:00","slug":"lider-do-psol-quer-audiencia-publica-para-debater-demissao-em-massa-na-estacio","status":"publish","type":"post","link":"https:\/\/psol50.org.br\/lider-do-psol-quer-audiencia-publica-para-debater-demissao-em-massa-na-estacio\/","title":{"rendered":"L\u00edder do PSOL quer audi\u00eancia p\u00fablica para debater demiss\u00e3o em massa na Est\u00e1cio"},"content":{"rendered":"<p>O l\u00edder do PSOL na C\u00e2mara, deputado\u00a0<a class=\"profileLink\" href=\"https:\/\/www.facebook.com\/glauber.braga1\/?fref=mentions\" data-hovercard=\"\/ajax\/hovercard\/page.php?id=158198544337175&amp;extragetparams=%7B%22fref%22%3A%22mentions%22%7D\" data-hovercard-prefer-more-content-show=\"1\">Glauber Braga<\/a>\u00a0(RJ), protocolou nesta segunda-feira (11), na Comiss\u00e3o de Educa\u00e7\u00e3o da C\u00e2mara dos Deputados, requerimento em que solicita a realiza\u00e7\u00e3o de audi\u00eancia p\u00fablica para debater a demiss\u00e3o de 1200 professores por parte do grupo de educa\u00e7\u00e3o superior Est\u00e1cio de S\u00e1. O objetivo da audi\u00eancia tamb\u00e9m \u00e9 discutir os impactos do desmonte dos direitos trabalhistas no setor da Educa\u00e7\u00e3o.<\/p>\n<p>Na avalia\u00e7\u00e3o do PSOL, a demiss\u00e3o da Est\u00e1cio j\u00e1 \u00e9 consequ\u00eancia direta da Reforma Trabalhista (Lei 13.467\/2017). O an\u00fancio das dispensas foi feito na semana passada e, na ocasi\u00e3o, a dire\u00e7\u00e3o do grupo informou que recontrataria novos professores, mas com sal\u00e1rios menores.<\/p>\n<div class=\"mc-column content-text active-extra-styles active-capital-letter\" data-block-type=\"unstyled\" data-block-weight=\"53\" data-block-id=\"2\"><\/div>\n<div class=\"mc-column content-text active-extra-styles \" data-block-type=\"unstyled\" data-block-weight=\"58\" data-block-id=\"3\">\n<p>Uma liminar concedida pela ju\u00edza Ana Larissa Lopes Caraciki, do Tribunal Regional do Trabalho 1\u00aa regi\u00e3o, suspendeu as demiss\u00f5es.\u00a0A a\u00e7\u00e3o civil p\u00fablica foi impetrada pelo Sindicato dos Professores do Munic\u00edpio do Rio de Janeiro e Regi\u00e3o e abrange a cidade do Rio de Janeiro e os munic\u00edpios fluminenses de Itagua\u00ed, Paracambi e Serop\u00e9dica.<\/p>\n<p>O grupo universit\u00e1rio j\u00e1 informou que vai recorrer da liminar.<\/p>\n<p>Para a audi\u00eancia p\u00fabica, Glauber Braga pede que sejam convocados representantes da Est\u00e1cio, do Minist\u00e9rio da Educa\u00e7\u00e3o, dos professores da faculdade, do DCE Honestino Guimar\u00e3es (da Universidade Est\u00e1dio de S\u00e1 do Rio de Janeiro), do Andes-SN e da Confedera\u00e7\u00e3o Nacional dos Trabalhadores em Ensino Superior (Contes).<\/p>\n<p>&#8220;Essa Comiss\u00e3o tem a responsabilidade de se informar sobre esse processo de demiss\u00e3o em massa e ouvir todos os setores envolvidos, em especial os professores demitidos, bem como a comunidade de estudantes que poder\u00e1 sofrer diretamente com a precariza\u00e7\u00e3o do ensino&#8221;, desta o l\u00edder no requerimento.<\/p>\n<\/div>\n","protected":false},"excerpt":{"rendered":"<p>O l\u00edder do PSOL na C\u00e2mara, deputado\u00a0Glauber Braga\u00a0(RJ), protocolou nesta segunda-feira (11), na Comiss\u00e3o de Educa\u00e7\u00e3o da C\u00e2mara dos Deputados, requerimento em que solicita a realiza\u00e7\u00e3o de audi\u00eancia p\u00fablica para debater a demiss\u00e3o de 1200 professores por parte do grupo de educa\u00e7\u00e3o superior Est\u00e1cio de S\u00e1. O objetivo da audi\u00eancia tamb\u00e9m \u00e9 discutir os impactos [&hellip;]<\/p>\n","protected":false},"author":2,"featured_media":19269,"comment_status":"open","ping_status":"open","sticky":false,"template":"","format":"standard","meta":{"_acf_changed":false,"footnotes":""},"categories":[10,1882,6],"tags":[1802,1839,3854,3855,1191,272,417,3856],"class_list":{"0":"post-19268","1":"post","2":"type-post","3":"status-publish","4":"format-standard","5":"has-post-thumbnail","7":"category-acao-parlamentares","8":"category-brasil","9":"category-noticias","10":"tag-audiencia-publica","11":"tag-comissao-de-educacao","12":"tag-demissao-em-massa","13":"tag-estacio","14":"tag-glauber-braga","15":"tag-professores","16":"tag-psol-na-camara","17":"tag-universidade-estacio-de-sa"},"acf":[],"yoast_head":"<!-- This site is optimized with the Yoast SEO plugin v26.5 - https:\/\/yoast.com\/wordpress\/plugins\/seo\/ -->\n<title>L\u00edder do PSOL quer audi\u00eancia p\u00fablica para debater demiss\u00e3o em massa na Est\u00e1cio - PSOL 50<\/title>\n<meta name=\"robots\" content=\"index, follow, max-snippet:-1, max-image-preview:large, max-video-preview:-1\" \/>\n<link rel=\"canonical\" href=\"https:\/\/psol50.org.br\/lider-do-psol-quer-audiencia-publica-para-debater-demissao-em-massa-na-estacio\/\" \/>\n<meta property=\"og:locale\" content=\"pt_BR\" \/>\n<meta property=\"og:type\" content=\"article\" \/>\n<meta property=\"og:title\" content=\"L\u00edder do PSOL quer audi\u00eancia p\u00fablica para debater demiss\u00e3o em massa na Est\u00e1cio - PSOL 50\" \/>\n<meta property=\"og:description\" content=\"O l\u00edder do PSOL na C\u00e2mara, deputado\u00a0Glauber Braga\u00a0(RJ), protocolou nesta segunda-feira (11), na Comiss\u00e3o de Educa\u00e7\u00e3o da C\u00e2mara dos Deputados, requerimento em que solicita a realiza\u00e7\u00e3o de audi\u00eancia p\u00fablica para debater a demiss\u00e3o de 1200 professores por parte do grupo de educa\u00e7\u00e3o superior Est\u00e1cio de S\u00e1. O objetivo da audi\u00eancia tamb\u00e9m \u00e9 discutir os impactos [&hellip;]\" \/>\n<meta property=\"og:url\" content=\"https:\/\/psol50.org.br\/lider-do-psol-quer-audiencia-publica-para-debater-demissao-em-massa-na-estacio\/\" \/>\n<meta property=\"og:site_name\" content=\"PSOL 50\" \/>\n<meta property=\"article:publisher\" content=\"https:\/\/www.facebook.com\/psol50\" \/>\n<meta property=\"article:published_time\" content=\"2017-12-11T13:49:00+00:00\" \/>\n<meta property=\"og:image\" content=\"https:\/\/psol50.org.br\/inc\/uploads\/2018\/07\/capa.png\" \/>\n\t<meta property=\"og:image:width\" content=\"1350\" \/>\n\t<meta property=\"og:image:height\" content=\"900\" \/>\n\t<meta property=\"og:image:type\" content=\"image\/png\" \/>\n<meta name=\"author\" content=\"Comunica\u00e7\u00e3o PSOL\" \/>\n<meta name=\"twitter:card\" content=\"summary_large_image\" \/>\n<meta name=\"twitter:creator\" content=\"@psol50\" \/>\n<meta name=\"twitter:site\" content=\"@psol50\" \/>\n<meta name=\"twitter:label1\" content=\"Escrito por\" \/>\n\t<meta name=\"twitter:data1\" content=\"Comunica\u00e7\u00e3o PSOL\" \/>\n\t<meta name=\"twitter:label2\" content=\"Est. tempo de leitura\" \/>\n\t<meta name=\"twitter:data2\" content=\"2 minutos\" \/>\n<script type=\"application\/ld+json\" class=\"yoast-schema-graph\">{\"@context\":\"https:\/\/schema.org\",\"@graph\":[{\"@type\":\"Article\",\"@id\":\"https:\/\/psol50.org.br\/lider-do-psol-quer-audiencia-publica-para-debater-demissao-em-massa-na-estacio\/#article\",\"isPartOf\":{\"@id\":\"https:\/\/psol50.org.br\/lider-do-psol-quer-audiencia-publica-para-debater-demissao-em-massa-na-estacio\/\"},\"author\":{\"name\":\"Comunica\u00e7\u00e3o PSOL\",\"@id\":\"https:\/\/psol50.org.br\/#\/schema\/person\/475dfa57d0b815993c714c2e96491fcd\"},\"headline\":\"L\u00edder do PSOL quer audi\u00eancia p\u00fablica para debater demiss\u00e3o em massa na Est\u00e1cio\",\"datePublished\":\"2017-12-11T13:49:00+00:00\",\"mainEntityOfPage\":{\"@id\":\"https:\/\/psol50.org.br\/lider-do-psol-quer-audiencia-publica-para-debater-demissao-em-massa-na-estacio\/\"},\"wordCount\":320,\"commentCount\":0,\"publisher\":{\"@id\":\"https:\/\/psol50.org.br\/#organization\"},\"image\":{\"@id\":\"https:\/\/psol50.org.br\/lider-do-psol-quer-audiencia-publica-para-debater-demissao-em-massa-na-estacio\/#primaryimage\"},\"thumbnailUrl\":\"\",\"keywords\":[\"audi\u00eancia p\u00fablica\",\"Comiss\u00e3o de Educa\u00e7\u00e3o\",\"demiss\u00e3o em massa\",\"Est\u00e1cio\",\"Glauber Braga\",\"professores\",\"PSOL na C\u00e2mara\",\"Universidade Est\u00e1cio de S\u00e1\"],\"articleSection\":[\"A\u00e7\u00e3o Parlamentar\",\"Brasil\",\"Not\u00edcias\"],\"inLanguage\":\"pt-BR\",\"potentialAction\":[{\"@type\":\"CommentAction\",\"name\":\"Comment\",\"target\":[\"https:\/\/psol50.org.br\/lider-do-psol-quer-audiencia-publica-para-debater-demissao-em-massa-na-estacio\/#respond\"]}]},{\"@type\":\"WebPage\",\"@id\":\"https:\/\/psol50.org.br\/lider-do-psol-quer-audiencia-publica-para-debater-demissao-em-massa-na-estacio\/\",\"url\":\"https:\/\/psol50.org.br\/lider-do-psol-quer-audiencia-publica-para-debater-demissao-em-massa-na-estacio\/\",\"name\":\"L\u00edder do PSOL quer audi\u00eancia p\u00fablica para debater demiss\u00e3o em massa na Est\u00e1cio - PSOL 50\",\"isPartOf\":{\"@id\":\"https:\/\/psol50.org.br\/#website\"},\"primaryImageOfPage\":{\"@id\":\"https:\/\/psol50.org.br\/lider-do-psol-quer-audiencia-publica-para-debater-demissao-em-massa-na-estacio\/#primaryimage\"},\"image\":{\"@id\":\"https:\/\/psol50.org.br\/lider-do-psol-quer-audiencia-publica-para-debater-demissao-em-massa-na-estacio\/#primaryimage\"},\"thumbnailUrl\":\"\",\"datePublished\":\"2017-12-11T13:49:00+00:00\",\"breadcrumb\":{\"@id\":\"https:\/\/psol50.org.br\/lider-do-psol-quer-audiencia-publica-para-debater-demissao-em-massa-na-estacio\/#breadcrumb\"},\"inLanguage\":\"pt-BR\",\"potentialAction\":[{\"@type\":\"ReadAction\",\"target\":[\"https:\/\/psol50.org.br\/lider-do-psol-quer-audiencia-publica-para-debater-demissao-em-massa-na-estacio\/\"]}]},{\"@type\":\"ImageObject\",\"inLanguage\":\"pt-BR\",\"@id\":\"https:\/\/psol50.org.br\/lider-do-psol-quer-audiencia-publica-para-debater-demissao-em-massa-na-estacio\/#primaryimage\",\"url\":\"\",\"contentUrl\":\"\"},{\"@type\":\"BreadcrumbList\",\"@id\":\"https:\/\/psol50.org.br\/lider-do-psol-quer-audiencia-publica-para-debater-demissao-em-massa-na-estacio\/#breadcrumb\",\"itemListElement\":[{\"@type\":\"ListItem\",\"position\":1,\"name\":\"In\u00edcio\",\"item\":\"https:\/\/psol50.org.br\/\"},{\"@type\":\"ListItem\",\"position\":2,\"name\":\"L\u00edder do PSOL quer audi\u00eancia p\u00fablica para debater demiss\u00e3o em massa na Est\u00e1cio\"}]},{\"@type\":\"WebSite\",\"@id\":\"https:\/\/psol50.org.br\/#website\",\"url\":\"https:\/\/psol50.org.br\/\",\"name\":\"PSOL 50\",\"description\":\"Site oficial do Partido Socialismo e Liberdade\",\"publisher\":{\"@id\":\"https:\/\/psol50.org.br\/#organization\"},\"alternateName\":\"PSOL50\",\"potentialAction\":[{\"@type\":\"SearchAction\",\"target\":{\"@type\":\"EntryPoint\",\"urlTemplate\":\"https:\/\/psol50.org.br\/?s={search_term_string}\"},\"query-input\":{\"@type\":\"PropertyValueSpecification\",\"valueRequired\":true,\"valueName\":\"search_term_string\"}}],\"inLanguage\":\"pt-BR\"},{\"@type\":\"Organization\",\"@id\":\"https:\/\/psol50.org.br\/#organization\",\"name\":\"PSOL 50\",\"alternateName\":\"PSOL 50\",\"url\":\"https:\/\/psol50.org.br\/\",\"logo\":{\"@type\":\"ImageObject\",\"inLanguage\":\"pt-BR\",\"@id\":\"https:\/\/psol50.org.br\/#\/schema\/logo\/image\/\",\"url\":\"https:\/\/psol50.org.br\/inc\/uploads\/2018\/07\/capa.png\",\"contentUrl\":\"https:\/\/psol50.org.br\/inc\/uploads\/2018\/07\/capa.png\",\"width\":1350,\"height\":900,\"caption\":\"PSOL 50\"},\"image\":{\"@id\":\"https:\/\/psol50.org.br\/#\/schema\/logo\/image\/\"},\"sameAs\":[\"https:\/\/www.facebook.com\/psol50\",\"https:\/\/x.com\/psol50\",\"https:\/\/www.instagram.com\/psol50\/\",\"https:\/\/www.youtube.com\/channel\/UC7SnJS5o1os7a6CaiNabzcg\"]},{\"@type\":\"Person\",\"@id\":\"https:\/\/psol50.org.br\/#\/schema\/person\/475dfa57d0b815993c714c2e96491fcd\",\"name\":\"Comunica\u00e7\u00e3o PSOL\",\"image\":{\"@type\":\"ImageObject\",\"inLanguage\":\"pt-BR\",\"@id\":\"https:\/\/psol50.org.br\/#\/schema\/person\/image\/\",\"url\":\"https:\/\/secure.gravatar.com\/avatar\/b34fc4f4e468a4e51785917065a3db57b841f5c95dba6ad8c73aaf8f66f8f9bf?s=96&d=mm&r=g\",\"contentUrl\":\"https:\/\/secure.gravatar.com\/avatar\/b34fc4f4e468a4e51785917065a3db57b841f5c95dba6ad8c73aaf8f66f8f9bf?s=96&d=mm&r=g\",\"caption\":\"Comunica\u00e7\u00e3o PSOL\"}}]}<\/script>\n<!-- \/ Yoast SEO plugin. -->","yoast_head_json":{"title":"L\u00edder do PSOL quer audi\u00eancia p\u00fablica para debater demiss\u00e3o em massa na Est\u00e1cio - PSOL 50","robots":{"index":"index","follow":"follow","max-snippet":"max-snippet:-1","max-image-preview":"max-image-preview:large","max-video-preview":"max-video-preview:-1"},"canonical":"https:\/\/psol50.org.br\/lider-do-psol-quer-audiencia-publica-para-debater-demissao-em-massa-na-estacio\/","og_locale":"pt_BR","og_type":"article","og_title":"L\u00edder do PSOL quer audi\u00eancia p\u00fablica para debater demiss\u00e3o em massa na Est\u00e1cio - PSOL 50","og_description":"O l\u00edder do PSOL na C\u00e2mara, deputado\u00a0Glauber Braga\u00a0(RJ), protocolou nesta segunda-feira (11), na Comiss\u00e3o de Educa\u00e7\u00e3o da C\u00e2mara dos Deputados, requerimento em que solicita a realiza\u00e7\u00e3o de audi\u00eancia p\u00fablica para debater a demiss\u00e3o de 1200 professores por parte do grupo de educa\u00e7\u00e3o superior Est\u00e1cio de S\u00e1. O objetivo da audi\u00eancia tamb\u00e9m \u00e9 discutir os impactos [&hellip;]","og_url":"https:\/\/psol50.org.br\/lider-do-psol-quer-audiencia-publica-para-debater-demissao-em-massa-na-estacio\/","og_site_name":"PSOL 50","article_publisher":"https:\/\/www.facebook.com\/psol50","article_published_time":"2017-12-11T13:49:00+00:00","og_image":[{"width":1350,"height":900,"url":"https:\/\/psol50.org.br\/inc\/uploads\/2018\/07\/capa.png","type":"image\/png"}],"author":"Comunica\u00e7\u00e3o PSOL","twitter_card":"summary_large_image","twitter_creator":"@psol50","twitter_site":"@psol50","twitter_misc":{"Escrito por":"Comunica\u00e7\u00e3o PSOL","Est. tempo de leitura":"2 minutos"},"schema":{"@context":"https:\/\/schema.org","@graph":[{"@type":"Article","@id":"https:\/\/psol50.org.br\/lider-do-psol-quer-audiencia-publica-para-debater-demissao-em-massa-na-estacio\/#article","isPartOf":{"@id":"https:\/\/psol50.org.br\/lider-do-psol-quer-audiencia-publica-para-debater-demissao-em-massa-na-estacio\/"},"author":{"name":"Comunica\u00e7\u00e3o PSOL","@id":"https:\/\/psol50.org.br\/#\/schema\/person\/475dfa57d0b815993c714c2e96491fcd"},"headline":"L\u00edder do PSOL quer audi\u00eancia p\u00fablica para debater demiss\u00e3o em massa na Est\u00e1cio","datePublished":"2017-12-11T13:49:00+00:00","mainEntityOfPage":{"@id":"https:\/\/psol50.org.br\/lider-do-psol-quer-audiencia-publica-para-debater-demissao-em-massa-na-estacio\/"},"wordCount":320,"commentCount":0,"publisher":{"@id":"https:\/\/psol50.org.br\/#organization"},"image":{"@id":"https:\/\/psol50.org.br\/lider-do-psol-quer-audiencia-publica-para-debater-demissao-em-massa-na-estacio\/#primaryimage"},"thumbnailUrl":"","keywords":["audi\u00eancia p\u00fablica","Comiss\u00e3o de Educa\u00e7\u00e3o","demiss\u00e3o em massa","Est\u00e1cio","Glauber Braga","professores","PSOL na C\u00e2mara","Universidade Est\u00e1cio de S\u00e1"],"articleSection":["A\u00e7\u00e3o Parlamentar","Brasil","Not\u00edcias"],"inLanguage":"pt-BR","potentialAction":[{"@type":"CommentAction","name":"Comment","target":["https:\/\/psol50.org.br\/lider-do-psol-quer-audiencia-publica-para-debater-demissao-em-massa-na-estacio\/#respond"]}]},{"@type":"WebPage","@id":"https:\/\/psol50.org.br\/lider-do-psol-quer-audiencia-publica-para-debater-demissao-em-massa-na-estacio\/","url":"https:\/\/psol50.org.br\/lider-do-psol-quer-audiencia-publica-para-debater-demissao-em-massa-na-estacio\/","name":"L\u00edder do PSOL quer audi\u00eancia p\u00fablica para debater demiss\u00e3o em massa na Est\u00e1cio - PSOL 50","isPartOf":{"@id":"https:\/\/psol50.org.br\/#website"},"primaryImageOfPage":{"@id":"https:\/\/psol50.org.br\/lider-do-psol-quer-audiencia-publica-para-debater-demissao-em-massa-na-estacio\/#primaryimage"},"image":{"@id":"https:\/\/psol50.org.br\/lider-do-psol-quer-audiencia-publica-para-debater-demissao-em-massa-na-estacio\/#primaryimage"},"thumbnailUrl":"","datePublished":"2017-12-11T13:49:00+00:00","breadcrumb":{"@id":"https:\/\/psol50.org.br\/lider-do-psol-quer-audiencia-publica-para-debater-demissao-em-massa-na-estacio\/#breadcrumb"},"inLanguage":"pt-BR","potentialAction":[{"@type":"ReadAction","target":["https:\/\/psol50.org.br\/lider-do-psol-quer-audiencia-publica-para-debater-demissao-em-massa-na-estacio\/"]}]},{"@type":"ImageObject","inLanguage":"pt-BR","@id":"https:\/\/psol50.org.br\/lider-do-psol-quer-audiencia-publica-para-debater-demissao-em-massa-na-estacio\/#primaryimage","url":"","contentUrl":""},{"@type":"BreadcrumbList","@id":"https:\/\/psol50.org.br\/lider-do-psol-quer-audiencia-publica-para-debater-demissao-em-massa-na-estacio\/#breadcrumb","itemListElement":[{"@type":"ListItem","position":1,"name":"In\u00edcio","item":"https:\/\/psol50.org.br\/"},{"@type":"ListItem","position":2,"name":"L\u00edder do PSOL quer audi\u00eancia p\u00fablica para debater demiss\u00e3o em massa na Est\u00e1cio"}]},{"@type":"WebSite","@id":"https:\/\/psol50.org.br\/#website","url":"https:\/\/psol50.org.br\/","name":"PSOL 50","description":"Site oficial do Partido Socialismo e Liberdade","publisher":{"@id":"https:\/\/psol50.org.br\/#organization"},"alternateName":"PSOL50","potentialAction":[{"@type":"SearchAction","target":{"@type":"EntryPoint","urlTemplate":"https:\/\/psol50.org.br\/?s={search_term_string}"},"query-input":{"@type":"PropertyValueSpecification","valueRequired":true,"valueName":"search_term_string"}}],"inLanguage":"pt-BR"},{"@type":"Organization","@id":"https:\/\/psol50.org.br\/#organization","name":"PSOL 50","alternateName":"PSOL 50","url":"https:\/\/psol50.org.br\/","logo":{"@type":"ImageObject","inLanguage":"pt-BR","@id":"https:\/\/psol50.org.br\/#\/schema\/logo\/image\/","url":"https:\/\/psol50.org.br\/inc\/uploads\/2018\/07\/capa.png","contentUrl":"https:\/\/psol50.org.br\/inc\/uploads\/2018\/07\/capa.png","width":1350,"height":900,"caption":"PSOL 50"},"image":{"@id":"https:\/\/psol50.org.br\/#\/schema\/logo\/image\/"},"sameAs":["https:\/\/www.facebook.com\/psol50","https:\/\/x.com\/psol50","https:\/\/www.instagram.com\/psol50\/","https:\/\/www.youtube.com\/channel\/UC7SnJS5o1os7a6CaiNabzcg"]},{"@type":"Person","@id":"https:\/\/psol50.org.br\/#\/schema\/person\/475dfa57d0b815993c714c2e96491fcd","name":"Comunica\u00e7\u00e3o PSOL","image":{"@type":"ImageObject","inLanguage":"pt-BR","@id":"https:\/\/psol50.org.br\/#\/schema\/person\/image\/","url":"https:\/\/secure.gravatar.com\/avatar\/b34fc4f4e468a4e51785917065a3db57b841f5c95dba6ad8c73aaf8f66f8f9bf?s=96&d=mm&r=g","contentUrl":"https:\/\/secure.gravatar.com\/avatar\/b34fc4f4e468a4e51785917065a3db57b841f5c95dba6ad8c73aaf8f66f8f9bf?s=96&d=mm&r=g","caption":"Comunica\u00e7\u00e3o PSOL"}}]}},"_links":{"self":[{"href":"https:\/\/psol50.org.br\/rest\/wp\/v2\/posts\/19268","targetHints":{"allow":["GET"]}}],"collection":[{"href":"https:\/\/psol50.org.br\/rest\/wp\/v2\/posts"}],"about":[{"href":"https:\/\/psol50.org.br\/rest\/wp\/v2\/types\/post"}],"author":[{"embeddable":true,"href":"https:\/\/psol50.org.br\/rest\/wp\/v2\/users\/2"}],"replies":[{"embeddable":true,"href":"https:\/\/psol50.org.br\/rest\/wp\/v2\/comments?post=19268"}],"version-history":[{"count":0,"href":"https:\/\/psol50.org.br\/rest\/wp\/v2\/posts\/19268\/revisions"}],"wp:featuredmedia":[{"embeddable":true,"href":"https:\/\/psol50.org.br\/rest\/"}],"wp:attachment":[{"href":"https:\/\/psol50.org.br\/rest\/wp\/v2\/media?parent=19268"}],"wp:term":[{"taxonomy":"category","embeddable":true,"href":"https:\/\/psol50.org.br\/rest\/wp\/v2\/categories?post=19268"},{"taxonomy":"post_tag","embeddable":true,"href":"https:\/\/psol50.org.br\/rest\/wp\/v2\/tags?post=19268"}],"curies":[{"name":"wp","href":"https:\/\/api.w.org\/{rel}","templated":true}]}}