{"id":1927,"date":"2013-04-19T00:00:00","date_gmt":"2013-04-19T00:00:00","guid":{"rendered":"http:\/\/psol50.org.br\/arquivo\/2013\/04\/19\/organizacoes-sociais-latinoamericanas-prestam-solidariedade-ao-deputado-jean-wyllys\/"},"modified":"2013-04-19T00:00:00","modified_gmt":"2013-04-19T00:00:00","slug":"organizacoes-sociais-latinoamericanas-prestam-solidariedade-ao-deputado-jean-wyllys","status":"publish","type":"post","link":"https:\/\/psol50.org.br\/organizacoes-sociais-latinoamericanas-prestam-solidariedade-ao-deputado-jean-wyllys\/","title":{"rendered":"Organiza\u00e7\u00f5es sociais latinoamericanas prestam solidariedade ao deputado Jean Wyllys"},"content":{"rendered":"<div style=\"text-align: justify;\">\n\tOrganiza\u00e7\u00f5es sociais latinoamericanas enviaram ao deputado Jean Wyllys (PSOL\/RJ) notas de solidariedade devido \u00e0 campanha difamat\u00f3ria que o deputado vem sofrendo nos \u00faltimos meses. Entre as entidades que manifestaram seu apoio a Wyllys, est\u00e3o o grupo <a href=\"http:\/\/jeanwyllys.com.br\/wp\/carta-da-somosgay-em-apoio-ao-deputado-jean-wyllys\">SomosGay<\/a>, do Paraguai, a <a href=\"http:\/\/jeanwyllys.com.br\/wp\/carta-da-felgtb-em-apoio-a-jean-wyllys-denuncia-atitudes-homofobicas-do-presidente-da-cdhm\" target=\"_blank\" rel=\"noopener\">FELGTB<\/a>, da Espanha e o <a href=\"http:\/\/jeanwyllys.com.br\/wp\/carta-de-apoio-da-movilh-ao-deputado-jean-wyllys\" target=\"_blank\" rel=\"noopener\">MOVILH<\/a>, do Chile (clique para ler as notas).<br \/>\n\t&nbsp;<br \/>\n\tBaseada em cal\u00fanias e falas ap\u00f3crifas atribu\u00eddas a Wyllys, a campanha se deve ao trabalho que vem sendo feito pelo deputado na \u00e1rea de Direitos Humanos e por sua firme oposi\u00e7\u00e3o contra a perman\u00eancia do deputado Marco Feliciano (PSC\/SP) na Comiss\u00e3o de Direitos Humanos e Minorias da C\u00e2mara dos Deputados. Em resposta \u00e0 essa campanha, uma representa\u00e7\u00e3o criminal assinada por Wyllys e pelos deputados Domingos Dutra (SP-MA) e Erika Kokay (PT-DF), foi protocolada contra o deputado Marco Feliciano e o pastor Silas Malafaia na Procuradoria Geral da Rep\u00fablica.<br \/>\n\t&nbsp;<br \/>\n\tCom base nessa representa\u00e7\u00e3o a Procuradoria Geral da Rep\u00fablica (PGR) pediu ao Superior Tribunal Federal inqu\u00e9rito sobre den\u00fancias contra Marco Feliciano sobre irregularidades na contrata\u00e7\u00e3o de pastores da igreja evang\u00e9lica como servidores da C\u00e2mara dos Deputados. Segundo Gurgel, Procurador Geral da Rep\u00fablica, as den\u00fancias indicam que \u201cembora n\u00e3o exer\u00e7am atividades relacionadas ao mandato de Marco Feliciano, (os pastores) figuram como assessores parlamentares remunerados pela C\u00e2mara dos Deputados\u201d.<br \/>\n\t&nbsp;<\/div>\n","protected":false},"excerpt":{"rendered":"<p>Organiza\u00e7\u00f5es sociais latinoamericanas enviaram ao deputado Jean Wyllys (PSOL\/RJ) notas de solidariedade devido \u00e0 campanha difamat\u00f3ria que o deputado vem sofrendo nos \u00faltimos meses. Entre as entidades que manifestaram seu apoio a Wyllys, est\u00e3o o grupo SomosGay, do Paraguai, a FELGTB, da Espanha e o MOVILH, do Chile (clique para ler as notas). &nbsp; Baseada [&hellip;]<\/p>\n","protected":false},"author":2,"featured_media":0,"comment_status":"open","ping_status":"open","sticky":false,"template":"","format":"standard","meta":{"_acf_changed":false,"footnotes":""},"categories":[10,4766],"tags":[],"class_list":{"0":"post-1927","1":"post","2":"type-post","3":"status-publish","4":"format-standard","6":"category-acao-parlamentares","7":"category-arquivo"},"acf":[],"yoast_head":"<!-- This site is optimized with the Yoast SEO plugin v26.5 - https:\/\/yoast.com\/wordpress\/plugins\/seo\/ -->\n<title>Organiza\u00e7\u00f5es sociais latinoamericanas prestam solidariedade ao deputado Jean Wyllys - PSOL 50<\/title>\n<meta name=\"robots\" content=\"index, follow, max-snippet:-1, max-image-preview:large, max-video-preview:-1\" \/>\n<link rel=\"canonical\" href=\"https:\/\/psol50.org.br\/organizacoes-sociais-latinoamericanas-prestam-solidariedade-ao-deputado-jean-wyllys\/\" \/>\n<meta property=\"og:locale\" content=\"pt_BR\" \/>\n<meta property=\"og:type\" content=\"article\" \/>\n<meta property=\"og:title\" content=\"Organiza\u00e7\u00f5es sociais latinoamericanas prestam solidariedade ao deputado Jean Wyllys - PSOL 50\" \/>\n<meta property=\"og:description\" content=\"Organiza\u00e7\u00f5es sociais latinoamericanas enviaram ao deputado Jean Wyllys (PSOL\/RJ) notas de solidariedade devido \u00e0 campanha difamat\u00f3ria que o deputado vem sofrendo nos \u00faltimos meses. Entre as entidades que manifestaram seu apoio a Wyllys, est\u00e3o o grupo SomosGay, do Paraguai, a FELGTB, da Espanha e o MOVILH, do Chile (clique para ler as notas). &nbsp; Baseada [&hellip;]\" \/>\n<meta property=\"og:url\" content=\"https:\/\/psol50.org.br\/organizacoes-sociais-latinoamericanas-prestam-solidariedade-ao-deputado-jean-wyllys\/\" \/>\n<meta property=\"og:site_name\" content=\"PSOL 50\" \/>\n<meta property=\"article:publisher\" content=\"https:\/\/www.facebook.com\/psol50\" \/>\n<meta property=\"article:published_time\" content=\"2013-04-19T00:00:00+00:00\" \/>\n<meta property=\"og:image\" content=\"https:\/\/psol50.org.br\/inc\/uploads\/2018\/07\/capa.png\" \/>\n\t<meta property=\"og:image:width\" content=\"1350\" \/>\n\t<meta property=\"og:image:height\" content=\"900\" \/>\n\t<meta property=\"og:image:type\" content=\"image\/png\" \/>\n<meta name=\"author\" content=\"Comunica\u00e7\u00e3o PSOL\" \/>\n<meta name=\"twitter:card\" content=\"summary_large_image\" \/>\n<meta name=\"twitter:creator\" content=\"@psol50\" \/>\n<meta name=\"twitter:site\" content=\"@psol50\" \/>\n<meta name=\"twitter:label1\" content=\"Escrito por\" \/>\n\t<meta name=\"twitter:data1\" content=\"Comunica\u00e7\u00e3o PSOL\" \/>\n\t<meta name=\"twitter:label2\" content=\"Est. tempo de leitura\" \/>\n\t<meta name=\"twitter:data2\" content=\"1 minuto\" \/>\n<script type=\"application\/ld+json\" class=\"yoast-schema-graph\">{\"@context\":\"https:\/\/schema.org\",\"@graph\":[{\"@type\":\"Article\",\"@id\":\"https:\/\/psol50.org.br\/organizacoes-sociais-latinoamericanas-prestam-solidariedade-ao-deputado-jean-wyllys\/#article\",\"isPartOf\":{\"@id\":\"https:\/\/psol50.org.br\/organizacoes-sociais-latinoamericanas-prestam-solidariedade-ao-deputado-jean-wyllys\/\"},\"author\":{\"name\":\"Comunica\u00e7\u00e3o PSOL\",\"@id\":\"https:\/\/psol50.org.br\/#\/schema\/person\/475dfa57d0b815993c714c2e96491fcd\"},\"headline\":\"Organiza\u00e7\u00f5es sociais latinoamericanas prestam solidariedade ao deputado Jean Wyllys\",\"datePublished\":\"2013-04-19T00:00:00+00:00\",\"mainEntityOfPage\":{\"@id\":\"https:\/\/psol50.org.br\/organizacoes-sociais-latinoamericanas-prestam-solidariedade-ao-deputado-jean-wyllys\/\"},\"wordCount\":245,\"commentCount\":0,\"publisher\":{\"@id\":\"https:\/\/psol50.org.br\/#organization\"},\"articleSection\":[\"A\u00e7\u00e3o Parlamentar\",\"Arquivo\"],\"inLanguage\":\"pt-BR\",\"potentialAction\":[{\"@type\":\"CommentAction\",\"name\":\"Comment\",\"target\":[\"https:\/\/psol50.org.br\/organizacoes-sociais-latinoamericanas-prestam-solidariedade-ao-deputado-jean-wyllys\/#respond\"]}]},{\"@type\":\"WebPage\",\"@id\":\"https:\/\/psol50.org.br\/organizacoes-sociais-latinoamericanas-prestam-solidariedade-ao-deputado-jean-wyllys\/\",\"url\":\"https:\/\/psol50.org.br\/organizacoes-sociais-latinoamericanas-prestam-solidariedade-ao-deputado-jean-wyllys\/\",\"name\":\"Organiza\u00e7\u00f5es sociais latinoamericanas prestam solidariedade ao deputado Jean Wyllys - PSOL 50\",\"isPartOf\":{\"@id\":\"https:\/\/psol50.org.br\/#website\"},\"datePublished\":\"2013-04-19T00:00:00+00:00\",\"breadcrumb\":{\"@id\":\"https:\/\/psol50.org.br\/organizacoes-sociais-latinoamericanas-prestam-solidariedade-ao-deputado-jean-wyllys\/#breadcrumb\"},\"inLanguage\":\"pt-BR\",\"potentialAction\":[{\"@type\":\"ReadAction\",\"target\":[\"https:\/\/psol50.org.br\/organizacoes-sociais-latinoamericanas-prestam-solidariedade-ao-deputado-jean-wyllys\/\"]}]},{\"@type\":\"BreadcrumbList\",\"@id\":\"https:\/\/psol50.org.br\/organizacoes-sociais-latinoamericanas-prestam-solidariedade-ao-deputado-jean-wyllys\/#breadcrumb\",\"itemListElement\":[{\"@type\":\"ListItem\",\"position\":1,\"name\":\"In\u00edcio\",\"item\":\"https:\/\/psol50.org.br\/\"},{\"@type\":\"ListItem\",\"position\":2,\"name\":\"Organiza\u00e7\u00f5es sociais latinoamericanas prestam solidariedade ao deputado Jean Wyllys\"}]},{\"@type\":\"WebSite\",\"@id\":\"https:\/\/psol50.org.br\/#website\",\"url\":\"https:\/\/psol50.org.br\/\",\"name\":\"PSOL 50\",\"description\":\"Site oficial do Partido Socialismo e Liberdade\",\"publisher\":{\"@id\":\"https:\/\/psol50.org.br\/#organization\"},\"alternateName\":\"PSOL50\",\"potentialAction\":[{\"@type\":\"SearchAction\",\"target\":{\"@type\":\"EntryPoint\",\"urlTemplate\":\"https:\/\/psol50.org.br\/?s={search_term_string}\"},\"query-input\":{\"@type\":\"PropertyValueSpecification\",\"valueRequired\":true,\"valueName\":\"search_term_string\"}}],\"inLanguage\":\"pt-BR\"},{\"@type\":\"Organization\",\"@id\":\"https:\/\/psol50.org.br\/#organization\",\"name\":\"PSOL 50\",\"alternateName\":\"PSOL 50\",\"url\":\"https:\/\/psol50.org.br\/\",\"logo\":{\"@type\":\"ImageObject\",\"inLanguage\":\"pt-BR\",\"@id\":\"https:\/\/psol50.org.br\/#\/schema\/logo\/image\/\",\"url\":\"https:\/\/psol50.org.br\/inc\/uploads\/2018\/07\/capa.png\",\"contentUrl\":\"https:\/\/psol50.org.br\/inc\/uploads\/2018\/07\/capa.png\",\"width\":1350,\"height\":900,\"caption\":\"PSOL 50\"},\"image\":{\"@id\":\"https:\/\/psol50.org.br\/#\/schema\/logo\/image\/\"},\"sameAs\":[\"https:\/\/www.facebook.com\/psol50\",\"https:\/\/x.com\/psol50\",\"https:\/\/www.instagram.com\/psol50\/\",\"https:\/\/www.youtube.com\/channel\/UC7SnJS5o1os7a6CaiNabzcg\"]},{\"@type\":\"Person\",\"@id\":\"https:\/\/psol50.org.br\/#\/schema\/person\/475dfa57d0b815993c714c2e96491fcd\",\"name\":\"Comunica\u00e7\u00e3o PSOL\",\"image\":{\"@type\":\"ImageObject\",\"inLanguage\":\"pt-BR\",\"@id\":\"https:\/\/psol50.org.br\/#\/schema\/person\/image\/\",\"url\":\"https:\/\/secure.gravatar.com\/avatar\/b34fc4f4e468a4e51785917065a3db57b841f5c95dba6ad8c73aaf8f66f8f9bf?s=96&d=mm&r=g\",\"contentUrl\":\"https:\/\/secure.gravatar.com\/avatar\/b34fc4f4e468a4e51785917065a3db57b841f5c95dba6ad8c73aaf8f66f8f9bf?s=96&d=mm&r=g\",\"caption\":\"Comunica\u00e7\u00e3o PSOL\"}}]}<\/script>\n<!-- \/ Yoast SEO plugin. -->","yoast_head_json":{"title":"Organiza\u00e7\u00f5es sociais latinoamericanas prestam solidariedade ao deputado Jean Wyllys - PSOL 50","robots":{"index":"index","follow":"follow","max-snippet":"max-snippet:-1","max-image-preview":"max-image-preview:large","max-video-preview":"max-video-preview:-1"},"canonical":"https:\/\/psol50.org.br\/organizacoes-sociais-latinoamericanas-prestam-solidariedade-ao-deputado-jean-wyllys\/","og_locale":"pt_BR","og_type":"article","og_title":"Organiza\u00e7\u00f5es sociais latinoamericanas prestam solidariedade ao deputado Jean Wyllys - PSOL 50","og_description":"Organiza\u00e7\u00f5es sociais latinoamericanas enviaram ao deputado Jean Wyllys (PSOL\/RJ) notas de solidariedade devido \u00e0 campanha difamat\u00f3ria que o deputado vem sofrendo nos \u00faltimos meses. Entre as entidades que manifestaram seu apoio a Wyllys, est\u00e3o o grupo SomosGay, do Paraguai, a FELGTB, da Espanha e o MOVILH, do Chile (clique para ler as notas). &nbsp; Baseada [&hellip;]","og_url":"https:\/\/psol50.org.br\/organizacoes-sociais-latinoamericanas-prestam-solidariedade-ao-deputado-jean-wyllys\/","og_site_name":"PSOL 50","article_publisher":"https:\/\/www.facebook.com\/psol50","article_published_time":"2013-04-19T00:00:00+00:00","og_image":[{"width":1350,"height":900,"url":"https:\/\/psol50.org.br\/inc\/uploads\/2018\/07\/capa.png","type":"image\/png"}],"author":"Comunica\u00e7\u00e3o PSOL","twitter_card":"summary_large_image","twitter_creator":"@psol50","twitter_site":"@psol50","twitter_misc":{"Escrito por":"Comunica\u00e7\u00e3o PSOL","Est. tempo de leitura":"1 minuto"},"schema":{"@context":"https:\/\/schema.org","@graph":[{"@type":"Article","@id":"https:\/\/psol50.org.br\/organizacoes-sociais-latinoamericanas-prestam-solidariedade-ao-deputado-jean-wyllys\/#article","isPartOf":{"@id":"https:\/\/psol50.org.br\/organizacoes-sociais-latinoamericanas-prestam-solidariedade-ao-deputado-jean-wyllys\/"},"author":{"name":"Comunica\u00e7\u00e3o PSOL","@id":"https:\/\/psol50.org.br\/#\/schema\/person\/475dfa57d0b815993c714c2e96491fcd"},"headline":"Organiza\u00e7\u00f5es sociais latinoamericanas prestam solidariedade ao deputado Jean Wyllys","datePublished":"2013-04-19T00:00:00+00:00","mainEntityOfPage":{"@id":"https:\/\/psol50.org.br\/organizacoes-sociais-latinoamericanas-prestam-solidariedade-ao-deputado-jean-wyllys\/"},"wordCount":245,"commentCount":0,"publisher":{"@id":"https:\/\/psol50.org.br\/#organization"},"articleSection":["A\u00e7\u00e3o Parlamentar","Arquivo"],"inLanguage":"pt-BR","potentialAction":[{"@type":"CommentAction","name":"Comment","target":["https:\/\/psol50.org.br\/organizacoes-sociais-latinoamericanas-prestam-solidariedade-ao-deputado-jean-wyllys\/#respond"]}]},{"@type":"WebPage","@id":"https:\/\/psol50.org.br\/organizacoes-sociais-latinoamericanas-prestam-solidariedade-ao-deputado-jean-wyllys\/","url":"https:\/\/psol50.org.br\/organizacoes-sociais-latinoamericanas-prestam-solidariedade-ao-deputado-jean-wyllys\/","name":"Organiza\u00e7\u00f5es sociais latinoamericanas prestam solidariedade ao deputado Jean Wyllys - PSOL 50","isPartOf":{"@id":"https:\/\/psol50.org.br\/#website"},"datePublished":"2013-04-19T00:00:00+00:00","breadcrumb":{"@id":"https:\/\/psol50.org.br\/organizacoes-sociais-latinoamericanas-prestam-solidariedade-ao-deputado-jean-wyllys\/#breadcrumb"},"inLanguage":"pt-BR","potentialAction":[{"@type":"ReadAction","target":["https:\/\/psol50.org.br\/organizacoes-sociais-latinoamericanas-prestam-solidariedade-ao-deputado-jean-wyllys\/"]}]},{"@type":"BreadcrumbList","@id":"https:\/\/psol50.org.br\/organizacoes-sociais-latinoamericanas-prestam-solidariedade-ao-deputado-jean-wyllys\/#breadcrumb","itemListElement":[{"@type":"ListItem","position":1,"name":"In\u00edcio","item":"https:\/\/psol50.org.br\/"},{"@type":"ListItem","position":2,"name":"Organiza\u00e7\u00f5es sociais latinoamericanas prestam solidariedade ao deputado Jean Wyllys"}]},{"@type":"WebSite","@id":"https:\/\/psol50.org.br\/#website","url":"https:\/\/psol50.org.br\/","name":"PSOL 50","description":"Site oficial do Partido Socialismo e Liberdade","publisher":{"@id":"https:\/\/psol50.org.br\/#organization"},"alternateName":"PSOL50","potentialAction":[{"@type":"SearchAction","target":{"@type":"EntryPoint","urlTemplate":"https:\/\/psol50.org.br\/?s={search_term_string}"},"query-input":{"@type":"PropertyValueSpecification","valueRequired":true,"valueName":"search_term_string"}}],"inLanguage":"pt-BR"},{"@type":"Organization","@id":"https:\/\/psol50.org.br\/#organization","name":"PSOL 50","alternateName":"PSOL 50","url":"https:\/\/psol50.org.br\/","logo":{"@type":"ImageObject","inLanguage":"pt-BR","@id":"https:\/\/psol50.org.br\/#\/schema\/logo\/image\/","url":"https:\/\/psol50.org.br\/inc\/uploads\/2018\/07\/capa.png","contentUrl":"https:\/\/psol50.org.br\/inc\/uploads\/2018\/07\/capa.png","width":1350,"height":900,"caption":"PSOL 50"},"image":{"@id":"https:\/\/psol50.org.br\/#\/schema\/logo\/image\/"},"sameAs":["https:\/\/www.facebook.com\/psol50","https:\/\/x.com\/psol50","https:\/\/www.instagram.com\/psol50\/","https:\/\/www.youtube.com\/channel\/UC7SnJS5o1os7a6CaiNabzcg"]},{"@type":"Person","@id":"https:\/\/psol50.org.br\/#\/schema\/person\/475dfa57d0b815993c714c2e96491fcd","name":"Comunica\u00e7\u00e3o PSOL","image":{"@type":"ImageObject","inLanguage":"pt-BR","@id":"https:\/\/psol50.org.br\/#\/schema\/person\/image\/","url":"https:\/\/secure.gravatar.com\/avatar\/b34fc4f4e468a4e51785917065a3db57b841f5c95dba6ad8c73aaf8f66f8f9bf?s=96&d=mm&r=g","contentUrl":"https:\/\/secure.gravatar.com\/avatar\/b34fc4f4e468a4e51785917065a3db57b841f5c95dba6ad8c73aaf8f66f8f9bf?s=96&d=mm&r=g","caption":"Comunica\u00e7\u00e3o PSOL"}}]}},"_links":{"self":[{"href":"https:\/\/psol50.org.br\/rest\/wp\/v2\/posts\/1927","targetHints":{"allow":["GET"]}}],"collection":[{"href":"https:\/\/psol50.org.br\/rest\/wp\/v2\/posts"}],"about":[{"href":"https:\/\/psol50.org.br\/rest\/wp\/v2\/types\/post"}],"author":[{"embeddable":true,"href":"https:\/\/psol50.org.br\/rest\/wp\/v2\/users\/2"}],"replies":[{"embeddable":true,"href":"https:\/\/psol50.org.br\/rest\/wp\/v2\/comments?post=1927"}],"version-history":[{"count":0,"href":"https:\/\/psol50.org.br\/rest\/wp\/v2\/posts\/1927\/revisions"}],"wp:attachment":[{"href":"https:\/\/psol50.org.br\/rest\/wp\/v2\/media?parent=1927"}],"wp:term":[{"taxonomy":"category","embeddable":true,"href":"https:\/\/psol50.org.br\/rest\/wp\/v2\/categories?post=1927"},{"taxonomy":"post_tag","embeddable":true,"href":"https:\/\/psol50.org.br\/rest\/wp\/v2\/tags?post=1927"}],"curies":[{"name":"wp","href":"https:\/\/api.w.org\/{rel}","templated":true}]}}