{"id":1928,"date":"2013-04-19T00:00:00","date_gmt":"2013-04-19T00:00:00","guid":{"rendered":"http:\/\/psol50.org.br\/arquivo\/2013\/04\/19\/em-meio-ao-aniversario-de-brasilia-psol-df-lanca-nota-em-que-questiona-politica-do-governo-de-agnelo\/"},"modified":"2013-04-19T00:00:00","modified_gmt":"2013-04-19T00:00:00","slug":"em-meio-ao-aniversario-de-brasilia-psol-df-lanca-nota-em-que-questiona-politica-do-governo-de-agnelo","status":"publish","type":"post","link":"https:\/\/psol50.org.br\/em-meio-ao-aniversario-de-brasilia-psol-df-lanca-nota-em-que-questiona-politica-do-governo-de-agnelo\/","title":{"rendered":"Em meio ao anivers\u00e1rio de Bras\u00edlia, PSOL-DF lan\u00e7a nota em que questiona pol\u00edtica do governo de Agnelo"},"content":{"rendered":"<div style=\"text-align: justify;\">\n\t<em>Do site do PSOL Nacional &#8211; Leonor Costa<\/em><\/p>\n<p>\t\u201cNada temos a comemorar pela passagem dos 53 anos de nossa Capital\u201d. Essa \u00e9 a frase que abre a nota elaborada esta semana pelo diret\u00f3rio do PSOL do Distrito Federal, para marcar o anivers\u00e1rio de Bras\u00edlia, comemorado no pr\u00f3ximo domingo, 21 de abril. O documento, que ser\u00e1 distribu\u00eddo nos locais p\u00fablicos e nas feiras das cidades do Distrito Federal, afirma que a popula\u00e7\u00e3o do DF se encontra indignada com a pol\u00edtica do atual governo do PT, PMDB e aliados. \u201cPodemos dizer que o atual governo do DF rasga todos os ideais dos fundadores de Bras\u00edlia. (&#8230;) O quadro dos servi\u00e7os p\u00fablicos tem se deteriorado, a ponto de sete crian\u00e7as rec\u00e9m nascidas terem morrido na maternidade do Hospital Regional de Ceil\u00e2ndia por infec\u00e7\u00e3o hospitalar. Os demais servi\u00e7os p\u00fablicos, como transporte, educa\u00e7\u00e3o, seguran\u00e7a p\u00fablica, infra-estrutura urbana, dentre outros, tamb\u00e9m est\u00e3o em p\u00e9ssimas condi\u00e7\u00f5es. O povo do Distrito Federal tem sofrido com essa situa\u00e7\u00e3o\u201d, afirma trecho da nota.<br \/>\n\t&nbsp;<br \/>\n\tAinda no in\u00edcio da noite desta sexta-feira (19), militantes do PSOL do DF far\u00e3o uma panfletagem na regi\u00e3o pr\u00f3xima \u00e0 Rodovi\u00e1ria do Plano Piloto, onde tem uma grande concentra\u00e7\u00e3o de trabalhadores e de usu\u00e1rios do transporte p\u00fablico. No domingo (21), a milit\u00e2ncia distribuir\u00e1 a nota nas festividades que marcar\u00e3o o anivers\u00e1rio de Bras\u00edlia. A ideia, segundo o dirigente do diret\u00f3rio do PSOL-DF Alexandre Varela, \u00e9 aproveitar as pessoas que ir\u00e3o participar das comemora\u00e7\u00f5es dos 53 anos da cidade para denunciar, por meio da nota, o descaso com que o governo Agnelo tem tratado os problemas da popula\u00e7\u00e3o do Distrito Federal. Nos pr\u00f3ximos finais de semana, conforme explicou Varela, a nota ser\u00e1 distribu\u00edda nas feiras das v\u00e1rias cidades do DF. &nbsp;<br \/>\n\t&nbsp;<br \/>\n\t<strong>Governo do DF est\u00e1 entre os piores<\/strong><br \/>\n\tA nota do PSOL-DF, intitulada \u201cAgnelo: o pior governador do Brasil\u201d, afirma que a popula\u00e7\u00e3o do DF tem reagido contra a situa\u00e7\u00e3o de abandono que a cidade vive hoje e que o governo do DF \u00e9 o pior, conforme apontam v\u00e1rias pesquisas. \u201cSegundo pesquisas de in\u00fameros institutos, o governo do Distrito Federal tem a pior avalia\u00e7\u00e3o dentre os governos estaduais de todo o Brasil. N\u00e3o \u00e9 a toa que ningu\u00e9m fica sabendo dos resultados das pesquisas, pois o governo esconde tudo da opini\u00e3o p\u00fablica. Por tudo isso, o PSOL conclama nosso povo \u00e0 reflex\u00e3o nesse 21 de abril e que possamos unir cada vez mais, amplas parcelas de nosso povo contra o desgoverno que tomou conta da nossa Capital\u201d, denuncia a nota.<\/p>\n<p>\tLeia abaixo o conte\u00fado da nota do PSOL-DF.<\/p>\n<p>\n\t&nbsp;<img decoding=\"async\" alt=\"\" src=\"http:\/\/www.psol50.org.br\/store\/imagens\/Panfleto PSOL DF - Agnelo - 19-04.jpg\" \/><\/div>\n","protected":false},"excerpt":{"rendered":"<p>Do site do PSOL Nacional &#8211; Leonor Costa \u201cNada temos a comemorar pela passagem dos 53 anos de nossa Capital\u201d. Essa \u00e9 a frase que abre a nota elaborada esta semana pelo diret\u00f3rio do PSOL do Distrito Federal, para marcar o anivers\u00e1rio de Bras\u00edlia, comemorado no pr\u00f3ximo domingo, 21 de abril. O documento, que ser\u00e1 [&hellip;]<\/p>\n","protected":false},"author":2,"featured_media":0,"comment_status":"open","ping_status":"open","sticky":false,"template":"","format":"standard","meta":{"_acf_changed":false,"footnotes":""},"categories":[4766],"tags":[22],"class_list":{"0":"post-1928","1":"post","2":"type-post","3":"status-publish","4":"format-standard","6":"category-arquivo","7":"tag-psol"},"acf":[],"yoast_head":"<!-- This site is optimized with the Yoast SEO plugin v26.5 - https:\/\/yoast.com\/wordpress\/plugins\/seo\/ -->\n<title>Em meio ao anivers\u00e1rio de Bras\u00edlia, PSOL-DF lan\u00e7a nota em que questiona pol\u00edtica do governo de Agnelo - PSOL 50<\/title>\n<meta name=\"robots\" content=\"index, follow, max-snippet:-1, max-image-preview:large, max-video-preview:-1\" \/>\n<link rel=\"canonical\" href=\"https:\/\/psol50.org.br\/em-meio-ao-aniversario-de-brasilia-psol-df-lanca-nota-em-que-questiona-politica-do-governo-de-agnelo\/\" \/>\n<meta property=\"og:locale\" content=\"pt_BR\" \/>\n<meta property=\"og:type\" content=\"article\" \/>\n<meta property=\"og:title\" content=\"Em meio ao anivers\u00e1rio de Bras\u00edlia, PSOL-DF lan\u00e7a nota em que questiona pol\u00edtica do governo de Agnelo - PSOL 50\" \/>\n<meta property=\"og:description\" content=\"Do site do PSOL Nacional &#8211; Leonor Costa \u201cNada temos a comemorar pela passagem dos 53 anos de nossa Capital\u201d. Essa \u00e9 a frase que abre a nota elaborada esta semana pelo diret\u00f3rio do PSOL do Distrito Federal, para marcar o anivers\u00e1rio de Bras\u00edlia, comemorado no pr\u00f3ximo domingo, 21 de abril. O documento, que ser\u00e1 [&hellip;]\" \/>\n<meta property=\"og:url\" content=\"https:\/\/psol50.org.br\/em-meio-ao-aniversario-de-brasilia-psol-df-lanca-nota-em-que-questiona-politica-do-governo-de-agnelo\/\" \/>\n<meta property=\"og:site_name\" content=\"PSOL 50\" \/>\n<meta property=\"article:publisher\" content=\"https:\/\/www.facebook.com\/psol50\" \/>\n<meta property=\"article:published_time\" content=\"2013-04-19T00:00:00+00:00\" \/>\n<meta property=\"og:image\" content=\"http:\/\/www.psol50.org.br\/store\/imagens\/Panfleto%20PSOL%20DF%20-%20Agnelo%20-%2019-04.jpg\" \/>\n<meta name=\"author\" content=\"Comunica\u00e7\u00e3o PSOL\" \/>\n<meta name=\"twitter:card\" content=\"summary_large_image\" \/>\n<meta name=\"twitter:creator\" content=\"@psol50\" \/>\n<meta name=\"twitter:site\" content=\"@psol50\" \/>\n<meta name=\"twitter:label1\" content=\"Escrito por\" \/>\n\t<meta name=\"twitter:data1\" content=\"Comunica\u00e7\u00e3o PSOL\" \/>\n\t<meta name=\"twitter:label2\" content=\"Est. tempo de leitura\" \/>\n\t<meta name=\"twitter:data2\" content=\"2 minutos\" \/>\n<script type=\"application\/ld+json\" class=\"yoast-schema-graph\">{\"@context\":\"https:\/\/schema.org\",\"@graph\":[{\"@type\":\"Article\",\"@id\":\"https:\/\/psol50.org.br\/em-meio-ao-aniversario-de-brasilia-psol-df-lanca-nota-em-que-questiona-politica-do-governo-de-agnelo\/#article\",\"isPartOf\":{\"@id\":\"https:\/\/psol50.org.br\/em-meio-ao-aniversario-de-brasilia-psol-df-lanca-nota-em-que-questiona-politica-do-governo-de-agnelo\/\"},\"author\":{\"name\":\"Comunica\u00e7\u00e3o PSOL\",\"@id\":\"https:\/\/psol50.org.br\/#\/schema\/person\/475dfa57d0b815993c714c2e96491fcd\"},\"headline\":\"Em meio ao anivers\u00e1rio de Bras\u00edlia, PSOL-DF lan\u00e7a nota em que questiona pol\u00edtica do governo de Agnelo\",\"datePublished\":\"2013-04-19T00:00:00+00:00\",\"mainEntityOfPage\":{\"@id\":\"https:\/\/psol50.org.br\/em-meio-ao-aniversario-de-brasilia-psol-df-lanca-nota-em-que-questiona-politica-do-governo-de-agnelo\/\"},\"wordCount\":486,\"commentCount\":0,\"publisher\":{\"@id\":\"https:\/\/psol50.org.br\/#organization\"},\"keywords\":[\"PSOL\"],\"articleSection\":[\"Arquivo\"],\"inLanguage\":\"pt-BR\",\"potentialAction\":[{\"@type\":\"CommentAction\",\"name\":\"Comment\",\"target\":[\"https:\/\/psol50.org.br\/em-meio-ao-aniversario-de-brasilia-psol-df-lanca-nota-em-que-questiona-politica-do-governo-de-agnelo\/#respond\"]}]},{\"@type\":\"WebPage\",\"@id\":\"https:\/\/psol50.org.br\/em-meio-ao-aniversario-de-brasilia-psol-df-lanca-nota-em-que-questiona-politica-do-governo-de-agnelo\/\",\"url\":\"https:\/\/psol50.org.br\/em-meio-ao-aniversario-de-brasilia-psol-df-lanca-nota-em-que-questiona-politica-do-governo-de-agnelo\/\",\"name\":\"Em meio ao anivers\u00e1rio de Bras\u00edlia, PSOL-DF lan\u00e7a nota em que questiona pol\u00edtica do governo de Agnelo - PSOL 50\",\"isPartOf\":{\"@id\":\"https:\/\/psol50.org.br\/#website\"},\"datePublished\":\"2013-04-19T00:00:00+00:00\",\"breadcrumb\":{\"@id\":\"https:\/\/psol50.org.br\/em-meio-ao-aniversario-de-brasilia-psol-df-lanca-nota-em-que-questiona-politica-do-governo-de-agnelo\/#breadcrumb\"},\"inLanguage\":\"pt-BR\",\"potentialAction\":[{\"@type\":\"ReadAction\",\"target\":[\"https:\/\/psol50.org.br\/em-meio-ao-aniversario-de-brasilia-psol-df-lanca-nota-em-que-questiona-politica-do-governo-de-agnelo\/\"]}]},{\"@type\":\"BreadcrumbList\",\"@id\":\"https:\/\/psol50.org.br\/em-meio-ao-aniversario-de-brasilia-psol-df-lanca-nota-em-que-questiona-politica-do-governo-de-agnelo\/#breadcrumb\",\"itemListElement\":[{\"@type\":\"ListItem\",\"position\":1,\"name\":\"In\u00edcio\",\"item\":\"https:\/\/psol50.org.br\/\"},{\"@type\":\"ListItem\",\"position\":2,\"name\":\"Em meio ao anivers\u00e1rio de Bras\u00edlia, PSOL-DF lan\u00e7a nota em que questiona pol\u00edtica do governo de Agnelo\"}]},{\"@type\":\"WebSite\",\"@id\":\"https:\/\/psol50.org.br\/#website\",\"url\":\"https:\/\/psol50.org.br\/\",\"name\":\"PSOL 50\",\"description\":\"Site oficial do Partido Socialismo e Liberdade\",\"publisher\":{\"@id\":\"https:\/\/psol50.org.br\/#organization\"},\"alternateName\":\"PSOL50\",\"potentialAction\":[{\"@type\":\"SearchAction\",\"target\":{\"@type\":\"EntryPoint\",\"urlTemplate\":\"https:\/\/psol50.org.br\/?s={search_term_string}\"},\"query-input\":{\"@type\":\"PropertyValueSpecification\",\"valueRequired\":true,\"valueName\":\"search_term_string\"}}],\"inLanguage\":\"pt-BR\"},{\"@type\":\"Organization\",\"@id\":\"https:\/\/psol50.org.br\/#organization\",\"name\":\"PSOL 50\",\"alternateName\":\"PSOL 50\",\"url\":\"https:\/\/psol50.org.br\/\",\"logo\":{\"@type\":\"ImageObject\",\"inLanguage\":\"pt-BR\",\"@id\":\"https:\/\/psol50.org.br\/#\/schema\/logo\/image\/\",\"url\":\"https:\/\/psol50.org.br\/inc\/uploads\/2018\/07\/capa.png\",\"contentUrl\":\"https:\/\/psol50.org.br\/inc\/uploads\/2018\/07\/capa.png\",\"width\":1350,\"height\":900,\"caption\":\"PSOL 50\"},\"image\":{\"@id\":\"https:\/\/psol50.org.br\/#\/schema\/logo\/image\/\"},\"sameAs\":[\"https:\/\/www.facebook.com\/psol50\",\"https:\/\/x.com\/psol50\",\"https:\/\/www.instagram.com\/psol50\/\",\"https:\/\/www.youtube.com\/channel\/UC7SnJS5o1os7a6CaiNabzcg\"]},{\"@type\":\"Person\",\"@id\":\"https:\/\/psol50.org.br\/#\/schema\/person\/475dfa57d0b815993c714c2e96491fcd\",\"name\":\"Comunica\u00e7\u00e3o PSOL\",\"image\":{\"@type\":\"ImageObject\",\"inLanguage\":\"pt-BR\",\"@id\":\"https:\/\/psol50.org.br\/#\/schema\/person\/image\/\",\"url\":\"https:\/\/secure.gravatar.com\/avatar\/b34fc4f4e468a4e51785917065a3db57b841f5c95dba6ad8c73aaf8f66f8f9bf?s=96&d=mm&r=g\",\"contentUrl\":\"https:\/\/secure.gravatar.com\/avatar\/b34fc4f4e468a4e51785917065a3db57b841f5c95dba6ad8c73aaf8f66f8f9bf?s=96&d=mm&r=g\",\"caption\":\"Comunica\u00e7\u00e3o PSOL\"}}]}<\/script>\n<!-- \/ Yoast SEO plugin. -->","yoast_head_json":{"title":"Em meio ao anivers\u00e1rio de Bras\u00edlia, PSOL-DF lan\u00e7a nota em que questiona pol\u00edtica do governo de Agnelo - PSOL 50","robots":{"index":"index","follow":"follow","max-snippet":"max-snippet:-1","max-image-preview":"max-image-preview:large","max-video-preview":"max-video-preview:-1"},"canonical":"https:\/\/psol50.org.br\/em-meio-ao-aniversario-de-brasilia-psol-df-lanca-nota-em-que-questiona-politica-do-governo-de-agnelo\/","og_locale":"pt_BR","og_type":"article","og_title":"Em meio ao anivers\u00e1rio de Bras\u00edlia, PSOL-DF lan\u00e7a nota em que questiona pol\u00edtica do governo de Agnelo - PSOL 50","og_description":"Do site do PSOL Nacional &#8211; Leonor Costa \u201cNada temos a comemorar pela passagem dos 53 anos de nossa Capital\u201d. Essa \u00e9 a frase que abre a nota elaborada esta semana pelo diret\u00f3rio do PSOL do Distrito Federal, para marcar o anivers\u00e1rio de Bras\u00edlia, comemorado no pr\u00f3ximo domingo, 21 de abril. O documento, que ser\u00e1 [&hellip;]","og_url":"https:\/\/psol50.org.br\/em-meio-ao-aniversario-de-brasilia-psol-df-lanca-nota-em-que-questiona-politica-do-governo-de-agnelo\/","og_site_name":"PSOL 50","article_publisher":"https:\/\/www.facebook.com\/psol50","article_published_time":"2013-04-19T00:00:00+00:00","og_image":[{"url":"http:\/\/www.psol50.org.br\/store\/imagens\/Panfleto PSOL DF - Agnelo - 19-04.jpg","type":"","width":"","height":""}],"author":"Comunica\u00e7\u00e3o PSOL","twitter_card":"summary_large_image","twitter_creator":"@psol50","twitter_site":"@psol50","twitter_misc":{"Escrito por":"Comunica\u00e7\u00e3o PSOL","Est. tempo de leitura":"2 minutos"},"schema":{"@context":"https:\/\/schema.org","@graph":[{"@type":"Article","@id":"https:\/\/psol50.org.br\/em-meio-ao-aniversario-de-brasilia-psol-df-lanca-nota-em-que-questiona-politica-do-governo-de-agnelo\/#article","isPartOf":{"@id":"https:\/\/psol50.org.br\/em-meio-ao-aniversario-de-brasilia-psol-df-lanca-nota-em-que-questiona-politica-do-governo-de-agnelo\/"},"author":{"name":"Comunica\u00e7\u00e3o PSOL","@id":"https:\/\/psol50.org.br\/#\/schema\/person\/475dfa57d0b815993c714c2e96491fcd"},"headline":"Em meio ao anivers\u00e1rio de Bras\u00edlia, PSOL-DF lan\u00e7a nota em que questiona pol\u00edtica do governo de Agnelo","datePublished":"2013-04-19T00:00:00+00:00","mainEntityOfPage":{"@id":"https:\/\/psol50.org.br\/em-meio-ao-aniversario-de-brasilia-psol-df-lanca-nota-em-que-questiona-politica-do-governo-de-agnelo\/"},"wordCount":486,"commentCount":0,"publisher":{"@id":"https:\/\/psol50.org.br\/#organization"},"keywords":["PSOL"],"articleSection":["Arquivo"],"inLanguage":"pt-BR","potentialAction":[{"@type":"CommentAction","name":"Comment","target":["https:\/\/psol50.org.br\/em-meio-ao-aniversario-de-brasilia-psol-df-lanca-nota-em-que-questiona-politica-do-governo-de-agnelo\/#respond"]}]},{"@type":"WebPage","@id":"https:\/\/psol50.org.br\/em-meio-ao-aniversario-de-brasilia-psol-df-lanca-nota-em-que-questiona-politica-do-governo-de-agnelo\/","url":"https:\/\/psol50.org.br\/em-meio-ao-aniversario-de-brasilia-psol-df-lanca-nota-em-que-questiona-politica-do-governo-de-agnelo\/","name":"Em meio ao anivers\u00e1rio de Bras\u00edlia, PSOL-DF lan\u00e7a nota em que questiona pol\u00edtica do governo de Agnelo - PSOL 50","isPartOf":{"@id":"https:\/\/psol50.org.br\/#website"},"datePublished":"2013-04-19T00:00:00+00:00","breadcrumb":{"@id":"https:\/\/psol50.org.br\/em-meio-ao-aniversario-de-brasilia-psol-df-lanca-nota-em-que-questiona-politica-do-governo-de-agnelo\/#breadcrumb"},"inLanguage":"pt-BR","potentialAction":[{"@type":"ReadAction","target":["https:\/\/psol50.org.br\/em-meio-ao-aniversario-de-brasilia-psol-df-lanca-nota-em-que-questiona-politica-do-governo-de-agnelo\/"]}]},{"@type":"BreadcrumbList","@id":"https:\/\/psol50.org.br\/em-meio-ao-aniversario-de-brasilia-psol-df-lanca-nota-em-que-questiona-politica-do-governo-de-agnelo\/#breadcrumb","itemListElement":[{"@type":"ListItem","position":1,"name":"In\u00edcio","item":"https:\/\/psol50.org.br\/"},{"@type":"ListItem","position":2,"name":"Em meio ao anivers\u00e1rio de Bras\u00edlia, PSOL-DF lan\u00e7a nota em que questiona pol\u00edtica do governo de Agnelo"}]},{"@type":"WebSite","@id":"https:\/\/psol50.org.br\/#website","url":"https:\/\/psol50.org.br\/","name":"PSOL 50","description":"Site oficial do Partido Socialismo e Liberdade","publisher":{"@id":"https:\/\/psol50.org.br\/#organization"},"alternateName":"PSOL50","potentialAction":[{"@type":"SearchAction","target":{"@type":"EntryPoint","urlTemplate":"https:\/\/psol50.org.br\/?s={search_term_string}"},"query-input":{"@type":"PropertyValueSpecification","valueRequired":true,"valueName":"search_term_string"}}],"inLanguage":"pt-BR"},{"@type":"Organization","@id":"https:\/\/psol50.org.br\/#organization","name":"PSOL 50","alternateName":"PSOL 50","url":"https:\/\/psol50.org.br\/","logo":{"@type":"ImageObject","inLanguage":"pt-BR","@id":"https:\/\/psol50.org.br\/#\/schema\/logo\/image\/","url":"https:\/\/psol50.org.br\/inc\/uploads\/2018\/07\/capa.png","contentUrl":"https:\/\/psol50.org.br\/inc\/uploads\/2018\/07\/capa.png","width":1350,"height":900,"caption":"PSOL 50"},"image":{"@id":"https:\/\/psol50.org.br\/#\/schema\/logo\/image\/"},"sameAs":["https:\/\/www.facebook.com\/psol50","https:\/\/x.com\/psol50","https:\/\/www.instagram.com\/psol50\/","https:\/\/www.youtube.com\/channel\/UC7SnJS5o1os7a6CaiNabzcg"]},{"@type":"Person","@id":"https:\/\/psol50.org.br\/#\/schema\/person\/475dfa57d0b815993c714c2e96491fcd","name":"Comunica\u00e7\u00e3o PSOL","image":{"@type":"ImageObject","inLanguage":"pt-BR","@id":"https:\/\/psol50.org.br\/#\/schema\/person\/image\/","url":"https:\/\/secure.gravatar.com\/avatar\/b34fc4f4e468a4e51785917065a3db57b841f5c95dba6ad8c73aaf8f66f8f9bf?s=96&d=mm&r=g","contentUrl":"https:\/\/secure.gravatar.com\/avatar\/b34fc4f4e468a4e51785917065a3db57b841f5c95dba6ad8c73aaf8f66f8f9bf?s=96&d=mm&r=g","caption":"Comunica\u00e7\u00e3o PSOL"}}]}},"_links":{"self":[{"href":"https:\/\/psol50.org.br\/rest\/wp\/v2\/posts\/1928","targetHints":{"allow":["GET"]}}],"collection":[{"href":"https:\/\/psol50.org.br\/rest\/wp\/v2\/posts"}],"about":[{"href":"https:\/\/psol50.org.br\/rest\/wp\/v2\/types\/post"}],"author":[{"embeddable":true,"href":"https:\/\/psol50.org.br\/rest\/wp\/v2\/users\/2"}],"replies":[{"embeddable":true,"href":"https:\/\/psol50.org.br\/rest\/wp\/v2\/comments?post=1928"}],"version-history":[{"count":0,"href":"https:\/\/psol50.org.br\/rest\/wp\/v2\/posts\/1928\/revisions"}],"wp:attachment":[{"href":"https:\/\/psol50.org.br\/rest\/wp\/v2\/media?parent=1928"}],"wp:term":[{"taxonomy":"category","embeddable":true,"href":"https:\/\/psol50.org.br\/rest\/wp\/v2\/categories?post=1928"},{"taxonomy":"post_tag","embeddable":true,"href":"https:\/\/psol50.org.br\/rest\/wp\/v2\/tags?post=1928"}],"curies":[{"name":"wp","href":"https:\/\/api.w.org\/{rel}","templated":true}]}}