{"id":19281,"date":"2017-12-13T09:49:27","date_gmt":"2017-12-13T11:49:27","guid":{"rendered":"http:\/\/www.psol50.org.br\/?p=19281"},"modified":"2017-12-13T09:49:27","modified_gmt":"2017-12-13T11:49:27","slug":"juliano-medeiros-destaca-em-artigo-o-papel-do-psol-na-reorganizacao-da-esquerda","status":"publish","type":"post","link":"https:\/\/psol50.org.br\/juliano-medeiros-destaca-em-artigo-o-papel-do-psol-na-reorganizacao-da-esquerda\/","title":{"rendered":"Juliano Medeiros destaca, em artigo, o papel do PSOL na reorganiza\u00e7\u00e3o da esquerda"},"content":{"rendered":"<p>Em <span style=\"color: #000000;\">artigo <\/span>publicado nesta quarta-feira (13), no site do jornal <a href=\"http:\/\/www1.folha.uol.com.br\/opiniao\/2017\/12\/1942838-pes-no-chao-e-sem-medo-de-lutar.shtml\" target=\"_blank\" rel=\"noopener\"><em><span style=\"color: #000080;\">Folha de S\u00e3o Paulo<\/span><\/em><\/a>, o presidente nacional do PSOL eleito no 6\u00ba Congresso Nacional, <a href=\"https:\/\/www.facebook.com\/medeirosjuliano\/\" target=\"_blank\" rel=\"noopener\"><strong><span style=\"color: #000080;\">Juliano Medeiros<\/span><\/strong><\/a>, aponta os desafios que o partido deve enfrentar no pr\u00f3ximo per\u00edodo, no processo de reorganiza\u00e7\u00e3o da esquerda brasileira. Intitulado &#8220;Com os p\u00e9s no ch\u00e3o e sem medo de lutar&#8221;, o texto d\u00e1 um recado preciso para a sociedade brasileira e tamb\u00e9m para a milit\u00e2ncia do partido: &#8220;Estamos prontos para assumir a responsabilidade de colaborar com o processo de reorganiza\u00e7\u00e3o da esquerda brasileira&#8221;.<\/p>\n<p>Medeiros, que atualmente preside a Funda\u00e7\u00e3o Lauro Campos e \u00e9 coordenador pol\u00edtico da bancada do PSOL na C\u00e2mara, faz um hist\u00f3rico do que marcou o cen\u00e1rio pol\u00edtico no \u00faltimo ano, com destaque para as pol\u00edticas de ajuste fiscal do governo de Michel Temer, que tem amea\u00e7ado, diuturnamente, os direitos da popula\u00e7\u00e3o brasileira.<\/p>\n<p>&#8220;O ano de 2017 est\u00e1 chegando ao fim. Foi um ano marcado por retrocessos, como a implementa\u00e7\u00e3o da Emenda Constitucional 95, que congela os investimentos p\u00fablicos por 20 anos, a reforma trabalhista, que retira conquistas hist\u00f3ricas dos trabalhadores e trabalhadoras, a mudan\u00e7a no regime de explora\u00e7\u00e3o do pr\u00e9-sal \u2014da partilha para a concess\u00e3o\u2014 e a retomada das privatiza\u00e7\u00f5es em massa&#8221;.<\/p>\n<p>Em rela\u00e7\u00e3o \u00e0 participa\u00e7\u00e3o do partido nas elei\u00e7\u00f5es de 2018, o novo presidente ressalta que o PSOL\u00a0seguir\u00e1 apostando na constru\u00e7\u00e3o de uma ampla frente social contra os ataques de Temer e seu governo. &#8220;Essa frente, por\u00e9m, n\u00e3o deve ser confundida com uma frente eleitoral: nas elei\u00e7\u00f5es do pr\u00f3ximo ano o PSOL apresentar\u00e1 candidatura pr\u00f3pria \u00e0 Presid\u00eancia da Rep\u00fablica. Acreditamos que nosso partido pode oferecer um nome que represente n\u00e3o s\u00f3 a resist\u00eancia aos ataques promovidos por Temer, mas uma amplia\u00e7\u00e3o para al\u00e9m das fileiras partid\u00e1rias, expressando o ac\u00famulo das lutas dos movimentos sociais combativos, da Frente Povo Sem Medo e dos embates no parlamento&#8221;.<\/p>\n<p><a href=\"http:\/\/www.psol50.org.br\/juliano-medeiros-com-os-pes-no-chao-e-sem-medo-de-lutar\/\" target=\"_blank\" rel=\"noopener\"><strong><span style=\"color: #000080;\">Leia, aqui, o artigo completo<\/span><\/strong><\/a>.<\/p>\n","protected":false},"excerpt":{"rendered":"<p>Em artigo publicado nesta quarta-feira (13), no site do jornal Folha de S\u00e3o Paulo, o presidente nacional do PSOL eleito no 6\u00ba Congresso Nacional, Juliano Medeiros, aponta os desafios que o partido deve enfrentar no pr\u00f3ximo per\u00edodo, no processo de reorganiza\u00e7\u00e3o da esquerda brasileira. Intitulado &#8220;Com os p\u00e9s no ch\u00e3o e sem medo de lutar&#8221;, [&hellip;]<\/p>\n","protected":false},"author":2,"featured_media":19282,"comment_status":"open","ping_status":"open","sticky":false,"template":"","format":"standard","meta":{"_acf_changed":false,"footnotes":""},"categories":[1882,2165,6],"tags":[266,1604,387,259,1748,1945,22],"class_list":{"0":"post-19281","1":"post","2":"type-post","3":"status-publish","4":"format-standard","5":"has-post-thumbnail","7":"category-brasil","8":"category-eleicoes-2018","9":"category-noticias","10":"tag-artigo","11":"tag-eleicoes-2018","12":"tag-governo","13":"tag-juliano-medeiros","14":"tag-michel-temer","15":"tag-povo-sem-medo","16":"tag-psol"},"acf":[],"yoast_head":"<!-- This site is optimized with the Yoast SEO plugin v26.5 - https:\/\/yoast.com\/wordpress\/plugins\/seo\/ -->\n<title>Juliano Medeiros destaca, em artigo, o papel do PSOL na reorganiza\u00e7\u00e3o da esquerda - PSOL 50<\/title>\n<meta name=\"robots\" content=\"index, follow, max-snippet:-1, max-image-preview:large, max-video-preview:-1\" \/>\n<link rel=\"canonical\" href=\"https:\/\/psol50.org.br\/juliano-medeiros-destaca-em-artigo-o-papel-do-psol-na-reorganizacao-da-esquerda\/\" \/>\n<meta property=\"og:locale\" content=\"pt_BR\" \/>\n<meta property=\"og:type\" content=\"article\" \/>\n<meta property=\"og:title\" content=\"Juliano Medeiros destaca, em artigo, o papel do PSOL na reorganiza\u00e7\u00e3o da esquerda - PSOL 50\" \/>\n<meta property=\"og:description\" content=\"Em artigo publicado nesta quarta-feira (13), no site do jornal Folha de S\u00e3o Paulo, o presidente nacional do PSOL eleito no 6\u00ba Congresso Nacional, Juliano Medeiros, aponta os desafios que o partido deve enfrentar no pr\u00f3ximo per\u00edodo, no processo de reorganiza\u00e7\u00e3o da esquerda brasileira. Intitulado &#8220;Com os p\u00e9s no ch\u00e3o e sem medo de lutar&#8221;, [&hellip;]\" \/>\n<meta property=\"og:url\" content=\"https:\/\/psol50.org.br\/juliano-medeiros-destaca-em-artigo-o-papel-do-psol-na-reorganizacao-da-esquerda\/\" \/>\n<meta property=\"og:site_name\" content=\"PSOL 50\" \/>\n<meta property=\"article:publisher\" content=\"https:\/\/www.facebook.com\/psol50\" \/>\n<meta property=\"article:published_time\" content=\"2017-12-13T11:49:27+00:00\" \/>\n<meta property=\"og:image\" content=\"https:\/\/psol50.org.br\/inc\/uploads\/2018\/07\/capa.png\" \/>\n\t<meta property=\"og:image:width\" content=\"1350\" \/>\n\t<meta property=\"og:image:height\" content=\"900\" \/>\n\t<meta property=\"og:image:type\" content=\"image\/png\" \/>\n<meta name=\"author\" content=\"Comunica\u00e7\u00e3o PSOL\" \/>\n<meta name=\"twitter:card\" content=\"summary_large_image\" \/>\n<meta name=\"twitter:creator\" content=\"@psol50\" \/>\n<meta name=\"twitter:site\" content=\"@psol50\" \/>\n<meta name=\"twitter:label1\" content=\"Escrito por\" \/>\n\t<meta name=\"twitter:data1\" content=\"Comunica\u00e7\u00e3o PSOL\" \/>\n\t<meta name=\"twitter:label2\" content=\"Est. tempo de leitura\" \/>\n\t<meta name=\"twitter:data2\" content=\"2 minutos\" \/>\n<script type=\"application\/ld+json\" class=\"yoast-schema-graph\">{\"@context\":\"https:\/\/schema.org\",\"@graph\":[{\"@type\":\"Article\",\"@id\":\"https:\/\/psol50.org.br\/juliano-medeiros-destaca-em-artigo-o-papel-do-psol-na-reorganizacao-da-esquerda\/#article\",\"isPartOf\":{\"@id\":\"https:\/\/psol50.org.br\/juliano-medeiros-destaca-em-artigo-o-papel-do-psol-na-reorganizacao-da-esquerda\/\"},\"author\":{\"name\":\"Comunica\u00e7\u00e3o PSOL\",\"@id\":\"https:\/\/psol50.org.br\/#\/schema\/person\/475dfa57d0b815993c714c2e96491fcd\"},\"headline\":\"Juliano Medeiros destaca, em artigo, o papel do PSOL na reorganiza\u00e7\u00e3o da esquerda\",\"datePublished\":\"2017-12-13T11:49:27+00:00\",\"mainEntityOfPage\":{\"@id\":\"https:\/\/psol50.org.br\/juliano-medeiros-destaca-em-artigo-o-papel-do-psol-na-reorganizacao-da-esquerda\/\"},\"wordCount\":358,\"commentCount\":0,\"publisher\":{\"@id\":\"https:\/\/psol50.org.br\/#organization\"},\"image\":{\"@id\":\"https:\/\/psol50.org.br\/juliano-medeiros-destaca-em-artigo-o-papel-do-psol-na-reorganizacao-da-esquerda\/#primaryimage\"},\"thumbnailUrl\":\"\",\"keywords\":[\"artigo\",\"Elei\u00e7\u00f5es 2018\",\"governo\",\"Juliano Medeiros\",\"Michel Temer\",\"Povo Sem medo\",\"PSOL\"],\"articleSection\":[\"Brasil\",\"Elei\u00e7\u00f5es 2018\",\"Not\u00edcias\"],\"inLanguage\":\"pt-BR\",\"potentialAction\":[{\"@type\":\"CommentAction\",\"name\":\"Comment\",\"target\":[\"https:\/\/psol50.org.br\/juliano-medeiros-destaca-em-artigo-o-papel-do-psol-na-reorganizacao-da-esquerda\/#respond\"]}]},{\"@type\":\"WebPage\",\"@id\":\"https:\/\/psol50.org.br\/juliano-medeiros-destaca-em-artigo-o-papel-do-psol-na-reorganizacao-da-esquerda\/\",\"url\":\"https:\/\/psol50.org.br\/juliano-medeiros-destaca-em-artigo-o-papel-do-psol-na-reorganizacao-da-esquerda\/\",\"name\":\"Juliano Medeiros destaca, em artigo, o papel do PSOL na reorganiza\u00e7\u00e3o da esquerda - PSOL 50\",\"isPartOf\":{\"@id\":\"https:\/\/psol50.org.br\/#website\"},\"primaryImageOfPage\":{\"@id\":\"https:\/\/psol50.org.br\/juliano-medeiros-destaca-em-artigo-o-papel-do-psol-na-reorganizacao-da-esquerda\/#primaryimage\"},\"image\":{\"@id\":\"https:\/\/psol50.org.br\/juliano-medeiros-destaca-em-artigo-o-papel-do-psol-na-reorganizacao-da-esquerda\/#primaryimage\"},\"thumbnailUrl\":\"\",\"datePublished\":\"2017-12-13T11:49:27+00:00\",\"breadcrumb\":{\"@id\":\"https:\/\/psol50.org.br\/juliano-medeiros-destaca-em-artigo-o-papel-do-psol-na-reorganizacao-da-esquerda\/#breadcrumb\"},\"inLanguage\":\"pt-BR\",\"potentialAction\":[{\"@type\":\"ReadAction\",\"target\":[\"https:\/\/psol50.org.br\/juliano-medeiros-destaca-em-artigo-o-papel-do-psol-na-reorganizacao-da-esquerda\/\"]}]},{\"@type\":\"ImageObject\",\"inLanguage\":\"pt-BR\",\"@id\":\"https:\/\/psol50.org.br\/juliano-medeiros-destaca-em-artigo-o-papel-do-psol-na-reorganizacao-da-esquerda\/#primaryimage\",\"url\":\"\",\"contentUrl\":\"\"},{\"@type\":\"BreadcrumbList\",\"@id\":\"https:\/\/psol50.org.br\/juliano-medeiros-destaca-em-artigo-o-papel-do-psol-na-reorganizacao-da-esquerda\/#breadcrumb\",\"itemListElement\":[{\"@type\":\"ListItem\",\"position\":1,\"name\":\"In\u00edcio\",\"item\":\"https:\/\/psol50.org.br\/\"},{\"@type\":\"ListItem\",\"position\":2,\"name\":\"Juliano Medeiros destaca, em artigo, o papel do PSOL na reorganiza\u00e7\u00e3o da esquerda\"}]},{\"@type\":\"WebSite\",\"@id\":\"https:\/\/psol50.org.br\/#website\",\"url\":\"https:\/\/psol50.org.br\/\",\"name\":\"PSOL 50\",\"description\":\"Site oficial do Partido Socialismo e Liberdade\",\"publisher\":{\"@id\":\"https:\/\/psol50.org.br\/#organization\"},\"alternateName\":\"PSOL50\",\"potentialAction\":[{\"@type\":\"SearchAction\",\"target\":{\"@type\":\"EntryPoint\",\"urlTemplate\":\"https:\/\/psol50.org.br\/?s={search_term_string}\"},\"query-input\":{\"@type\":\"PropertyValueSpecification\",\"valueRequired\":true,\"valueName\":\"search_term_string\"}}],\"inLanguage\":\"pt-BR\"},{\"@type\":\"Organization\",\"@id\":\"https:\/\/psol50.org.br\/#organization\",\"name\":\"PSOL 50\",\"alternateName\":\"PSOL 50\",\"url\":\"https:\/\/psol50.org.br\/\",\"logo\":{\"@type\":\"ImageObject\",\"inLanguage\":\"pt-BR\",\"@id\":\"https:\/\/psol50.org.br\/#\/schema\/logo\/image\/\",\"url\":\"https:\/\/psol50.org.br\/inc\/uploads\/2018\/07\/capa.png\",\"contentUrl\":\"https:\/\/psol50.org.br\/inc\/uploads\/2018\/07\/capa.png\",\"width\":1350,\"height\":900,\"caption\":\"PSOL 50\"},\"image\":{\"@id\":\"https:\/\/psol50.org.br\/#\/schema\/logo\/image\/\"},\"sameAs\":[\"https:\/\/www.facebook.com\/psol50\",\"https:\/\/x.com\/psol50\",\"https:\/\/www.instagram.com\/psol50\/\",\"https:\/\/www.youtube.com\/channel\/UC7SnJS5o1os7a6CaiNabzcg\"]},{\"@type\":\"Person\",\"@id\":\"https:\/\/psol50.org.br\/#\/schema\/person\/475dfa57d0b815993c714c2e96491fcd\",\"name\":\"Comunica\u00e7\u00e3o PSOL\",\"image\":{\"@type\":\"ImageObject\",\"inLanguage\":\"pt-BR\",\"@id\":\"https:\/\/psol50.org.br\/#\/schema\/person\/image\/\",\"url\":\"https:\/\/secure.gravatar.com\/avatar\/b34fc4f4e468a4e51785917065a3db57b841f5c95dba6ad8c73aaf8f66f8f9bf?s=96&d=mm&r=g\",\"contentUrl\":\"https:\/\/secure.gravatar.com\/avatar\/b34fc4f4e468a4e51785917065a3db57b841f5c95dba6ad8c73aaf8f66f8f9bf?s=96&d=mm&r=g\",\"caption\":\"Comunica\u00e7\u00e3o PSOL\"}}]}<\/script>\n<!-- \/ Yoast SEO plugin. -->","yoast_head_json":{"title":"Juliano Medeiros destaca, em artigo, o papel do PSOL na reorganiza\u00e7\u00e3o da esquerda - PSOL 50","robots":{"index":"index","follow":"follow","max-snippet":"max-snippet:-1","max-image-preview":"max-image-preview:large","max-video-preview":"max-video-preview:-1"},"canonical":"https:\/\/psol50.org.br\/juliano-medeiros-destaca-em-artigo-o-papel-do-psol-na-reorganizacao-da-esquerda\/","og_locale":"pt_BR","og_type":"article","og_title":"Juliano Medeiros destaca, em artigo, o papel do PSOL na reorganiza\u00e7\u00e3o da esquerda - PSOL 50","og_description":"Em artigo publicado nesta quarta-feira (13), no site do jornal Folha de S\u00e3o Paulo, o presidente nacional do PSOL eleito no 6\u00ba Congresso Nacional, Juliano Medeiros, aponta os desafios que o partido deve enfrentar no pr\u00f3ximo per\u00edodo, no processo de reorganiza\u00e7\u00e3o da esquerda brasileira. Intitulado &#8220;Com os p\u00e9s no ch\u00e3o e sem medo de lutar&#8221;, [&hellip;]","og_url":"https:\/\/psol50.org.br\/juliano-medeiros-destaca-em-artigo-o-papel-do-psol-na-reorganizacao-da-esquerda\/","og_site_name":"PSOL 50","article_publisher":"https:\/\/www.facebook.com\/psol50","article_published_time":"2017-12-13T11:49:27+00:00","og_image":[{"width":1350,"height":900,"url":"https:\/\/psol50.org.br\/inc\/uploads\/2018\/07\/capa.png","type":"image\/png"}],"author":"Comunica\u00e7\u00e3o PSOL","twitter_card":"summary_large_image","twitter_creator":"@psol50","twitter_site":"@psol50","twitter_misc":{"Escrito por":"Comunica\u00e7\u00e3o PSOL","Est. tempo de leitura":"2 minutos"},"schema":{"@context":"https:\/\/schema.org","@graph":[{"@type":"Article","@id":"https:\/\/psol50.org.br\/juliano-medeiros-destaca-em-artigo-o-papel-do-psol-na-reorganizacao-da-esquerda\/#article","isPartOf":{"@id":"https:\/\/psol50.org.br\/juliano-medeiros-destaca-em-artigo-o-papel-do-psol-na-reorganizacao-da-esquerda\/"},"author":{"name":"Comunica\u00e7\u00e3o PSOL","@id":"https:\/\/psol50.org.br\/#\/schema\/person\/475dfa57d0b815993c714c2e96491fcd"},"headline":"Juliano Medeiros destaca, em artigo, o papel do PSOL na reorganiza\u00e7\u00e3o da esquerda","datePublished":"2017-12-13T11:49:27+00:00","mainEntityOfPage":{"@id":"https:\/\/psol50.org.br\/juliano-medeiros-destaca-em-artigo-o-papel-do-psol-na-reorganizacao-da-esquerda\/"},"wordCount":358,"commentCount":0,"publisher":{"@id":"https:\/\/psol50.org.br\/#organization"},"image":{"@id":"https:\/\/psol50.org.br\/juliano-medeiros-destaca-em-artigo-o-papel-do-psol-na-reorganizacao-da-esquerda\/#primaryimage"},"thumbnailUrl":"","keywords":["artigo","Elei\u00e7\u00f5es 2018","governo","Juliano Medeiros","Michel Temer","Povo Sem medo","PSOL"],"articleSection":["Brasil","Elei\u00e7\u00f5es 2018","Not\u00edcias"],"inLanguage":"pt-BR","potentialAction":[{"@type":"CommentAction","name":"Comment","target":["https:\/\/psol50.org.br\/juliano-medeiros-destaca-em-artigo-o-papel-do-psol-na-reorganizacao-da-esquerda\/#respond"]}]},{"@type":"WebPage","@id":"https:\/\/psol50.org.br\/juliano-medeiros-destaca-em-artigo-o-papel-do-psol-na-reorganizacao-da-esquerda\/","url":"https:\/\/psol50.org.br\/juliano-medeiros-destaca-em-artigo-o-papel-do-psol-na-reorganizacao-da-esquerda\/","name":"Juliano Medeiros destaca, em artigo, o papel do PSOL na reorganiza\u00e7\u00e3o da esquerda - PSOL 50","isPartOf":{"@id":"https:\/\/psol50.org.br\/#website"},"primaryImageOfPage":{"@id":"https:\/\/psol50.org.br\/juliano-medeiros-destaca-em-artigo-o-papel-do-psol-na-reorganizacao-da-esquerda\/#primaryimage"},"image":{"@id":"https:\/\/psol50.org.br\/juliano-medeiros-destaca-em-artigo-o-papel-do-psol-na-reorganizacao-da-esquerda\/#primaryimage"},"thumbnailUrl":"","datePublished":"2017-12-13T11:49:27+00:00","breadcrumb":{"@id":"https:\/\/psol50.org.br\/juliano-medeiros-destaca-em-artigo-o-papel-do-psol-na-reorganizacao-da-esquerda\/#breadcrumb"},"inLanguage":"pt-BR","potentialAction":[{"@type":"ReadAction","target":["https:\/\/psol50.org.br\/juliano-medeiros-destaca-em-artigo-o-papel-do-psol-na-reorganizacao-da-esquerda\/"]}]},{"@type":"ImageObject","inLanguage":"pt-BR","@id":"https:\/\/psol50.org.br\/juliano-medeiros-destaca-em-artigo-o-papel-do-psol-na-reorganizacao-da-esquerda\/#primaryimage","url":"","contentUrl":""},{"@type":"BreadcrumbList","@id":"https:\/\/psol50.org.br\/juliano-medeiros-destaca-em-artigo-o-papel-do-psol-na-reorganizacao-da-esquerda\/#breadcrumb","itemListElement":[{"@type":"ListItem","position":1,"name":"In\u00edcio","item":"https:\/\/psol50.org.br\/"},{"@type":"ListItem","position":2,"name":"Juliano Medeiros destaca, em artigo, o papel do PSOL na reorganiza\u00e7\u00e3o da esquerda"}]},{"@type":"WebSite","@id":"https:\/\/psol50.org.br\/#website","url":"https:\/\/psol50.org.br\/","name":"PSOL 50","description":"Site oficial do Partido Socialismo e Liberdade","publisher":{"@id":"https:\/\/psol50.org.br\/#organization"},"alternateName":"PSOL50","potentialAction":[{"@type":"SearchAction","target":{"@type":"EntryPoint","urlTemplate":"https:\/\/psol50.org.br\/?s={search_term_string}"},"query-input":{"@type":"PropertyValueSpecification","valueRequired":true,"valueName":"search_term_string"}}],"inLanguage":"pt-BR"},{"@type":"Organization","@id":"https:\/\/psol50.org.br\/#organization","name":"PSOL 50","alternateName":"PSOL 50","url":"https:\/\/psol50.org.br\/","logo":{"@type":"ImageObject","inLanguage":"pt-BR","@id":"https:\/\/psol50.org.br\/#\/schema\/logo\/image\/","url":"https:\/\/psol50.org.br\/inc\/uploads\/2018\/07\/capa.png","contentUrl":"https:\/\/psol50.org.br\/inc\/uploads\/2018\/07\/capa.png","width":1350,"height":900,"caption":"PSOL 50"},"image":{"@id":"https:\/\/psol50.org.br\/#\/schema\/logo\/image\/"},"sameAs":["https:\/\/www.facebook.com\/psol50","https:\/\/x.com\/psol50","https:\/\/www.instagram.com\/psol50\/","https:\/\/www.youtube.com\/channel\/UC7SnJS5o1os7a6CaiNabzcg"]},{"@type":"Person","@id":"https:\/\/psol50.org.br\/#\/schema\/person\/475dfa57d0b815993c714c2e96491fcd","name":"Comunica\u00e7\u00e3o PSOL","image":{"@type":"ImageObject","inLanguage":"pt-BR","@id":"https:\/\/psol50.org.br\/#\/schema\/person\/image\/","url":"https:\/\/secure.gravatar.com\/avatar\/b34fc4f4e468a4e51785917065a3db57b841f5c95dba6ad8c73aaf8f66f8f9bf?s=96&d=mm&r=g","contentUrl":"https:\/\/secure.gravatar.com\/avatar\/b34fc4f4e468a4e51785917065a3db57b841f5c95dba6ad8c73aaf8f66f8f9bf?s=96&d=mm&r=g","caption":"Comunica\u00e7\u00e3o PSOL"}}]}},"_links":{"self":[{"href":"https:\/\/psol50.org.br\/rest\/wp\/v2\/posts\/19281","targetHints":{"allow":["GET"]}}],"collection":[{"href":"https:\/\/psol50.org.br\/rest\/wp\/v2\/posts"}],"about":[{"href":"https:\/\/psol50.org.br\/rest\/wp\/v2\/types\/post"}],"author":[{"embeddable":true,"href":"https:\/\/psol50.org.br\/rest\/wp\/v2\/users\/2"}],"replies":[{"embeddable":true,"href":"https:\/\/psol50.org.br\/rest\/wp\/v2\/comments?post=19281"}],"version-history":[{"count":0,"href":"https:\/\/psol50.org.br\/rest\/wp\/v2\/posts\/19281\/revisions"}],"wp:featuredmedia":[{"embeddable":true,"href":"https:\/\/psol50.org.br\/rest\/"}],"wp:attachment":[{"href":"https:\/\/psol50.org.br\/rest\/wp\/v2\/media?parent=19281"}],"wp:term":[{"taxonomy":"category","embeddable":true,"href":"https:\/\/psol50.org.br\/rest\/wp\/v2\/categories?post=19281"},{"taxonomy":"post_tag","embeddable":true,"href":"https:\/\/psol50.org.br\/rest\/wp\/v2\/tags?post=19281"}],"curies":[{"name":"wp","href":"https:\/\/api.w.org\/{rel}","templated":true}]}}