{"id":19287,"date":"2017-12-13T11:23:33","date_gmt":"2017-12-13T13:23:33","guid":{"rendered":"http:\/\/www.psol50.org.br\/?p=19287"},"modified":"2017-12-13T11:23:33","modified_gmt":"2017-12-13T13:23:33","slug":"ccj-da-camara-aprova-projeto-de-chico-alencar-que-cria-lei-de-responsabilidade-politico-criminal","status":"publish","type":"post","link":"https:\/\/psol50.org.br\/ccj-da-camara-aprova-projeto-de-chico-alencar-que-cria-lei-de-responsabilidade-politico-criminal\/","title":{"rendered":"CCJ da C\u00e2mara aprova projeto de Chico Alencar, que cria lei de responsabilidade pol\u00edtico-criminal"},"content":{"rendered":"<p>A Comiss\u00e3o de Constitui\u00e7\u00e3o, Justi\u00e7a e Cidadania (CCJ) da C\u00e2mara aprovou, esta semana, o Projeto de Lei n\u00ba <a href=\"http:\/\/www.camara.gov.br\/proposicoesWeb\/fichadetramitacao?idProposicao=2077166\" target=\"_blank\" rel=\"noopener\"><strong><span style=\"color: #000080;\">4373\/2016<\/span><\/strong><\/a>,\u00a0\u00a0que estabelece a necessidade de an\u00e1lise pr\u00e9via do impacto social e or\u00e7ament\u00e1rio das propostas legislativas que tratam de cria\u00e7\u00e3o de novos tipos penais, aumento de pena ou que tornem mais rigorosa a execu\u00e7\u00e3o da pena. De autoria do deputado Chico Alencar (RJ), em parceria com\u00a0Wadih Damous (PT\/RJ), o PL tramita em car\u00e1ter conclusivo e, por isso, ele segue para o Senado, sem precisar ser apreciado pelo plen\u00e1rio da C\u00e2mara.<\/p>\n<p>O projeto foi apresentado num contexto em que tramitam no Congresso Nacional v\u00e1rios projetos\u00a0de lei que pretendem aumentar penas e\u00a0encrudescer a execu\u00e7\u00e3o penal. &#8220;A aus\u00eancia de quaisquer investiga\u00e7\u00f5es emp\u00edricas pr\u00e9vias ou de estudos t\u00e9cnicos aprofundados faz com que o parlamento, muitas vezes seja levado a votar essas propostas sem ter a real dimens\u00e3o dos seus impactos na vida cotidiana de milh\u00f5es de brasileiros&#8221;, argumentam os deputados, na proposta.<\/p>\n<p>Apontando v\u00e1rios estudos que mostram dados da execu\u00e7\u00e3o penal e da criminalidade no pa\u00eds, como a superlota\u00e7\u00e3o do sistema carcer\u00e1rio, por exemplo, a justifica\u00e7\u00e3o destaca que a proposta pretende, ainda, evitar o uso desmedido e irracional do direito penal e o aumento do n\u00famero de presos e a superlota\u00e7\u00e3o dos pres\u00eddios. &#8220;O projeto\u00a0ora apresentado visa instituir um Conselho de An\u00e1lise de impacto social e or\u00e7ament\u00e1rio de propostas penais, ao qual ter\u00e1 a responsabilidade de realizar a an\u00e1lise pr\u00e9via de impacto social e or\u00e7ament\u00e1rio das propostas legislativas que tratam de cria\u00e7\u00e3o de novos tipos penais, aumento de pena ou que tornem mais rigorosa a execu\u00e7\u00e3o da pena&#8221;.<\/p>\n<p>Para o PSOL na C\u00e2mara, a aprova\u00e7\u00e3o do PL 4373 na CCJ da C\u00e2mara representa uma vit\u00f3ria parcial, num momento que a bancada da bala apresenta, de forma recorrente, a rigidez no sistema penal como solu\u00e7\u00e3o para o problema da seguran\u00e7a p\u00fablica.<\/p>\n","protected":false},"excerpt":{"rendered":"<p>A Comiss\u00e3o de Constitui\u00e7\u00e3o, Justi\u00e7a e Cidadania (CCJ) da C\u00e2mara aprovou, esta semana, o Projeto de Lei n\u00ba 4373\/2016,\u00a0\u00a0que estabelece a necessidade de an\u00e1lise pr\u00e9via do impacto social e or\u00e7ament\u00e1rio das propostas legislativas que tratam de cria\u00e7\u00e3o de novos tipos penais, aumento de pena ou que tornem mais rigorosa a execu\u00e7\u00e3o da pena. De autoria [&hellip;]<\/p>\n","protected":false},"author":2,"featured_media":19288,"comment_status":"open","ping_status":"open","sticky":false,"template":"","format":"standard","meta":{"_acf_changed":false,"footnotes":""},"categories":[10,1882,6],"tags":[3866,1680,2386,3867,3868,536,3869,3870,3871,2290],"class_list":{"0":"post-19287","1":"post","2":"type-post","3":"status-publish","4":"format-standard","5":"has-post-thumbnail","7":"category-acao-parlamentares","8":"category-brasil","9":"category-noticias","10":"tag-ccj-da-camara-dos-deputados","11":"tag-chico-alencar","12":"tag-codigo-penal","13":"tag-execucao-penal","14":"tag-pl-43732016","15":"tag-populacao-carceraria","16":"tag-presidio","17":"tag-superlotacao","18":"tag-tipos-penais","19":"tag-wadih-damous"},"acf":[],"yoast_head":"<!-- This site is optimized with the Yoast SEO plugin v26.5 - https:\/\/yoast.com\/wordpress\/plugins\/seo\/ -->\n<title>CCJ da C\u00e2mara aprova projeto de Chico Alencar, que cria lei de responsabilidade pol\u00edtico-criminal - PSOL 50<\/title>\n<meta name=\"robots\" content=\"index, follow, max-snippet:-1, max-image-preview:large, max-video-preview:-1\" \/>\n<link rel=\"canonical\" href=\"https:\/\/psol50.org.br\/ccj-da-camara-aprova-projeto-de-chico-alencar-que-cria-lei-de-responsabilidade-politico-criminal\/\" \/>\n<meta property=\"og:locale\" content=\"pt_BR\" \/>\n<meta property=\"og:type\" content=\"article\" \/>\n<meta property=\"og:title\" content=\"CCJ da C\u00e2mara aprova projeto de Chico Alencar, que cria lei de responsabilidade pol\u00edtico-criminal - PSOL 50\" \/>\n<meta property=\"og:description\" content=\"A Comiss\u00e3o de Constitui\u00e7\u00e3o, Justi\u00e7a e Cidadania (CCJ) da C\u00e2mara aprovou, esta semana, o Projeto de Lei n\u00ba 4373\/2016,\u00a0\u00a0que estabelece a necessidade de an\u00e1lise pr\u00e9via do impacto social e or\u00e7ament\u00e1rio das propostas legislativas que tratam de cria\u00e7\u00e3o de novos tipos penais, aumento de pena ou que tornem mais rigorosa a execu\u00e7\u00e3o da pena. De autoria [&hellip;]\" \/>\n<meta property=\"og:url\" content=\"https:\/\/psol50.org.br\/ccj-da-camara-aprova-projeto-de-chico-alencar-que-cria-lei-de-responsabilidade-politico-criminal\/\" \/>\n<meta property=\"og:site_name\" content=\"PSOL 50\" \/>\n<meta property=\"article:publisher\" content=\"https:\/\/www.facebook.com\/psol50\" \/>\n<meta property=\"article:published_time\" content=\"2017-12-13T13:23:33+00:00\" \/>\n<meta property=\"og:image\" content=\"https:\/\/psol50.org.br\/inc\/uploads\/2018\/07\/capa.png\" \/>\n\t<meta property=\"og:image:width\" content=\"1350\" \/>\n\t<meta property=\"og:image:height\" content=\"900\" \/>\n\t<meta property=\"og:image:type\" content=\"image\/png\" \/>\n<meta name=\"author\" content=\"Comunica\u00e7\u00e3o PSOL\" \/>\n<meta name=\"twitter:card\" content=\"summary_large_image\" \/>\n<meta name=\"twitter:creator\" content=\"@psol50\" \/>\n<meta name=\"twitter:site\" content=\"@psol50\" \/>\n<meta name=\"twitter:label1\" content=\"Escrito por\" \/>\n\t<meta name=\"twitter:data1\" content=\"Comunica\u00e7\u00e3o PSOL\" \/>\n\t<meta name=\"twitter:label2\" content=\"Est. tempo de leitura\" \/>\n\t<meta name=\"twitter:data2\" content=\"2 minutos\" \/>\n<script type=\"application\/ld+json\" class=\"yoast-schema-graph\">{\"@context\":\"https:\/\/schema.org\",\"@graph\":[{\"@type\":\"Article\",\"@id\":\"https:\/\/psol50.org.br\/ccj-da-camara-aprova-projeto-de-chico-alencar-que-cria-lei-de-responsabilidade-politico-criminal\/#article\",\"isPartOf\":{\"@id\":\"https:\/\/psol50.org.br\/ccj-da-camara-aprova-projeto-de-chico-alencar-que-cria-lei-de-responsabilidade-politico-criminal\/\"},\"author\":{\"name\":\"Comunica\u00e7\u00e3o PSOL\",\"@id\":\"https:\/\/psol50.org.br\/#\/schema\/person\/475dfa57d0b815993c714c2e96491fcd\"},\"headline\":\"CCJ da C\u00e2mara aprova projeto de Chico Alencar, que cria lei de responsabilidade pol\u00edtico-criminal\",\"datePublished\":\"2017-12-13T13:23:33+00:00\",\"mainEntityOfPage\":{\"@id\":\"https:\/\/psol50.org.br\/ccj-da-camara-aprova-projeto-de-chico-alencar-que-cria-lei-de-responsabilidade-politico-criminal\/\"},\"wordCount\":370,\"commentCount\":0,\"publisher\":{\"@id\":\"https:\/\/psol50.org.br\/#organization\"},\"image\":{\"@id\":\"https:\/\/psol50.org.br\/ccj-da-camara-aprova-projeto-de-chico-alencar-que-cria-lei-de-responsabilidade-politico-criminal\/#primaryimage\"},\"thumbnailUrl\":\"\",\"keywords\":[\"CCJ da C\u00e2mara dos Deputados\",\"Chico Alencar\",\"C\u00f3digo Penal\",\"execu\u00e7\u00e3o penal\",\"PL 4373\/2016\",\"popula\u00e7\u00e3o carcer\u00e1ria\",\"pres\u00eddio\",\"superlota\u00e7\u00e3o\",\"tipos penais\",\"Wadih Damous\"],\"articleSection\":[\"A\u00e7\u00e3o Parlamentar\",\"Brasil\",\"Not\u00edcias\"],\"inLanguage\":\"pt-BR\",\"potentialAction\":[{\"@type\":\"CommentAction\",\"name\":\"Comment\",\"target\":[\"https:\/\/psol50.org.br\/ccj-da-camara-aprova-projeto-de-chico-alencar-que-cria-lei-de-responsabilidade-politico-criminal\/#respond\"]}]},{\"@type\":\"WebPage\",\"@id\":\"https:\/\/psol50.org.br\/ccj-da-camara-aprova-projeto-de-chico-alencar-que-cria-lei-de-responsabilidade-politico-criminal\/\",\"url\":\"https:\/\/psol50.org.br\/ccj-da-camara-aprova-projeto-de-chico-alencar-que-cria-lei-de-responsabilidade-politico-criminal\/\",\"name\":\"CCJ da C\u00e2mara aprova projeto de Chico Alencar, que cria lei de responsabilidade pol\u00edtico-criminal - PSOL 50\",\"isPartOf\":{\"@id\":\"https:\/\/psol50.org.br\/#website\"},\"primaryImageOfPage\":{\"@id\":\"https:\/\/psol50.org.br\/ccj-da-camara-aprova-projeto-de-chico-alencar-que-cria-lei-de-responsabilidade-politico-criminal\/#primaryimage\"},\"image\":{\"@id\":\"https:\/\/psol50.org.br\/ccj-da-camara-aprova-projeto-de-chico-alencar-que-cria-lei-de-responsabilidade-politico-criminal\/#primaryimage\"},\"thumbnailUrl\":\"\",\"datePublished\":\"2017-12-13T13:23:33+00:00\",\"breadcrumb\":{\"@id\":\"https:\/\/psol50.org.br\/ccj-da-camara-aprova-projeto-de-chico-alencar-que-cria-lei-de-responsabilidade-politico-criminal\/#breadcrumb\"},\"inLanguage\":\"pt-BR\",\"potentialAction\":[{\"@type\":\"ReadAction\",\"target\":[\"https:\/\/psol50.org.br\/ccj-da-camara-aprova-projeto-de-chico-alencar-que-cria-lei-de-responsabilidade-politico-criminal\/\"]}]},{\"@type\":\"ImageObject\",\"inLanguage\":\"pt-BR\",\"@id\":\"https:\/\/psol50.org.br\/ccj-da-camara-aprova-projeto-de-chico-alencar-que-cria-lei-de-responsabilidade-politico-criminal\/#primaryimage\",\"url\":\"\",\"contentUrl\":\"\"},{\"@type\":\"BreadcrumbList\",\"@id\":\"https:\/\/psol50.org.br\/ccj-da-camara-aprova-projeto-de-chico-alencar-que-cria-lei-de-responsabilidade-politico-criminal\/#breadcrumb\",\"itemListElement\":[{\"@type\":\"ListItem\",\"position\":1,\"name\":\"In\u00edcio\",\"item\":\"https:\/\/psol50.org.br\/\"},{\"@type\":\"ListItem\",\"position\":2,\"name\":\"CCJ da C\u00e2mara aprova projeto de Chico Alencar, que cria lei de responsabilidade pol\u00edtico-criminal\"}]},{\"@type\":\"WebSite\",\"@id\":\"https:\/\/psol50.org.br\/#website\",\"url\":\"https:\/\/psol50.org.br\/\",\"name\":\"PSOL 50\",\"description\":\"Site oficial do Partido Socialismo e Liberdade\",\"publisher\":{\"@id\":\"https:\/\/psol50.org.br\/#organization\"},\"alternateName\":\"PSOL50\",\"potentialAction\":[{\"@type\":\"SearchAction\",\"target\":{\"@type\":\"EntryPoint\",\"urlTemplate\":\"https:\/\/psol50.org.br\/?s={search_term_string}\"},\"query-input\":{\"@type\":\"PropertyValueSpecification\",\"valueRequired\":true,\"valueName\":\"search_term_string\"}}],\"inLanguage\":\"pt-BR\"},{\"@type\":\"Organization\",\"@id\":\"https:\/\/psol50.org.br\/#organization\",\"name\":\"PSOL 50\",\"alternateName\":\"PSOL 50\",\"url\":\"https:\/\/psol50.org.br\/\",\"logo\":{\"@type\":\"ImageObject\",\"inLanguage\":\"pt-BR\",\"@id\":\"https:\/\/psol50.org.br\/#\/schema\/logo\/image\/\",\"url\":\"https:\/\/psol50.org.br\/inc\/uploads\/2018\/07\/capa.png\",\"contentUrl\":\"https:\/\/psol50.org.br\/inc\/uploads\/2018\/07\/capa.png\",\"width\":1350,\"height\":900,\"caption\":\"PSOL 50\"},\"image\":{\"@id\":\"https:\/\/psol50.org.br\/#\/schema\/logo\/image\/\"},\"sameAs\":[\"https:\/\/www.facebook.com\/psol50\",\"https:\/\/x.com\/psol50\",\"https:\/\/www.instagram.com\/psol50\/\",\"https:\/\/www.youtube.com\/channel\/UC7SnJS5o1os7a6CaiNabzcg\"]},{\"@type\":\"Person\",\"@id\":\"https:\/\/psol50.org.br\/#\/schema\/person\/475dfa57d0b815993c714c2e96491fcd\",\"name\":\"Comunica\u00e7\u00e3o PSOL\",\"image\":{\"@type\":\"ImageObject\",\"inLanguage\":\"pt-BR\",\"@id\":\"https:\/\/psol50.org.br\/#\/schema\/person\/image\/\",\"url\":\"https:\/\/secure.gravatar.com\/avatar\/b34fc4f4e468a4e51785917065a3db57b841f5c95dba6ad8c73aaf8f66f8f9bf?s=96&d=mm&r=g\",\"contentUrl\":\"https:\/\/secure.gravatar.com\/avatar\/b34fc4f4e468a4e51785917065a3db57b841f5c95dba6ad8c73aaf8f66f8f9bf?s=96&d=mm&r=g\",\"caption\":\"Comunica\u00e7\u00e3o PSOL\"}}]}<\/script>\n<!-- \/ Yoast SEO plugin. -->","yoast_head_json":{"title":"CCJ da C\u00e2mara aprova projeto de Chico Alencar, que cria lei de responsabilidade pol\u00edtico-criminal - PSOL 50","robots":{"index":"index","follow":"follow","max-snippet":"max-snippet:-1","max-image-preview":"max-image-preview:large","max-video-preview":"max-video-preview:-1"},"canonical":"https:\/\/psol50.org.br\/ccj-da-camara-aprova-projeto-de-chico-alencar-que-cria-lei-de-responsabilidade-politico-criminal\/","og_locale":"pt_BR","og_type":"article","og_title":"CCJ da C\u00e2mara aprova projeto de Chico Alencar, que cria lei de responsabilidade pol\u00edtico-criminal - PSOL 50","og_description":"A Comiss\u00e3o de Constitui\u00e7\u00e3o, Justi\u00e7a e Cidadania (CCJ) da C\u00e2mara aprovou, esta semana, o Projeto de Lei n\u00ba 4373\/2016,\u00a0\u00a0que estabelece a necessidade de an\u00e1lise pr\u00e9via do impacto social e or\u00e7ament\u00e1rio das propostas legislativas que tratam de cria\u00e7\u00e3o de novos tipos penais, aumento de pena ou que tornem mais rigorosa a execu\u00e7\u00e3o da pena. De autoria [&hellip;]","og_url":"https:\/\/psol50.org.br\/ccj-da-camara-aprova-projeto-de-chico-alencar-que-cria-lei-de-responsabilidade-politico-criminal\/","og_site_name":"PSOL 50","article_publisher":"https:\/\/www.facebook.com\/psol50","article_published_time":"2017-12-13T13:23:33+00:00","og_image":[{"width":1350,"height":900,"url":"https:\/\/psol50.org.br\/inc\/uploads\/2018\/07\/capa.png","type":"image\/png"}],"author":"Comunica\u00e7\u00e3o PSOL","twitter_card":"summary_large_image","twitter_creator":"@psol50","twitter_site":"@psol50","twitter_misc":{"Escrito por":"Comunica\u00e7\u00e3o PSOL","Est. tempo de leitura":"2 minutos"},"schema":{"@context":"https:\/\/schema.org","@graph":[{"@type":"Article","@id":"https:\/\/psol50.org.br\/ccj-da-camara-aprova-projeto-de-chico-alencar-que-cria-lei-de-responsabilidade-politico-criminal\/#article","isPartOf":{"@id":"https:\/\/psol50.org.br\/ccj-da-camara-aprova-projeto-de-chico-alencar-que-cria-lei-de-responsabilidade-politico-criminal\/"},"author":{"name":"Comunica\u00e7\u00e3o PSOL","@id":"https:\/\/psol50.org.br\/#\/schema\/person\/475dfa57d0b815993c714c2e96491fcd"},"headline":"CCJ da C\u00e2mara aprova projeto de Chico Alencar, que cria lei de responsabilidade pol\u00edtico-criminal","datePublished":"2017-12-13T13:23:33+00:00","mainEntityOfPage":{"@id":"https:\/\/psol50.org.br\/ccj-da-camara-aprova-projeto-de-chico-alencar-que-cria-lei-de-responsabilidade-politico-criminal\/"},"wordCount":370,"commentCount":0,"publisher":{"@id":"https:\/\/psol50.org.br\/#organization"},"image":{"@id":"https:\/\/psol50.org.br\/ccj-da-camara-aprova-projeto-de-chico-alencar-que-cria-lei-de-responsabilidade-politico-criminal\/#primaryimage"},"thumbnailUrl":"","keywords":["CCJ da C\u00e2mara dos Deputados","Chico Alencar","C\u00f3digo Penal","execu\u00e7\u00e3o penal","PL 4373\/2016","popula\u00e7\u00e3o carcer\u00e1ria","pres\u00eddio","superlota\u00e7\u00e3o","tipos penais","Wadih Damous"],"articleSection":["A\u00e7\u00e3o Parlamentar","Brasil","Not\u00edcias"],"inLanguage":"pt-BR","potentialAction":[{"@type":"CommentAction","name":"Comment","target":["https:\/\/psol50.org.br\/ccj-da-camara-aprova-projeto-de-chico-alencar-que-cria-lei-de-responsabilidade-politico-criminal\/#respond"]}]},{"@type":"WebPage","@id":"https:\/\/psol50.org.br\/ccj-da-camara-aprova-projeto-de-chico-alencar-que-cria-lei-de-responsabilidade-politico-criminal\/","url":"https:\/\/psol50.org.br\/ccj-da-camara-aprova-projeto-de-chico-alencar-que-cria-lei-de-responsabilidade-politico-criminal\/","name":"CCJ da C\u00e2mara aprova projeto de Chico Alencar, que cria lei de responsabilidade pol\u00edtico-criminal - PSOL 50","isPartOf":{"@id":"https:\/\/psol50.org.br\/#website"},"primaryImageOfPage":{"@id":"https:\/\/psol50.org.br\/ccj-da-camara-aprova-projeto-de-chico-alencar-que-cria-lei-de-responsabilidade-politico-criminal\/#primaryimage"},"image":{"@id":"https:\/\/psol50.org.br\/ccj-da-camara-aprova-projeto-de-chico-alencar-que-cria-lei-de-responsabilidade-politico-criminal\/#primaryimage"},"thumbnailUrl":"","datePublished":"2017-12-13T13:23:33+00:00","breadcrumb":{"@id":"https:\/\/psol50.org.br\/ccj-da-camara-aprova-projeto-de-chico-alencar-que-cria-lei-de-responsabilidade-politico-criminal\/#breadcrumb"},"inLanguage":"pt-BR","potentialAction":[{"@type":"ReadAction","target":["https:\/\/psol50.org.br\/ccj-da-camara-aprova-projeto-de-chico-alencar-que-cria-lei-de-responsabilidade-politico-criminal\/"]}]},{"@type":"ImageObject","inLanguage":"pt-BR","@id":"https:\/\/psol50.org.br\/ccj-da-camara-aprova-projeto-de-chico-alencar-que-cria-lei-de-responsabilidade-politico-criminal\/#primaryimage","url":"","contentUrl":""},{"@type":"BreadcrumbList","@id":"https:\/\/psol50.org.br\/ccj-da-camara-aprova-projeto-de-chico-alencar-que-cria-lei-de-responsabilidade-politico-criminal\/#breadcrumb","itemListElement":[{"@type":"ListItem","position":1,"name":"In\u00edcio","item":"https:\/\/psol50.org.br\/"},{"@type":"ListItem","position":2,"name":"CCJ da C\u00e2mara aprova projeto de Chico Alencar, que cria lei de responsabilidade pol\u00edtico-criminal"}]},{"@type":"WebSite","@id":"https:\/\/psol50.org.br\/#website","url":"https:\/\/psol50.org.br\/","name":"PSOL 50","description":"Site oficial do Partido Socialismo e Liberdade","publisher":{"@id":"https:\/\/psol50.org.br\/#organization"},"alternateName":"PSOL50","potentialAction":[{"@type":"SearchAction","target":{"@type":"EntryPoint","urlTemplate":"https:\/\/psol50.org.br\/?s={search_term_string}"},"query-input":{"@type":"PropertyValueSpecification","valueRequired":true,"valueName":"search_term_string"}}],"inLanguage":"pt-BR"},{"@type":"Organization","@id":"https:\/\/psol50.org.br\/#organization","name":"PSOL 50","alternateName":"PSOL 50","url":"https:\/\/psol50.org.br\/","logo":{"@type":"ImageObject","inLanguage":"pt-BR","@id":"https:\/\/psol50.org.br\/#\/schema\/logo\/image\/","url":"https:\/\/psol50.org.br\/inc\/uploads\/2018\/07\/capa.png","contentUrl":"https:\/\/psol50.org.br\/inc\/uploads\/2018\/07\/capa.png","width":1350,"height":900,"caption":"PSOL 50"},"image":{"@id":"https:\/\/psol50.org.br\/#\/schema\/logo\/image\/"},"sameAs":["https:\/\/www.facebook.com\/psol50","https:\/\/x.com\/psol50","https:\/\/www.instagram.com\/psol50\/","https:\/\/www.youtube.com\/channel\/UC7SnJS5o1os7a6CaiNabzcg"]},{"@type":"Person","@id":"https:\/\/psol50.org.br\/#\/schema\/person\/475dfa57d0b815993c714c2e96491fcd","name":"Comunica\u00e7\u00e3o PSOL","image":{"@type":"ImageObject","inLanguage":"pt-BR","@id":"https:\/\/psol50.org.br\/#\/schema\/person\/image\/","url":"https:\/\/secure.gravatar.com\/avatar\/b34fc4f4e468a4e51785917065a3db57b841f5c95dba6ad8c73aaf8f66f8f9bf?s=96&d=mm&r=g","contentUrl":"https:\/\/secure.gravatar.com\/avatar\/b34fc4f4e468a4e51785917065a3db57b841f5c95dba6ad8c73aaf8f66f8f9bf?s=96&d=mm&r=g","caption":"Comunica\u00e7\u00e3o PSOL"}}]}},"_links":{"self":[{"href":"https:\/\/psol50.org.br\/rest\/wp\/v2\/posts\/19287","targetHints":{"allow":["GET"]}}],"collection":[{"href":"https:\/\/psol50.org.br\/rest\/wp\/v2\/posts"}],"about":[{"href":"https:\/\/psol50.org.br\/rest\/wp\/v2\/types\/post"}],"author":[{"embeddable":true,"href":"https:\/\/psol50.org.br\/rest\/wp\/v2\/users\/2"}],"replies":[{"embeddable":true,"href":"https:\/\/psol50.org.br\/rest\/wp\/v2\/comments?post=19287"}],"version-history":[{"count":0,"href":"https:\/\/psol50.org.br\/rest\/wp\/v2\/posts\/19287\/revisions"}],"wp:featuredmedia":[{"embeddable":true,"href":"https:\/\/psol50.org.br\/rest\/"}],"wp:attachment":[{"href":"https:\/\/psol50.org.br\/rest\/wp\/v2\/media?parent=19287"}],"wp:term":[{"taxonomy":"category","embeddable":true,"href":"https:\/\/psol50.org.br\/rest\/wp\/v2\/categories?post=19287"},{"taxonomy":"post_tag","embeddable":true,"href":"https:\/\/psol50.org.br\/rest\/wp\/v2\/tags?post=19287"}],"curies":[{"name":"wp","href":"https:\/\/api.w.org\/{rel}","templated":true}]}}